{"id":13435,"date":"2025-10-30T15:22:02","date_gmt":"2025-10-30T14:22:02","guid":{"rendered":"https:\/\/www.cafedelhomme.com\/?p=13435"},"modified":"2025-10-30T15:33:32","modified_gmt":"2025-10-30T14:33:32","slug":"8th-edition-of-the-paris-peace-forum-at-the-musee-de-lhomme","status":"publish","type":"post","link":"https:\/\/www.cafedelhomme.com\/en\/8th-edition-of-the-paris-peace-forum-at-the-musee-de-lhomme","title":{"rendered":"8th edition of the Paris Peace Forum at the Mus\u00e9e de l\u2019Homme"},"content":{"rendered":"<div class=\"wpb-content-wrapper\"><p>[vc_row responsive_css=&#8221;margin_top_large:100px|margin_bottom_large:100px&#8221; css=&#8221;.vc_custom_1690902189577{margin-top: 100px !important;margin-bottom: 100px !important;}&#8221;][vc_column][vc_custom_heading text=&#8221;The Paris Peace Forum: a global gathering&#8221; css=&#8221;.vc_custom_1761834473089{padding-top: 5px !important;}&#8221;][vc_column_text css=&#8221;&#8221;]Created in 2018, the <a href=\"https:\/\/parispeaceforum.org\/\"><strong>Paris Peace Forum<\/strong><\/a> has become a major international event dedicated to global cooperation and collective governance. Every year, heads of state, NGOs, researchers, businesses, and engaged citizens gather in Paris to discuss the major challenges of our time: climate change, conflict, inequality, artificial intelligence, global health, and education.[\/vc_column_text][\/vc_column][\/vc_row][vc_row responsive_css=&#8221;margin_top_large:100px|margin_bottom_large:100px&#8221; css=&#8221;.vc_custom_1690902189577{margin-top: 100px !important;margin-bottom: 100px !important;}&#8221;][vc_column][vc_custom_heading text=&#8221;The Mus\u00e9e de l&#8217;Homme is hosting the Peace Forum from October 29 to 30&#8243; css=&#8221;.vc_custom_1761834564487{padding-top: 5px !important;}&#8221;][vc_column_text css=&#8221;&#8221;]<\/p>\n<div class=\"flex max-w-full flex-col flex-grow\">\n<div class=\"min-h-8 text-message flex w-full flex-col items-end gap-2 whitespace-normal break-words [.text-message+&amp;]:mt-5\" dir=\"auto\" data-message-author-role=\"assistant\" data-message-id=\"95f7c15c-8029-4581-8eec-a494db254bee\" data-message-model-slug=\"gpt-4o\">\n<div class=\"flex w-full flex-col gap-1 empty:hidden first:pt-[3px]\">\n<div class=\"markdown prose w-full break-words dark:prose-invert light\">\n<div class=\"flex max-w-full flex-col flex-grow\">\n<div class=\"min-h-8 text-message flex w-full flex-col items-end gap-2 whitespace-normal break-words [.text-message+&amp;]:mt-5\" dir=\"auto\" data-message-author-role=\"assistant\" data-message-id=\"7d463155-8651-4e14-8318-1aec48cb607e\" data-message-model-slug=\"gpt-4o\">\n<div class=\"flex w-full flex-col gap-1 empty:hidden first:pt-[3px]\">\n<div class=\"markdown prose w-full break-words dark:prose-invert light\">\n<p>A symbol of reflection and progress, the Mus\u00e9e de l&#8217;Homme embodies the spirit of this event. The 2025 edition, themed \u201cNew Coalitions for Peace, Peoples, and the Planet,\u201d highlights the need to create new international alliances. The program includes conferences, round tables, workshops, and presentations of innovative projects. Discussions will address key topics such as peace and security, climate action, social justice, digital regulation, and the inclusion of peoples.<\/p>\n<p>At the heart of the museum, Caf\u00e9 de l&#8217;Homme shares this same vision of openness and encounter.<\/p>\n<\/div>\n<\/div>\n<\/div>\n<\/div>\n<\/div>\n<\/div>\n<\/div>\n<\/div>\n<p>[\/vc_column_text]<a href=\"https:\/\/www.sevenrooms.com\/experiences\/cafedelhomme\" target=\"_blank\" class=\"btn btn-default btn-bordered border-thin btn btn-outline btn-outline-black ld_button_69f287f9680d4\">\n\t<span>\n\t\t\n\t\t\t\t\t<span class=\"btn-txt\">Book<\/span>\n\t\t\t\n\t\t\t\t<\/span>\n<\/a>\n[\/vc_column][\/vc_row][vc_row responsive_css=&#8221;margin_top_large:100px|margin_bottom_large:100px&#8221; css=&#8221;.vc_custom_1690902189577{margin-top: 100px !important;margin-bottom: 100px !important;}&#8221;][vc_column][vc_custom_heading text=&#8221;Extend the Peace Forum with lunch at Caf\u00e9 de l\u2019Homme&#8221; css=&#8221;.vc_custom_1761834666928{padding-top: 5px !important;}&#8221;][vc_column_text css=&#8221;&#8221;]<\/p>\n<div class=\"flex max-w-full flex-col flex-grow\">\n<div class=\"min-h-8 text-message flex w-full flex-col items-end gap-2 whitespace-normal break-words [.text-message+&amp;]:mt-5\" dir=\"auto\" data-message-author-role=\"assistant\" data-message-id=\"95f7c15c-8029-4581-8eec-a494db254bee\" data-message-model-slug=\"gpt-4o\">\n<div class=\"flex w-full flex-col gap-1 empty:hidden first:pt-[3px]\">\n<div class=\"markdown prose w-full break-words dark:prose-invert light\">\n<div class=\"flex max-w-full flex-col flex-grow\">\n<div class=\"min-h-8 text-message flex w-full flex-col items-end gap-2 whitespace-normal break-words [.text-message+&amp;]:mt-5\" dir=\"auto\" data-message-author-role=\"assistant\" data-message-id=\"7d463155-8651-4e14-8318-1aec48cb607e\" data-message-model-slug=\"gpt-4o\">\n<div class=\"flex w-full flex-col gap-1 empty:hidden first:pt-[3px]\">\n<div class=\"markdown prose w-full break-words dark:prose-invert light\">\n<p>Facing the majestic <strong>Eiffel Tower<\/strong>, <strong>Caf\u00e9<\/strong> <strong>de l\u2019Homme<\/strong> offers a unique experience where gastronomy, culture, and openness to the world come together. In an elegant and soothing atmosphere, savor refined <strong>French cuisine<\/strong>, enhanced by seasonal products and the chef&#8217;s expertise. An ideal setting to continue discussions, share your impressions, and conclude the Peace Forum on an exceptional note.<\/p>\n<\/div>\n<\/div>\n<\/div>\n<\/div>\n<\/div>\n<\/div>\n<\/div>\n<\/div>\n<p>[\/vc_column_text]<a href=\"https:\/\/www.cafedelhomme.com\/en\/la-carte\" title=\"La Carte\" target=\"_blank\" class=\"btn btn-default btn-bordered border-thin btn btn-outline btn-outline-black ld_button_69f287f96829d\">\n\t<span>\n\t\t\n\t\t\t\t\t<span class=\"btn-txt\">The menu<\/span>\n\t\t\t\n\t\t\t\t<\/span>\n<\/a>\n[\/vc_column][\/vc_row]<\/p>\n<\/div>","protected":false},"excerpt":{"rendered":"<p>[vc_row responsive_css=&#8221;margin_top_large:100px|margin_bottom_large:100px&#8221; css=&#8221;.vc_custom_1690902189577{margin-top: 100px !important;margin-bottom: 100px !important;}&#8221;][vc_column][vc_custom_heading text=&#8221;The Paris Peace Forum: a global gathering&#8221; css=&#8221;.vc_custom_1761834473089{padding-top: 5px !important;}&#8221;][vc_column_text css=&#8221;&#8221;]Created in 2018, the Paris Peace Forum has become a major international event dedicated to global cooperation and collective governance. Every year, heads of state, NGOs, researchers, businesses,&#8230;<\/p>\n","protected":false},"author":9,"featured_media":6647,"comment_status":"closed","ping_status":"open","sticky":false,"template":"","format":"standard","meta":{"_acf_changed":false,"footnotes":""},"categories":[45,43],"tags":[],"class_list":["post-13435","post","type-post","status-publish","format-standard","has-post-thumbnail","hentry","category-history","category-news"],"acf":[],"yoast_head":"<!-- This site is optimized with the Yoast SEO Premium plugin v20.10 (Yoast SEO v27.0) - https:\/\/yoast.com\/product\/yoast-seo-premium-wordpress\/ -->\n<title>8th edition of the Paris Peace Forum at the Mus\u00e9e de l\u2019Homme - Caf\u00e9 de l&#039;Homme<\/title>\n<meta name=\"description\" content=\"Experience the Paris Peace Forum at the Mus\u00e9e de l&#039;Homme on October 29 and 30, then extend this moment of exchange with an exceptional lunch at the Caf\u00e9 de l&#039;Homme facing the Eiffel Tower.\" \/>\n<meta name=\"robots\" content=\"index, follow, max-snippet:-1, max-image-preview:large, max-video-preview:-1\" \/>\n<link rel=\"canonical\" href=\"https:\/\/www.cafedelhomme.com\/en\/8th-edition-of-the-paris-peace-forum-at-the-musee-de-lhomme\" \/>\n<meta property=\"og:locale\" content=\"en_US\" \/>\n<meta property=\"og:type\" content=\"article\" \/>\n<meta property=\"og:title\" content=\"8th edition of the Paris Peace Forum at the Mus\u00e9e de l\u2019Homme\" \/>\n<meta property=\"og:description\" content=\"Caf\u00e9 de l\u2019Homme becomes the meeting place for art lovers and foodies, following in the footsteps of Le Georges restaurant at the Pompidou Center.\" \/>\n<meta property=\"og:url\" content=\"https:\/\/www.cafedelhomme.com\/en\/8th-edition-of-the-paris-peace-forum-at-the-musee-de-lhomme\" \/>\n<meta property=\"og:site_name\" content=\"Caf\u00e9 de l&#039;Homme\" \/>\n<meta property=\"article:publisher\" content=\"https:\/\/www.facebook.com\/cafedelhomme\" \/>\n<meta property=\"article:published_time\" content=\"2025-10-30T14:22:02+00:00\" \/>\n<meta property=\"article:modified_time\" content=\"2025-10-30T14:33:32+00:00\" \/>\n<meta property=\"og:image\" content=\"https:\/\/www.cafedelhomme.com\/wp-content\/uploads\/2024\/10\/d9cc72d97c906f5c47e8dc6c20afba4f.webp\" \/>\n\t<meta property=\"og:image:width\" content=\"700\" \/>\n\t<meta property=\"og:image:height\" content=\"1050\" \/>\n\t<meta property=\"og:image:type\" content=\"image\/webp\" \/>\n<meta name=\"author\" content=\"Marketing\" \/>\n<meta name=\"twitter:card\" content=\"summary_large_image\" \/>\n<meta name=\"twitter:label1\" content=\"Written by\" \/>\n\t<meta name=\"twitter:data1\" content=\"Marketing\" \/>\n\t<meta name=\"twitter:label2\" content=\"Est. reading time\" \/>\n\t<meta name=\"twitter:data2\" content=\"2 minutes\" \/>\n<script type=\"application\/ld+json\" class=\"yoast-schema-graph\">{\"@context\":\"https:\/\/schema.org\",\"@graph\":[{\"@type\":\"Article\",\"@id\":\"https:\/\/www.cafedelhomme.com\/en\/8th-edition-of-the-paris-peace-forum-at-the-musee-de-lhomme#article\",\"isPartOf\":{\"@id\":\"https:\/\/www.cafedelhomme.com\/en\/8th-edition-of-the-paris-peace-forum-at-the-musee-de-lhomme\"},\"author\":{\"name\":\"Marketing\",\"@id\":\"https:\/\/www.cafedelhomme.com\/en#\/schema\/person\/6e8511c8f2a5f67fe09441e43be583cf\"},\"headline\":\"8th edition of the Paris Peace Forum at the Mus\u00e9e de l\u2019Homme\",\"datePublished\":\"2025-10-30T14:22:02+00:00\",\"dateModified\":\"2025-10-30T14:33:32+00:00\",\"mainEntityOfPage\":{\"@id\":\"https:\/\/www.cafedelhomme.com\/en\/8th-edition-of-the-paris-peace-forum-at-the-musee-de-lhomme\"},\"wordCount\":427,\"publisher\":{\"@id\":\"https:\/\/www.cafedelhomme.com\/en#organization\"},\"image\":{\"@id\":\"https:\/\/www.cafedelhomme.com\/en\/8th-edition-of-the-paris-peace-forum-at-the-musee-de-lhomme#primaryimage\"},\"thumbnailUrl\":\"https:\/\/www.cafedelhomme.com\/wp-content\/uploads\/2024\/10\/d9cc72d97c906f5c47e8dc6c20afba4f.webp\",\"articleSection\":[\"History\",\"news\"],\"inLanguage\":\"en-US\"},{\"@type\":\"WebPage\",\"@id\":\"https:\/\/www.cafedelhomme.com\/en\/8th-edition-of-the-paris-peace-forum-at-the-musee-de-lhomme\",\"url\":\"https:\/\/www.cafedelhomme.com\/en\/8th-edition-of-the-paris-peace-forum-at-the-musee-de-lhomme\",\"name\":\"8th edition of the Paris Peace Forum at the Mus\u00e9e de l\u2019Homme - Caf\u00e9 de l&#039;Homme\",\"isPartOf\":{\"@id\":\"https:\/\/www.cafedelhomme.com\/en#website\"},\"primaryImageOfPage\":{\"@id\":\"https:\/\/www.cafedelhomme.com\/en\/8th-edition-of-the-paris-peace-forum-at-the-musee-de-lhomme#primaryimage\"},\"image\":{\"@id\":\"https:\/\/www.cafedelhomme.com\/en\/8th-edition-of-the-paris-peace-forum-at-the-musee-de-lhomme#primaryimage\"},\"thumbnailUrl\":\"https:\/\/www.cafedelhomme.com\/wp-content\/uploads\/2024\/10\/d9cc72d97c906f5c47e8dc6c20afba4f.webp\",\"datePublished\":\"2025-10-30T14:22:02+00:00\",\"dateModified\":\"2025-10-30T14:33:32+00:00\",\"description\":\"Experience the Paris Peace Forum at the Mus\u00e9e de l'Homme on October 29 and 30, then extend this moment of exchange with an exceptional lunch at the Caf\u00e9 de l'Homme facing the Eiffel Tower.\",\"inLanguage\":\"en-US\",\"potentialAction\":[{\"@type\":\"ReadAction\",\"target\":[\"https:\/\/www.cafedelhomme.com\/en\/8th-edition-of-the-paris-peace-forum-at-the-musee-de-lhomme\"]}]},{\"@type\":\"ImageObject\",\"inLanguage\":\"en-US\",\"@id\":\"https:\/\/www.cafedelhomme.com\/en\/8th-edition-of-the-paris-peace-forum-at-the-musee-de-lhomme#primaryimage\",\"url\":\"https:\/\/www.cafedelhomme.com\/wp-content\/uploads\/2024\/10\/d9cc72d97c906f5c47e8dc6c20afba4f.webp\",\"contentUrl\":\"https:\/\/www.cafedelhomme.com\/wp-content\/uploads\/2024\/10\/d9cc72d97c906f5c47e8dc6c20afba4f.webp\",\"width\":700,\"height\":1050},{\"@type\":\"WebSite\",\"@id\":\"https:\/\/www.cafedelhomme.com\/en#website\",\"url\":\"https:\/\/www.cafedelhomme.com\/en\",\"name\":\"Caf\u00e9 de l'Homme\",\"description\":\"\",\"publisher\":{\"@id\":\"https:\/\/www.cafedelhomme.com\/en#organization\"},\"potentialAction\":[{\"@type\":\"SearchAction\",\"target\":{\"@type\":\"EntryPoint\",\"urlTemplate\":\"https:\/\/www.cafedelhomme.com\/en?s={search_term_string}\"},\"query-input\":{\"@type\":\"PropertyValueSpecification\",\"valueRequired\":true,\"valueName\":\"search_term_string\"}}],\"inLanguage\":\"en-US\"},{\"@type\":\"Organization\",\"@id\":\"https:\/\/www.cafedelhomme.com\/en#organization\",\"name\":\"Caf\u00e9 de l'Homme\",\"url\":\"https:\/\/www.cafedelhomme.com\/en\",\"logo\":{\"@type\":\"ImageObject\",\"inLanguage\":\"en-US\",\"@id\":\"https:\/\/www.cafedelhomme.com\/en#\/schema\/logo\/image\/\",\"url\":\"https:\/\/www.cafedelhomme.com\/wp-content\/uploads\/2023\/04\/big-logo-300x163-1.png\",\"contentUrl\":\"https:\/\/www.cafedelhomme.com\/wp-content\/uploads\/2023\/04\/big-logo-300x163-1.png\",\"width\":300,\"height\":163,\"caption\":\"Caf\u00e9 de l'Homme\"},\"image\":{\"@id\":\"https:\/\/www.cafedelhomme.com\/en#\/schema\/logo\/image\/\"},\"sameAs\":[\"https:\/\/www.facebook.com\/cafedelhomme\",\"https:\/\/www.instagram.com\/cafedelhomme\/\"]},{\"@type\":\"Person\",\"@id\":\"https:\/\/www.cafedelhomme.com\/en#\/schema\/person\/6e8511c8f2a5f67fe09441e43be583cf\",\"name\":\"Marketing\",\"image\":{\"@type\":\"ImageObject\",\"inLanguage\":\"en-US\",\"@id\":\"https:\/\/www.cafedelhomme.com\/en#\/schema\/person\/image\/\",\"url\":\"https:\/\/secure.gravatar.com\/avatar\/87ce55b262b05881147ff2405c09deba3304ca53053e2ddb7eddade60eafc929?s=96&d=mm&r=g\",\"contentUrl\":\"https:\/\/secure.gravatar.com\/avatar\/87ce55b262b05881147ff2405c09deba3304ca53053e2ddb7eddade60eafc929?s=96&d=mm&r=g\",\"caption\":\"Marketing\"}}]}<\/script>\n<!-- \/ Yoast SEO Premium plugin. -->","yoast_head_json":{"title":"8th edition of the Paris Peace Forum at the Mus\u00e9e de l\u2019Homme - Caf\u00e9 de l&#039;Homme","description":"Experience the Paris Peace Forum at the Mus\u00e9e de l'Homme on October 29 and 30, then extend this moment of exchange with an exceptional lunch at the Caf\u00e9 de l'Homme facing the Eiffel Tower.","robots":{"index":"index","follow":"follow","max-snippet":"max-snippet:-1","max-image-preview":"max-image-preview:large","max-video-preview":"max-video-preview:-1"},"canonical":"https:\/\/www.cafedelhomme.com\/en\/8th-edition-of-the-paris-peace-forum-at-the-musee-de-lhomme","og_locale":"en_US","og_type":"article","og_title":"8th edition of the Paris Peace Forum at the Mus\u00e9e de l\u2019Homme","og_description":"Caf\u00e9 de l\u2019Homme becomes the meeting place for art lovers and foodies, following in the footsteps of Le Georges restaurant at the Pompidou Center.","og_url":"https:\/\/www.cafedelhomme.com\/en\/8th-edition-of-the-paris-peace-forum-at-the-musee-de-lhomme","og_site_name":"Caf\u00e9 de l&#039;Homme","article_publisher":"https:\/\/www.facebook.com\/cafedelhomme","article_published_time":"2025-10-30T14:22:02+00:00","article_modified_time":"2025-10-30T14:33:32+00:00","og_image":[{"width":700,"height":1050,"url":"https:\/\/www.cafedelhomme.com\/wp-content\/uploads\/2024\/10\/d9cc72d97c906f5c47e8dc6c20afba4f.webp","type":"image\/webp"}],"author":"Marketing","twitter_card":"summary_large_image","twitter_misc":{"Written by":"Marketing","Est. reading time":"2 minutes"},"schema":{"@context":"https:\/\/schema.org","@graph":[{"@type":"Article","@id":"https:\/\/www.cafedelhomme.com\/en\/8th-edition-of-the-paris-peace-forum-at-the-musee-de-lhomme#article","isPartOf":{"@id":"https:\/\/www.cafedelhomme.com\/en\/8th-edition-of-the-paris-peace-forum-at-the-musee-de-lhomme"},"author":{"name":"Marketing","@id":"https:\/\/www.cafedelhomme.com\/en#\/schema\/person\/6e8511c8f2a5f67fe09441e43be583cf"},"headline":"8th edition of the Paris Peace Forum at the Mus\u00e9e de l\u2019Homme","datePublished":"2025-10-30T14:22:02+00:00","dateModified":"2025-10-30T14:33:32+00:00","mainEntityOfPage":{"@id":"https:\/\/www.cafedelhomme.com\/en\/8th-edition-of-the-paris-peace-forum-at-the-musee-de-lhomme"},"wordCount":427,"publisher":{"@id":"https:\/\/www.cafedelhomme.com\/en#organization"},"image":{"@id":"https:\/\/www.cafedelhomme.com\/en\/8th-edition-of-the-paris-peace-forum-at-the-musee-de-lhomme#primaryimage"},"thumbnailUrl":"https:\/\/www.cafedelhomme.com\/wp-content\/uploads\/2024\/10\/d9cc72d97c906f5c47e8dc6c20afba4f.webp","articleSection":["History","news"],"inLanguage":"en-US"},{"@type":"WebPage","@id":"https:\/\/www.cafedelhomme.com\/en\/8th-edition-of-the-paris-peace-forum-at-the-musee-de-lhomme","url":"https:\/\/www.cafedelhomme.com\/en\/8th-edition-of-the-paris-peace-forum-at-the-musee-de-lhomme","name":"8th edition of the Paris Peace Forum at the Mus\u00e9e de l\u2019Homme - Caf\u00e9 de l&#039;Homme","isPartOf":{"@id":"https:\/\/www.cafedelhomme.com\/en#website"},"primaryImageOfPage":{"@id":"https:\/\/www.cafedelhomme.com\/en\/8th-edition-of-the-paris-peace-forum-at-the-musee-de-lhomme#primaryimage"},"image":{"@id":"https:\/\/www.cafedelhomme.com\/en\/8th-edition-of-the-paris-peace-forum-at-the-musee-de-lhomme#primaryimage"},"thumbnailUrl":"https:\/\/www.cafedelhomme.com\/wp-content\/uploads\/2024\/10\/d9cc72d97c906f5c47e8dc6c20afba4f.webp","datePublished":"2025-10-30T14:22:02+00:00","dateModified":"2025-10-30T14:33:32+00:00","description":"Experience the Paris Peace Forum at the Mus\u00e9e de l'Homme on October 29 and 30, then extend this moment of exchange with an exceptional lunch at the Caf\u00e9 de l'Homme facing the Eiffel Tower.","inLanguage":"en-US","potentialAction":[{"@type":"ReadAction","target":["https:\/\/www.cafedelhomme.com\/en\/8th-edition-of-the-paris-peace-forum-at-the-musee-de-lhomme"]}]},{"@type":"ImageObject","inLanguage":"en-US","@id":"https:\/\/www.cafedelhomme.com\/en\/8th-edition-of-the-paris-peace-forum-at-the-musee-de-lhomme#primaryimage","url":"https:\/\/www.cafedelhomme.com\/wp-content\/uploads\/2024\/10\/d9cc72d97c906f5c47e8dc6c20afba4f.webp","contentUrl":"https:\/\/www.cafedelhomme.com\/wp-content\/uploads\/2024\/10\/d9cc72d97c906f5c47e8dc6c20afba4f.webp","width":700,"height":1050},{"@type":"WebSite","@id":"https:\/\/www.cafedelhomme.com\/en#website","url":"https:\/\/www.cafedelhomme.com\/en","name":"Caf\u00e9 de l'Homme","description":"","publisher":{"@id":"https:\/\/www.cafedelhomme.com\/en#organization"},"potentialAction":[{"@type":"SearchAction","target":{"@type":"EntryPoint","urlTemplate":"https:\/\/www.cafedelhomme.com\/en?s={search_term_string}"},"query-input":{"@type":"PropertyValueSpecification","valueRequired":true,"valueName":"search_term_string"}}],"inLanguage":"en-US"},{"@type":"Organization","@id":"https:\/\/www.cafedelhomme.com\/en#organization","name":"Caf\u00e9 de l'Homme","url":"https:\/\/www.cafedelhomme.com\/en","logo":{"@type":"ImageObject","inLanguage":"en-US","@id":"https:\/\/www.cafedelhomme.com\/en#\/schema\/logo\/image\/","url":"https:\/\/www.cafedelhomme.com\/wp-content\/uploads\/2023\/04\/big-logo-300x163-1.png","contentUrl":"https:\/\/www.cafedelhomme.com\/wp-content\/uploads\/2023\/04\/big-logo-300x163-1.png","width":300,"height":163,"caption":"Caf\u00e9 de l'Homme"},"image":{"@id":"https:\/\/www.cafedelhomme.com\/en#\/schema\/logo\/image\/"},"sameAs":["https:\/\/www.facebook.com\/cafedelhomme","https:\/\/www.instagram.com\/cafedelhomme\/"]},{"@type":"Person","@id":"https:\/\/www.cafedelhomme.com\/en#\/schema\/person\/6e8511c8f2a5f67fe09441e43be583cf","name":"Marketing","image":{"@type":"ImageObject","inLanguage":"en-US","@id":"https:\/\/www.cafedelhomme.com\/en#\/schema\/person\/image\/","url":"https:\/\/secure.gravatar.com\/avatar\/87ce55b262b05881147ff2405c09deba3304ca53053e2ddb7eddade60eafc929?s=96&d=mm&r=g","contentUrl":"https:\/\/secure.gravatar.com\/avatar\/87ce55b262b05881147ff2405c09deba3304ca53053e2ddb7eddade60eafc929?s=96&d=mm&r=g","caption":"Marketing"}}]}},"_links":{"self":[{"href":"https:\/\/www.cafedelhomme.com\/en\/wp-json\/wp\/v2\/posts\/13435","targetHints":{"allow":["GET"]}}],"collection":[{"href":"https:\/\/www.cafedelhomme.com\/en\/wp-json\/wp\/v2\/posts"}],"about":[{"href":"https:\/\/www.cafedelhomme.com\/en\/wp-json\/wp\/v2\/types\/post"}],"author":[{"embeddable":true,"href":"https:\/\/www.cafedelhomme.com\/en\/wp-json\/wp\/v2\/users\/9"}],"replies":[{"embeddable":true,"href":"https:\/\/www.cafedelhomme.com\/en\/wp-json\/wp\/v2\/comments?post=13435"}],"version-history":[{"count":3,"href":"https:\/\/www.cafedelhomme.com\/en\/wp-json\/wp\/v2\/posts\/13435\/revisions"}],"predecessor-version":[{"id":13444,"href":"https:\/\/www.cafedelhomme.com\/en\/wp-json\/wp\/v2\/posts\/13435\/revisions\/13444"}],"wp:featuredmedia":[{"embeddable":true,"href":"https:\/\/www.cafedelhomme.com\/en\/wp-json\/wp\/v2\/media\/6647"}],"wp:attachment":[{"href":"https:\/\/www.cafedelhomme.com\/en\/wp-json\/wp\/v2\/media?parent=13435"}],"wp:term":[{"taxonomy":"category","embeddable":true,"href":"https:\/\/www.cafedelhomme.com\/en\/wp-json\/wp\/v2\/categories?post=13435"},{"taxonomy":"post_tag","embeddable":true,"href":"https:\/\/www.cafedelhomme.com\/en\/wp-json\/wp\/v2\/tags?post=13435"}],"curies":[{"name":"wp","href":"https:\/\/api.w.org\/{rel}","templated":true}]}}