{"id":6563,"date":"2024-10-17T10:00:51","date_gmt":"2024-10-17T08:00:51","guid":{"rendered":"https:\/\/www.cafedelhomme.com\/?p=6563"},"modified":"2025-03-18T10:01:32","modified_gmt":"2025-03-18T09:01:32","slug":"seasonal-cuisine-restaurant-cafe-de-l-homme","status":"publish","type":"post","link":"https:\/\/www.cafedelhomme.com\/en\/seasonal-cuisine-restaurant-cafe-de-l-homme","title":{"rendered":"Seasonal cuisine at Caf\u00e9 de l&#8217;Homme: Restaurant in the heart of Paris 16"},"content":{"rendered":"<div class=\"wpb-content-wrapper\"><p>[vc_row responsive_css=&#8221;margin_top_large:100px|margin_bottom_large:100px&#8221; css=&#8221;.vc_custom_1690902189577{margin-top: 100px !important;margin-bottom: 100px !important;}&#8221;][vc_column][vc_column_text css=&#8221;.vc_custom_1729502883770{margin-bottom: 40px !important;}&#8221;]<span style=\"font-weight: 400;\">Autumn comes to <\/span><b>Caf\u00e9 de l&#8217;Homme<\/b><span style=\"font-weight: 400;\">, <\/span><b>a gourmet restaurant<\/b><span style=\"font-weight: 400;\"> in the heart of <\/span><b>Paris 16<\/b><span style=\"font-weight: 400;\">with a menu enhanced by the treasures of the season. Le   <\/span><b>Chef Wilfried Graux<\/b><span style=\"font-weight: 400;\">  magnifies noble products, carefully selected for their freshness, in a harmony of delicate, refined flavors. Facing the majestic   <\/span><b>Eiffel Tower<\/b><span style=\"font-weight: 400;\">each dish delivers the codes of <\/span><b>French gastronomy<\/b><span style=\"font-weight: 400;\"> in all its splendor.<\/span>[\/vc_column_text][vc_custom_heading text=&#8221;The art of seasonal cuisine in an iconic Paris restaurant&#8221; css=&#8221;.vc_custom_1729502896756{padding-top: 5px !important;}&#8221;][vc_column_text css=&#8221;&#8221;]<span style=\"font-weight: 400;\">As the seasons change, nature reveals powerful, comforting flavors. Visit   <\/span><b>Caf\u00e9 de l&#8217;Homme<\/b><span style=\"font-weight: 400;\">we celebrate this richness to offer you a culinary <\/span><b>culinary experience<\/b><span style=\"font-weight: 400;\">  with every bite. La   <\/span><b>seasonal cuisine<\/b><span style=\"font-weight: 400;\">the signature of our <\/span><b>Parisian restaurant<\/b><span style=\"font-weight: 400;\">is based on respect for nature, with products at their peak of flavor.<\/span><\/p>\n<p><span style=\"font-weight: 400;\">Seasonal cooking isn&#8217;t just a trend, it&#8217;s a commitment to quality, taste and authenticity. Discover <a href=\"https:\/\/www.cafedelhomme.com\/en\/la-carte\"><strong>our current menu <\/strong><\/a>  <\/span><span style=\"font-weight: 400;\">and be inspired by creations that combine tradition and innovation.<\/span>[\/vc_column_text][\/vc_column][\/vc_row][vc_row responsive_css=&#8221;margin_top_large:100px|margin_bottom_large:100px&#8221; css=&#8221;.vc_custom_1690902189577{margin-top: 100px !important;margin-bottom: 100px !important;}&#8221;][vc_column][vc_custom_heading text=&#8221;The refined autumn menu at Caf\u00e9 de l&apos;Homme, a restaurant at the foot of the Trocadero&#8221; css=&#8221;.vc_custom_1729502963087{padding-top: 5px !important;}&#8221;][vc_column_text css=&#8221;&#8221;]<span style=\"font-weight: 400;\">Among the autumn creations from <\/span><b>Caf\u00e9 de l&#8217;Homme<\/b><span style=\"font-weight: 400;\">autumn creations include <\/span><b>sweetbreads au gratin with Salers cheese<\/b><span style=\"font-weight: 400;\">an exceptional cheese from the mountains of France. This melt-in-your-mouth, crispy dish is a true ode to the terroir, reflecting the perfect balance between delicacy and finesse. <\/span><\/p>\n<p><span style=\"font-weight: 400;\">L&#8217;<\/span><b>braised lamb<\/b><span style=\"font-weight: 400;\">Slow-cooked for seven hours, this dish is incomparably moist. Accompanied by a potato and butternut mille-feuille, and enhanced by a condiment with the bewitching flavors of apricot and date tajine, this dish combines tradition and creativity. It transports your senses while being rooted in the excellence of the    <\/span><b>French gastronomy<\/b><span style=\"font-weight: 400;\">.<\/span><\/p>\n<p><span style=\"font-weight: 400;\">For truffle lovers, the <\/span><b>truffle coquillettes<\/b><span style=\"font-weight: 400;\">These risotto-style dishes are a seasonal must. Truffles, the jewel of autumn, combine with undergrowth mushrooms to create a dish rich in aromas and textures, enhanced by a melting Parmesan. Discover these creations during your    <\/span><a href=\"https:\/\/www.cafedelhomme.com\/en\/our-experience\"><b>experiments<\/b><\/a><span style=\"font-weight: 400;\"> at the Caf\u00e9 de l&#8217;Homme restaurant in Paris.<\/span>[\/vc_column_text][\/vc_column][\/vc_row][vc_row responsive_css=&#8221;margin_top_large:100px|margin_bottom_large:100px&#8221; css=&#8221;.vc_custom_1690902189577{margin-top: 100px !important;margin-bottom: 100px !important;}&#8221;][vc_column][vc_custom_heading text=&#8221;An unforgettable gastronomic experience overlooking the Eiffel Tower&#8221; css=&#8221;.vc_custom_1729503002987{padding-top: 5px !important;}&#8221;][vc_column_text css=&#8221;&#8221;]<span style=\"font-weight: 400;\">At <\/span><b>Caf\u00e9 de l&#8217;Homme<\/b><span style=\"font-weight: 400;\">The culinary experience goes far beyond the plate. Settled on our terrace, with a   <\/span><b>direct view of the Eiffel Tower<\/b><span style=\"font-weight: 400;\">Every meal becomes a truly exceptional moment. Autumnal landscapes, the golden hues of Parisian trees and the play of light create a poetic atmosphere. La    <\/span><b>City of Light<\/b><span style=\"font-weight: 400;\"> offer a spectacular setting, making every <\/span><b>dinner or lunch<\/b><span style=\"font-weight: 400;\"> at <\/span><b>Caf\u00e9 de l&#8217;Homme<\/b><span style=\"font-weight: 400;\"> unforgettable.<\/span>[\/vc_column_text][\/vc_column][\/vc_row][vc_row responsive_css=&#8221;margin_top_large:100px|margin_bottom_large:100px&#8221; css=&#8221;.vc_custom_1729003051235{margin-bottom: 100px !important;}&#8221;][vc_column][vc_custom_heading text=&#8221;Book your table at Caf\u00e9 de l&apos;Homme, restaurant in Paris 16&#8243; css=&#8221;&#8221;][vc_column_text css=&#8221;&#8221;]<span style=\"font-weight: 400;\">Let yourself be tempted by the <\/span><b>autumn menu<\/b><span style=\"font-weight: 400;\"> at <\/span><b>Caf\u00e9 de l&#8217;Homme<\/b><span style=\"font-weight: 400;\">and savor dishes that sublimate seasonal <\/span><b>seasonal flavors<\/b><span style=\"font-weight: 400;\">  in a prestigious setting. Located in the   <\/span><b>Trocadero<\/b><span style=\"font-weight: 400;\">,<\/span><b> in the 16th arrondissement<\/b><span style=\"font-weight: 400;\">our <\/span><b>Parisian restaurant<\/b><span style=\"font-weight: 400;\">  promises an unforgettable experience. Reserve your table and discover why   <\/span><b>Caf\u00e9 de l&#8217;Homme<\/b><span style=\"font-weight: 400;\"> is a must for food lovers in Paris. <\/span><b>in Paris<\/b><span style=\"font-weight: 400;\">.<\/span>[\/vc_column_text]<a href=\"https:\/\/www.sevenrooms.com\/explore\/cafedelhomme\/reservations\/create\/search?tracking=seo-blog\" target=\"_blank\" class=\"btn btn-default btn-bordered border-thin btn btn-outline btn-outline-black ld_button_69f4215c86849\">\n\t<span>\n\t\t\n\t\t\t\t\t<span class=\"btn-txt\">r\u00e9server.<\/span>\n\t\t\t\n\t\t\t\t<\/span>\n<\/a>\n[\/vc_column][\/vc_row]<\/p>\n<\/div>","protected":false},"excerpt":{"rendered":"<p>[vc_row responsive_css=&#8221;margin_top_large:100px|margin_bottom_large:100px&#8221; css=&#8221;.vc_custom_1690902189577{margin-top: 100px !important;margin-bottom: 100px !important;}&#8221;][vc_column][vc_column_text css=&#8221;.vc_custom_1729502883770{margin-bottom: 40px !important;}&#8221;]Autumn comes to Caf\u00e9 de l&#8217;Homme, a gourmet restaurant in the heart of Paris 16with a menu enhanced by the treasures of the season. Le Chef Wilfried Graux magnifies noble products, carefully selected for their freshness,&#8230;<\/p>\n","protected":false},"author":1,"featured_media":6555,"comment_status":"closed","ping_status":"open","sticky":false,"template":"","format":"standard","meta":{"_acf_changed":false,"footnotes":""},"categories":[43],"tags":[],"class_list":["post-6563","post","type-post","status-publish","format-standard","has-post-thumbnail","hentry","category-news"],"acf":[],"yoast_head":"<!-- This site is optimized with the Yoast SEO Premium plugin v20.10 (Yoast SEO v27.0) - https:\/\/yoast.com\/product\/yoast-seo-premium-wordpress\/ -->\n<title>Seasonal cuisine at Caf\u00e9 de l&#039;Homme: Restaurant in the heart of Paris 16 - Caf\u00e9 de l&#039;Homme<\/title>\n<meta name=\"description\" content=\"Discover seasonal cuisine at Caf\u00e9 de l&#039;Homme, a gourmet restaurant in Paris 16, with a breathtaking view of the Eiffel Tower.\" \/>\n<meta name=\"robots\" content=\"index, follow, max-snippet:-1, max-image-preview:large, max-video-preview:-1\" \/>\n<link rel=\"canonical\" href=\"https:\/\/www.cafedelhomme.com\/en\/seasonal-cuisine-restaurant-cafe-de-l-homme\" \/>\n<meta property=\"og:locale\" content=\"en_US\" \/>\n<meta property=\"og:type\" content=\"article\" \/>\n<meta property=\"og:title\" content=\"Seasonal cuisine at Caf\u00e9 de l&#039;Homme: Dive into the elegance of autumnal flavors\" \/>\n<meta property=\"og:description\" content=\"Discover seasonal cuisine at Caf\u00e9 de l&#039;Homme, a gourmet restaurant in Paris 16, with a breathtaking view of the Eiffel Tower.\" \/>\n<meta property=\"og:url\" content=\"https:\/\/www.cafedelhomme.com\/en\/seasonal-cuisine-restaurant-cafe-de-l-homme\" \/>\n<meta property=\"og:site_name\" content=\"Caf\u00e9 de l&#039;Homme\" \/>\n<meta property=\"article:publisher\" content=\"https:\/\/www.facebook.com\/cafedelhomme\" \/>\n<meta property=\"article:published_time\" content=\"2024-10-17T08:00:51+00:00\" \/>\n<meta property=\"article:modified_time\" content=\"2025-03-18T09:01:32+00:00\" \/>\n<meta property=\"og:image\" content=\"https:\/\/www.cafedelhomme.com\/wp-content\/uploads\/2024\/10\/Plat-de-saison-CDH.jpg\" \/>\n\t<meta property=\"og:image:width\" content=\"1082\" \/>\n\t<meta property=\"og:image:height\" content=\"1560\" \/>\n\t<meta property=\"og:image:type\" content=\"image\/jpeg\" \/>\n<meta name=\"author\" content=\"Getup\" \/>\n<meta name=\"twitter:card\" content=\"summary_large_image\" \/>\n<meta name=\"twitter:label1\" content=\"Written by\" \/>\n\t<meta name=\"twitter:data1\" content=\"Getup\" \/>\n\t<meta name=\"twitter:label2\" content=\"Est. reading time\" \/>\n\t<meta name=\"twitter:data2\" content=\"3 minutes\" \/>\n<script type=\"application\/ld+json\" class=\"yoast-schema-graph\">{\"@context\":\"https:\/\/schema.org\",\"@graph\":[{\"@type\":\"Article\",\"@id\":\"https:\/\/www.cafedelhomme.com\/en\/seasonal-cuisine-restaurant-cafe-de-l-homme#article\",\"isPartOf\":{\"@id\":\"https:\/\/www.cafedelhomme.com\/en\/seasonal-cuisine-restaurant-cafe-de-l-homme\"},\"author\":{\"name\":\"Getup\",\"@id\":\"https:\/\/www.cafedelhomme.com\/en#\/schema\/person\/55c660f885a3bf3b1d08ae502bd6850f\"},\"headline\":\"Seasonal cuisine at Caf\u00e9 de l&#8217;Homme: Restaurant in the heart of Paris 16\",\"datePublished\":\"2024-10-17T08:00:51+00:00\",\"dateModified\":\"2025-03-18T09:01:32+00:00\",\"mainEntityOfPage\":{\"@id\":\"https:\/\/www.cafedelhomme.com\/en\/seasonal-cuisine-restaurant-cafe-de-l-homme\"},\"wordCount\":688,\"publisher\":{\"@id\":\"https:\/\/www.cafedelhomme.com\/en#organization\"},\"image\":{\"@id\":\"https:\/\/www.cafedelhomme.com\/en\/seasonal-cuisine-restaurant-cafe-de-l-homme#primaryimage\"},\"thumbnailUrl\":\"https:\/\/www.cafedelhomme.com\/wp-content\/uploads\/2024\/10\/Plat-de-saison-CDH.jpg\",\"articleSection\":[\"news\"],\"inLanguage\":\"en-US\"},{\"@type\":\"WebPage\",\"@id\":\"https:\/\/www.cafedelhomme.com\/en\/seasonal-cuisine-restaurant-cafe-de-l-homme\",\"url\":\"https:\/\/www.cafedelhomme.com\/en\/seasonal-cuisine-restaurant-cafe-de-l-homme\",\"name\":\"Seasonal cuisine at Caf\u00e9 de l'Homme: Restaurant in the heart of Paris 16 - Caf\u00e9 de l&#039;Homme\",\"isPartOf\":{\"@id\":\"https:\/\/www.cafedelhomme.com\/en#website\"},\"primaryImageOfPage\":{\"@id\":\"https:\/\/www.cafedelhomme.com\/en\/seasonal-cuisine-restaurant-cafe-de-l-homme#primaryimage\"},\"image\":{\"@id\":\"https:\/\/www.cafedelhomme.com\/en\/seasonal-cuisine-restaurant-cafe-de-l-homme#primaryimage\"},\"thumbnailUrl\":\"https:\/\/www.cafedelhomme.com\/wp-content\/uploads\/2024\/10\/Plat-de-saison-CDH.jpg\",\"datePublished\":\"2024-10-17T08:00:51+00:00\",\"dateModified\":\"2025-03-18T09:01:32+00:00\",\"description\":\"Discover seasonal cuisine at Caf\u00e9 de l'Homme, a gourmet restaurant in Paris 16, with a breathtaking view of the Eiffel Tower.\",\"inLanguage\":\"en-US\",\"potentialAction\":[{\"@type\":\"ReadAction\",\"target\":[\"https:\/\/www.cafedelhomme.com\/en\/seasonal-cuisine-restaurant-cafe-de-l-homme\"]}]},{\"@type\":\"ImageObject\",\"inLanguage\":\"en-US\",\"@id\":\"https:\/\/www.cafedelhomme.com\/en\/seasonal-cuisine-restaurant-cafe-de-l-homme#primaryimage\",\"url\":\"https:\/\/www.cafedelhomme.com\/wp-content\/uploads\/2024\/10\/Plat-de-saison-CDH.jpg\",\"contentUrl\":\"https:\/\/www.cafedelhomme.com\/wp-content\/uploads\/2024\/10\/Plat-de-saison-CDH.jpg\",\"width\":1082,\"height\":1560},{\"@type\":\"WebSite\",\"@id\":\"https:\/\/www.cafedelhomme.com\/en#website\",\"url\":\"https:\/\/www.cafedelhomme.com\/en\",\"name\":\"Caf\u00e9 de l'Homme\",\"description\":\"\",\"publisher\":{\"@id\":\"https:\/\/www.cafedelhomme.com\/en#organization\"},\"potentialAction\":[{\"@type\":\"SearchAction\",\"target\":{\"@type\":\"EntryPoint\",\"urlTemplate\":\"https:\/\/www.cafedelhomme.com\/en?s={search_term_string}\"},\"query-input\":{\"@type\":\"PropertyValueSpecification\",\"valueRequired\":true,\"valueName\":\"search_term_string\"}}],\"inLanguage\":\"en-US\"},{\"@type\":\"Organization\",\"@id\":\"https:\/\/www.cafedelhomme.com\/en#organization\",\"name\":\"Caf\u00e9 de l'Homme\",\"url\":\"https:\/\/www.cafedelhomme.com\/en\",\"logo\":{\"@type\":\"ImageObject\",\"inLanguage\":\"en-US\",\"@id\":\"https:\/\/www.cafedelhomme.com\/en#\/schema\/logo\/image\/\",\"url\":\"https:\/\/www.cafedelhomme.com\/wp-content\/uploads\/2023\/04\/big-logo-300x163-1.png\",\"contentUrl\":\"https:\/\/www.cafedelhomme.com\/wp-content\/uploads\/2023\/04\/big-logo-300x163-1.png\",\"width\":300,\"height\":163,\"caption\":\"Caf\u00e9 de l'Homme\"},\"image\":{\"@id\":\"https:\/\/www.cafedelhomme.com\/en#\/schema\/logo\/image\/\"},\"sameAs\":[\"https:\/\/www.facebook.com\/cafedelhomme\",\"https:\/\/www.instagram.com\/cafedelhomme\/\"]},{\"@type\":\"Person\",\"@id\":\"https:\/\/www.cafedelhomme.com\/en#\/schema\/person\/55c660f885a3bf3b1d08ae502bd6850f\",\"name\":\"Getup\",\"image\":{\"@type\":\"ImageObject\",\"inLanguage\":\"en-US\",\"@id\":\"https:\/\/www.cafedelhomme.com\/en#\/schema\/person\/image\/\",\"url\":\"https:\/\/secure.gravatar.com\/avatar\/5e19627732ce1f7366d35b250158e58668ab387bcef3219ee7bba031ec656192?s=96&d=mm&r=g\",\"contentUrl\":\"https:\/\/secure.gravatar.com\/avatar\/5e19627732ce1f7366d35b250158e58668ab387bcef3219ee7bba031ec656192?s=96&d=mm&r=g\",\"caption\":\"Getup\"},\"sameAs\":[\"https:\/\/www.cafedelhomme.com\"]}]}<\/script>\n<!-- \/ Yoast SEO Premium plugin. -->","yoast_head_json":{"title":"Seasonal cuisine at Caf\u00e9 de l'Homme: Restaurant in the heart of Paris 16 - Caf\u00e9 de l&#039;Homme","description":"Discover seasonal cuisine at Caf\u00e9 de l'Homme, a gourmet restaurant in Paris 16, with a breathtaking view of the Eiffel Tower.","robots":{"index":"index","follow":"follow","max-snippet":"max-snippet:-1","max-image-preview":"max-image-preview:large","max-video-preview":"max-video-preview:-1"},"canonical":"https:\/\/www.cafedelhomme.com\/en\/seasonal-cuisine-restaurant-cafe-de-l-homme","og_locale":"en_US","og_type":"article","og_title":"Seasonal cuisine at Caf\u00e9 de l'Homme: Dive into the elegance of autumnal flavors","og_description":"Discover seasonal cuisine at Caf\u00e9 de l'Homme, a gourmet restaurant in Paris 16, with a breathtaking view of the Eiffel Tower.","og_url":"https:\/\/www.cafedelhomme.com\/en\/seasonal-cuisine-restaurant-cafe-de-l-homme","og_site_name":"Caf\u00e9 de l&#039;Homme","article_publisher":"https:\/\/www.facebook.com\/cafedelhomme","article_published_time":"2024-10-17T08:00:51+00:00","article_modified_time":"2025-03-18T09:01:32+00:00","og_image":[{"width":1082,"height":1560,"url":"https:\/\/www.cafedelhomme.com\/wp-content\/uploads\/2024\/10\/Plat-de-saison-CDH.jpg","type":"image\/jpeg"}],"author":"Getup","twitter_card":"summary_large_image","twitter_misc":{"Written by":"Getup","Est. reading time":"3 minutes"},"schema":{"@context":"https:\/\/schema.org","@graph":[{"@type":"Article","@id":"https:\/\/www.cafedelhomme.com\/en\/seasonal-cuisine-restaurant-cafe-de-l-homme#article","isPartOf":{"@id":"https:\/\/www.cafedelhomme.com\/en\/seasonal-cuisine-restaurant-cafe-de-l-homme"},"author":{"name":"Getup","@id":"https:\/\/www.cafedelhomme.com\/en#\/schema\/person\/55c660f885a3bf3b1d08ae502bd6850f"},"headline":"Seasonal cuisine at Caf\u00e9 de l&#8217;Homme: Restaurant in the heart of Paris 16","datePublished":"2024-10-17T08:00:51+00:00","dateModified":"2025-03-18T09:01:32+00:00","mainEntityOfPage":{"@id":"https:\/\/www.cafedelhomme.com\/en\/seasonal-cuisine-restaurant-cafe-de-l-homme"},"wordCount":688,"publisher":{"@id":"https:\/\/www.cafedelhomme.com\/en#organization"},"image":{"@id":"https:\/\/www.cafedelhomme.com\/en\/seasonal-cuisine-restaurant-cafe-de-l-homme#primaryimage"},"thumbnailUrl":"https:\/\/www.cafedelhomme.com\/wp-content\/uploads\/2024\/10\/Plat-de-saison-CDH.jpg","articleSection":["news"],"inLanguage":"en-US"},{"@type":"WebPage","@id":"https:\/\/www.cafedelhomme.com\/en\/seasonal-cuisine-restaurant-cafe-de-l-homme","url":"https:\/\/www.cafedelhomme.com\/en\/seasonal-cuisine-restaurant-cafe-de-l-homme","name":"Seasonal cuisine at Caf\u00e9 de l'Homme: Restaurant in the heart of Paris 16 - Caf\u00e9 de l&#039;Homme","isPartOf":{"@id":"https:\/\/www.cafedelhomme.com\/en#website"},"primaryImageOfPage":{"@id":"https:\/\/www.cafedelhomme.com\/en\/seasonal-cuisine-restaurant-cafe-de-l-homme#primaryimage"},"image":{"@id":"https:\/\/www.cafedelhomme.com\/en\/seasonal-cuisine-restaurant-cafe-de-l-homme#primaryimage"},"thumbnailUrl":"https:\/\/www.cafedelhomme.com\/wp-content\/uploads\/2024\/10\/Plat-de-saison-CDH.jpg","datePublished":"2024-10-17T08:00:51+00:00","dateModified":"2025-03-18T09:01:32+00:00","description":"Discover seasonal cuisine at Caf\u00e9 de l'Homme, a gourmet restaurant in Paris 16, with a breathtaking view of the Eiffel Tower.","inLanguage":"en-US","potentialAction":[{"@type":"ReadAction","target":["https:\/\/www.cafedelhomme.com\/en\/seasonal-cuisine-restaurant-cafe-de-l-homme"]}]},{"@type":"ImageObject","inLanguage":"en-US","@id":"https:\/\/www.cafedelhomme.com\/en\/seasonal-cuisine-restaurant-cafe-de-l-homme#primaryimage","url":"https:\/\/www.cafedelhomme.com\/wp-content\/uploads\/2024\/10\/Plat-de-saison-CDH.jpg","contentUrl":"https:\/\/www.cafedelhomme.com\/wp-content\/uploads\/2024\/10\/Plat-de-saison-CDH.jpg","width":1082,"height":1560},{"@type":"WebSite","@id":"https:\/\/www.cafedelhomme.com\/en#website","url":"https:\/\/www.cafedelhomme.com\/en","name":"Caf\u00e9 de l'Homme","description":"","publisher":{"@id":"https:\/\/www.cafedelhomme.com\/en#organization"},"potentialAction":[{"@type":"SearchAction","target":{"@type":"EntryPoint","urlTemplate":"https:\/\/www.cafedelhomme.com\/en?s={search_term_string}"},"query-input":{"@type":"PropertyValueSpecification","valueRequired":true,"valueName":"search_term_string"}}],"inLanguage":"en-US"},{"@type":"Organization","@id":"https:\/\/www.cafedelhomme.com\/en#organization","name":"Caf\u00e9 de l'Homme","url":"https:\/\/www.cafedelhomme.com\/en","logo":{"@type":"ImageObject","inLanguage":"en-US","@id":"https:\/\/www.cafedelhomme.com\/en#\/schema\/logo\/image\/","url":"https:\/\/www.cafedelhomme.com\/wp-content\/uploads\/2023\/04\/big-logo-300x163-1.png","contentUrl":"https:\/\/www.cafedelhomme.com\/wp-content\/uploads\/2023\/04\/big-logo-300x163-1.png","width":300,"height":163,"caption":"Caf\u00e9 de l'Homme"},"image":{"@id":"https:\/\/www.cafedelhomme.com\/en#\/schema\/logo\/image\/"},"sameAs":["https:\/\/www.facebook.com\/cafedelhomme","https:\/\/www.instagram.com\/cafedelhomme\/"]},{"@type":"Person","@id":"https:\/\/www.cafedelhomme.com\/en#\/schema\/person\/55c660f885a3bf3b1d08ae502bd6850f","name":"Getup","image":{"@type":"ImageObject","inLanguage":"en-US","@id":"https:\/\/www.cafedelhomme.com\/en#\/schema\/person\/image\/","url":"https:\/\/secure.gravatar.com\/avatar\/5e19627732ce1f7366d35b250158e58668ab387bcef3219ee7bba031ec656192?s=96&d=mm&r=g","contentUrl":"https:\/\/secure.gravatar.com\/avatar\/5e19627732ce1f7366d35b250158e58668ab387bcef3219ee7bba031ec656192?s=96&d=mm&r=g","caption":"Getup"},"sameAs":["https:\/\/www.cafedelhomme.com"]}]}},"_links":{"self":[{"href":"https:\/\/www.cafedelhomme.com\/en\/wp-json\/wp\/v2\/posts\/6563","targetHints":{"allow":["GET"]}}],"collection":[{"href":"https:\/\/www.cafedelhomme.com\/en\/wp-json\/wp\/v2\/posts"}],"about":[{"href":"https:\/\/www.cafedelhomme.com\/en\/wp-json\/wp\/v2\/types\/post"}],"author":[{"embeddable":true,"href":"https:\/\/www.cafedelhomme.com\/en\/wp-json\/wp\/v2\/users\/1"}],"replies":[{"embeddable":true,"href":"https:\/\/www.cafedelhomme.com\/en\/wp-json\/wp\/v2\/comments?post=6563"}],"version-history":[{"count":10,"href":"https:\/\/www.cafedelhomme.com\/en\/wp-json\/wp\/v2\/posts\/6563\/revisions"}],"predecessor-version":[{"id":8698,"href":"https:\/\/www.cafedelhomme.com\/en\/wp-json\/wp\/v2\/posts\/6563\/revisions\/8698"}],"wp:featuredmedia":[{"embeddable":true,"href":"https:\/\/www.cafedelhomme.com\/en\/wp-json\/wp\/v2\/media\/6555"}],"wp:attachment":[{"href":"https:\/\/www.cafedelhomme.com\/en\/wp-json\/wp\/v2\/media?parent=6563"}],"wp:term":[{"taxonomy":"category","embeddable":true,"href":"https:\/\/www.cafedelhomme.com\/en\/wp-json\/wp\/v2\/categories?post=6563"},{"taxonomy":"post_tag","embeddable":true,"href":"https:\/\/www.cafedelhomme.com\/en\/wp-json\/wp\/v2\/tags?post=6563"}],"curies":[{"name":"wp","href":"https:\/\/api.w.org\/{rel}","templated":true}]}}