{"id":10012,"date":"2020-10-01T15:11:04","date_gmt":"2020-10-01T13:11:04","guid":{"rendered":"https:\/\/www.cafedelhomme.com\/la-torre-eiffel-se-ilumina-de-rosa-para-el-octubre-rosa"},"modified":"2025-03-27T17:01:36","modified_gmt":"2025-03-27T16:01:36","slug":"la-torre-eiffel-se-ilumina-de-rosa-para-el-octubre-rosa","status":"publish","type":"post","link":"https:\/\/www.cafedelhomme.com\/es\/la-torre-eiffel-se-ilumina-de-rosa-para-el-octubre-rosa","title":{"rendered":"La Torre Eiffel se ilumina de rosa para el Octubre Rosa"},"content":{"rendered":"<div class=\"wpb-content-wrapper\"><p>[vc_row responsive_css=\u00bbpadding_top_large:40px|padding_bottom_large:80px\u00bb css=\u00bb.vc_custom_1686583072230{padding-top: 40px !important;padding-bottom: 40px !important;}\u00bb el_class=\u00bbmain_octobre-rose\u00bb][vc_column][vc_custom_heading text=\u00bbCon motivo del lanzamiento del &quot;Octubre Rosa&quot; 2020, la Torre Eiffel se iluminar\u00e1 de rosa a las 20.20 h del jueves 1 de octubre. Tambi\u00e9n habr\u00e1 un espect\u00e1culo pirot\u00e9cnico en la D\u00e1rsena del Trocadero. \u00bb][vc_column_text]Ven a admirar y fotografiar la Torre Eiffel desde la terraza del Caf\u00e9 de l&rsquo;Homme.<\/p>\n<p>La Asociaci\u00f3n <a href=\"http:\/\/www.cancerdusein.org\/association\/\">Ruban<\/a> Rose lucha contra el c\u00e1ncer de mama sensibilizando a la opini\u00f3n p\u00fablica mediante campa\u00f1as como Octubre Rosa.<br \/>\nEste evento es un fuerte mensaje de apoyo a las personas con c\u00e1ncer de mama, dando pleno sentido al lema \u00bbTodos unidos por un mismo color\u00bb.<\/p>\n<p>Disfruta de un momento \u00fanico en la terraza* del <a href=\"https:\/\/www.cafedelhomme.com\/es\/privatizar\">Caf\u00e9 de l&rsquo;<\/a>Homme, en primera fila frente a la Torre Eiffel.<\/p>\n<p>* Las mesas de la terraza est\u00e1n reservadas para las experiencias Diamante, Eiffel y Par\u00eds.[\/vc_column_text]<a href=\"https:\/\/www.cafedelhomme.com\/privatiser\/admirez-la-tour-eiffel-vetue-de-rose-depuis-le-cafe-de-lhomme\/#\" class=\"btn btn-naked btn_underline sr-res-root vc_custom_1686582743777\">\n\t<span>\n\t\t\n\t\t\t\t\t<span class=\"btn-txt\">R\u00e9server une exp\u00e9rience<\/span>\n\t\t\t\n\t\t\t\t<\/span>\n<\/a>\n[\/vc_column][\/vc_row]<\/p>\n<\/div>","protected":false},"excerpt":{"rendered":"<p>[vc_row responsive_css=\u00bbpadding_top_large:40px|padding_bottom_large:80px\u00bb css=\u00bb.vc_custom_1686583072230{padding-top: 40px !important;padding-bottom: 40px !important;}\u00bb el_class=\u00bbmain_octobre-rose\u00bb][vc_column][vc_custom_heading text=\u00bbCon motivo del lanzamiento del &quot;Octubre Rosa&quot; 2020, la Torre Eiffel se iluminar\u00e1 de rosa a las 20.20 h del jueves 1 de octubre. Tambi\u00e9n habr\u00e1 un espect\u00e1culo pirot\u00e9cnico en la D\u00e1rsena del Trocadero. \u00bb][vc_column_text]Ven a admirar&#8230;<\/p>\n","protected":false},"author":1,"featured_media":9963,"comment_status":"closed","ping_status":"open","sticky":false,"template":"","format":"standard","meta":{"_acf_changed":false,"footnotes":""},"categories":[158],"tags":[],"class_list":["post-10012","post","type-post","status-publish","format-standard","has-post-thumbnail","hentry","category-noticias-es"],"acf":[],"yoast_head":"<!-- This site is optimized with the Yoast SEO Premium plugin v20.10 (Yoast SEO v27.0) - https:\/\/yoast.com\/product\/yoast-seo-premium-wordpress\/ -->\n<title>La Torre Eiffel se ilumina de rosa para el Octubre Rosa - Caf\u00e9 de l&#039;Homme<\/title>\n<meta name=\"robots\" content=\"index, follow, max-snippet:-1, max-image-preview:large, max-video-preview:-1\" \/>\n<link rel=\"canonical\" href=\"https:\/\/www.cafedelhomme.com\/es\/la-torre-eiffel-se-ilumina-de-rosa-para-el-octubre-rosa\" \/>\n<meta property=\"og:locale\" content=\"es_ES\" \/>\n<meta property=\"og:type\" content=\"article\" \/>\n<meta property=\"og:title\" content=\"La Torre Eiffel se ilumina de rosa para el Octubre Rosa - Caf\u00e9 de l&#039;Homme\" \/>\n<meta property=\"og:description\" content=\"[vc_row responsive_css=\u00bbpadding_top_large:40px|padding_bottom_large:80px\u00bb css=\u00bb.vc_custom_1686583072230{padding-top: 40px !important;padding-bottom: 40px !important;}\u00bb el_class=\u00bbmain_octobre-rose\u00bb][vc_column][vc_custom_heading text=\u00bbCon motivo del lanzamiento del &quot;Octubre Rosa&quot; 2020, la Torre Eiffel se iluminar\u00e1 de rosa a las 20.20 h del jueves 1 de octubre. Tambi\u00e9n habr\u00e1 un espect\u00e1culo pirot\u00e9cnico en la D\u00e1rsena del Trocadero. \u00bb][vc_column_text]Ven a admirar...\" \/>\n<meta property=\"og:url\" content=\"https:\/\/www.cafedelhomme.com\/es\/la-torre-eiffel-se-ilumina-de-rosa-para-el-octubre-rosa\" \/>\n<meta property=\"og:site_name\" content=\"Caf\u00e9 de l&#039;Homme\" \/>\n<meta property=\"article:publisher\" content=\"https:\/\/www.facebook.com\/cafedelhomme\" \/>\n<meta property=\"article:published_time\" content=\"2020-10-01T13:11:04+00:00\" \/>\n<meta property=\"article:modified_time\" content=\"2025-03-27T16:01:36+00:00\" \/>\n<meta property=\"og:image\" content=\"https:\/\/www.cafedelhomme.com\/wp-content\/uploads\/2023\/06\/tour-Eiffel-Octobre-Rose-CDH.jpg\" \/>\n\t<meta property=\"og:image:width\" content=\"1303\" \/>\n\t<meta property=\"og:image:height\" content=\"727\" \/>\n\t<meta property=\"og:image:type\" content=\"image\/jpeg\" \/>\n<meta name=\"author\" content=\"Getup\" \/>\n<meta name=\"twitter:card\" content=\"summary_large_image\" \/>\n<meta name=\"twitter:label1\" content=\"Escrito por\" \/>\n\t<meta name=\"twitter:data1\" content=\"Getup\" \/>\n\t<meta name=\"twitter:label2\" content=\"Tiempo de lectura\" \/>\n\t<meta name=\"twitter:data2\" content=\"1 minuto\" \/>\n<script type=\"application\/ld+json\" class=\"yoast-schema-graph\">{\"@context\":\"https:\/\/schema.org\",\"@graph\":[{\"@type\":\"Article\",\"@id\":\"https:\/\/www.cafedelhomme.com\/es\/la-torre-eiffel-se-ilumina-de-rosa-para-el-octubre-rosa#article\",\"isPartOf\":{\"@id\":\"https:\/\/www.cafedelhomme.com\/es\/la-torre-eiffel-se-ilumina-de-rosa-para-el-octubre-rosa\"},\"author\":{\"name\":\"Getup\",\"@id\":\"https:\/\/www.cafedelhomme.com\/es#\/schema\/person\/55c660f885a3bf3b1d08ae502bd6850f\"},\"headline\":\"La Torre Eiffel se ilumina de rosa para el Octubre Rosa\",\"datePublished\":\"2020-10-01T13:11:04+00:00\",\"dateModified\":\"2025-03-27T16:01:36+00:00\",\"mainEntityOfPage\":{\"@id\":\"https:\/\/www.cafedelhomme.com\/es\/la-torre-eiffel-se-ilumina-de-rosa-para-el-octubre-rosa\"},\"wordCount\":228,\"publisher\":{\"@id\":\"https:\/\/www.cafedelhomme.com\/es#organization\"},\"image\":{\"@id\":\"https:\/\/www.cafedelhomme.com\/es\/la-torre-eiffel-se-ilumina-de-rosa-para-el-octubre-rosa#primaryimage\"},\"thumbnailUrl\":\"https:\/\/www.cafedelhomme.com\/wp-content\/uploads\/2023\/06\/tour-Eiffel-Octobre-Rose-CDH.jpg\",\"articleSection\":[\"Noticias\"],\"inLanguage\":\"es\"},{\"@type\":\"WebPage\",\"@id\":\"https:\/\/www.cafedelhomme.com\/es\/la-torre-eiffel-se-ilumina-de-rosa-para-el-octubre-rosa\",\"url\":\"https:\/\/www.cafedelhomme.com\/es\/la-torre-eiffel-se-ilumina-de-rosa-para-el-octubre-rosa\",\"name\":\"La Torre Eiffel se ilumina de rosa para el Octubre Rosa - Caf\u00e9 de l&#039;Homme\",\"isPartOf\":{\"@id\":\"https:\/\/www.cafedelhomme.com\/es#website\"},\"primaryImageOfPage\":{\"@id\":\"https:\/\/www.cafedelhomme.com\/es\/la-torre-eiffel-se-ilumina-de-rosa-para-el-octubre-rosa#primaryimage\"},\"image\":{\"@id\":\"https:\/\/www.cafedelhomme.com\/es\/la-torre-eiffel-se-ilumina-de-rosa-para-el-octubre-rosa#primaryimage\"},\"thumbnailUrl\":\"https:\/\/www.cafedelhomme.com\/wp-content\/uploads\/2023\/06\/tour-Eiffel-Octobre-Rose-CDH.jpg\",\"datePublished\":\"2020-10-01T13:11:04+00:00\",\"dateModified\":\"2025-03-27T16:01:36+00:00\",\"inLanguage\":\"es\",\"potentialAction\":[{\"@type\":\"ReadAction\",\"target\":[\"https:\/\/www.cafedelhomme.com\/es\/la-torre-eiffel-se-ilumina-de-rosa-para-el-octubre-rosa\"]}]},{\"@type\":\"ImageObject\",\"inLanguage\":\"es\",\"@id\":\"https:\/\/www.cafedelhomme.com\/es\/la-torre-eiffel-se-ilumina-de-rosa-para-el-octubre-rosa#primaryimage\",\"url\":\"https:\/\/www.cafedelhomme.com\/wp-content\/uploads\/2023\/06\/tour-Eiffel-Octobre-Rose-CDH.jpg\",\"contentUrl\":\"https:\/\/www.cafedelhomme.com\/wp-content\/uploads\/2023\/06\/tour-Eiffel-Octobre-Rose-CDH.jpg\",\"width\":1303,\"height\":727},{\"@type\":\"WebSite\",\"@id\":\"https:\/\/www.cafedelhomme.com\/es#website\",\"url\":\"https:\/\/www.cafedelhomme.com\/es\",\"name\":\"Caf\u00e9 de l'Homme\",\"description\":\"\",\"publisher\":{\"@id\":\"https:\/\/www.cafedelhomme.com\/es#organization\"},\"potentialAction\":[{\"@type\":\"SearchAction\",\"target\":{\"@type\":\"EntryPoint\",\"urlTemplate\":\"https:\/\/www.cafedelhomme.com\/es?s={search_term_string}\"},\"query-input\":{\"@type\":\"PropertyValueSpecification\",\"valueRequired\":true,\"valueName\":\"search_term_string\"}}],\"inLanguage\":\"es\"},{\"@type\":\"Organization\",\"@id\":\"https:\/\/www.cafedelhomme.com\/es#organization\",\"name\":\"Caf\u00e9 del Hombre\",\"url\":\"https:\/\/www.cafedelhomme.com\/es\",\"logo\":{\"@type\":\"ImageObject\",\"inLanguage\":\"es\",\"@id\":\"https:\/\/www.cafedelhomme.com\/es#\/schema\/logo\/image\/\",\"url\":\"https:\/\/www.cafedelhomme.com\/wp-content\/uploads\/2023\/04\/big-logo-300x163-1.png\",\"contentUrl\":\"https:\/\/www.cafedelhomme.com\/wp-content\/uploads\/2023\/04\/big-logo-300x163-1.png\",\"width\":300,\"height\":163,\"caption\":\"Caf\u00e9 del Hombre\"},\"image\":{\"@id\":\"https:\/\/www.cafedelhomme.com\/es#\/schema\/logo\/image\/\"},\"sameAs\":[\"https:\/\/www.facebook.com\/cafedelhomme\",\"https:\/\/www.instagram.com\/cafedelhomme\/\"]},{\"@type\":\"Person\",\"@id\":\"https:\/\/www.cafedelhomme.com\/es#\/schema\/person\/55c660f885a3bf3b1d08ae502bd6850f\",\"name\":\"Getup\",\"image\":{\"@type\":\"ImageObject\",\"inLanguage\":\"es\",\"@id\":\"https:\/\/www.cafedelhomme.com\/es#\/schema\/person\/image\/\",\"url\":\"https:\/\/secure.gravatar.com\/avatar\/5e19627732ce1f7366d35b250158e58668ab387bcef3219ee7bba031ec656192?s=96&d=mm&r=g\",\"contentUrl\":\"https:\/\/secure.gravatar.com\/avatar\/5e19627732ce1f7366d35b250158e58668ab387bcef3219ee7bba031ec656192?s=96&d=mm&r=g\",\"caption\":\"Getup\"},\"sameAs\":[\"https:\/\/www.cafedelhomme.com\"]}]}<\/script>\n<!-- \/ Yoast SEO Premium plugin. -->","yoast_head_json":{"title":"La Torre Eiffel se ilumina de rosa para el Octubre Rosa - Caf\u00e9 de l&#039;Homme","robots":{"index":"index","follow":"follow","max-snippet":"max-snippet:-1","max-image-preview":"max-image-preview:large","max-video-preview":"max-video-preview:-1"},"canonical":"https:\/\/www.cafedelhomme.com\/es\/la-torre-eiffel-se-ilumina-de-rosa-para-el-octubre-rosa","og_locale":"es_ES","og_type":"article","og_title":"La Torre Eiffel se ilumina de rosa para el Octubre Rosa - Caf\u00e9 de l&#039;Homme","og_description":"[vc_row responsive_css=\u00bbpadding_top_large:40px|padding_bottom_large:80px\u00bb css=\u00bb.vc_custom_1686583072230{padding-top: 40px !important;padding-bottom: 40px !important;}\u00bb el_class=\u00bbmain_octobre-rose\u00bb][vc_column][vc_custom_heading text=\u00bbCon motivo del lanzamiento del &quot;Octubre Rosa&quot; 2020, la Torre Eiffel se iluminar\u00e1 de rosa a las 20.20 h del jueves 1 de octubre. Tambi\u00e9n habr\u00e1 un espect\u00e1culo pirot\u00e9cnico en la D\u00e1rsena del Trocadero. \u00bb][vc_column_text]Ven a admirar...","og_url":"https:\/\/www.cafedelhomme.com\/es\/la-torre-eiffel-se-ilumina-de-rosa-para-el-octubre-rosa","og_site_name":"Caf\u00e9 de l&#039;Homme","article_publisher":"https:\/\/www.facebook.com\/cafedelhomme","article_published_time":"2020-10-01T13:11:04+00:00","article_modified_time":"2025-03-27T16:01:36+00:00","og_image":[{"width":1303,"height":727,"url":"https:\/\/www.cafedelhomme.com\/wp-content\/uploads\/2023\/06\/tour-Eiffel-Octobre-Rose-CDH.jpg","type":"image\/jpeg"}],"author":"Getup","twitter_card":"summary_large_image","twitter_misc":{"Escrito por":"Getup","Tiempo de lectura":"1 minuto"},"schema":{"@context":"https:\/\/schema.org","@graph":[{"@type":"Article","@id":"https:\/\/www.cafedelhomme.com\/es\/la-torre-eiffel-se-ilumina-de-rosa-para-el-octubre-rosa#article","isPartOf":{"@id":"https:\/\/www.cafedelhomme.com\/es\/la-torre-eiffel-se-ilumina-de-rosa-para-el-octubre-rosa"},"author":{"name":"Getup","@id":"https:\/\/www.cafedelhomme.com\/es#\/schema\/person\/55c660f885a3bf3b1d08ae502bd6850f"},"headline":"La Torre Eiffel se ilumina de rosa para el Octubre Rosa","datePublished":"2020-10-01T13:11:04+00:00","dateModified":"2025-03-27T16:01:36+00:00","mainEntityOfPage":{"@id":"https:\/\/www.cafedelhomme.com\/es\/la-torre-eiffel-se-ilumina-de-rosa-para-el-octubre-rosa"},"wordCount":228,"publisher":{"@id":"https:\/\/www.cafedelhomme.com\/es#organization"},"image":{"@id":"https:\/\/www.cafedelhomme.com\/es\/la-torre-eiffel-se-ilumina-de-rosa-para-el-octubre-rosa#primaryimage"},"thumbnailUrl":"https:\/\/www.cafedelhomme.com\/wp-content\/uploads\/2023\/06\/tour-Eiffel-Octobre-Rose-CDH.jpg","articleSection":["Noticias"],"inLanguage":"es"},{"@type":"WebPage","@id":"https:\/\/www.cafedelhomme.com\/es\/la-torre-eiffel-se-ilumina-de-rosa-para-el-octubre-rosa","url":"https:\/\/www.cafedelhomme.com\/es\/la-torre-eiffel-se-ilumina-de-rosa-para-el-octubre-rosa","name":"La Torre Eiffel se ilumina de rosa para el Octubre Rosa - Caf\u00e9 de l&#039;Homme","isPartOf":{"@id":"https:\/\/www.cafedelhomme.com\/es#website"},"primaryImageOfPage":{"@id":"https:\/\/www.cafedelhomme.com\/es\/la-torre-eiffel-se-ilumina-de-rosa-para-el-octubre-rosa#primaryimage"},"image":{"@id":"https:\/\/www.cafedelhomme.com\/es\/la-torre-eiffel-se-ilumina-de-rosa-para-el-octubre-rosa#primaryimage"},"thumbnailUrl":"https:\/\/www.cafedelhomme.com\/wp-content\/uploads\/2023\/06\/tour-Eiffel-Octobre-Rose-CDH.jpg","datePublished":"2020-10-01T13:11:04+00:00","dateModified":"2025-03-27T16:01:36+00:00","inLanguage":"es","potentialAction":[{"@type":"ReadAction","target":["https:\/\/www.cafedelhomme.com\/es\/la-torre-eiffel-se-ilumina-de-rosa-para-el-octubre-rosa"]}]},{"@type":"ImageObject","inLanguage":"es","@id":"https:\/\/www.cafedelhomme.com\/es\/la-torre-eiffel-se-ilumina-de-rosa-para-el-octubre-rosa#primaryimage","url":"https:\/\/www.cafedelhomme.com\/wp-content\/uploads\/2023\/06\/tour-Eiffel-Octobre-Rose-CDH.jpg","contentUrl":"https:\/\/www.cafedelhomme.com\/wp-content\/uploads\/2023\/06\/tour-Eiffel-Octobre-Rose-CDH.jpg","width":1303,"height":727},{"@type":"WebSite","@id":"https:\/\/www.cafedelhomme.com\/es#website","url":"https:\/\/www.cafedelhomme.com\/es","name":"Caf\u00e9 de l'Homme","description":"","publisher":{"@id":"https:\/\/www.cafedelhomme.com\/es#organization"},"potentialAction":[{"@type":"SearchAction","target":{"@type":"EntryPoint","urlTemplate":"https:\/\/www.cafedelhomme.com\/es?s={search_term_string}"},"query-input":{"@type":"PropertyValueSpecification","valueRequired":true,"valueName":"search_term_string"}}],"inLanguage":"es"},{"@type":"Organization","@id":"https:\/\/www.cafedelhomme.com\/es#organization","name":"Caf\u00e9 del Hombre","url":"https:\/\/www.cafedelhomme.com\/es","logo":{"@type":"ImageObject","inLanguage":"es","@id":"https:\/\/www.cafedelhomme.com\/es#\/schema\/logo\/image\/","url":"https:\/\/www.cafedelhomme.com\/wp-content\/uploads\/2023\/04\/big-logo-300x163-1.png","contentUrl":"https:\/\/www.cafedelhomme.com\/wp-content\/uploads\/2023\/04\/big-logo-300x163-1.png","width":300,"height":163,"caption":"Caf\u00e9 del Hombre"},"image":{"@id":"https:\/\/www.cafedelhomme.com\/es#\/schema\/logo\/image\/"},"sameAs":["https:\/\/www.facebook.com\/cafedelhomme","https:\/\/www.instagram.com\/cafedelhomme\/"]},{"@type":"Person","@id":"https:\/\/www.cafedelhomme.com\/es#\/schema\/person\/55c660f885a3bf3b1d08ae502bd6850f","name":"Getup","image":{"@type":"ImageObject","inLanguage":"es","@id":"https:\/\/www.cafedelhomme.com\/es#\/schema\/person\/image\/","url":"https:\/\/secure.gravatar.com\/avatar\/5e19627732ce1f7366d35b250158e58668ab387bcef3219ee7bba031ec656192?s=96&d=mm&r=g","contentUrl":"https:\/\/secure.gravatar.com\/avatar\/5e19627732ce1f7366d35b250158e58668ab387bcef3219ee7bba031ec656192?s=96&d=mm&r=g","caption":"Getup"},"sameAs":["https:\/\/www.cafedelhomme.com"]}]}},"_links":{"self":[{"href":"https:\/\/www.cafedelhomme.com\/es\/wp-json\/wp\/v2\/posts\/10012","targetHints":{"allow":["GET"]}}],"collection":[{"href":"https:\/\/www.cafedelhomme.com\/es\/wp-json\/wp\/v2\/posts"}],"about":[{"href":"https:\/\/www.cafedelhomme.com\/es\/wp-json\/wp\/v2\/types\/post"}],"author":[{"embeddable":true,"href":"https:\/\/www.cafedelhomme.com\/es\/wp-json\/wp\/v2\/users\/1"}],"replies":[{"embeddable":true,"href":"https:\/\/www.cafedelhomme.com\/es\/wp-json\/wp\/v2\/comments?post=10012"}],"version-history":[{"count":2,"href":"https:\/\/www.cafedelhomme.com\/es\/wp-json\/wp\/v2\/posts\/10012\/revisions"}],"predecessor-version":[{"id":10017,"href":"https:\/\/www.cafedelhomme.com\/es\/wp-json\/wp\/v2\/posts\/10012\/revisions\/10017"}],"wp:featuredmedia":[{"embeddable":true,"href":"https:\/\/www.cafedelhomme.com\/es\/wp-json\/wp\/v2\/media\/9963"}],"wp:attachment":[{"href":"https:\/\/www.cafedelhomme.com\/es\/wp-json\/wp\/v2\/media?parent=10012"}],"wp:term":[{"taxonomy":"category","embeddable":true,"href":"https:\/\/www.cafedelhomme.com\/es\/wp-json\/wp\/v2\/categories?post=10012"},{"taxonomy":"post_tag","embeddable":true,"href":"https:\/\/www.cafedelhomme.com\/es\/wp-json\/wp\/v2\/tags?post=10012"}],"curies":[{"name":"wp","href":"https:\/\/api.w.org\/{rel}","templated":true}]}}