{"id":10052,"date":"2021-07-05T17:11:05","date_gmt":"2021-07-05T15:11:05","guid":{"rendered":"https:\/\/www.cafedelhomme.com\/el-espectaculo-de-fuegos-artificiales-en-la-torre-eiffel-vuelve-el-miercoles-14-de-julio-de-2021"},"modified":"2025-03-27T17:01:45","modified_gmt":"2025-03-27T16:01:45","slug":"el-espectaculo-de-fuegos-artificiales-en-la-torre-eiffel-vuelve-el-miercoles-14-de-julio-de-2021","status":"publish","type":"post","link":"https:\/\/www.cafedelhomme.com\/es\/el-espectaculo-de-fuegos-artificiales-en-la-torre-eiffel-vuelve-el-miercoles-14-de-julio-de-2021","title":{"rendered":"El espect\u00e1culo de fuegos artificiales en la Torre Eiffel vuelve el mi\u00e9rcoles 14 de julio de 2021"},"content":{"rendered":"<div class=\"wpb-content-wrapper\"><p>[vc_row el_id=\u00bbcontenido-texto\u00bb responsive_css=\u00bbmargin_top_large:160px|margin_bottom_large:160px\u00bb][vc_column][vc_column_text]<\/p>\n<div class=\"fusion-fullwidth fullwidth-box fusion-builder-row-1 nonhundred-percent-fullwidth non-hundred-percent-height-scrolling\">\n<div class=\"fusion-builder-row fusion-row\">\n<div class=\"fusion-layout-column fusion_builder_column fusion-builder-column-0 fusion_builder_column_1_1 1_1 fusion-one-full fusion-column-first fusion-column-last\">\n<div class=\"fusion-column-wrapper fusion-flex-column-wrapper-legacy\">\n<div class=\"fusion-text fusion-text-1\">\n<p>Como manda la tradici\u00f3n, cada a\u00f1o <strong>Par\u00eds<\/strong> celebra dignamente <strong>sus d\u00edas festivos<\/strong>, y el Caf\u00e9 de l&rsquo;Homme te ofrece la posibilidad de asistir al evento en exclusiva en su terraza <strong>frente a la Torre Eiffel.<\/strong><\/p>\n<p>Este a\u00f1o, el espect\u00e1culo de fuegos artificiales tendr\u00e1 como tema <strong>la Libertad<\/strong>, \u00a1para nuestro deleite!<\/p>\n<p>Para poner una sonrisa en tu cara, para deleitar tus ojos, para encender tus pasiones, vamos a hacer que las estrellas bailen en el <strong>cielo de Par\u00eds<\/strong>.<\/p>\n<p>Esta suntuosa <strong>celebraci\u00f3n<\/strong> dejar\u00e1 una impresi\u00f3n duradera.<\/p>\n<\/div>\n<div class=\"fusion-clearfix\"><\/div>\n<\/div>\n<\/div>\n<\/div>\n<\/div>\n<div class=\"fusion-fullwidth fullwidth-box fusion-builder-row-2 nonhundred-percent-fullwidth non-hundred-percent-height-scrolling\">\n<div class=\"fusion-builder-row fusion-row\">\n<div class=\"fusion-layout-column fusion_builder_column fusion-builder-column-1 fusion_builder_column_1_1 1_1 fusion-one-full fusion-column-first fusion-column-last\">\n<div class=\"fusion-column-wrapper fusion-flex-column-wrapper-legacy\">\n<div class=\"fusion-title title fusion-title-2 fusion-sep-none fusion-title-text fusion-title-size-four privatisez-section-title fusion-border-below-title\">\n<h4 class=\"title-heading-left fusion-responsive-typography-calculated\" data-fontsize=\"28\" data-lineheight=\"38.08px\">Condiciones generales de privatizaci\u00f3n<\/h4>\n<\/div>\n<div class=\"fusion-text fusion-text-2\">\n<p>Como el protocolo a\u00fan no ha sido confirmado por la Prefectura de Polic\u00eda, <strong>Caf\u00e9 de l&rsquo;Homme<\/strong> propone la siguiente oferta:<\/p>\n<ul>\n<li>El <strong>contrato de alquiler total<\/strong> del Caf\u00e9 de l&rsquo;Homme se firmar\u00e1 con un \u00fanico cliente: un particular o una empresa. El n\u00famero de hu\u00e9spedes oscilar\u00e1 entre <strong>2 y un m\u00e1ximo de 120<\/strong>.<\/li>\n<li>Las <strong>condiciones financieras<\/strong> deben acordarse con la Direcci\u00f3n General.<\/li>\n<li>El Caf\u00e9 de l&rsquo;Homme <strong>no <\/strong>acepta <strong>reservas individuales.<\/strong><\/li>\n<li>El <strong>contrato<\/strong> estar\u00e1 sujeto a que la <strong>Prefectura de Polic\u00eda de Par\u00eds<\/strong> obtenga el acceso al <strong>Palacio de Chaillot<\/strong> en el marco del protocolo de <strong>la Alcald\u00eda de Par\u00eds<\/strong>.<\/li>\n<li>Se crear\u00e1 una <strong>lista de espera<\/strong> de primera, segunda y tercera opci\u00f3n para dar cabida a <strong>los clientes<\/strong> interesados.<\/li>\n<li>En cuanto la Prefectura de Polic\u00eda <strong>lo confirme<\/strong>, se <strong>contactar\u00e1 con<\/strong> los clientes potenciales <strong>para cerrar el contrato.<\/strong><\/li>\n<\/ul>\n<\/div>\n<\/div>\n<\/div>\n<\/div>\n<\/div>\n<p>[\/vc_column_text][\/vc_column][\/vc_row]<\/p>\n<\/div>","protected":false},"excerpt":{"rendered":"<p>[vc_row el_id=\u00bbcontenido-texto\u00bb responsive_css=\u00bbmargin_top_large:160px|margin_bottom_large:160px\u00bb][vc_column][vc_column_text] Como manda la tradici\u00f3n, cada a\u00f1o Par\u00eds celebra dignamente sus d\u00edas festivos, y el Caf\u00e9 de l&rsquo;Homme te ofrece la posibilidad de asistir al evento en exclusiva en su terraza frente a la Torre Eiffel. Este a\u00f1o, el espect\u00e1culo de fuegos artificiales&#8230;<\/p>\n","protected":false},"author":1,"featured_media":10055,"comment_status":"closed","ping_status":"open","sticky":false,"template":"","format":"standard","meta":{"_acf_changed":false,"footnotes":""},"categories":[164,158],"tags":[],"class_list":["post-10052","post","type-post","status-publish","format-standard","has-post-thumbnail","hentry","category-historia-es","category-noticias-es"],"acf":[],"yoast_head":"<!-- This site is optimized with the Yoast SEO Premium plugin v20.10 (Yoast SEO v27.0) - https:\/\/yoast.com\/product\/yoast-seo-premium-wordpress\/ -->\n<title>El espect\u00e1culo de fuegos artificiales en la Torre Eiffel vuelve el mi\u00e9rcoles 14 de julio de 2021 - Caf\u00e9 de l&#039;Homme<\/title>\n<meta name=\"robots\" content=\"index, follow, max-snippet:-1, max-image-preview:large, max-video-preview:-1\" \/>\n<link rel=\"canonical\" href=\"https:\/\/www.cafedelhomme.com\/es\/el-espectaculo-de-fuegos-artificiales-en-la-torre-eiffel-vuelve-el-miercoles-14-de-julio-de-2021\" \/>\n<meta property=\"og:locale\" content=\"es_ES\" \/>\n<meta property=\"og:type\" content=\"article\" \/>\n<meta property=\"og:title\" content=\"El espect\u00e1culo de fuegos artificiales en la Torre Eiffel vuelve el mi\u00e9rcoles 14 de julio de 2021 - Caf\u00e9 de l&#039;Homme\" \/>\n<meta property=\"og:description\" content=\"[vc_row el_id=\u00bbcontenido-texto\u00bb responsive_css=\u00bbmargin_top_large:160px|margin_bottom_large:160px\u00bb][vc_column][vc_column_text] Como manda la tradici\u00f3n, cada a\u00f1o Par\u00eds celebra dignamente sus d\u00edas festivos, y el Caf\u00e9 de l&rsquo;Homme te ofrece la posibilidad de asistir al evento en exclusiva en su terraza frente a la Torre Eiffel. Este a\u00f1o, el espect\u00e1culo de fuegos artificiales...\" \/>\n<meta property=\"og:url\" content=\"https:\/\/www.cafedelhomme.com\/es\/el-espectaculo-de-fuegos-artificiales-en-la-torre-eiffel-vuelve-el-miercoles-14-de-julio-de-2021\" \/>\n<meta property=\"og:site_name\" content=\"Caf\u00e9 de l&#039;Homme\" \/>\n<meta property=\"article:publisher\" content=\"https:\/\/www.facebook.com\/cafedelhomme\" \/>\n<meta property=\"article:published_time\" content=\"2021-07-05T15:11:05+00:00\" \/>\n<meta property=\"article:modified_time\" content=\"2025-03-27T16:01:45+00:00\" \/>\n<meta property=\"og:image\" content=\"https:\/\/www.cafedelhomme.com\/wp-content\/uploads\/2023\/05\/actu8.jpeg\" \/>\n\t<meta property=\"og:image:width\" content=\"1200\" \/>\n\t<meta property=\"og:image:height\" content=\"675\" \/>\n\t<meta property=\"og:image:type\" content=\"image\/jpeg\" \/>\n<meta name=\"author\" content=\"Getup\" \/>\n<meta name=\"twitter:card\" content=\"summary_large_image\" \/>\n<meta name=\"twitter:label1\" content=\"Escrito por\" \/>\n\t<meta name=\"twitter:data1\" content=\"Getup\" \/>\n\t<meta name=\"twitter:label2\" content=\"Tiempo de lectura\" \/>\n\t<meta name=\"twitter:data2\" content=\"1 minuto\" \/>\n<script type=\"application\/ld+json\" class=\"yoast-schema-graph\">{\"@context\":\"https:\/\/schema.org\",\"@graph\":[{\"@type\":\"Article\",\"@id\":\"https:\/\/www.cafedelhomme.com\/es\/el-espectaculo-de-fuegos-artificiales-en-la-torre-eiffel-vuelve-el-miercoles-14-de-julio-de-2021#article\",\"isPartOf\":{\"@id\":\"https:\/\/www.cafedelhomme.com\/es\/el-espectaculo-de-fuegos-artificiales-en-la-torre-eiffel-vuelve-el-miercoles-14-de-julio-de-2021\"},\"author\":{\"name\":\"Getup\",\"@id\":\"https:\/\/www.cafedelhomme.com\/es#\/schema\/person\/55c660f885a3bf3b1d08ae502bd6850f\"},\"headline\":\"El espect\u00e1culo de fuegos artificiales en la Torre Eiffel vuelve el mi\u00e9rcoles 14 de julio de 2021\",\"datePublished\":\"2021-07-05T15:11:05+00:00\",\"dateModified\":\"2025-03-27T16:01:45+00:00\",\"mainEntityOfPage\":{\"@id\":\"https:\/\/www.cafedelhomme.com\/es\/el-espectaculo-de-fuegos-artificiales-en-la-torre-eiffel-vuelve-el-miercoles-14-de-julio-de-2021\"},\"wordCount\":291,\"publisher\":{\"@id\":\"https:\/\/www.cafedelhomme.com\/es#organization\"},\"image\":{\"@id\":\"https:\/\/www.cafedelhomme.com\/es\/el-espectaculo-de-fuegos-artificiales-en-la-torre-eiffel-vuelve-el-miercoles-14-de-julio-de-2021#primaryimage\"},\"thumbnailUrl\":\"https:\/\/www.cafedelhomme.com\/wp-content\/uploads\/2023\/05\/actu8.jpeg\",\"articleSection\":[\"Historia\",\"Noticias\"],\"inLanguage\":\"es\"},{\"@type\":\"WebPage\",\"@id\":\"https:\/\/www.cafedelhomme.com\/es\/el-espectaculo-de-fuegos-artificiales-en-la-torre-eiffel-vuelve-el-miercoles-14-de-julio-de-2021\",\"url\":\"https:\/\/www.cafedelhomme.com\/es\/el-espectaculo-de-fuegos-artificiales-en-la-torre-eiffel-vuelve-el-miercoles-14-de-julio-de-2021\",\"name\":\"El espect\u00e1culo de fuegos artificiales en la Torre Eiffel vuelve el mi\u00e9rcoles 14 de julio de 2021 - Caf\u00e9 de l&#039;Homme\",\"isPartOf\":{\"@id\":\"https:\/\/www.cafedelhomme.com\/es#website\"},\"primaryImageOfPage\":{\"@id\":\"https:\/\/www.cafedelhomme.com\/es\/el-espectaculo-de-fuegos-artificiales-en-la-torre-eiffel-vuelve-el-miercoles-14-de-julio-de-2021#primaryimage\"},\"image\":{\"@id\":\"https:\/\/www.cafedelhomme.com\/es\/el-espectaculo-de-fuegos-artificiales-en-la-torre-eiffel-vuelve-el-miercoles-14-de-julio-de-2021#primaryimage\"},\"thumbnailUrl\":\"https:\/\/www.cafedelhomme.com\/wp-content\/uploads\/2023\/05\/actu8.jpeg\",\"datePublished\":\"2021-07-05T15:11:05+00:00\",\"dateModified\":\"2025-03-27T16:01:45+00:00\",\"inLanguage\":\"es\",\"potentialAction\":[{\"@type\":\"ReadAction\",\"target\":[\"https:\/\/www.cafedelhomme.com\/es\/el-espectaculo-de-fuegos-artificiales-en-la-torre-eiffel-vuelve-el-miercoles-14-de-julio-de-2021\"]}]},{\"@type\":\"ImageObject\",\"inLanguage\":\"es\",\"@id\":\"https:\/\/www.cafedelhomme.com\/es\/el-espectaculo-de-fuegos-artificiales-en-la-torre-eiffel-vuelve-el-miercoles-14-de-julio-de-2021#primaryimage\",\"url\":\"https:\/\/www.cafedelhomme.com\/wp-content\/uploads\/2023\/05\/actu8.jpeg\",\"contentUrl\":\"https:\/\/www.cafedelhomme.com\/wp-content\/uploads\/2023\/05\/actu8.jpeg\",\"width\":1200,\"height\":675},{\"@type\":\"WebSite\",\"@id\":\"https:\/\/www.cafedelhomme.com\/es#website\",\"url\":\"https:\/\/www.cafedelhomme.com\/es\",\"name\":\"Caf\u00e9 de l'Homme\",\"description\":\"\",\"publisher\":{\"@id\":\"https:\/\/www.cafedelhomme.com\/es#organization\"},\"potentialAction\":[{\"@type\":\"SearchAction\",\"target\":{\"@type\":\"EntryPoint\",\"urlTemplate\":\"https:\/\/www.cafedelhomme.com\/es?s={search_term_string}\"},\"query-input\":{\"@type\":\"PropertyValueSpecification\",\"valueRequired\":true,\"valueName\":\"search_term_string\"}}],\"inLanguage\":\"es\"},{\"@type\":\"Organization\",\"@id\":\"https:\/\/www.cafedelhomme.com\/es#organization\",\"name\":\"Caf\u00e9 del Hombre\",\"url\":\"https:\/\/www.cafedelhomme.com\/es\",\"logo\":{\"@type\":\"ImageObject\",\"inLanguage\":\"es\",\"@id\":\"https:\/\/www.cafedelhomme.com\/es#\/schema\/logo\/image\/\",\"url\":\"https:\/\/www.cafedelhomme.com\/wp-content\/uploads\/2023\/04\/big-logo-300x163-1.png\",\"contentUrl\":\"https:\/\/www.cafedelhomme.com\/wp-content\/uploads\/2023\/04\/big-logo-300x163-1.png\",\"width\":300,\"height\":163,\"caption\":\"Caf\u00e9 del Hombre\"},\"image\":{\"@id\":\"https:\/\/www.cafedelhomme.com\/es#\/schema\/logo\/image\/\"},\"sameAs\":[\"https:\/\/www.facebook.com\/cafedelhomme\",\"https:\/\/www.instagram.com\/cafedelhomme\/\"]},{\"@type\":\"Person\",\"@id\":\"https:\/\/www.cafedelhomme.com\/es#\/schema\/person\/55c660f885a3bf3b1d08ae502bd6850f\",\"name\":\"Getup\",\"image\":{\"@type\":\"ImageObject\",\"inLanguage\":\"es\",\"@id\":\"https:\/\/www.cafedelhomme.com\/es#\/schema\/person\/image\/\",\"url\":\"https:\/\/secure.gravatar.com\/avatar\/5e19627732ce1f7366d35b250158e58668ab387bcef3219ee7bba031ec656192?s=96&d=mm&r=g\",\"contentUrl\":\"https:\/\/secure.gravatar.com\/avatar\/5e19627732ce1f7366d35b250158e58668ab387bcef3219ee7bba031ec656192?s=96&d=mm&r=g\",\"caption\":\"Getup\"},\"sameAs\":[\"https:\/\/www.cafedelhomme.com\"]}]}<\/script>\n<!-- \/ Yoast SEO Premium plugin. -->","yoast_head_json":{"title":"El espect\u00e1culo de fuegos artificiales en la Torre Eiffel vuelve el mi\u00e9rcoles 14 de julio de 2021 - Caf\u00e9 de l&#039;Homme","robots":{"index":"index","follow":"follow","max-snippet":"max-snippet:-1","max-image-preview":"max-image-preview:large","max-video-preview":"max-video-preview:-1"},"canonical":"https:\/\/www.cafedelhomme.com\/es\/el-espectaculo-de-fuegos-artificiales-en-la-torre-eiffel-vuelve-el-miercoles-14-de-julio-de-2021","og_locale":"es_ES","og_type":"article","og_title":"El espect\u00e1culo de fuegos artificiales en la Torre Eiffel vuelve el mi\u00e9rcoles 14 de julio de 2021 - Caf\u00e9 de l&#039;Homme","og_description":"[vc_row el_id=\u00bbcontenido-texto\u00bb responsive_css=\u00bbmargin_top_large:160px|margin_bottom_large:160px\u00bb][vc_column][vc_column_text] Como manda la tradici\u00f3n, cada a\u00f1o Par\u00eds celebra dignamente sus d\u00edas festivos, y el Caf\u00e9 de l&rsquo;Homme te ofrece la posibilidad de asistir al evento en exclusiva en su terraza frente a la Torre Eiffel. Este a\u00f1o, el espect\u00e1culo de fuegos artificiales...","og_url":"https:\/\/www.cafedelhomme.com\/es\/el-espectaculo-de-fuegos-artificiales-en-la-torre-eiffel-vuelve-el-miercoles-14-de-julio-de-2021","og_site_name":"Caf\u00e9 de l&#039;Homme","article_publisher":"https:\/\/www.facebook.com\/cafedelhomme","article_published_time":"2021-07-05T15:11:05+00:00","article_modified_time":"2025-03-27T16:01:45+00:00","og_image":[{"width":1200,"height":675,"url":"https:\/\/www.cafedelhomme.com\/wp-content\/uploads\/2023\/05\/actu8.jpeg","type":"image\/jpeg"}],"author":"Getup","twitter_card":"summary_large_image","twitter_misc":{"Escrito por":"Getup","Tiempo de lectura":"1 minuto"},"schema":{"@context":"https:\/\/schema.org","@graph":[{"@type":"Article","@id":"https:\/\/www.cafedelhomme.com\/es\/el-espectaculo-de-fuegos-artificiales-en-la-torre-eiffel-vuelve-el-miercoles-14-de-julio-de-2021#article","isPartOf":{"@id":"https:\/\/www.cafedelhomme.com\/es\/el-espectaculo-de-fuegos-artificiales-en-la-torre-eiffel-vuelve-el-miercoles-14-de-julio-de-2021"},"author":{"name":"Getup","@id":"https:\/\/www.cafedelhomme.com\/es#\/schema\/person\/55c660f885a3bf3b1d08ae502bd6850f"},"headline":"El espect\u00e1culo de fuegos artificiales en la Torre Eiffel vuelve el mi\u00e9rcoles 14 de julio de 2021","datePublished":"2021-07-05T15:11:05+00:00","dateModified":"2025-03-27T16:01:45+00:00","mainEntityOfPage":{"@id":"https:\/\/www.cafedelhomme.com\/es\/el-espectaculo-de-fuegos-artificiales-en-la-torre-eiffel-vuelve-el-miercoles-14-de-julio-de-2021"},"wordCount":291,"publisher":{"@id":"https:\/\/www.cafedelhomme.com\/es#organization"},"image":{"@id":"https:\/\/www.cafedelhomme.com\/es\/el-espectaculo-de-fuegos-artificiales-en-la-torre-eiffel-vuelve-el-miercoles-14-de-julio-de-2021#primaryimage"},"thumbnailUrl":"https:\/\/www.cafedelhomme.com\/wp-content\/uploads\/2023\/05\/actu8.jpeg","articleSection":["Historia","Noticias"],"inLanguage":"es"},{"@type":"WebPage","@id":"https:\/\/www.cafedelhomme.com\/es\/el-espectaculo-de-fuegos-artificiales-en-la-torre-eiffel-vuelve-el-miercoles-14-de-julio-de-2021","url":"https:\/\/www.cafedelhomme.com\/es\/el-espectaculo-de-fuegos-artificiales-en-la-torre-eiffel-vuelve-el-miercoles-14-de-julio-de-2021","name":"El espect\u00e1culo de fuegos artificiales en la Torre Eiffel vuelve el mi\u00e9rcoles 14 de julio de 2021 - Caf\u00e9 de l&#039;Homme","isPartOf":{"@id":"https:\/\/www.cafedelhomme.com\/es#website"},"primaryImageOfPage":{"@id":"https:\/\/www.cafedelhomme.com\/es\/el-espectaculo-de-fuegos-artificiales-en-la-torre-eiffel-vuelve-el-miercoles-14-de-julio-de-2021#primaryimage"},"image":{"@id":"https:\/\/www.cafedelhomme.com\/es\/el-espectaculo-de-fuegos-artificiales-en-la-torre-eiffel-vuelve-el-miercoles-14-de-julio-de-2021#primaryimage"},"thumbnailUrl":"https:\/\/www.cafedelhomme.com\/wp-content\/uploads\/2023\/05\/actu8.jpeg","datePublished":"2021-07-05T15:11:05+00:00","dateModified":"2025-03-27T16:01:45+00:00","inLanguage":"es","potentialAction":[{"@type":"ReadAction","target":["https:\/\/www.cafedelhomme.com\/es\/el-espectaculo-de-fuegos-artificiales-en-la-torre-eiffel-vuelve-el-miercoles-14-de-julio-de-2021"]}]},{"@type":"ImageObject","inLanguage":"es","@id":"https:\/\/www.cafedelhomme.com\/es\/el-espectaculo-de-fuegos-artificiales-en-la-torre-eiffel-vuelve-el-miercoles-14-de-julio-de-2021#primaryimage","url":"https:\/\/www.cafedelhomme.com\/wp-content\/uploads\/2023\/05\/actu8.jpeg","contentUrl":"https:\/\/www.cafedelhomme.com\/wp-content\/uploads\/2023\/05\/actu8.jpeg","width":1200,"height":675},{"@type":"WebSite","@id":"https:\/\/www.cafedelhomme.com\/es#website","url":"https:\/\/www.cafedelhomme.com\/es","name":"Caf\u00e9 de l'Homme","description":"","publisher":{"@id":"https:\/\/www.cafedelhomme.com\/es#organization"},"potentialAction":[{"@type":"SearchAction","target":{"@type":"EntryPoint","urlTemplate":"https:\/\/www.cafedelhomme.com\/es?s={search_term_string}"},"query-input":{"@type":"PropertyValueSpecification","valueRequired":true,"valueName":"search_term_string"}}],"inLanguage":"es"},{"@type":"Organization","@id":"https:\/\/www.cafedelhomme.com\/es#organization","name":"Caf\u00e9 del Hombre","url":"https:\/\/www.cafedelhomme.com\/es","logo":{"@type":"ImageObject","inLanguage":"es","@id":"https:\/\/www.cafedelhomme.com\/es#\/schema\/logo\/image\/","url":"https:\/\/www.cafedelhomme.com\/wp-content\/uploads\/2023\/04\/big-logo-300x163-1.png","contentUrl":"https:\/\/www.cafedelhomme.com\/wp-content\/uploads\/2023\/04\/big-logo-300x163-1.png","width":300,"height":163,"caption":"Caf\u00e9 del Hombre"},"image":{"@id":"https:\/\/www.cafedelhomme.com\/es#\/schema\/logo\/image\/"},"sameAs":["https:\/\/www.facebook.com\/cafedelhomme","https:\/\/www.instagram.com\/cafedelhomme\/"]},{"@type":"Person","@id":"https:\/\/www.cafedelhomme.com\/es#\/schema\/person\/55c660f885a3bf3b1d08ae502bd6850f","name":"Getup","image":{"@type":"ImageObject","inLanguage":"es","@id":"https:\/\/www.cafedelhomme.com\/es#\/schema\/person\/image\/","url":"https:\/\/secure.gravatar.com\/avatar\/5e19627732ce1f7366d35b250158e58668ab387bcef3219ee7bba031ec656192?s=96&d=mm&r=g","contentUrl":"https:\/\/secure.gravatar.com\/avatar\/5e19627732ce1f7366d35b250158e58668ab387bcef3219ee7bba031ec656192?s=96&d=mm&r=g","caption":"Getup"},"sameAs":["https:\/\/www.cafedelhomme.com"]}]}},"_links":{"self":[{"href":"https:\/\/www.cafedelhomme.com\/es\/wp-json\/wp\/v2\/posts\/10052","targetHints":{"allow":["GET"]}}],"collection":[{"href":"https:\/\/www.cafedelhomme.com\/es\/wp-json\/wp\/v2\/posts"}],"about":[{"href":"https:\/\/www.cafedelhomme.com\/es\/wp-json\/wp\/v2\/types\/post"}],"author":[{"embeddable":true,"href":"https:\/\/www.cafedelhomme.com\/es\/wp-json\/wp\/v2\/users\/1"}],"replies":[{"embeddable":true,"href":"https:\/\/www.cafedelhomme.com\/es\/wp-json\/wp\/v2\/comments?post=10052"}],"version-history":[{"count":1,"href":"https:\/\/www.cafedelhomme.com\/es\/wp-json\/wp\/v2\/posts\/10052\/revisions"}],"predecessor-version":[{"id":10058,"href":"https:\/\/www.cafedelhomme.com\/es\/wp-json\/wp\/v2\/posts\/10052\/revisions\/10058"}],"wp:featuredmedia":[{"embeddable":true,"href":"https:\/\/www.cafedelhomme.com\/es\/wp-json\/wp\/v2\/media\/10055"}],"wp:attachment":[{"href":"https:\/\/www.cafedelhomme.com\/es\/wp-json\/wp\/v2\/media?parent=10052"}],"wp:term":[{"taxonomy":"category","embeddable":true,"href":"https:\/\/www.cafedelhomme.com\/es\/wp-json\/wp\/v2\/categories?post=10052"},{"taxonomy":"post_tag","embeddable":true,"href":"https:\/\/www.cafedelhomme.com\/es\/wp-json\/wp\/v2\/tags?post=10052"}],"curies":[{"name":"wp","href":"https:\/\/api.w.org\/{rel}","templated":true}]}}