{"id":10276,"date":"2025-01-02T10:00:51","date_gmt":"2025-01-02T09:00:51","guid":{"rendered":"https:\/\/www.cafedelhomme.com\/feliz-ano-nuevo-de-parte-de-todo-el-equipo-del-cafe-de-lhomme"},"modified":"2025-03-27T17:03:07","modified_gmt":"2025-03-27T16:03:07","slug":"feliz-ano-nuevo-de-parte-de-todo-el-equipo-del-cafe-de-lhomme","status":"publish","type":"post","link":"https:\/\/www.cafedelhomme.com\/es\/feliz-ano-nuevo-de-parte-de-todo-el-equipo-del-cafe-de-lhomme","title":{"rendered":"Feliz a\u00f1o nuevo de parte de todo el equipo del Caf\u00e9 de l&rsquo;Homme"},"content":{"rendered":"<div class=\"wpb-content-wrapper\"><p>[vc_row responsive_css=\u00bbmargin_top_large:100px|margin_bottom_large:100px\u00bb css=\u00bb.vc_custom_1690902189577{margin-top: 100px !important;margin-bottom: 100px !important;}\u00bb][vc_column][vc_column_text css=\u00bb.vc_custom_1733760606605{margin-bottom: 40px !important;}\u00bb]<span style=\"font-weight: 400;\">Amanece un nuevo a\u00f1o y, con \u00e9l, la oportunidad perfecta para que todo el equipo <\/span><b>Caf\u00e9 de l&rsquo;Homme<\/b><span style=\"font-weight: 400;\"> te env\u00ede nuestros mejores deseos.<\/span><span style=\"font-weight: 400;\"><br \/>\n<\/span><span style=\"font-weight: 400;\">Te deseamos un <\/span><b>a\u00f1o 2025<\/b><span style=\"font-weight: 400;\">Un a\u00f1o lleno de \u00e9xitos, emociones compartidas y momentos excepcionales. Esperamos darte la bienvenida a nuestro   <\/span><b>restaurante gastron\u00f3mico en Par\u00eds<\/b><span style=\"font-weight: 400;\">para aprovechar al m\u00e1ximo cada momento pasado delante de la emblem\u00e1tica <\/span><b>Torre Eiffel<\/b><span style=\"font-weight: 400;\">.<\/span>[\/vc_column_text][vc_custom_heading text=\u00bbMomentos de excelencia y refinamiento\u00bb css=\u00bb.vc_custom_1733760614371{padding-top: 5px !important;}\u00bb][vc_column_text css=\u00bb\u00bb]<span style=\"font-weight: 400;\">En 2024, muchos de vosotros atravesasteis las puertas de nuestro <\/span><b>restaurante parisino<\/b><span style=\"font-weight: 400;\">  para celebrar momentos preciosos. Ya sea un   <\/span><b>cena rom\u00e1ntica<\/b><span style=\"font-weight: 400;\">Ya sea para una ocasi\u00f3n especial, una comida familiar o una cena, tu fidelidad significa mucho para nosotros. Estos momentos compartidos nos inspiran cada d\u00eda para ir m\u00e1s lejos en nuestra b\u00fasqueda de la excelencia. <\/span><\/p>\n<p><span style=\"font-weight: 400;\">Juntos, celebramos <\/span><b>la gastronom\u00eda francesa<\/b><span style=\"font-weight: 400;\">apoyada por <\/span><b>productos de temporada<\/b><span style=\"font-weight: 400;\"> y sublimada por el talento de nuestro <\/span><b>Chef Wilfried Graux<\/b><span style=\"font-weight: 400;\">  y su brigada. Cada una de tus visitas fue una invitaci\u00f3n a crear recuerdos duraderos. <\/span>[\/vc_column_text][\/vc_column][\/vc_row][vc_row responsive_css=\u00bbmargin_top_large:100px|margin_bottom_large:100px\u00bb css=\u00bb.vc_custom_1690902189577{margin-top: 100px !important;margin-bottom: 100px !important;}\u00bb][vc_column][vc_custom_heading text=\u00bbUn a\u00f1o lleno de sorpresas\u00bb css=\u00bb.vc_custom_1733760630204{padding-top: 5px !important;}\u00bb][vc_column_text css=\u00bb\u00bb]<span style=\"font-weight: 400;\">Nuestro <\/span><a href=\"https:\/\/www.cafedelhomme.com\/es\/la-carta\"><b>men\u00fa evolutivo<\/b><\/a><span style=\"font-weight: 400;\">dise\u00f1ado en torno a los mejores productos de <\/span><b>terru\u00f1o franc\u00e9s<\/b><span style=\"font-weight: 400;\">promete sorprenderte y deleitarte a lo largo de 2025.<\/span><span style=\"font-weight: 400;\"><br \/>\n<\/span><span style=\"font-weight: 400;\">Y por supuesto, nuestra <\/span><b>terraza con impresionantes vistas a la Torre Eiffel<\/b><span style=\"font-weight: 400;\"> seguir\u00e1 acogi\u00e9ndote, desde la hora de comer hasta la noche, en un marco refinado y atemporal.<\/span>[\/vc_column_text][\/vc_column][\/vc_row][vc_row responsive_css=\u00bbmargin_top_large:100px|margin_bottom_large:100px\u00bb css=\u00bb.vc_custom_1690902189577{margin-top: 100px !important;margin-bottom: 100px !important;}\u00bb][vc_column][vc_custom_heading text=\u00bbGracias por tu lealtad y confianza\u00bb css=\u00bb.vc_custom_1733760664621{padding-top: 5px !important;}\u00bb][vc_column_text css=\u00bb\u00bb]<span style=\"font-weight: 400;\">El <\/span><b>Restaurante Caf\u00e9 de l&rsquo;Homme<\/b><span style=\"font-weight: 400;\">  no existir\u00eda sin ti. Tu lealtad nos inspira y motiva para ofrecerte cada vez m\u00e1s elegancia, creatividad y atenci\u00f3n al detalle. Estamos orgullosos de ser el escenario de tu    <\/span><b>momentos excepcionales<\/b><span style=\"font-weight: 400;\"> y estamos deseando seguir compartiendo estos preciosos momentos contigo.<\/span><\/p>\n<p><span style=\"font-weight: 400;\">Para empezar el a\u00f1o con buen pie <\/span><b>gourmet<\/b><span style=\"font-weight: 400;\"> y <\/span><b>refinamiento<\/b><span style=\"font-weight: 400;\">te invitamos a <\/span><b>descubrir nuestro men\u00fa<\/b><span style=\"font-weight: 400;\"> a partir de ahora.<\/span><\/p>\n<p><b>Caf\u00e9 del Hombre<\/b><span style=\"font-weight: 400;\">  te desea una vez m\u00e1s un a\u00f1o memorable de elegancia y placer. Esperamos verte pronto&#8230; <\/span>[\/vc_column_text]<a href=\"https:\/\/www.sevenrooms.com\/experiences\/cafedelhomme?tracking=seo-blog\" target=\"_blank\" class=\"btn btn-default btn-bordered border-thin btn btn-outline btn-outline-black ld_button_69f1ff90900e6\">\n\t<span>\n\t\t\n\t\t\t\t\t<span class=\"btn-txt\">r\u00e9server.<\/span>\n\t\t\t\n\t\t\t\t<\/span>\n<\/a>\n[\/vc_column][\/vc_row]<\/p>\n<\/div>","protected":false},"excerpt":{"rendered":"<p>[vc_row responsive_css=\u00bbmargin_top_large:100px|margin_bottom_large:100px\u00bb css=\u00bb.vc_custom_1690902189577{margin-top: 100px !important;margin-bottom: 100px !important;}\u00bb][vc_column][vc_column_text css=\u00bb.vc_custom_1733760606605{margin-bottom: 40px !important;}\u00bb]Amanece un nuevo a\u00f1o y, con \u00e9l, la oportunidad perfecta para que todo el equipo Caf\u00e9 de l&rsquo;Homme te env\u00ede nuestros mejores deseos. Te deseamos un a\u00f1o 2025Un a\u00f1o lleno de \u00e9xitos, emociones compartidas y momentos&#8230;<\/p>\n","protected":false},"author":1,"featured_media":10279,"comment_status":"closed","ping_status":"open","sticky":false,"template":"","format":"standard","meta":{"_acf_changed":false,"footnotes":""},"categories":[159,158],"tags":[],"class_list":["post-10276","post","type-post","status-publish","format-standard","has-post-thumbnail","hentry","category-mostrando","category-noticias-es"],"acf":[],"yoast_head":"<!-- This site is optimized with the Yoast SEO Premium plugin v20.10 (Yoast SEO v27.0) - https:\/\/yoast.com\/product\/yoast-seo-premium-wordpress\/ -->\n<title>Feliz a\u00f1o nuevo de parte de todo el equipo del Caf\u00e9 de l&#039;Homme - Caf\u00e9 de l&#039;Homme<\/title>\n<meta name=\"description\" content=\"Caf\u00e9 de l&#039;Homme te desea un a\u00f1o maravilloso, lleno de momentos excepcionales. En 2025, disfruta de nuestro restaurante gastron\u00f3mico en Par\u00eds.\" \/>\n<meta name=\"robots\" content=\"index, follow, max-snippet:-1, max-image-preview:large, max-video-preview:-1\" \/>\n<link rel=\"canonical\" href=\"https:\/\/www.cafedelhomme.com\/es\/feliz-ano-nuevo-de-parte-de-todo-el-equipo-del-cafe-de-lhomme\" \/>\n<meta property=\"og:locale\" content=\"es_ES\" \/>\n<meta property=\"og:type\" content=\"article\" \/>\n<meta property=\"og:title\" content=\"Feliz a\u00f1o nuevo de parte de todo el equipo del Caf\u00e9 de l&#039;Homme\" \/>\n<meta property=\"og:description\" content=\"Caf\u00e9 de l&#039;Homme te desea un a\u00f1o maravilloso, lleno de momentos excepcionales. En 2025, disfruta de nuestro restaurante gastron\u00f3mico en Par\u00eds.\" \/>\n<meta property=\"og:url\" content=\"https:\/\/www.cafedelhomme.com\/es\/feliz-ano-nuevo-de-parte-de-todo-el-equipo-del-cafe-de-lhomme\" \/>\n<meta property=\"og:site_name\" content=\"Caf\u00e9 de l&#039;Homme\" \/>\n<meta property=\"article:publisher\" content=\"https:\/\/www.facebook.com\/cafedelhomme\" \/>\n<meta property=\"article:published_time\" content=\"2025-01-02T09:00:51+00:00\" \/>\n<meta property=\"article:modified_time\" content=\"2025-03-27T16:03:07+00:00\" \/>\n<meta property=\"og:image\" content=\"https:\/\/www.cafedelhomme.com\/wp-content\/uploads\/2024\/12\/Jour-de-lan.jpg\" \/>\n\t<meta property=\"og:image:width\" content=\"2426\" \/>\n\t<meta property=\"og:image:height\" content=\"1592\" \/>\n\t<meta property=\"og:image:type\" content=\"image\/jpeg\" \/>\n<meta name=\"author\" content=\"Getup\" \/>\n<meta name=\"twitter:card\" content=\"summary_large_image\" \/>\n<meta name=\"twitter:label1\" content=\"Escrito por\" \/>\n\t<meta name=\"twitter:data1\" content=\"Getup\" \/>\n\t<meta name=\"twitter:label2\" content=\"Tiempo de lectura\" \/>\n\t<meta name=\"twitter:data2\" content=\"2 minutos\" \/>\n<script type=\"application\/ld+json\" class=\"yoast-schema-graph\">{\"@context\":\"https:\/\/schema.org\",\"@graph\":[{\"@type\":\"Article\",\"@id\":\"https:\/\/www.cafedelhomme.com\/es\/feliz-ano-nuevo-de-parte-de-todo-el-equipo-del-cafe-de-lhomme#article\",\"isPartOf\":{\"@id\":\"https:\/\/www.cafedelhomme.com\/es\/feliz-ano-nuevo-de-parte-de-todo-el-equipo-del-cafe-de-lhomme\"},\"author\":{\"name\":\"Getup\",\"@id\":\"https:\/\/www.cafedelhomme.com\/es#\/schema\/person\/55c660f885a3bf3b1d08ae502bd6850f\"},\"headline\":\"Feliz a\u00f1o nuevo de parte de todo el equipo del Caf\u00e9 de l&rsquo;Homme\",\"datePublished\":\"2025-01-02T09:00:51+00:00\",\"dateModified\":\"2025-03-27T16:03:07+00:00\",\"mainEntityOfPage\":{\"@id\":\"https:\/\/www.cafedelhomme.com\/es\/feliz-ano-nuevo-de-parte-de-todo-el-equipo-del-cafe-de-lhomme\"},\"wordCount\":511,\"publisher\":{\"@id\":\"https:\/\/www.cafedelhomme.com\/es#organization\"},\"image\":{\"@id\":\"https:\/\/www.cafedelhomme.com\/es\/feliz-ano-nuevo-de-parte-de-todo-el-equipo-del-cafe-de-lhomme#primaryimage\"},\"thumbnailUrl\":\"https:\/\/www.cafedelhomme.com\/wp-content\/uploads\/2024\/12\/Jour-de-lan.jpg\",\"articleSection\":[\"mostrando\",\"Noticias\"],\"inLanguage\":\"es\"},{\"@type\":\"WebPage\",\"@id\":\"https:\/\/www.cafedelhomme.com\/es\/feliz-ano-nuevo-de-parte-de-todo-el-equipo-del-cafe-de-lhomme\",\"url\":\"https:\/\/www.cafedelhomme.com\/es\/feliz-ano-nuevo-de-parte-de-todo-el-equipo-del-cafe-de-lhomme\",\"name\":\"Feliz a\u00f1o nuevo de parte de todo el equipo del Caf\u00e9 de l'Homme - Caf\u00e9 de l&#039;Homme\",\"isPartOf\":{\"@id\":\"https:\/\/www.cafedelhomme.com\/es#website\"},\"primaryImageOfPage\":{\"@id\":\"https:\/\/www.cafedelhomme.com\/es\/feliz-ano-nuevo-de-parte-de-todo-el-equipo-del-cafe-de-lhomme#primaryimage\"},\"image\":{\"@id\":\"https:\/\/www.cafedelhomme.com\/es\/feliz-ano-nuevo-de-parte-de-todo-el-equipo-del-cafe-de-lhomme#primaryimage\"},\"thumbnailUrl\":\"https:\/\/www.cafedelhomme.com\/wp-content\/uploads\/2024\/12\/Jour-de-lan.jpg\",\"datePublished\":\"2025-01-02T09:00:51+00:00\",\"dateModified\":\"2025-03-27T16:03:07+00:00\",\"description\":\"Caf\u00e9 de l'Homme te desea un a\u00f1o maravilloso, lleno de momentos excepcionales. En 2025, disfruta de nuestro restaurante gastron\u00f3mico en Par\u00eds.\",\"inLanguage\":\"es\",\"potentialAction\":[{\"@type\":\"ReadAction\",\"target\":[\"https:\/\/www.cafedelhomme.com\/es\/feliz-ano-nuevo-de-parte-de-todo-el-equipo-del-cafe-de-lhomme\"]}]},{\"@type\":\"ImageObject\",\"inLanguage\":\"es\",\"@id\":\"https:\/\/www.cafedelhomme.com\/es\/feliz-ano-nuevo-de-parte-de-todo-el-equipo-del-cafe-de-lhomme#primaryimage\",\"url\":\"https:\/\/www.cafedelhomme.com\/wp-content\/uploads\/2024\/12\/Jour-de-lan.jpg\",\"contentUrl\":\"https:\/\/www.cafedelhomme.com\/wp-content\/uploads\/2024\/12\/Jour-de-lan.jpg\",\"width\":2426,\"height\":1592},{\"@type\":\"WebSite\",\"@id\":\"https:\/\/www.cafedelhomme.com\/es#website\",\"url\":\"https:\/\/www.cafedelhomme.com\/es\",\"name\":\"Caf\u00e9 de l'Homme\",\"description\":\"\",\"publisher\":{\"@id\":\"https:\/\/www.cafedelhomme.com\/es#organization\"},\"potentialAction\":[{\"@type\":\"SearchAction\",\"target\":{\"@type\":\"EntryPoint\",\"urlTemplate\":\"https:\/\/www.cafedelhomme.com\/es?s={search_term_string}\"},\"query-input\":{\"@type\":\"PropertyValueSpecification\",\"valueRequired\":true,\"valueName\":\"search_term_string\"}}],\"inLanguage\":\"es\"},{\"@type\":\"Organization\",\"@id\":\"https:\/\/www.cafedelhomme.com\/es#organization\",\"name\":\"Caf\u00e9 del Hombre\",\"url\":\"https:\/\/www.cafedelhomme.com\/es\",\"logo\":{\"@type\":\"ImageObject\",\"inLanguage\":\"es\",\"@id\":\"https:\/\/www.cafedelhomme.com\/es#\/schema\/logo\/image\/\",\"url\":\"https:\/\/www.cafedelhomme.com\/wp-content\/uploads\/2023\/04\/big-logo-300x163-1.png\",\"contentUrl\":\"https:\/\/www.cafedelhomme.com\/wp-content\/uploads\/2023\/04\/big-logo-300x163-1.png\",\"width\":300,\"height\":163,\"caption\":\"Caf\u00e9 del Hombre\"},\"image\":{\"@id\":\"https:\/\/www.cafedelhomme.com\/es#\/schema\/logo\/image\/\"},\"sameAs\":[\"https:\/\/www.facebook.com\/cafedelhomme\",\"https:\/\/www.instagram.com\/cafedelhomme\/\"]},{\"@type\":\"Person\",\"@id\":\"https:\/\/www.cafedelhomme.com\/es#\/schema\/person\/55c660f885a3bf3b1d08ae502bd6850f\",\"name\":\"Getup\",\"image\":{\"@type\":\"ImageObject\",\"inLanguage\":\"es\",\"@id\":\"https:\/\/www.cafedelhomme.com\/es#\/schema\/person\/image\/\",\"url\":\"https:\/\/secure.gravatar.com\/avatar\/5e19627732ce1f7366d35b250158e58668ab387bcef3219ee7bba031ec656192?s=96&d=mm&r=g\",\"contentUrl\":\"https:\/\/secure.gravatar.com\/avatar\/5e19627732ce1f7366d35b250158e58668ab387bcef3219ee7bba031ec656192?s=96&d=mm&r=g\",\"caption\":\"Getup\"},\"sameAs\":[\"https:\/\/www.cafedelhomme.com\"]}]}<\/script>\n<!-- \/ Yoast SEO Premium plugin. -->","yoast_head_json":{"title":"Feliz a\u00f1o nuevo de parte de todo el equipo del Caf\u00e9 de l'Homme - Caf\u00e9 de l&#039;Homme","description":"Caf\u00e9 de l'Homme te desea un a\u00f1o maravilloso, lleno de momentos excepcionales. En 2025, disfruta de nuestro restaurante gastron\u00f3mico en Par\u00eds.","robots":{"index":"index","follow":"follow","max-snippet":"max-snippet:-1","max-image-preview":"max-image-preview:large","max-video-preview":"max-video-preview:-1"},"canonical":"https:\/\/www.cafedelhomme.com\/es\/feliz-ano-nuevo-de-parte-de-todo-el-equipo-del-cafe-de-lhomme","og_locale":"es_ES","og_type":"article","og_title":"Feliz a\u00f1o nuevo de parte de todo el equipo del Caf\u00e9 de l'Homme","og_description":"Caf\u00e9 de l'Homme te desea un a\u00f1o maravilloso, lleno de momentos excepcionales. En 2025, disfruta de nuestro restaurante gastron\u00f3mico en Par\u00eds.","og_url":"https:\/\/www.cafedelhomme.com\/es\/feliz-ano-nuevo-de-parte-de-todo-el-equipo-del-cafe-de-lhomme","og_site_name":"Caf\u00e9 de l&#039;Homme","article_publisher":"https:\/\/www.facebook.com\/cafedelhomme","article_published_time":"2025-01-02T09:00:51+00:00","article_modified_time":"2025-03-27T16:03:07+00:00","og_image":[{"width":2426,"height":1592,"url":"https:\/\/www.cafedelhomme.com\/wp-content\/uploads\/2024\/12\/Jour-de-lan.jpg","type":"image\/jpeg"}],"author":"Getup","twitter_card":"summary_large_image","twitter_misc":{"Escrito por":"Getup","Tiempo de lectura":"2 minutos"},"schema":{"@context":"https:\/\/schema.org","@graph":[{"@type":"Article","@id":"https:\/\/www.cafedelhomme.com\/es\/feliz-ano-nuevo-de-parte-de-todo-el-equipo-del-cafe-de-lhomme#article","isPartOf":{"@id":"https:\/\/www.cafedelhomme.com\/es\/feliz-ano-nuevo-de-parte-de-todo-el-equipo-del-cafe-de-lhomme"},"author":{"name":"Getup","@id":"https:\/\/www.cafedelhomme.com\/es#\/schema\/person\/55c660f885a3bf3b1d08ae502bd6850f"},"headline":"Feliz a\u00f1o nuevo de parte de todo el equipo del Caf\u00e9 de l&rsquo;Homme","datePublished":"2025-01-02T09:00:51+00:00","dateModified":"2025-03-27T16:03:07+00:00","mainEntityOfPage":{"@id":"https:\/\/www.cafedelhomme.com\/es\/feliz-ano-nuevo-de-parte-de-todo-el-equipo-del-cafe-de-lhomme"},"wordCount":511,"publisher":{"@id":"https:\/\/www.cafedelhomme.com\/es#organization"},"image":{"@id":"https:\/\/www.cafedelhomme.com\/es\/feliz-ano-nuevo-de-parte-de-todo-el-equipo-del-cafe-de-lhomme#primaryimage"},"thumbnailUrl":"https:\/\/www.cafedelhomme.com\/wp-content\/uploads\/2024\/12\/Jour-de-lan.jpg","articleSection":["mostrando","Noticias"],"inLanguage":"es"},{"@type":"WebPage","@id":"https:\/\/www.cafedelhomme.com\/es\/feliz-ano-nuevo-de-parte-de-todo-el-equipo-del-cafe-de-lhomme","url":"https:\/\/www.cafedelhomme.com\/es\/feliz-ano-nuevo-de-parte-de-todo-el-equipo-del-cafe-de-lhomme","name":"Feliz a\u00f1o nuevo de parte de todo el equipo del Caf\u00e9 de l'Homme - Caf\u00e9 de l&#039;Homme","isPartOf":{"@id":"https:\/\/www.cafedelhomme.com\/es#website"},"primaryImageOfPage":{"@id":"https:\/\/www.cafedelhomme.com\/es\/feliz-ano-nuevo-de-parte-de-todo-el-equipo-del-cafe-de-lhomme#primaryimage"},"image":{"@id":"https:\/\/www.cafedelhomme.com\/es\/feliz-ano-nuevo-de-parte-de-todo-el-equipo-del-cafe-de-lhomme#primaryimage"},"thumbnailUrl":"https:\/\/www.cafedelhomme.com\/wp-content\/uploads\/2024\/12\/Jour-de-lan.jpg","datePublished":"2025-01-02T09:00:51+00:00","dateModified":"2025-03-27T16:03:07+00:00","description":"Caf\u00e9 de l'Homme te desea un a\u00f1o maravilloso, lleno de momentos excepcionales. En 2025, disfruta de nuestro restaurante gastron\u00f3mico en Par\u00eds.","inLanguage":"es","potentialAction":[{"@type":"ReadAction","target":["https:\/\/www.cafedelhomme.com\/es\/feliz-ano-nuevo-de-parte-de-todo-el-equipo-del-cafe-de-lhomme"]}]},{"@type":"ImageObject","inLanguage":"es","@id":"https:\/\/www.cafedelhomme.com\/es\/feliz-ano-nuevo-de-parte-de-todo-el-equipo-del-cafe-de-lhomme#primaryimage","url":"https:\/\/www.cafedelhomme.com\/wp-content\/uploads\/2024\/12\/Jour-de-lan.jpg","contentUrl":"https:\/\/www.cafedelhomme.com\/wp-content\/uploads\/2024\/12\/Jour-de-lan.jpg","width":2426,"height":1592},{"@type":"WebSite","@id":"https:\/\/www.cafedelhomme.com\/es#website","url":"https:\/\/www.cafedelhomme.com\/es","name":"Caf\u00e9 de l'Homme","description":"","publisher":{"@id":"https:\/\/www.cafedelhomme.com\/es#organization"},"potentialAction":[{"@type":"SearchAction","target":{"@type":"EntryPoint","urlTemplate":"https:\/\/www.cafedelhomme.com\/es?s={search_term_string}"},"query-input":{"@type":"PropertyValueSpecification","valueRequired":true,"valueName":"search_term_string"}}],"inLanguage":"es"},{"@type":"Organization","@id":"https:\/\/www.cafedelhomme.com\/es#organization","name":"Caf\u00e9 del Hombre","url":"https:\/\/www.cafedelhomme.com\/es","logo":{"@type":"ImageObject","inLanguage":"es","@id":"https:\/\/www.cafedelhomme.com\/es#\/schema\/logo\/image\/","url":"https:\/\/www.cafedelhomme.com\/wp-content\/uploads\/2023\/04\/big-logo-300x163-1.png","contentUrl":"https:\/\/www.cafedelhomme.com\/wp-content\/uploads\/2023\/04\/big-logo-300x163-1.png","width":300,"height":163,"caption":"Caf\u00e9 del Hombre"},"image":{"@id":"https:\/\/www.cafedelhomme.com\/es#\/schema\/logo\/image\/"},"sameAs":["https:\/\/www.facebook.com\/cafedelhomme","https:\/\/www.instagram.com\/cafedelhomme\/"]},{"@type":"Person","@id":"https:\/\/www.cafedelhomme.com\/es#\/schema\/person\/55c660f885a3bf3b1d08ae502bd6850f","name":"Getup","image":{"@type":"ImageObject","inLanguage":"es","@id":"https:\/\/www.cafedelhomme.com\/es#\/schema\/person\/image\/","url":"https:\/\/secure.gravatar.com\/avatar\/5e19627732ce1f7366d35b250158e58668ab387bcef3219ee7bba031ec656192?s=96&d=mm&r=g","contentUrl":"https:\/\/secure.gravatar.com\/avatar\/5e19627732ce1f7366d35b250158e58668ab387bcef3219ee7bba031ec656192?s=96&d=mm&r=g","caption":"Getup"},"sameAs":["https:\/\/www.cafedelhomme.com"]}]}},"_links":{"self":[{"href":"https:\/\/www.cafedelhomme.com\/es\/wp-json\/wp\/v2\/posts\/10276","targetHints":{"allow":["GET"]}}],"collection":[{"href":"https:\/\/www.cafedelhomme.com\/es\/wp-json\/wp\/v2\/posts"}],"about":[{"href":"https:\/\/www.cafedelhomme.com\/es\/wp-json\/wp\/v2\/types\/post"}],"author":[{"embeddable":true,"href":"https:\/\/www.cafedelhomme.com\/es\/wp-json\/wp\/v2\/users\/1"}],"replies":[{"embeddable":true,"href":"https:\/\/www.cafedelhomme.com\/es\/wp-json\/wp\/v2\/comments?post=10276"}],"version-history":[{"count":10,"href":"https:\/\/www.cafedelhomme.com\/es\/wp-json\/wp\/v2\/posts\/10276\/revisions"}],"predecessor-version":[{"id":10316,"href":"https:\/\/www.cafedelhomme.com\/es\/wp-json\/wp\/v2\/posts\/10276\/revisions\/10316"}],"wp:featuredmedia":[{"embeddable":true,"href":"https:\/\/www.cafedelhomme.com\/es\/wp-json\/wp\/v2\/media\/10279"}],"wp:attachment":[{"href":"https:\/\/www.cafedelhomme.com\/es\/wp-json\/wp\/v2\/media?parent=10276"}],"wp:term":[{"taxonomy":"category","embeddable":true,"href":"https:\/\/www.cafedelhomme.com\/es\/wp-json\/wp\/v2\/categories?post=10276"},{"taxonomy":"post_tag","embeddable":true,"href":"https:\/\/www.cafedelhomme.com\/es\/wp-json\/wp\/v2\/tags?post=10276"}],"curies":[{"name":"wp","href":"https:\/\/api.w.org\/{rel}","templated":true}]}}