{"id":10284,"date":"2024-12-05T10:00:00","date_gmt":"2024-12-05T09:00:00","guid":{"rendered":"https:\/\/www.cafedelhomme.com\/una-cena-gastronomica-con-vistas-a-la-torre-eiffel-por-que-elegir-el-restaurante-cafe-de-lhomme"},"modified":"2025-03-27T17:03:07","modified_gmt":"2025-03-27T16:03:07","slug":"una-cena-gastronomica-con-vistas-a-la-torre-eiffel-por-que-elegir-el-restaurante-cafe-de-lhomme","status":"publish","type":"post","link":"https:\/\/www.cafedelhomme.com\/es\/una-cena-gastronomica-con-vistas-a-la-torre-eiffel-por-que-elegir-el-restaurante-cafe-de-lhomme","title":{"rendered":"Una cena gastron\u00f3mica con vistas a la Torre Eiffel: \u00bfPor qu\u00e9 elegir el restaurante Caf\u00e9 de l&rsquo;Homme?"},"content":{"rendered":"<div class=\"wpb-content-wrapper\"><p>[vc_row responsive_css=\u00bbmargin_top_large:100px|margin_bottom_large:100px\u00bb css=\u00bb.vc_custom_1690902189577{margin-top: 100px !important;margin-bottom: 100px !important;}\u00bb][vc_column][vc_column_text css=\u00bb.vc_custom_1732117343711{margin-bottom: 40px !important;}\u00bb]<b>\u00bfTe apetece una cena inolvidable con una impresionante vista de la Torre Eiffel? Caf\u00e9 del Hombre <\/b><span style=\"font-weight: 400;\">situado en la prestigiosa Place du <\/span><b>Trocad\u00e9ro<\/b><span style=\"font-weight: 400;\">te abre sus puertas para que vivas una <\/span><b>experiencia gastron\u00f3mica<\/b><span style=\"font-weight: 400;\">  en Par\u00eds. En un marco encantador donde cada detalle cuenta, el restaurante te invita a saborear refinadas creaciones culinarias mientras admiras el panorama m\u00e1s bello de la capital. <\/span>[\/vc_column_text][vc_custom_heading text=\u00bbUn restaurante con espectaculares vistas a la Torre Eiffel\u00bb css=\u00bb.vc_custom_1732117352978{padding-top: 5px !important;}\u00bb][vc_column_text css=\u00bb\u00bb]<span style=\"font-weight: 400;\">Ofrece una <\/span><b>vista directa de la Torre Eiffel<\/b><span style=\"font-weight: 400;\">es lo que distingue al <\/span><b>Caf\u00e9 de l&rsquo;Homme<\/b><span style=\"font-weight: 400;\">. Instalado en   <\/span><b>Trocadero<\/b><span style=\"font-weight: 400;\">El restaurante te garantiza un entorno impresionante. Durante el d\u00eda, aprovecha la zona exterior y sus vistas despejadas para disfrutar de una deliciosa comida.   <\/span><b>comida al aire libre<\/b><span style=\"font-weight: 400;\">  en nuestra terraza. Por la noche, el centelleo de la Dama de Hierro y las luces del   <\/span><b>Ciudad de la Luz<\/b><span style=\"font-weight: 400;\">  transforman el ambiente en una experiencia m\u00e1gica. Cada comida se convierte en un momento especial. <\/span>[\/vc_column_text][\/vc_column][\/vc_row][vc_row responsive_css=\u00bbmargin_top_large:100px|margin_bottom_large:100px\u00bb css=\u00bb.vc_custom_1690902189577{margin-top: 100px !important;margin-bottom: 100px !important;}\u00bb][vc_column][vc_custom_heading text=\u00bbUna experiencia gastron\u00f3mica \u00fanica en Par\u00eds 16&Prime; css=\u00bb.vc_custom_1732117369878{padding-top: 5px !important;}\u00bb][vc_column_text css=\u00bb\u00bb]<span style=\"font-weight: 400;\">Pero, \u00bfqu\u00e9 hace que tu visita al <\/span><b>Caf\u00e9 del Hombre<\/b><span style=\"font-weight: 400;\"> sea inolvidable es, sobre todo, la <\/span><b>gastronom\u00eda francesa<\/b><span style=\"font-weight: 400;\">. Bajo la direcci\u00f3n del Chef Wilfried Graux, cada plato pone de relieve la   <\/span><b>El terru\u00f1o franc\u00e9s<\/b><span style=\"font-weight: 400;\"> y <\/span><b>productos de temporada<\/b><span style=\"font-weight: 400;\">. Un men\u00fa cuidadosamente elaborado en el que   <\/span><b>creatividad<\/b><span style=\"font-weight: 400;\"> y <\/span><b>elegancia<\/b><span style=\"font-weight: 400;\"> se entrelazan, invit\u00e1ndote a un verdadero <\/span><b>viaje culinario<\/b><span style=\"font-weight: 400;\">. <\/span><b>Consulta <a href=\"https:\/\/www.cafedelhomme.com\/es\/la-carta\">nuestro men\u00fa<\/a><\/b><span style=\"font-weight: 400;\"> para explorar nuestras creaciones.<\/span>[\/vc_column_text][\/vc_column][\/vc_row][vc_row responsive_css=\u00bbmargin_top_large:100px|margin_bottom_large:100px\u00bb css=\u00bb.vc_custom_1690902189577{margin-top: 100px !important;margin-bottom: 100px !important;}\u00bb][vc_column][vc_custom_heading text=\u00bbUn marco excepcional en el Trocadero\u00bb css=\u00bb.vc_custom_1732117406694{padding-top: 5px !important;}\u00bb][vc_column_text css=\u00bb\u00bb]<span style=\"font-weight: 400;\">\u00bfY qu\u00e9 decir del entorno? Situado en el prestigioso   <\/span><b>Distrito 16<\/b><span style=\"font-weight: 400;\">, <\/span><b>Caf\u00e9 de l&rsquo;Homme<\/b><span style=\"font-weight: 400;\">  es un verdadero escaparate de modernidad y refinamiento. La elegante decoraci\u00f3n combina a la perfecci\u00f3n con el ambiente chic del lugar, creando una atm\u00f3sfera propicia para todos tus momentos especiales: ya sea un   <\/span><b>almuerzo<\/b><span style=\"font-weight: 400;\">almuerzo <\/span><b>cena<\/b><span style=\"font-weight: 400;\">  o una celebraci\u00f3n especial. \u00bfTe gustar\u00eda vivir esta experiencia al m\u00e1ximo?   <\/span><b>Descubre nuestras <\/b><a href=\"https:\/\/www.cafedelhomme.com\/es\/nuestra-experiencia\"><b>experiencias culinarias<\/b><\/a><span style=\"font-weight: 400;\"> y d\u00e9jate seducir.<\/span><\/p>\n<p><span style=\"font-weight: 400;\">Reserva ya tu mesa y prep\u00e1rate para vivir un momento \u00fanico en uno de los lugares m\u00e1s emblem\u00e1ticos del <\/span><b>Par\u00eds XVI<\/b><span style=\"font-weight: 400;\">.<\/span>[\/vc_column_text]<a href=\"https:\/\/www.sevenrooms.com\/explore\/cafedelhomme\/reservations\/create\/search?tracking=seo-blog\" target=\"_blank\" class=\"btn btn-default btn-bordered border-thin btn btn-outline btn-outline-black ld_button_69f1acffd5846\">\n\t<span>\n\t\t\n\t\t\t\t\t<span class=\"btn-txt\">r\u00e9server.<\/span>\n\t\t\t\n\t\t\t\t<\/span>\n<\/a>\n[\/vc_column][\/vc_row]<\/p>\n<\/div>","protected":false},"excerpt":{"rendered":"<p>[vc_row responsive_css=\u00bbmargin_top_large:100px|margin_bottom_large:100px\u00bb css=\u00bb.vc_custom_1690902189577{margin-top: 100px !important;margin-bottom: 100px !important;}\u00bb][vc_column][vc_column_text css=\u00bb.vc_custom_1732117343711{margin-bottom: 40px !important;}\u00bb]\u00bfTe apetece una cena inolvidable con una impresionante vista de la Torre Eiffel? Caf\u00e9 del Hombre situado en la prestigiosa Place du Trocad\u00e9rote abre sus puertas para que vivas una experiencia gastron\u00f3mica en Par\u00eds. En un&#8230;<\/p>\n","protected":false},"author":1,"featured_media":10287,"comment_status":"closed","ping_status":"open","sticky":false,"template":"","format":"standard","meta":{"_acf_changed":false,"footnotes":""},"categories":[159,158],"tags":[],"class_list":["post-10284","post","type-post","status-publish","format-standard","has-post-thumbnail","hentry","category-mostrando","category-noticias-es"],"acf":[],"yoast_head":"<!-- This site is optimized with the Yoast SEO Premium plugin v20.10 (Yoast SEO v27.0) - https:\/\/yoast.com\/product\/yoast-seo-premium-wordpress\/ -->\n<title>Una cena gastron\u00f3mica con vistas a la Torre Eiffel: \u00bfPor qu\u00e9 elegir el restaurante Caf\u00e9 de l&#039;Homme? - Caf\u00e9 de l&#039;Homme<\/title>\n<meta name=\"description\" content=\"Una experiencia \u00fanica en el Caf\u00e9 de l&#039;Homme: refinada gastronom\u00eda, impresionantes vistas de la Torre Eiffel y un encantador entorno del Trocadero.\" \/>\n<meta name=\"robots\" content=\"index, follow, max-snippet:-1, max-image-preview:large, max-video-preview:-1\" \/>\n<link rel=\"canonical\" href=\"https:\/\/www.cafedelhomme.com\/es\/una-cena-gastronomica-con-vistas-a-la-torre-eiffel-por-que-elegir-el-restaurante-cafe-de-lhomme\" \/>\n<meta property=\"og:locale\" content=\"es_ES\" \/>\n<meta property=\"og:type\" content=\"article\" \/>\n<meta property=\"og:title\" content=\"Una cena gastron\u00f3mica con vistas a la Torre Eiffel: \u00bfPor qu\u00e9 elegir el restaurante Caf\u00e9 de l&#039;Homme?\" \/>\n<meta property=\"og:description\" content=\"Una experiencia \u00fanica en el Caf\u00e9 de l&#039;Homme: refinada gastronom\u00eda, impresionantes vistas de la Torre Eiffel y un encantador entorno del Trocadero.\" \/>\n<meta property=\"og:url\" content=\"https:\/\/www.cafedelhomme.com\/es\/una-cena-gastronomica-con-vistas-a-la-torre-eiffel-por-que-elegir-el-restaurante-cafe-de-lhomme\" \/>\n<meta property=\"og:site_name\" content=\"Caf\u00e9 de l&#039;Homme\" \/>\n<meta property=\"article:publisher\" content=\"https:\/\/www.facebook.com\/cafedelhomme\" \/>\n<meta property=\"article:published_time\" content=\"2024-12-05T09:00:00+00:00\" \/>\n<meta property=\"article:modified_time\" content=\"2025-03-27T16:03:07+00:00\" \/>\n<meta property=\"og:image\" content=\"https:\/\/www.cafedelhomme.com\/wp-content\/uploads\/2024\/06\/picture-14-juillet-2.jpg\" \/>\n\t<meta property=\"og:image:width\" content=\"1032\" \/>\n\t<meta property=\"og:image:height\" content=\"1290\" \/>\n\t<meta property=\"og:image:type\" content=\"image\/jpeg\" \/>\n<meta name=\"author\" content=\"Getup\" \/>\n<meta name=\"twitter:card\" content=\"summary_large_image\" \/>\n<meta name=\"twitter:label1\" content=\"Escrito por\" \/>\n\t<meta name=\"twitter:data1\" content=\"Getup\" \/>\n\t<meta name=\"twitter:label2\" content=\"Tiempo de lectura\" \/>\n\t<meta name=\"twitter:data2\" content=\"3 minutos\" \/>\n<script type=\"application\/ld+json\" class=\"yoast-schema-graph\">{\"@context\":\"https:\/\/schema.org\",\"@graph\":[{\"@type\":\"Article\",\"@id\":\"https:\/\/www.cafedelhomme.com\/es\/una-cena-gastronomica-con-vistas-a-la-torre-eiffel-por-que-elegir-el-restaurante-cafe-de-lhomme#article\",\"isPartOf\":{\"@id\":\"https:\/\/www.cafedelhomme.com\/es\/una-cena-gastronomica-con-vistas-a-la-torre-eiffel-por-que-elegir-el-restaurante-cafe-de-lhomme\"},\"author\":{\"name\":\"Getup\",\"@id\":\"https:\/\/www.cafedelhomme.com\/es#\/schema\/person\/55c660f885a3bf3b1d08ae502bd6850f\"},\"headline\":\"Una cena gastron\u00f3mica con vistas a la Torre Eiffel: \u00bfPor qu\u00e9 elegir el restaurante Caf\u00e9 de l&rsquo;Homme?\",\"datePublished\":\"2024-12-05T09:00:00+00:00\",\"dateModified\":\"2025-03-27T16:03:07+00:00\",\"mainEntityOfPage\":{\"@id\":\"https:\/\/www.cafedelhomme.com\/es\/una-cena-gastronomica-con-vistas-a-la-torre-eiffel-por-que-elegir-el-restaurante-cafe-de-lhomme\"},\"wordCount\":534,\"publisher\":{\"@id\":\"https:\/\/www.cafedelhomme.com\/es#organization\"},\"image\":{\"@id\":\"https:\/\/www.cafedelhomme.com\/es\/una-cena-gastronomica-con-vistas-a-la-torre-eiffel-por-que-elegir-el-restaurante-cafe-de-lhomme#primaryimage\"},\"thumbnailUrl\":\"https:\/\/www.cafedelhomme.com\/wp-content\/uploads\/2024\/06\/picture-14-juillet-2.jpg\",\"articleSection\":[\"mostrando\",\"Noticias\"],\"inLanguage\":\"es\"},{\"@type\":\"WebPage\",\"@id\":\"https:\/\/www.cafedelhomme.com\/es\/una-cena-gastronomica-con-vistas-a-la-torre-eiffel-por-que-elegir-el-restaurante-cafe-de-lhomme\",\"url\":\"https:\/\/www.cafedelhomme.com\/es\/una-cena-gastronomica-con-vistas-a-la-torre-eiffel-por-que-elegir-el-restaurante-cafe-de-lhomme\",\"name\":\"Una cena gastron\u00f3mica con vistas a la Torre Eiffel: \u00bfPor qu\u00e9 elegir el restaurante Caf\u00e9 de l'Homme? - Caf\u00e9 de l&#039;Homme\",\"isPartOf\":{\"@id\":\"https:\/\/www.cafedelhomme.com\/es#website\"},\"primaryImageOfPage\":{\"@id\":\"https:\/\/www.cafedelhomme.com\/es\/una-cena-gastronomica-con-vistas-a-la-torre-eiffel-por-que-elegir-el-restaurante-cafe-de-lhomme#primaryimage\"},\"image\":{\"@id\":\"https:\/\/www.cafedelhomme.com\/es\/una-cena-gastronomica-con-vistas-a-la-torre-eiffel-por-que-elegir-el-restaurante-cafe-de-lhomme#primaryimage\"},\"thumbnailUrl\":\"https:\/\/www.cafedelhomme.com\/wp-content\/uploads\/2024\/06\/picture-14-juillet-2.jpg\",\"datePublished\":\"2024-12-05T09:00:00+00:00\",\"dateModified\":\"2025-03-27T16:03:07+00:00\",\"description\":\"Una experiencia \u00fanica en el Caf\u00e9 de l'Homme: refinada gastronom\u00eda, impresionantes vistas de la Torre Eiffel y un encantador entorno del Trocadero.\",\"inLanguage\":\"es\",\"potentialAction\":[{\"@type\":\"ReadAction\",\"target\":[\"https:\/\/www.cafedelhomme.com\/es\/una-cena-gastronomica-con-vistas-a-la-torre-eiffel-por-que-elegir-el-restaurante-cafe-de-lhomme\"]}]},{\"@type\":\"ImageObject\",\"inLanguage\":\"es\",\"@id\":\"https:\/\/www.cafedelhomme.com\/es\/una-cena-gastronomica-con-vistas-a-la-torre-eiffel-por-que-elegir-el-restaurante-cafe-de-lhomme#primaryimage\",\"url\":\"https:\/\/www.cafedelhomme.com\/wp-content\/uploads\/2024\/06\/picture-14-juillet-2.jpg\",\"contentUrl\":\"https:\/\/www.cafedelhomme.com\/wp-content\/uploads\/2024\/06\/picture-14-juillet-2.jpg\",\"width\":1032,\"height\":1290},{\"@type\":\"WebSite\",\"@id\":\"https:\/\/www.cafedelhomme.com\/es#website\",\"url\":\"https:\/\/www.cafedelhomme.com\/es\",\"name\":\"Caf\u00e9 de l'Homme\",\"description\":\"\",\"publisher\":{\"@id\":\"https:\/\/www.cafedelhomme.com\/es#organization\"},\"potentialAction\":[{\"@type\":\"SearchAction\",\"target\":{\"@type\":\"EntryPoint\",\"urlTemplate\":\"https:\/\/www.cafedelhomme.com\/es?s={search_term_string}\"},\"query-input\":{\"@type\":\"PropertyValueSpecification\",\"valueRequired\":true,\"valueName\":\"search_term_string\"}}],\"inLanguage\":\"es\"},{\"@type\":\"Organization\",\"@id\":\"https:\/\/www.cafedelhomme.com\/es#organization\",\"name\":\"Caf\u00e9 del Hombre\",\"url\":\"https:\/\/www.cafedelhomme.com\/es\",\"logo\":{\"@type\":\"ImageObject\",\"inLanguage\":\"es\",\"@id\":\"https:\/\/www.cafedelhomme.com\/es#\/schema\/logo\/image\/\",\"url\":\"https:\/\/www.cafedelhomme.com\/wp-content\/uploads\/2023\/04\/big-logo-300x163-1.png\",\"contentUrl\":\"https:\/\/www.cafedelhomme.com\/wp-content\/uploads\/2023\/04\/big-logo-300x163-1.png\",\"width\":300,\"height\":163,\"caption\":\"Caf\u00e9 del Hombre\"},\"image\":{\"@id\":\"https:\/\/www.cafedelhomme.com\/es#\/schema\/logo\/image\/\"},\"sameAs\":[\"https:\/\/www.facebook.com\/cafedelhomme\",\"https:\/\/www.instagram.com\/cafedelhomme\/\"]},{\"@type\":\"Person\",\"@id\":\"https:\/\/www.cafedelhomme.com\/es#\/schema\/person\/55c660f885a3bf3b1d08ae502bd6850f\",\"name\":\"Getup\",\"image\":{\"@type\":\"ImageObject\",\"inLanguage\":\"es\",\"@id\":\"https:\/\/www.cafedelhomme.com\/es#\/schema\/person\/image\/\",\"url\":\"https:\/\/secure.gravatar.com\/avatar\/5e19627732ce1f7366d35b250158e58668ab387bcef3219ee7bba031ec656192?s=96&d=mm&r=g\",\"contentUrl\":\"https:\/\/secure.gravatar.com\/avatar\/5e19627732ce1f7366d35b250158e58668ab387bcef3219ee7bba031ec656192?s=96&d=mm&r=g\",\"caption\":\"Getup\"},\"sameAs\":[\"https:\/\/www.cafedelhomme.com\"]}]}<\/script>\n<!-- \/ Yoast SEO Premium plugin. -->","yoast_head_json":{"title":"Una cena gastron\u00f3mica con vistas a la Torre Eiffel: \u00bfPor qu\u00e9 elegir el restaurante Caf\u00e9 de l'Homme? - Caf\u00e9 de l&#039;Homme","description":"Una experiencia \u00fanica en el Caf\u00e9 de l'Homme: refinada gastronom\u00eda, impresionantes vistas de la Torre Eiffel y un encantador entorno del Trocadero.","robots":{"index":"index","follow":"follow","max-snippet":"max-snippet:-1","max-image-preview":"max-image-preview:large","max-video-preview":"max-video-preview:-1"},"canonical":"https:\/\/www.cafedelhomme.com\/es\/una-cena-gastronomica-con-vistas-a-la-torre-eiffel-por-que-elegir-el-restaurante-cafe-de-lhomme","og_locale":"es_ES","og_type":"article","og_title":"Una cena gastron\u00f3mica con vistas a la Torre Eiffel: \u00bfPor qu\u00e9 elegir el restaurante Caf\u00e9 de l'Homme?","og_description":"Una experiencia \u00fanica en el Caf\u00e9 de l'Homme: refinada gastronom\u00eda, impresionantes vistas de la Torre Eiffel y un encantador entorno del Trocadero.","og_url":"https:\/\/www.cafedelhomme.com\/es\/una-cena-gastronomica-con-vistas-a-la-torre-eiffel-por-que-elegir-el-restaurante-cafe-de-lhomme","og_site_name":"Caf\u00e9 de l&#039;Homme","article_publisher":"https:\/\/www.facebook.com\/cafedelhomme","article_published_time":"2024-12-05T09:00:00+00:00","article_modified_time":"2025-03-27T16:03:07+00:00","og_image":[{"width":1032,"height":1290,"url":"https:\/\/www.cafedelhomme.com\/wp-content\/uploads\/2024\/06\/picture-14-juillet-2.jpg","type":"image\/jpeg"}],"author":"Getup","twitter_card":"summary_large_image","twitter_misc":{"Escrito por":"Getup","Tiempo de lectura":"3 minutos"},"schema":{"@context":"https:\/\/schema.org","@graph":[{"@type":"Article","@id":"https:\/\/www.cafedelhomme.com\/es\/una-cena-gastronomica-con-vistas-a-la-torre-eiffel-por-que-elegir-el-restaurante-cafe-de-lhomme#article","isPartOf":{"@id":"https:\/\/www.cafedelhomme.com\/es\/una-cena-gastronomica-con-vistas-a-la-torre-eiffel-por-que-elegir-el-restaurante-cafe-de-lhomme"},"author":{"name":"Getup","@id":"https:\/\/www.cafedelhomme.com\/es#\/schema\/person\/55c660f885a3bf3b1d08ae502bd6850f"},"headline":"Una cena gastron\u00f3mica con vistas a la Torre Eiffel: \u00bfPor qu\u00e9 elegir el restaurante Caf\u00e9 de l&rsquo;Homme?","datePublished":"2024-12-05T09:00:00+00:00","dateModified":"2025-03-27T16:03:07+00:00","mainEntityOfPage":{"@id":"https:\/\/www.cafedelhomme.com\/es\/una-cena-gastronomica-con-vistas-a-la-torre-eiffel-por-que-elegir-el-restaurante-cafe-de-lhomme"},"wordCount":534,"publisher":{"@id":"https:\/\/www.cafedelhomme.com\/es#organization"},"image":{"@id":"https:\/\/www.cafedelhomme.com\/es\/una-cena-gastronomica-con-vistas-a-la-torre-eiffel-por-que-elegir-el-restaurante-cafe-de-lhomme#primaryimage"},"thumbnailUrl":"https:\/\/www.cafedelhomme.com\/wp-content\/uploads\/2024\/06\/picture-14-juillet-2.jpg","articleSection":["mostrando","Noticias"],"inLanguage":"es"},{"@type":"WebPage","@id":"https:\/\/www.cafedelhomme.com\/es\/una-cena-gastronomica-con-vistas-a-la-torre-eiffel-por-que-elegir-el-restaurante-cafe-de-lhomme","url":"https:\/\/www.cafedelhomme.com\/es\/una-cena-gastronomica-con-vistas-a-la-torre-eiffel-por-que-elegir-el-restaurante-cafe-de-lhomme","name":"Una cena gastron\u00f3mica con vistas a la Torre Eiffel: \u00bfPor qu\u00e9 elegir el restaurante Caf\u00e9 de l'Homme? - Caf\u00e9 de l&#039;Homme","isPartOf":{"@id":"https:\/\/www.cafedelhomme.com\/es#website"},"primaryImageOfPage":{"@id":"https:\/\/www.cafedelhomme.com\/es\/una-cena-gastronomica-con-vistas-a-la-torre-eiffel-por-que-elegir-el-restaurante-cafe-de-lhomme#primaryimage"},"image":{"@id":"https:\/\/www.cafedelhomme.com\/es\/una-cena-gastronomica-con-vistas-a-la-torre-eiffel-por-que-elegir-el-restaurante-cafe-de-lhomme#primaryimage"},"thumbnailUrl":"https:\/\/www.cafedelhomme.com\/wp-content\/uploads\/2024\/06\/picture-14-juillet-2.jpg","datePublished":"2024-12-05T09:00:00+00:00","dateModified":"2025-03-27T16:03:07+00:00","description":"Una experiencia \u00fanica en el Caf\u00e9 de l'Homme: refinada gastronom\u00eda, impresionantes vistas de la Torre Eiffel y un encantador entorno del Trocadero.","inLanguage":"es","potentialAction":[{"@type":"ReadAction","target":["https:\/\/www.cafedelhomme.com\/es\/una-cena-gastronomica-con-vistas-a-la-torre-eiffel-por-que-elegir-el-restaurante-cafe-de-lhomme"]}]},{"@type":"ImageObject","inLanguage":"es","@id":"https:\/\/www.cafedelhomme.com\/es\/una-cena-gastronomica-con-vistas-a-la-torre-eiffel-por-que-elegir-el-restaurante-cafe-de-lhomme#primaryimage","url":"https:\/\/www.cafedelhomme.com\/wp-content\/uploads\/2024\/06\/picture-14-juillet-2.jpg","contentUrl":"https:\/\/www.cafedelhomme.com\/wp-content\/uploads\/2024\/06\/picture-14-juillet-2.jpg","width":1032,"height":1290},{"@type":"WebSite","@id":"https:\/\/www.cafedelhomme.com\/es#website","url":"https:\/\/www.cafedelhomme.com\/es","name":"Caf\u00e9 de l'Homme","description":"","publisher":{"@id":"https:\/\/www.cafedelhomme.com\/es#organization"},"potentialAction":[{"@type":"SearchAction","target":{"@type":"EntryPoint","urlTemplate":"https:\/\/www.cafedelhomme.com\/es?s={search_term_string}"},"query-input":{"@type":"PropertyValueSpecification","valueRequired":true,"valueName":"search_term_string"}}],"inLanguage":"es"},{"@type":"Organization","@id":"https:\/\/www.cafedelhomme.com\/es#organization","name":"Caf\u00e9 del Hombre","url":"https:\/\/www.cafedelhomme.com\/es","logo":{"@type":"ImageObject","inLanguage":"es","@id":"https:\/\/www.cafedelhomme.com\/es#\/schema\/logo\/image\/","url":"https:\/\/www.cafedelhomme.com\/wp-content\/uploads\/2023\/04\/big-logo-300x163-1.png","contentUrl":"https:\/\/www.cafedelhomme.com\/wp-content\/uploads\/2023\/04\/big-logo-300x163-1.png","width":300,"height":163,"caption":"Caf\u00e9 del Hombre"},"image":{"@id":"https:\/\/www.cafedelhomme.com\/es#\/schema\/logo\/image\/"},"sameAs":["https:\/\/www.facebook.com\/cafedelhomme","https:\/\/www.instagram.com\/cafedelhomme\/"]},{"@type":"Person","@id":"https:\/\/www.cafedelhomme.com\/es#\/schema\/person\/55c660f885a3bf3b1d08ae502bd6850f","name":"Getup","image":{"@type":"ImageObject","inLanguage":"es","@id":"https:\/\/www.cafedelhomme.com\/es#\/schema\/person\/image\/","url":"https:\/\/secure.gravatar.com\/avatar\/5e19627732ce1f7366d35b250158e58668ab387bcef3219ee7bba031ec656192?s=96&d=mm&r=g","contentUrl":"https:\/\/secure.gravatar.com\/avatar\/5e19627732ce1f7366d35b250158e58668ab387bcef3219ee7bba031ec656192?s=96&d=mm&r=g","caption":"Getup"},"sameAs":["https:\/\/www.cafedelhomme.com"]}]}},"_links":{"self":[{"href":"https:\/\/www.cafedelhomme.com\/es\/wp-json\/wp\/v2\/posts\/10284","targetHints":{"allow":["GET"]}}],"collection":[{"href":"https:\/\/www.cafedelhomme.com\/es\/wp-json\/wp\/v2\/posts"}],"about":[{"href":"https:\/\/www.cafedelhomme.com\/es\/wp-json\/wp\/v2\/types\/post"}],"author":[{"embeddable":true,"href":"https:\/\/www.cafedelhomme.com\/es\/wp-json\/wp\/v2\/users\/1"}],"replies":[{"embeddable":true,"href":"https:\/\/www.cafedelhomme.com\/es\/wp-json\/wp\/v2\/comments?post=10284"}],"version-history":[{"count":1,"href":"https:\/\/www.cafedelhomme.com\/es\/wp-json\/wp\/v2\/posts\/10284\/revisions"}],"predecessor-version":[{"id":10293,"href":"https:\/\/www.cafedelhomme.com\/es\/wp-json\/wp\/v2\/posts\/10284\/revisions\/10293"}],"wp:featuredmedia":[{"embeddable":true,"href":"https:\/\/www.cafedelhomme.com\/es\/wp-json\/wp\/v2\/media\/10287"}],"wp:attachment":[{"href":"https:\/\/www.cafedelhomme.com\/es\/wp-json\/wp\/v2\/media?parent=10284"}],"wp:term":[{"taxonomy":"category","embeddable":true,"href":"https:\/\/www.cafedelhomme.com\/es\/wp-json\/wp\/v2\/categories?post=10284"},{"taxonomy":"post_tag","embeddable":true,"href":"https:\/\/www.cafedelhomme.com\/es\/wp-json\/wp\/v2\/tags?post=10284"}],"curies":[{"name":"wp","href":"https:\/\/api.w.org\/{rel}","templated":true}]}}