{"id":11115,"date":"2025-05-15T09:00:36","date_gmt":"2025-05-15T07:00:36","guid":{"rendered":"https:\/\/www.cafedelhomme.com\/?p=11115"},"modified":"2025-04-29T09:50:09","modified_gmt":"2025-04-29T07:50:09","slug":"ternera-estofada-a-las-7-un-homenaje-a-la-tradicion-francesa","status":"publish","type":"post","link":"https:\/\/www.cafedelhomme.com\/es\/ternera-estofada-a-las-7-un-homenaje-a-la-tradicion-francesa","title":{"rendered":"Ternera estofada a las 7 : un homenaje a la tradici\u00f3n francesa"},"content":{"rendered":"<div class=\"wpb-content-wrapper\"><p>[vc_row responsive_css=\u00bbmargin_top_large:100px|margin_bottom_large:100px\u00bb css=\u00bb.vc_custom_1690902189577{margin-top: 100px !important;margin-bottom: 100px !important;}\u00bb][vc_column][vc_column_text css=\u00bb.vc_custom_1739807463752{margin-bottom: 40px !important;}\u00bb]<span style=\"font-weight: 400;\">Hay platos que cuentan una historia y resisten el paso del tiempo. En el <b>Caf\u00e9 de l&rsquo;Homme<\/b>, una direcci\u00f3n emblem\u00e1tica enclavada en el coraz\u00f3n del <b>Palais de Chaillot<\/b>, la <b>ternera estofada durante 7 horas <\/b>es un vibrante homenaje a la gastronom\u00eda francesa. <\/span>[\/vc_column_text][vc_custom_heading text=\u00bbUna direcci\u00f3n excepcional para sublimar las tradiciones\u00bb css=\u00bb.vc_custom_1739807699967{padding-top: 5px !important;}\u00bb][vc_column_text css=\u00bb\u00bb]<\/p>\n<p>En este marco \u00fanico, con la <b>Torre Eiffel <\/b>como tel\u00f3n de fondo, cada experiencia se ti\u00f1e de magia. <b>Caf\u00e9 de l&rsquo;Homme<\/b> encarna el arte de vivir a la francesa: elegancia, convivencia y excelencia. Es aqu\u00ed, frente a uno de los monumentos m\u00e1s emblem\u00e1ticos del mundo, donde la gente viene a celebrar, degustar y, sobre todo, saborear el momento.<\/p>\n<p>El Chef Wilfried Graux, apasionado de la cocina local y de las tradiciones revisitadas, propone una interpretaci\u00f3n contempor\u00e1nea de platos impregnados de nuestra memoria colectiva. Su <b>ternera estofada<\/b> es un ejemplo perfecto.[\/vc_column_text][\/vc_column][\/vc_row][vc_row responsive_css=\u00bbmargin_top_large:100px|margin_bottom_large:100px\u00bb css=\u00bb.vc_custom_1690902189577{margin-top: 100px !important;margin-bottom: 100px !important;}\u00bb][vc_column][vc_custom_heading text=\u00bbCarne elegida con cuidado\u00bb css=\u00bb.vc_custom_1739807720585{padding-top: 5px !important;}\u00bb][vc_column_text css=\u00bb\u00bb]<\/p>\n<p>Todo comienza con la selecci\u00f3n de la carne. El Chef no escatima en calidad: s\u00f3lo se eligen cortes de razas francesas famosas por su veteado, sabor y ternura. La carne se elige por su riqueza de sabor, su capacidad para envejecer bien y, sobre todo, su capacidad para transformarse bajo el efecto de una cocci\u00f3n lenta y controlada.<\/p>\n<p>Al cocinarse, las fibras se ablandan, los jugos se caramelizan y la <b>carne <\/b>se deshace en la boca, casi se confita. El resultado es una textura poco com\u00fan, un sabor profundo y un gusto intenso.[\/vc_column_text][\/vc_column][\/vc_row][vc_row responsive_css=\u00bbmargin_top_large:100px|margin_bottom_large:100px\u00bb css=\u00bb.vc_custom_1690902189577{margin-top: 100px !important;margin-bottom: 100px !important;}\u00bb][vc_column][vc_custom_heading text=\u00bbEl arte del acompa\u00f1amiento: zanahorias en todas sus formas\u00bb css=\u00bb.vc_custom_1739807736001{padding-top: 5px !important;}\u00bb][vc_column_text css=\u00bb\u00bb]Confitadas en mantequilla de avellana, las zanahorias son suaves y dulces por naturaleza. En pur\u00e9, ofrecen una textura cremosa, casi aterciopelada, con un toque de especias suaves. Un sutil contraste que equilibra a la perfecci\u00f3n la riqueza de la <strong>ternera<\/strong>.[\/vc_column_text][\/vc_column][\/vc_row][vc_row responsive_css=\u00bbmargin_top_large:100px|margin_bottom_large:100px\u00bb css=\u00bb.vc_custom_1690902189577{margin-top: 100px !important;margin-bottom: 100px !important;}\u00bb][vc_column][vc_custom_heading text=\u00bbUn momento suspendido en el coraz\u00f3n de Par\u00eds\u00bb css=\u00bb.vc_custom_1739807758901{padding-top: 5px !important;}\u00bb][vc_column_text css=\u00bb\u00bb]Tanto si est\u00e1 de paso por Par\u00eds como si busca un lugar excepcional para una ocasi\u00f3n especial, el <strong>Caf\u00e9 de l&rsquo;Homme<\/strong> le da la bienvenida para vivir una experiencia intemporal. Frente a la <strong>Dama de Hierro<\/strong>, cada bocado se convierte en un recuerdo.<span style=\"font-weight: 400;\">\u00a0<\/span>[\/vc_column_text]<a href=\"https:\/\/www.cafedelhomme.com\/privatiser#table-dhote\" target=\"_blank\" class=\"btn btn-default btn-bordered border-thin btn btn-outline btn-outline-black ld_button_69edbc365f3f0\">\n\t<span>\n\t\t\n\t\t\t\t\t<span class=\"btn-txt\">Reservar una mesa<\/span>\n\t\t\t\n\t\t\t\t<\/span>\n<\/a>\n[\/vc_column][\/vc_row]<\/p>\n<\/div>","protected":false},"excerpt":{"rendered":"<p>[vc_row responsive_css=\u00bbmargin_top_large:100px|margin_bottom_large:100px\u00bb css=\u00bb.vc_custom_1690902189577{margin-top: 100px !important;margin-bottom: 100px !important;}\u00bb][vc_column][vc_column_text css=\u00bb.vc_custom_1739807463752{margin-bottom: 40px !important;}\u00bb]Hay platos que cuentan una historia y resisten el paso del tiempo. En el Caf\u00e9 de l&rsquo;Homme, una direcci\u00f3n emblem\u00e1tica enclavada en el coraz\u00f3n del Palais de Chaillot, la ternera estofada durante 7 horas es un&#8230;<\/p>\n","protected":false},"author":9,"featured_media":11179,"comment_status":"closed","ping_status":"open","sticky":false,"template":"","format":"standard","meta":{"_acf_changed":false,"footnotes":""},"categories":[159,158],"tags":[],"class_list":["post-11115","post","type-post","status-publish","format-standard","has-post-thumbnail","hentry","category-mostrando","category-noticias-es"],"acf":[],"yoast_head":"<!-- This site is optimized with the Yoast SEO Premium plugin v20.10 (Yoast SEO v27.0) - https:\/\/yoast.com\/product\/yoast-seo-premium-wordpress\/ -->\n<title>Ternera estofada a las 7 : un homenaje a la tradici\u00f3n francesa - Caf\u00e9 de l&#039;Homme<\/title>\n<meta name=\"description\" content=\"En el Caf\u00e9 de l&#039;Homme, una direcci\u00f3n emblem\u00e1tica enclavada en el coraz\u00f3n del Palais de Chaillot, la ternera estofada durante 7 horas es un vibrante homenaje a la gastronom\u00eda francesa.\" \/>\n<meta name=\"robots\" content=\"index, follow, max-snippet:-1, max-image-preview:large, max-video-preview:-1\" \/>\n<link rel=\"canonical\" href=\"https:\/\/www.cafedelhomme.com\/es\/ternera-estofada-a-las-7-un-homenaje-a-la-tradicion-francesa\" \/>\n<meta property=\"og:locale\" content=\"es_ES\" \/>\n<meta property=\"og:type\" content=\"article\" \/>\n<meta property=\"og:title\" content=\"Ternera estofada a las 7 : un homenaje a la tradici\u00f3n francesa\" \/>\n<meta property=\"og:description\" content=\"En el Caf\u00e9 de l&#039;Homme, una direcci\u00f3n emblem\u00e1tica enclavada en el coraz\u00f3n del Palais de Chaillot, la ternera estofada durante 7 horas es un vibrante homenaje a la gastronom\u00eda francesa.\" \/>\n<meta property=\"og:url\" content=\"https:\/\/www.cafedelhomme.com\/es\/ternera-estofada-a-las-7-un-homenaje-a-la-tradicion-francesa\" \/>\n<meta property=\"og:site_name\" content=\"Caf\u00e9 de l&#039;Homme\" \/>\n<meta property=\"article:publisher\" content=\"https:\/\/www.facebook.com\/cafedelhomme\" \/>\n<meta property=\"article:published_time\" content=\"2025-05-15T07:00:36+00:00\" \/>\n<meta property=\"og:image\" content=\"https:\/\/www.cafedelhomme.com\/wp-content\/uploads\/2025\/04\/DSC03644.jpg\" \/>\n\t<meta property=\"og:image:width\" content=\"1280\" \/>\n\t<meta property=\"og:image:height\" content=\"1920\" \/>\n\t<meta property=\"og:image:type\" content=\"image\/jpeg\" \/>\n<meta name=\"author\" content=\"Marketing\" \/>\n<meta name=\"twitter:card\" content=\"summary_large_image\" \/>\n<meta name=\"twitter:label1\" content=\"Escrito por\" \/>\n\t<meta name=\"twitter:data1\" content=\"Marketing\" \/>\n\t<meta name=\"twitter:label2\" content=\"Tiempo de lectura\" \/>\n\t<meta name=\"twitter:data2\" content=\"3 minutos\" \/>\n<script type=\"application\/ld+json\" class=\"yoast-schema-graph\">{\"@context\":\"https:\/\/schema.org\",\"@graph\":[{\"@type\":\"Article\",\"@id\":\"https:\/\/www.cafedelhomme.com\/es\/ternera-estofada-a-las-7-un-homenaje-a-la-tradicion-francesa#article\",\"isPartOf\":{\"@id\":\"https:\/\/www.cafedelhomme.com\/es\/ternera-estofada-a-las-7-un-homenaje-a-la-tradicion-francesa\"},\"author\":{\"name\":\"Marketing\",\"@id\":\"https:\/\/www.cafedelhomme.com\/es#\/schema\/person\/6e8511c8f2a5f67fe09441e43be583cf\"},\"headline\":\"Ternera estofada a las 7 : un homenaje a la tradici\u00f3n francesa\",\"datePublished\":\"2025-05-15T07:00:36+00:00\",\"mainEntityOfPage\":{\"@id\":\"https:\/\/www.cafedelhomme.com\/es\/ternera-estofada-a-las-7-un-homenaje-a-la-tradicion-francesa\"},\"wordCount\":583,\"publisher\":{\"@id\":\"https:\/\/www.cafedelhomme.com\/es#organization\"},\"image\":{\"@id\":\"https:\/\/www.cafedelhomme.com\/es\/ternera-estofada-a-las-7-un-homenaje-a-la-tradicion-francesa#primaryimage\"},\"thumbnailUrl\":\"https:\/\/www.cafedelhomme.com\/wp-content\/uploads\/2025\/04\/DSC03644.jpg\",\"articleSection\":[\"mostrando\",\"Noticias\"],\"inLanguage\":\"es\"},{\"@type\":\"WebPage\",\"@id\":\"https:\/\/www.cafedelhomme.com\/es\/ternera-estofada-a-las-7-un-homenaje-a-la-tradicion-francesa\",\"url\":\"https:\/\/www.cafedelhomme.com\/es\/ternera-estofada-a-las-7-un-homenaje-a-la-tradicion-francesa\",\"name\":\"Ternera estofada a las 7 : un homenaje a la tradici\u00f3n francesa - Caf\u00e9 de l&#039;Homme\",\"isPartOf\":{\"@id\":\"https:\/\/www.cafedelhomme.com\/es#website\"},\"primaryImageOfPage\":{\"@id\":\"https:\/\/www.cafedelhomme.com\/es\/ternera-estofada-a-las-7-un-homenaje-a-la-tradicion-francesa#primaryimage\"},\"image\":{\"@id\":\"https:\/\/www.cafedelhomme.com\/es\/ternera-estofada-a-las-7-un-homenaje-a-la-tradicion-francesa#primaryimage\"},\"thumbnailUrl\":\"https:\/\/www.cafedelhomme.com\/wp-content\/uploads\/2025\/04\/DSC03644.jpg\",\"datePublished\":\"2025-05-15T07:00:36+00:00\",\"description\":\"En el Caf\u00e9 de l'Homme, una direcci\u00f3n emblem\u00e1tica enclavada en el coraz\u00f3n del Palais de Chaillot, la ternera estofada durante 7 horas es un vibrante homenaje a la gastronom\u00eda francesa.\",\"inLanguage\":\"es\",\"potentialAction\":[{\"@type\":\"ReadAction\",\"target\":[\"https:\/\/www.cafedelhomme.com\/es\/ternera-estofada-a-las-7-un-homenaje-a-la-tradicion-francesa\"]}]},{\"@type\":\"ImageObject\",\"inLanguage\":\"es\",\"@id\":\"https:\/\/www.cafedelhomme.com\/es\/ternera-estofada-a-las-7-un-homenaje-a-la-tradicion-francesa#primaryimage\",\"url\":\"https:\/\/www.cafedelhomme.com\/wp-content\/uploads\/2025\/04\/DSC03644.jpg\",\"contentUrl\":\"https:\/\/www.cafedelhomme.com\/wp-content\/uploads\/2025\/04\/DSC03644.jpg\",\"width\":1280,\"height\":1920,\"caption\":\"Estofado de ternera, zanahorias, pur\u00e9 de patatas, gastronom\u00eda\"},{\"@type\":\"WebSite\",\"@id\":\"https:\/\/www.cafedelhomme.com\/es#website\",\"url\":\"https:\/\/www.cafedelhomme.com\/es\",\"name\":\"Caf\u00e9 de l'Homme\",\"description\":\"\",\"publisher\":{\"@id\":\"https:\/\/www.cafedelhomme.com\/es#organization\"},\"potentialAction\":[{\"@type\":\"SearchAction\",\"target\":{\"@type\":\"EntryPoint\",\"urlTemplate\":\"https:\/\/www.cafedelhomme.com\/es?s={search_term_string}\"},\"query-input\":{\"@type\":\"PropertyValueSpecification\",\"valueRequired\":true,\"valueName\":\"search_term_string\"}}],\"inLanguage\":\"es\"},{\"@type\":\"Organization\",\"@id\":\"https:\/\/www.cafedelhomme.com\/es#organization\",\"name\":\"Caf\u00e9 del Hombre\",\"url\":\"https:\/\/www.cafedelhomme.com\/es\",\"logo\":{\"@type\":\"ImageObject\",\"inLanguage\":\"es\",\"@id\":\"https:\/\/www.cafedelhomme.com\/es#\/schema\/logo\/image\/\",\"url\":\"https:\/\/www.cafedelhomme.com\/wp-content\/uploads\/2023\/04\/big-logo-300x163-1.png\",\"contentUrl\":\"https:\/\/www.cafedelhomme.com\/wp-content\/uploads\/2023\/04\/big-logo-300x163-1.png\",\"width\":300,\"height\":163,\"caption\":\"Caf\u00e9 del Hombre\"},\"image\":{\"@id\":\"https:\/\/www.cafedelhomme.com\/es#\/schema\/logo\/image\/\"},\"sameAs\":[\"https:\/\/www.facebook.com\/cafedelhomme\",\"https:\/\/www.instagram.com\/cafedelhomme\/\"]},{\"@type\":\"Person\",\"@id\":\"https:\/\/www.cafedelhomme.com\/es#\/schema\/person\/6e8511c8f2a5f67fe09441e43be583cf\",\"name\":\"Marketing\",\"image\":{\"@type\":\"ImageObject\",\"inLanguage\":\"es\",\"@id\":\"https:\/\/www.cafedelhomme.com\/es#\/schema\/person\/image\/\",\"url\":\"https:\/\/secure.gravatar.com\/avatar\/87ce55b262b05881147ff2405c09deba3304ca53053e2ddb7eddade60eafc929?s=96&d=mm&r=g\",\"contentUrl\":\"https:\/\/secure.gravatar.com\/avatar\/87ce55b262b05881147ff2405c09deba3304ca53053e2ddb7eddade60eafc929?s=96&d=mm&r=g\",\"caption\":\"Marketing\"}}]}<\/script>\n<!-- \/ Yoast SEO Premium plugin. -->","yoast_head_json":{"title":"Ternera estofada a las 7 : un homenaje a la tradici\u00f3n francesa - Caf\u00e9 de l&#039;Homme","description":"En el Caf\u00e9 de l'Homme, una direcci\u00f3n emblem\u00e1tica enclavada en el coraz\u00f3n del Palais de Chaillot, la ternera estofada durante 7 horas es un vibrante homenaje a la gastronom\u00eda francesa.","robots":{"index":"index","follow":"follow","max-snippet":"max-snippet:-1","max-image-preview":"max-image-preview:large","max-video-preview":"max-video-preview:-1"},"canonical":"https:\/\/www.cafedelhomme.com\/es\/ternera-estofada-a-las-7-un-homenaje-a-la-tradicion-francesa","og_locale":"es_ES","og_type":"article","og_title":"Ternera estofada a las 7 : un homenaje a la tradici\u00f3n francesa","og_description":"En el Caf\u00e9 de l'Homme, una direcci\u00f3n emblem\u00e1tica enclavada en el coraz\u00f3n del Palais de Chaillot, la ternera estofada durante 7 horas es un vibrante homenaje a la gastronom\u00eda francesa.","og_url":"https:\/\/www.cafedelhomme.com\/es\/ternera-estofada-a-las-7-un-homenaje-a-la-tradicion-francesa","og_site_name":"Caf\u00e9 de l&#039;Homme","article_publisher":"https:\/\/www.facebook.com\/cafedelhomme","article_published_time":"2025-05-15T07:00:36+00:00","og_image":[{"width":1280,"height":1920,"url":"https:\/\/www.cafedelhomme.com\/wp-content\/uploads\/2025\/04\/DSC03644.jpg","type":"image\/jpeg"}],"author":"Marketing","twitter_card":"summary_large_image","twitter_misc":{"Escrito por":"Marketing","Tiempo de lectura":"3 minutos"},"schema":{"@context":"https:\/\/schema.org","@graph":[{"@type":"Article","@id":"https:\/\/www.cafedelhomme.com\/es\/ternera-estofada-a-las-7-un-homenaje-a-la-tradicion-francesa#article","isPartOf":{"@id":"https:\/\/www.cafedelhomme.com\/es\/ternera-estofada-a-las-7-un-homenaje-a-la-tradicion-francesa"},"author":{"name":"Marketing","@id":"https:\/\/www.cafedelhomme.com\/es#\/schema\/person\/6e8511c8f2a5f67fe09441e43be583cf"},"headline":"Ternera estofada a las 7 : un homenaje a la tradici\u00f3n francesa","datePublished":"2025-05-15T07:00:36+00:00","mainEntityOfPage":{"@id":"https:\/\/www.cafedelhomme.com\/es\/ternera-estofada-a-las-7-un-homenaje-a-la-tradicion-francesa"},"wordCount":583,"publisher":{"@id":"https:\/\/www.cafedelhomme.com\/es#organization"},"image":{"@id":"https:\/\/www.cafedelhomme.com\/es\/ternera-estofada-a-las-7-un-homenaje-a-la-tradicion-francesa#primaryimage"},"thumbnailUrl":"https:\/\/www.cafedelhomme.com\/wp-content\/uploads\/2025\/04\/DSC03644.jpg","articleSection":["mostrando","Noticias"],"inLanguage":"es"},{"@type":"WebPage","@id":"https:\/\/www.cafedelhomme.com\/es\/ternera-estofada-a-las-7-un-homenaje-a-la-tradicion-francesa","url":"https:\/\/www.cafedelhomme.com\/es\/ternera-estofada-a-las-7-un-homenaje-a-la-tradicion-francesa","name":"Ternera estofada a las 7 : un homenaje a la tradici\u00f3n francesa - Caf\u00e9 de l&#039;Homme","isPartOf":{"@id":"https:\/\/www.cafedelhomme.com\/es#website"},"primaryImageOfPage":{"@id":"https:\/\/www.cafedelhomme.com\/es\/ternera-estofada-a-las-7-un-homenaje-a-la-tradicion-francesa#primaryimage"},"image":{"@id":"https:\/\/www.cafedelhomme.com\/es\/ternera-estofada-a-las-7-un-homenaje-a-la-tradicion-francesa#primaryimage"},"thumbnailUrl":"https:\/\/www.cafedelhomme.com\/wp-content\/uploads\/2025\/04\/DSC03644.jpg","datePublished":"2025-05-15T07:00:36+00:00","description":"En el Caf\u00e9 de l'Homme, una direcci\u00f3n emblem\u00e1tica enclavada en el coraz\u00f3n del Palais de Chaillot, la ternera estofada durante 7 horas es un vibrante homenaje a la gastronom\u00eda francesa.","inLanguage":"es","potentialAction":[{"@type":"ReadAction","target":["https:\/\/www.cafedelhomme.com\/es\/ternera-estofada-a-las-7-un-homenaje-a-la-tradicion-francesa"]}]},{"@type":"ImageObject","inLanguage":"es","@id":"https:\/\/www.cafedelhomme.com\/es\/ternera-estofada-a-las-7-un-homenaje-a-la-tradicion-francesa#primaryimage","url":"https:\/\/www.cafedelhomme.com\/wp-content\/uploads\/2025\/04\/DSC03644.jpg","contentUrl":"https:\/\/www.cafedelhomme.com\/wp-content\/uploads\/2025\/04\/DSC03644.jpg","width":1280,"height":1920,"caption":"Estofado de ternera, zanahorias, pur\u00e9 de patatas, gastronom\u00eda"},{"@type":"WebSite","@id":"https:\/\/www.cafedelhomme.com\/es#website","url":"https:\/\/www.cafedelhomme.com\/es","name":"Caf\u00e9 de l'Homme","description":"","publisher":{"@id":"https:\/\/www.cafedelhomme.com\/es#organization"},"potentialAction":[{"@type":"SearchAction","target":{"@type":"EntryPoint","urlTemplate":"https:\/\/www.cafedelhomme.com\/es?s={search_term_string}"},"query-input":{"@type":"PropertyValueSpecification","valueRequired":true,"valueName":"search_term_string"}}],"inLanguage":"es"},{"@type":"Organization","@id":"https:\/\/www.cafedelhomme.com\/es#organization","name":"Caf\u00e9 del Hombre","url":"https:\/\/www.cafedelhomme.com\/es","logo":{"@type":"ImageObject","inLanguage":"es","@id":"https:\/\/www.cafedelhomme.com\/es#\/schema\/logo\/image\/","url":"https:\/\/www.cafedelhomme.com\/wp-content\/uploads\/2023\/04\/big-logo-300x163-1.png","contentUrl":"https:\/\/www.cafedelhomme.com\/wp-content\/uploads\/2023\/04\/big-logo-300x163-1.png","width":300,"height":163,"caption":"Caf\u00e9 del Hombre"},"image":{"@id":"https:\/\/www.cafedelhomme.com\/es#\/schema\/logo\/image\/"},"sameAs":["https:\/\/www.facebook.com\/cafedelhomme","https:\/\/www.instagram.com\/cafedelhomme\/"]},{"@type":"Person","@id":"https:\/\/www.cafedelhomme.com\/es#\/schema\/person\/6e8511c8f2a5f67fe09441e43be583cf","name":"Marketing","image":{"@type":"ImageObject","inLanguage":"es","@id":"https:\/\/www.cafedelhomme.com\/es#\/schema\/person\/image\/","url":"https:\/\/secure.gravatar.com\/avatar\/87ce55b262b05881147ff2405c09deba3304ca53053e2ddb7eddade60eafc929?s=96&d=mm&r=g","contentUrl":"https:\/\/secure.gravatar.com\/avatar\/87ce55b262b05881147ff2405c09deba3304ca53053e2ddb7eddade60eafc929?s=96&d=mm&r=g","caption":"Marketing"}}]}},"_links":{"self":[{"href":"https:\/\/www.cafedelhomme.com\/es\/wp-json\/wp\/v2\/posts\/11115","targetHints":{"allow":["GET"]}}],"collection":[{"href":"https:\/\/www.cafedelhomme.com\/es\/wp-json\/wp\/v2\/posts"}],"about":[{"href":"https:\/\/www.cafedelhomme.com\/es\/wp-json\/wp\/v2\/types\/post"}],"author":[{"embeddable":true,"href":"https:\/\/www.cafedelhomme.com\/es\/wp-json\/wp\/v2\/users\/9"}],"replies":[{"embeddable":true,"href":"https:\/\/www.cafedelhomme.com\/es\/wp-json\/wp\/v2\/comments?post=11115"}],"version-history":[{"count":5,"href":"https:\/\/www.cafedelhomme.com\/es\/wp-json\/wp\/v2\/posts\/11115\/revisions"}],"predecessor-version":[{"id":11181,"href":"https:\/\/www.cafedelhomme.com\/es\/wp-json\/wp\/v2\/posts\/11115\/revisions\/11181"}],"wp:featuredmedia":[{"embeddable":true,"href":"https:\/\/www.cafedelhomme.com\/es\/wp-json\/wp\/v2\/media\/11179"}],"wp:attachment":[{"href":"https:\/\/www.cafedelhomme.com\/es\/wp-json\/wp\/v2\/media?parent=11115"}],"wp:term":[{"taxonomy":"category","embeddable":true,"href":"https:\/\/www.cafedelhomme.com\/es\/wp-json\/wp\/v2\/categories?post=11115"},{"taxonomy":"post_tag","embeddable":true,"href":"https:\/\/www.cafedelhomme.com\/es\/wp-json\/wp\/v2\/tags?post=11115"}],"curies":[{"name":"wp","href":"https:\/\/api.w.org\/{rel}","templated":true}]}}