{"id":11647,"date":"2025-06-05T09:50:58","date_gmt":"2025-06-05T07:50:58","guid":{"rendered":"https:\/\/www.cafedelhomme.com\/?p=11647"},"modified":"2025-05-27T15:12:30","modified_gmt":"2025-05-27T13:12:30","slug":"un-marco-excepcional-para-sus-eventos-de-negocios","status":"publish","type":"post","link":"https:\/\/www.cafedelhomme.com\/es\/un-marco-excepcional-para-sus-eventos-de-negocios","title":{"rendered":"Un marco excepcional para sus eventos de negocios"},"content":{"rendered":"<div class=\"wpb-content-wrapper\"><p>[vc_row responsive_css=\u00bbmargin_top_large:100px|margin_bottom_large:100px\u00bb css=\u00bb.vc_custom_1690902189577{margin-top: 100px !important;margin-bottom: 100px !important;}\u00bb][vc_column][vc_column_text css=\u00bb.vc_custom_1739807463752{margin-bottom: 40px !important;}\u00bb]<span style=\"font-weight: 400;\">En el coraz\u00f3n del <b>Trocadero<\/b>, en el ala monumental del <b>Palacio de Chaillot, el Caf\u00e9 de l&rsquo;Homme<\/b> acoge los eventos de negocios m\u00e1s prestigiosos. Frente a la <b>Torre Eiffel<\/b>, en un marco que combina patrimonio arquitect\u00f3nico y dise\u00f1o contempor\u00e1neo, la direcci\u00f3n se distingue como un <b>lugar especial<\/b> para marcar los momentos culminantes de la<b> vida empresarial.<\/b> <\/span>[\/vc_column_text][vc_custom_heading text=\u00bb<b>Un restaurante \u00fanico para sus reuniones excepcionales<\/b>\u00bb css=\u00bb.vc_custom_1739807699967{padding-top: 5px !important;}\u00bb][vc_column_text css=\u00bb\u00bb]<b>Seminarios, c\u00f3cteles, conferencias, lanzamientos de productos o cenas de empresa:<\/b> el Caf\u00e9 de l&rsquo;Homme se adapta a sus eventos profesionales, siempre con la m\u00e1xima exigencia y profesionalidad. Modular y totalmente equipado, el lugar combina <b>funcionalidad y refinamiento<\/b> en un ambiente atemporal.<\/p>\n<p>Cada espacio -terraza panor\u00e1mica, sala interior o sal\u00f3n privado- ofrece una <b>vista espectacular de la Torre Eiffel,<\/b> lo que a\u00f1ade un car\u00e1cter memorable a cada reuni\u00f3n.[\/vc_column_text][\/vc_column][\/vc_row][vc_row responsive_css=\u00bbmargin_top_large:100px|margin_bottom_large:100px\u00bb css=\u00bb.vc_custom_1690902189577{margin-top: 100px !important;margin-bottom: 100px !important;}\u00bb][vc_column][vc_custom_heading text=\u00bb<b>Excelencia para sus eventos<\/b>\u00bb css=\u00bb.vc_custom_1739807720585{padding-top: 5px !important;}\u00bb][vc_column_text css=\u00bb\u00bb]Venir al Caf\u00e9 de l&rsquo;Homme significa ofrecer a sus invitados una <b>experiencia a medida<\/b>, combinando calidad de <b>servicio, gastronom\u00eda y un marco prestigioso<\/b>.<\/p>\n<p>La cocina, dirigida por el chef Wilfried Graux, refleja el ADN del lugar: <b>productos de temporada<\/b>, creaciones refinadas y combinaciones atrevidas. Un <b>servicio atento<\/b> y discreto se encarga de que todo marche sobre ruedas, sin perturbar un ambiente propicio a la conversaci\u00f3n y, cuando es necesario, a la <b>confidencialidad<\/b>.[\/vc_column_text][\/vc_column][\/vc_row][vc_row responsive_css=\u00bbmargin_top_large:100px|margin_bottom_large:100px\u00bb css=\u00bb.vc_custom_1690902189577{margin-top: 100px !important;margin-bottom: 100px !important;}\u00bb][vc_column][vc_custom_heading text=\u00bb<b>Una direcci\u00f3n ineludible en el coraz\u00f3n de Par\u00eds<\/b>\u00bb css=\u00bb.vc_custom_1739807736001{padding-top: 5px !important;}\u00bb][vc_column_text css=\u00bb\u00bb]Al elegir el <b>Caf\u00e9 de l&rsquo;Homme<\/b> para sus eventos de empresa, ofrece a sus colaboradores una <b>experiencia excepcional<\/b>, donde cada detalle refleja su ambici\u00f3n. En la encrucijada de la historia, la gastronom\u00eda y la innovaci\u00f3n, nuestro establecimiento afirma su papel de <b>socio privilegiado<\/b> para todas las empresas en busca de <b>valor, emoci\u00f3n y distinci\u00f3n.<\/b>[\/vc_column_text]<a href=\"https:\/\/www.cafedelhomme.com\/es\/groupes\" target=\"_blank\" class=\"btn btn-default btn-bordered border-thin btn btn-outline btn-outline-black ld_button_69f1e9f3358c9\">\n\t<span>\n\t\t\n\t\t\t\t\t<span class=\"btn-txt\">organizar una comida en grupo<\/span>\n\t\t\t\n\t\t\t\t<\/span>\n<\/a>\n[\/vc_column][\/vc_row]<\/p>\n<\/div>","protected":false},"excerpt":{"rendered":"<p>[vc_row responsive_css=\u00bbmargin_top_large:100px|margin_bottom_large:100px\u00bb css=\u00bb.vc_custom_1690902189577{margin-top: 100px !important;margin-bottom: 100px !important;}\u00bb][vc_column][vc_column_text css=\u00bb.vc_custom_1739807463752{margin-bottom: 40px !important;}\u00bb]En el coraz\u00f3n del Trocadero, en el ala monumental del Palacio de Chaillot, el Caf\u00e9 de l&rsquo;Homme acoge los eventos de negocios m\u00e1s prestigiosos. Frente a la Torre Eiffel, en un marco que combina patrimonio arquitect\u00f3nico&#8230;<\/p>\n","protected":false},"author":9,"featured_media":11611,"comment_status":"closed","ping_status":"open","sticky":false,"template":"","format":"standard","meta":{"_acf_changed":false,"footnotes":""},"categories":[159,158],"tags":[],"class_list":["post-11647","post","type-post","status-publish","format-standard","has-post-thumbnail","hentry","category-mostrando","category-noticias-es"],"acf":[],"yoast_head":"<!-- This site is optimized with the Yoast SEO Premium plugin v20.10 (Yoast SEO v27.0) - https:\/\/yoast.com\/product\/yoast-seo-premium-wordpress\/ -->\n<title>Un marco excepcional para sus eventos de negocios - Caf\u00e9 de l&#039;Homme<\/title>\n<meta name=\"description\" content=\"En el coraz\u00f3n del Trocadero, en el ala monumental del Palacio de Chaillot, el Caf\u00e9 de l&#039;Homme acoge los eventos de negocios m\u00e1s prestigiosos\" \/>\n<meta name=\"robots\" content=\"index, follow, max-snippet:-1, max-image-preview:large, max-video-preview:-1\" \/>\n<link rel=\"canonical\" href=\"https:\/\/www.cafedelhomme.com\/es\/un-marco-excepcional-para-sus-eventos-de-negocios\" \/>\n<meta property=\"og:locale\" content=\"es_ES\" \/>\n<meta property=\"og:type\" content=\"article\" \/>\n<meta property=\"og:title\" content=\"Un marco excepcional para sus eventos de negocios\" \/>\n<meta property=\"og:description\" content=\"En el coraz\u00f3n del Trocadero, en el ala monumental del Palacio de Chaillot, el Caf\u00e9 de l&#039;Homme acoge los eventos de negocios m\u00e1s prestigiosos\" \/>\n<meta property=\"og:url\" content=\"https:\/\/www.cafedelhomme.com\/es\/un-marco-excepcional-para-sus-eventos-de-negocios\" \/>\n<meta property=\"og:site_name\" content=\"Caf\u00e9 de l&#039;Homme\" \/>\n<meta property=\"article:publisher\" content=\"https:\/\/www.facebook.com\/cafedelhomme\" \/>\n<meta property=\"article:published_time\" content=\"2025-06-05T07:50:58+00:00\" \/>\n<meta property=\"og:image\" content=\"https:\/\/www.cafedelhomme.com\/wp-content\/uploads\/2025\/05\/2S7A0726.jpg\" \/>\n\t<meta property=\"og:image:width\" content=\"1920\" \/>\n\t<meta property=\"og:image:height\" content=\"1280\" \/>\n\t<meta property=\"og:image:type\" content=\"image\/jpeg\" \/>\n<meta name=\"author\" content=\"Marketing\" \/>\n<meta name=\"twitter:card\" content=\"summary_large_image\" \/>\n<meta name=\"twitter:label1\" content=\"Escrito por\" \/>\n\t<meta name=\"twitter:data1\" content=\"Marketing\" \/>\n\t<meta name=\"twitter:label2\" content=\"Tiempo de lectura\" \/>\n\t<meta name=\"twitter:data2\" content=\"2 minutos\" \/>\n<script type=\"application\/ld+json\" class=\"yoast-schema-graph\">{\"@context\":\"https:\/\/schema.org\",\"@graph\":[{\"@type\":\"Article\",\"@id\":\"https:\/\/www.cafedelhomme.com\/es\/un-marco-excepcional-para-sus-eventos-de-negocios#article\",\"isPartOf\":{\"@id\":\"https:\/\/www.cafedelhomme.com\/es\/un-marco-excepcional-para-sus-eventos-de-negocios\"},\"author\":{\"name\":\"Marketing\",\"@id\":\"https:\/\/www.cafedelhomme.com\/es#\/schema\/person\/6e8511c8f2a5f67fe09441e43be583cf\"},\"headline\":\"Un marco excepcional para sus eventos de negocios\",\"datePublished\":\"2025-06-05T07:50:58+00:00\",\"mainEntityOfPage\":{\"@id\":\"https:\/\/www.cafedelhomme.com\/es\/un-marco-excepcional-para-sus-eventos-de-negocios\"},\"wordCount\":474,\"publisher\":{\"@id\":\"https:\/\/www.cafedelhomme.com\/es#organization\"},\"image\":{\"@id\":\"https:\/\/www.cafedelhomme.com\/es\/un-marco-excepcional-para-sus-eventos-de-negocios#primaryimage\"},\"thumbnailUrl\":\"https:\/\/www.cafedelhomme.com\/wp-content\/uploads\/2025\/05\/2S7A0726.jpg\",\"articleSection\":[\"mostrando\",\"Noticias\"],\"inLanguage\":\"es\"},{\"@type\":\"WebPage\",\"@id\":\"https:\/\/www.cafedelhomme.com\/es\/un-marco-excepcional-para-sus-eventos-de-negocios\",\"url\":\"https:\/\/www.cafedelhomme.com\/es\/un-marco-excepcional-para-sus-eventos-de-negocios\",\"name\":\"Un marco excepcional para sus eventos de negocios - Caf\u00e9 de l&#039;Homme\",\"isPartOf\":{\"@id\":\"https:\/\/www.cafedelhomme.com\/es#website\"},\"primaryImageOfPage\":{\"@id\":\"https:\/\/www.cafedelhomme.com\/es\/un-marco-excepcional-para-sus-eventos-de-negocios#primaryimage\"},\"image\":{\"@id\":\"https:\/\/www.cafedelhomme.com\/es\/un-marco-excepcional-para-sus-eventos-de-negocios#primaryimage\"},\"thumbnailUrl\":\"https:\/\/www.cafedelhomme.com\/wp-content\/uploads\/2025\/05\/2S7A0726.jpg\",\"datePublished\":\"2025-06-05T07:50:58+00:00\",\"description\":\"En el coraz\u00f3n del Trocadero, en el ala monumental del Palacio de Chaillot, el Caf\u00e9 de l'Homme acoge los eventos de negocios m\u00e1s prestigiosos\",\"inLanguage\":\"es\",\"potentialAction\":[{\"@type\":\"ReadAction\",\"target\":[\"https:\/\/www.cafedelhomme.com\/es\/un-marco-excepcional-para-sus-eventos-de-negocios\"]}]},{\"@type\":\"ImageObject\",\"inLanguage\":\"es\",\"@id\":\"https:\/\/www.cafedelhomme.com\/es\/un-marco-excepcional-para-sus-eventos-de-negocios#primaryimage\",\"url\":\"https:\/\/www.cafedelhomme.com\/wp-content\/uploads\/2025\/05\/2S7A0726.jpg\",\"contentUrl\":\"https:\/\/www.cafedelhomme.com\/wp-content\/uploads\/2025\/05\/2S7A0726.jpg\",\"width\":1920,\"height\":1280,\"caption\":\"Caf\u00e9 de l'homme, soir, tour Eiffel, Trocad\u00e9ro\"},{\"@type\":\"WebSite\",\"@id\":\"https:\/\/www.cafedelhomme.com\/es#website\",\"url\":\"https:\/\/www.cafedelhomme.com\/es\",\"name\":\"Caf\u00e9 de l'Homme\",\"description\":\"\",\"publisher\":{\"@id\":\"https:\/\/www.cafedelhomme.com\/es#organization\"},\"potentialAction\":[{\"@type\":\"SearchAction\",\"target\":{\"@type\":\"EntryPoint\",\"urlTemplate\":\"https:\/\/www.cafedelhomme.com\/es?s={search_term_string}\"},\"query-input\":{\"@type\":\"PropertyValueSpecification\",\"valueRequired\":true,\"valueName\":\"search_term_string\"}}],\"inLanguage\":\"es\"},{\"@type\":\"Organization\",\"@id\":\"https:\/\/www.cafedelhomme.com\/es#organization\",\"name\":\"Caf\u00e9 del Hombre\",\"url\":\"https:\/\/www.cafedelhomme.com\/es\",\"logo\":{\"@type\":\"ImageObject\",\"inLanguage\":\"es\",\"@id\":\"https:\/\/www.cafedelhomme.com\/es#\/schema\/logo\/image\/\",\"url\":\"https:\/\/www.cafedelhomme.com\/wp-content\/uploads\/2023\/04\/big-logo-300x163-1.png\",\"contentUrl\":\"https:\/\/www.cafedelhomme.com\/wp-content\/uploads\/2023\/04\/big-logo-300x163-1.png\",\"width\":300,\"height\":163,\"caption\":\"Caf\u00e9 del Hombre\"},\"image\":{\"@id\":\"https:\/\/www.cafedelhomme.com\/es#\/schema\/logo\/image\/\"},\"sameAs\":[\"https:\/\/www.facebook.com\/cafedelhomme\",\"https:\/\/www.instagram.com\/cafedelhomme\/\"]},{\"@type\":\"Person\",\"@id\":\"https:\/\/www.cafedelhomme.com\/es#\/schema\/person\/6e8511c8f2a5f67fe09441e43be583cf\",\"name\":\"Marketing\",\"image\":{\"@type\":\"ImageObject\",\"inLanguage\":\"es\",\"@id\":\"https:\/\/www.cafedelhomme.com\/es#\/schema\/person\/image\/\",\"url\":\"https:\/\/secure.gravatar.com\/avatar\/87ce55b262b05881147ff2405c09deba3304ca53053e2ddb7eddade60eafc929?s=96&d=mm&r=g\",\"contentUrl\":\"https:\/\/secure.gravatar.com\/avatar\/87ce55b262b05881147ff2405c09deba3304ca53053e2ddb7eddade60eafc929?s=96&d=mm&r=g\",\"caption\":\"Marketing\"}}]}<\/script>\n<!-- \/ Yoast SEO Premium plugin. -->","yoast_head_json":{"title":"Un marco excepcional para sus eventos de negocios - Caf\u00e9 de l&#039;Homme","description":"En el coraz\u00f3n del Trocadero, en el ala monumental del Palacio de Chaillot, el Caf\u00e9 de l'Homme acoge los eventos de negocios m\u00e1s prestigiosos","robots":{"index":"index","follow":"follow","max-snippet":"max-snippet:-1","max-image-preview":"max-image-preview:large","max-video-preview":"max-video-preview:-1"},"canonical":"https:\/\/www.cafedelhomme.com\/es\/un-marco-excepcional-para-sus-eventos-de-negocios","og_locale":"es_ES","og_type":"article","og_title":"Un marco excepcional para sus eventos de negocios","og_description":"En el coraz\u00f3n del Trocadero, en el ala monumental del Palacio de Chaillot, el Caf\u00e9 de l'Homme acoge los eventos de negocios m\u00e1s prestigiosos","og_url":"https:\/\/www.cafedelhomme.com\/es\/un-marco-excepcional-para-sus-eventos-de-negocios","og_site_name":"Caf\u00e9 de l&#039;Homme","article_publisher":"https:\/\/www.facebook.com\/cafedelhomme","article_published_time":"2025-06-05T07:50:58+00:00","og_image":[{"width":1920,"height":1280,"url":"https:\/\/www.cafedelhomme.com\/wp-content\/uploads\/2025\/05\/2S7A0726.jpg","type":"image\/jpeg"}],"author":"Marketing","twitter_card":"summary_large_image","twitter_misc":{"Escrito por":"Marketing","Tiempo de lectura":"2 minutos"},"schema":{"@context":"https:\/\/schema.org","@graph":[{"@type":"Article","@id":"https:\/\/www.cafedelhomme.com\/es\/un-marco-excepcional-para-sus-eventos-de-negocios#article","isPartOf":{"@id":"https:\/\/www.cafedelhomme.com\/es\/un-marco-excepcional-para-sus-eventos-de-negocios"},"author":{"name":"Marketing","@id":"https:\/\/www.cafedelhomme.com\/es#\/schema\/person\/6e8511c8f2a5f67fe09441e43be583cf"},"headline":"Un marco excepcional para sus eventos de negocios","datePublished":"2025-06-05T07:50:58+00:00","mainEntityOfPage":{"@id":"https:\/\/www.cafedelhomme.com\/es\/un-marco-excepcional-para-sus-eventos-de-negocios"},"wordCount":474,"publisher":{"@id":"https:\/\/www.cafedelhomme.com\/es#organization"},"image":{"@id":"https:\/\/www.cafedelhomme.com\/es\/un-marco-excepcional-para-sus-eventos-de-negocios#primaryimage"},"thumbnailUrl":"https:\/\/www.cafedelhomme.com\/wp-content\/uploads\/2025\/05\/2S7A0726.jpg","articleSection":["mostrando","Noticias"],"inLanguage":"es"},{"@type":"WebPage","@id":"https:\/\/www.cafedelhomme.com\/es\/un-marco-excepcional-para-sus-eventos-de-negocios","url":"https:\/\/www.cafedelhomme.com\/es\/un-marco-excepcional-para-sus-eventos-de-negocios","name":"Un marco excepcional para sus eventos de negocios - Caf\u00e9 de l&#039;Homme","isPartOf":{"@id":"https:\/\/www.cafedelhomme.com\/es#website"},"primaryImageOfPage":{"@id":"https:\/\/www.cafedelhomme.com\/es\/un-marco-excepcional-para-sus-eventos-de-negocios#primaryimage"},"image":{"@id":"https:\/\/www.cafedelhomme.com\/es\/un-marco-excepcional-para-sus-eventos-de-negocios#primaryimage"},"thumbnailUrl":"https:\/\/www.cafedelhomme.com\/wp-content\/uploads\/2025\/05\/2S7A0726.jpg","datePublished":"2025-06-05T07:50:58+00:00","description":"En el coraz\u00f3n del Trocadero, en el ala monumental del Palacio de Chaillot, el Caf\u00e9 de l'Homme acoge los eventos de negocios m\u00e1s prestigiosos","inLanguage":"es","potentialAction":[{"@type":"ReadAction","target":["https:\/\/www.cafedelhomme.com\/es\/un-marco-excepcional-para-sus-eventos-de-negocios"]}]},{"@type":"ImageObject","inLanguage":"es","@id":"https:\/\/www.cafedelhomme.com\/es\/un-marco-excepcional-para-sus-eventos-de-negocios#primaryimage","url":"https:\/\/www.cafedelhomme.com\/wp-content\/uploads\/2025\/05\/2S7A0726.jpg","contentUrl":"https:\/\/www.cafedelhomme.com\/wp-content\/uploads\/2025\/05\/2S7A0726.jpg","width":1920,"height":1280,"caption":"Caf\u00e9 de l'homme, soir, tour Eiffel, Trocad\u00e9ro"},{"@type":"WebSite","@id":"https:\/\/www.cafedelhomme.com\/es#website","url":"https:\/\/www.cafedelhomme.com\/es","name":"Caf\u00e9 de l'Homme","description":"","publisher":{"@id":"https:\/\/www.cafedelhomme.com\/es#organization"},"potentialAction":[{"@type":"SearchAction","target":{"@type":"EntryPoint","urlTemplate":"https:\/\/www.cafedelhomme.com\/es?s={search_term_string}"},"query-input":{"@type":"PropertyValueSpecification","valueRequired":true,"valueName":"search_term_string"}}],"inLanguage":"es"},{"@type":"Organization","@id":"https:\/\/www.cafedelhomme.com\/es#organization","name":"Caf\u00e9 del Hombre","url":"https:\/\/www.cafedelhomme.com\/es","logo":{"@type":"ImageObject","inLanguage":"es","@id":"https:\/\/www.cafedelhomme.com\/es#\/schema\/logo\/image\/","url":"https:\/\/www.cafedelhomme.com\/wp-content\/uploads\/2023\/04\/big-logo-300x163-1.png","contentUrl":"https:\/\/www.cafedelhomme.com\/wp-content\/uploads\/2023\/04\/big-logo-300x163-1.png","width":300,"height":163,"caption":"Caf\u00e9 del Hombre"},"image":{"@id":"https:\/\/www.cafedelhomme.com\/es#\/schema\/logo\/image\/"},"sameAs":["https:\/\/www.facebook.com\/cafedelhomme","https:\/\/www.instagram.com\/cafedelhomme\/"]},{"@type":"Person","@id":"https:\/\/www.cafedelhomme.com\/es#\/schema\/person\/6e8511c8f2a5f67fe09441e43be583cf","name":"Marketing","image":{"@type":"ImageObject","inLanguage":"es","@id":"https:\/\/www.cafedelhomme.com\/es#\/schema\/person\/image\/","url":"https:\/\/secure.gravatar.com\/avatar\/87ce55b262b05881147ff2405c09deba3304ca53053e2ddb7eddade60eafc929?s=96&d=mm&r=g","contentUrl":"https:\/\/secure.gravatar.com\/avatar\/87ce55b262b05881147ff2405c09deba3304ca53053e2ddb7eddade60eafc929?s=96&d=mm&r=g","caption":"Marketing"}}]}},"_links":{"self":[{"href":"https:\/\/www.cafedelhomme.com\/es\/wp-json\/wp\/v2\/posts\/11647","targetHints":{"allow":["GET"]}}],"collection":[{"href":"https:\/\/www.cafedelhomme.com\/es\/wp-json\/wp\/v2\/posts"}],"about":[{"href":"https:\/\/www.cafedelhomme.com\/es\/wp-json\/wp\/v2\/types\/post"}],"author":[{"embeddable":true,"href":"https:\/\/www.cafedelhomme.com\/es\/wp-json\/wp\/v2\/users\/9"}],"replies":[{"embeddable":true,"href":"https:\/\/www.cafedelhomme.com\/es\/wp-json\/wp\/v2\/comments?post=11647"}],"version-history":[{"count":6,"href":"https:\/\/www.cafedelhomme.com\/es\/wp-json\/wp\/v2\/posts\/11647\/revisions"}],"predecessor-version":[{"id":11695,"href":"https:\/\/www.cafedelhomme.com\/es\/wp-json\/wp\/v2\/posts\/11647\/revisions\/11695"}],"wp:featuredmedia":[{"embeddable":true,"href":"https:\/\/www.cafedelhomme.com\/es\/wp-json\/wp\/v2\/media\/11611"}],"wp:attachment":[{"href":"https:\/\/www.cafedelhomme.com\/es\/wp-json\/wp\/v2\/media?parent=11647"}],"wp:term":[{"taxonomy":"category","embeddable":true,"href":"https:\/\/www.cafedelhomme.com\/es\/wp-json\/wp\/v2\/categories?post=11647"},{"taxonomy":"post_tag","embeddable":true,"href":"https:\/\/www.cafedelhomme.com\/es\/wp-json\/wp\/v2\/tags?post=11647"}],"curies":[{"name":"wp","href":"https:\/\/api.w.org\/{rel}","templated":true}]}}