{"id":11806,"date":"2025-06-10T09:30:08","date_gmt":"2025-06-10T07:30:08","guid":{"rendered":"https:\/\/www.cafedelhomme.com\/un-cadre-exceptionnel-pour-vos-evenements-professionnels"},"modified":"2025-06-26T16:03:18","modified_gmt":"2025-06-26T14:03:18","slug":"un-cadre-exceptionnel-pour-vos-evenements-professionnels","status":"publish","type":"post","link":"https:\/\/www.cafedelhomme.com\/es\/un-cadre-exceptionnel-pour-vos-evenements-professionnels","title":{"rendered":"Un cadre exceptionnel pour vos \u00e9v\u00e8nements professionnels"},"content":{"rendered":"<div class=\"wpb-content-wrapper\"><p>[vc_row responsive_css=\u00bbmargin_top_large:100px|margin_bottom_large:100px\u00bb css=\u00bb.vc_custom_1690902189577{margin-top: 100px !important;margin-bottom: 100px !important;}\u00bb][vc_column][vc_column_text css=\u00bb.vc_custom_1748272405022{margin-bottom: 40px !important;}\u00bb]Au c\u0153ur du <b>Trocad\u00e9ro<\/b>, dans l\u2019aile monumentale du <b>Palais de Chaillot<\/b>, <b>Caf\u00e9 de l\u2019Homme<\/b> accueille les \u00e9v\u00e9nements professionnels les plus prestigieux. Face \u00e0 la <b>tour Eiffel<\/b>, dans un d\u00e9cor m\u00ealant patrimoine architectural et design contemporain, l\u2019adresse se distingue comme un <b>lieu privil\u00e9gi\u00e9<\/b> pour marquer les temps forts de la <b>vie d\u2019entreprise<\/b>.[\/vc_column_text][vc_custom_heading text=\u00bbUn restaurant unique pour vos rendez-vous d\u2019exception\u00bb css=\u00bb.vc_custom_1748272421307{padding-top: 5px !important;}\u00bb][vc_column_text css=\u00bb\u00bb]<b>S\u00e9minaires, cocktails, conf\u00e9rences, lancements de produits ou d\u00eeners d\u2019affaires<\/b> : Caf\u00e9 de l\u2019Homme s\u2019adapte \u00e0 vos \u00e9v\u00e9nement professionnels, toujours avec exigence et professionnalisme. Modulable et parfaitement \u00e9quip\u00e9, le lieu conjugue <b>fonctionnalit\u00e9 et raffinement<\/b>, dans une ambiance hors du temps.<\/p>\n<p>Chaque espace \u2013 terrasse panoramique, salle int\u00e9rieure ou salon privatis\u00e9 \u2013 offre une <b>vue spectaculaire sur la tour Eiffel<\/b>, renfor\u00e7ant le caract\u00e8re m\u00e9morable de chaque rencontre.[\/vc_column_text]<a href=\"https:\/\/www.cafedelhomme.com\/?page_id=11818\" target=\"_blank\" class=\"btn btn-default btn-bordered border-thin btn btn-outline btn-outline-black ld_button_69f1aa5fb7382\">\n\t<span>\n\t\t\n\t\t\t\t\t<span class=\"btn-txt\">Semi-privatisation<\/span>\n\t\t\t\n\t\t\t\t<\/span>\n<\/a>\n[\/vc_column][\/vc_row][vc_row responsive_css=\u00bbmargin_top_large:100px|margin_bottom_large:100px\u00bb css=\u00bb.vc_custom_1690902189577{margin-top: 100px !important;margin-bottom: 100px !important;}\u00bb][vc_column][vc_custom_heading text=\u00bbL\u2019excellence au service de vos \u00e9v\u00e9nements\u00bb css=\u00bb.vc_custom_1748272454506{padding-top: 5px !important;}\u00bb][vc_column_text css=\u00bb\u00bb]Venir au Caf\u00e9 de l\u2019Homme, c\u2019est offrir \u00e0 vos invit\u00e9s une <b>exp\u00e9rience sur mesure<\/b>, alliant qualit\u00e9 de <b>service<\/b>, <b>gastronomie <\/b>et<b> cadre prestigieux<\/b>.<\/p>\n<p>La cuisine, dirig\u00e9e par le chef Wilfried Graux, refl\u00e8te l\u2019ADN du lieu : <b>produits de saison<\/b>, cr\u00e9ations raffin\u00e9es, alliances audacieuses. Un <b>service attentif<\/b> et discret pour s\u2019assurer d\u2019un bon d\u00e9roulement, sans perturber une atmosph\u00e8re propice \u00e0 l\u2019\u00e9change, et lorsqu\u2019il le faut, \u00e0 la <b>confidentialit\u00e9<\/b>.[\/vc_column_text][\/vc_column][\/vc_row][vc_row responsive_css=\u00bbmargin_top_large:100px|margin_bottom_large:100px\u00bb css=\u00bb.vc_custom_1690902189577{margin-top: 100px !important;margin-bottom: 100px !important;}\u00bb][vc_column][vc_custom_heading text=\u00bbUne adresse incontournable au coeur de Paris\u00bb css=\u00bb.vc_custom_1748272494652{padding-top: 5px !important;}\u00bb][vc_column_text css=\u00bb\u00bb]En choisissant <b>Caf\u00e9 de l\u2019Homme<\/b> pour vos \u00e9v\u00e9nements professionnels vous offrez un <b>moment d\u2019exception<\/b> \u00e0 vos collaborateurs, o\u00f9 chaque d\u00e9tail refl\u00e8te votre <b>ambition<\/b>. Au croisement de l\u2019histoire, de la gastronomie et de l\u2019innovation, notre \u00e9tablissement affirme son r\u00f4le de <b>partenaire privil\u00e9gi\u00e9<\/b> pour toutes les entreprises en qu\u00eate de <b>valeur, d\u2019\u00e9motion et de distinction<\/b>.[\/vc_column_text]<a href=\"https:\/\/www.cafedelhomme.com\/cafe-de-lhomme-adresse-incontournable-pour-vos-diners-de-groupe\" target=\"_blank\" class=\"btn btn-default btn-bordered border-thin btn btn-outline btn-outline-black ld_button_69f1aa5fb7545\">\n\t<span>\n\t\t\n\t\t\t\t\t<span class=\"btn-txt\">Vos diners de groupe<\/span>\n\t\t\t\n\t\t\t\t<\/span>\n<\/a>\n[\/vc_column][\/vc_row][vc_row responsive_css=\u00bbmargin_top_large:100px|margin_bottom_large:100px\u00bb css=\u00bb.vc_custom_1690902189577{margin-top: 100px !important;margin-bottom: 100px !important;}\u00bb][vc_column]<a href=\"https:\/\/www.sevenrooms.com\/explore\/cafedelhomme\/reservations\/create\/search?lang=fr&#038;tracking=seo-blog\" target=\"_blank\" class=\"btn btn-default btn-bordered border-thin btn btn-outline btn-outline-black ld_button_69f1aa5fb7680\">\n\t<span>\n\t\t\n\t\t\t\t\t<span class=\"btn-txt\">r\u00e9server une table.<\/span>\n\t\t\t\n\t\t\t\t<\/span>\n<\/a>\n[\/vc_column][\/vc_row]<\/p>\n<\/div>","protected":false},"excerpt":{"rendered":"<p>[vc_row responsive_css=\u00bbmargin_top_large:100px|margin_bottom_large:100px\u00bb css=\u00bb.vc_custom_1690902189577{margin-top: 100px !important;margin-bottom: 100px !important;}\u00bb][vc_column][vc_column_text css=\u00bb.vc_custom_1748272405022{margin-bottom: 40px !important;}\u00bb]Au c\u0153ur du Trocad\u00e9ro, dans l\u2019aile monumentale du Palais de Chaillot, Caf\u00e9 de l\u2019Homme accueille les \u00e9v\u00e9nements professionnels les plus prestigieux. Face \u00e0 la tour Eiffel, dans un d\u00e9cor m\u00ealant patrimoine architectural et design contemporain, l\u2019adresse&#8230;<\/p>\n","protected":false},"author":9,"featured_media":11611,"comment_status":"closed","ping_status":"open","sticky":false,"template":"","format":"standard","meta":{"_acf_changed":false,"footnotes":""},"categories":[159,158],"tags":[],"class_list":["post-11806","post","type-post","status-publish","format-standard","has-post-thumbnail","hentry","category-mostrando","category-noticias-es"],"acf":[],"yoast_head":"<!-- This site is optimized with the Yoast SEO Premium plugin v20.10 (Yoast SEO v27.0) - https:\/\/yoast.com\/product\/yoast-seo-premium-wordpress\/ -->\n<title>Un cadre exceptionnel pour vos \u00e9v\u00e8nements professionnels - Caf\u00e9 de l&#039;Homme<\/title>\n<meta name=\"description\" content=\"Au c\u0153ur du Trocad\u00e9ro, dans l\u2019aile monumentale du Palais de Chaillot, Caf\u00e9 de l\u2019Homme accueille les \u00e9v\u00e9nements professionnels les plus prestigieux.\" \/>\n<meta name=\"robots\" content=\"index, follow, max-snippet:-1, max-image-preview:large, max-video-preview:-1\" \/>\n<link rel=\"canonical\" href=\"https:\/\/www.cafedelhomme.com\/es\/un-cadre-exceptionnel-pour-vos-evenements-professionnels\" \/>\n<meta property=\"og:locale\" content=\"es_ES\" \/>\n<meta property=\"og:type\" content=\"article\" \/>\n<meta property=\"og:title\" content=\"Un cadre exceptionnel pour vos \u00e9v\u00e8nements professionnels\" \/>\n<meta property=\"og:description\" content=\"Au c\u0153ur du Trocad\u00e9ro, dans l\u2019aile monumentale du Palais de Chaillot, Caf\u00e9 de l\u2019Homme accueille les \u00e9v\u00e9nements professionnels les plus prestigieux.\" \/>\n<meta property=\"og:url\" content=\"https:\/\/www.cafedelhomme.com\/es\/un-cadre-exceptionnel-pour-vos-evenements-professionnels\" \/>\n<meta property=\"og:site_name\" content=\"Caf\u00e9 de l&#039;Homme\" \/>\n<meta property=\"article:publisher\" content=\"https:\/\/www.facebook.com\/cafedelhomme\" \/>\n<meta property=\"article:published_time\" content=\"2025-06-10T07:30:08+00:00\" \/>\n<meta property=\"article:modified_time\" content=\"2025-06-26T14:03:18+00:00\" \/>\n<meta property=\"og:image\" content=\"https:\/\/www.cafedelhomme.com\/wp-content\/uploads\/2025\/05\/2S7A0726.jpg\" \/>\n\t<meta property=\"og:image:width\" content=\"1920\" \/>\n\t<meta property=\"og:image:height\" content=\"1280\" \/>\n\t<meta property=\"og:image:type\" content=\"image\/jpeg\" \/>\n<meta name=\"author\" content=\"Marketing\" \/>\n<meta name=\"twitter:card\" content=\"summary_large_image\" \/>\n<meta name=\"twitter:label1\" content=\"Escrito por\" \/>\n\t<meta name=\"twitter:data1\" content=\"Marketing\" \/>\n\t<meta name=\"twitter:label2\" content=\"Tiempo de lectura\" \/>\n\t<meta name=\"twitter:data2\" content=\"2 minutos\" \/>\n<script type=\"application\/ld+json\" class=\"yoast-schema-graph\">{\"@context\":\"https:\/\/schema.org\",\"@graph\":[{\"@type\":\"Article\",\"@id\":\"https:\/\/www.cafedelhomme.com\/es\/un-cadre-exceptionnel-pour-vos-evenements-professionnels#article\",\"isPartOf\":{\"@id\":\"https:\/\/www.cafedelhomme.com\/es\/un-cadre-exceptionnel-pour-vos-evenements-professionnels\"},\"author\":{\"name\":\"Marketing\",\"@id\":\"https:\/\/www.cafedelhomme.com\/es#\/schema\/person\/6e8511c8f2a5f67fe09441e43be583cf\"},\"headline\":\"Un cadre exceptionnel pour vos \u00e9v\u00e8nements professionnels\",\"datePublished\":\"2025-06-10T07:30:08+00:00\",\"dateModified\":\"2025-06-26T14:03:18+00:00\",\"mainEntityOfPage\":{\"@id\":\"https:\/\/www.cafedelhomme.com\/es\/un-cadre-exceptionnel-pour-vos-evenements-professionnels\"},\"wordCount\":557,\"publisher\":{\"@id\":\"https:\/\/www.cafedelhomme.com\/es#organization\"},\"image\":{\"@id\":\"https:\/\/www.cafedelhomme.com\/es\/un-cadre-exceptionnel-pour-vos-evenements-professionnels#primaryimage\"},\"thumbnailUrl\":\"https:\/\/www.cafedelhomme.com\/wp-content\/uploads\/2025\/05\/2S7A0726.jpg\",\"articleSection\":[\"mostrando\",\"Noticias\"],\"inLanguage\":\"es\"},{\"@type\":\"WebPage\",\"@id\":\"https:\/\/www.cafedelhomme.com\/es\/un-cadre-exceptionnel-pour-vos-evenements-professionnels\",\"url\":\"https:\/\/www.cafedelhomme.com\/es\/un-cadre-exceptionnel-pour-vos-evenements-professionnels\",\"name\":\"Un cadre exceptionnel pour vos \u00e9v\u00e8nements professionnels - Caf\u00e9 de l&#039;Homme\",\"isPartOf\":{\"@id\":\"https:\/\/www.cafedelhomme.com\/es#website\"},\"primaryImageOfPage\":{\"@id\":\"https:\/\/www.cafedelhomme.com\/es\/un-cadre-exceptionnel-pour-vos-evenements-professionnels#primaryimage\"},\"image\":{\"@id\":\"https:\/\/www.cafedelhomme.com\/es\/un-cadre-exceptionnel-pour-vos-evenements-professionnels#primaryimage\"},\"thumbnailUrl\":\"https:\/\/www.cafedelhomme.com\/wp-content\/uploads\/2025\/05\/2S7A0726.jpg\",\"datePublished\":\"2025-06-10T07:30:08+00:00\",\"dateModified\":\"2025-06-26T14:03:18+00:00\",\"description\":\"Au c\u0153ur du Trocad\u00e9ro, dans l\u2019aile monumentale du Palais de Chaillot, Caf\u00e9 de l\u2019Homme accueille les \u00e9v\u00e9nements professionnels les plus prestigieux.\",\"inLanguage\":\"es\",\"potentialAction\":[{\"@type\":\"ReadAction\",\"target\":[\"https:\/\/www.cafedelhomme.com\/es\/un-cadre-exceptionnel-pour-vos-evenements-professionnels\"]}]},{\"@type\":\"ImageObject\",\"inLanguage\":\"es\",\"@id\":\"https:\/\/www.cafedelhomme.com\/es\/un-cadre-exceptionnel-pour-vos-evenements-professionnels#primaryimage\",\"url\":\"https:\/\/www.cafedelhomme.com\/wp-content\/uploads\/2025\/05\/2S7A0726.jpg\",\"contentUrl\":\"https:\/\/www.cafedelhomme.com\/wp-content\/uploads\/2025\/05\/2S7A0726.jpg\",\"width\":1920,\"height\":1280,\"caption\":\"Caf\u00e9 de l'homme, soir, tour Eiffel, Trocad\u00e9ro\"},{\"@type\":\"WebSite\",\"@id\":\"https:\/\/www.cafedelhomme.com\/es#website\",\"url\":\"https:\/\/www.cafedelhomme.com\/es\",\"name\":\"Caf\u00e9 de l'Homme\",\"description\":\"\",\"publisher\":{\"@id\":\"https:\/\/www.cafedelhomme.com\/es#organization\"},\"potentialAction\":[{\"@type\":\"SearchAction\",\"target\":{\"@type\":\"EntryPoint\",\"urlTemplate\":\"https:\/\/www.cafedelhomme.com\/es?s={search_term_string}\"},\"query-input\":{\"@type\":\"PropertyValueSpecification\",\"valueRequired\":true,\"valueName\":\"search_term_string\"}}],\"inLanguage\":\"es\"},{\"@type\":\"Organization\",\"@id\":\"https:\/\/www.cafedelhomme.com\/es#organization\",\"name\":\"Caf\u00e9 del Hombre\",\"url\":\"https:\/\/www.cafedelhomme.com\/es\",\"logo\":{\"@type\":\"ImageObject\",\"inLanguage\":\"es\",\"@id\":\"https:\/\/www.cafedelhomme.com\/es#\/schema\/logo\/image\/\",\"url\":\"https:\/\/www.cafedelhomme.com\/wp-content\/uploads\/2023\/04\/big-logo-300x163-1.png\",\"contentUrl\":\"https:\/\/www.cafedelhomme.com\/wp-content\/uploads\/2023\/04\/big-logo-300x163-1.png\",\"width\":300,\"height\":163,\"caption\":\"Caf\u00e9 del Hombre\"},\"image\":{\"@id\":\"https:\/\/www.cafedelhomme.com\/es#\/schema\/logo\/image\/\"},\"sameAs\":[\"https:\/\/www.facebook.com\/cafedelhomme\",\"https:\/\/www.instagram.com\/cafedelhomme\/\"]},{\"@type\":\"Person\",\"@id\":\"https:\/\/www.cafedelhomme.com\/es#\/schema\/person\/6e8511c8f2a5f67fe09441e43be583cf\",\"name\":\"Marketing\",\"image\":{\"@type\":\"ImageObject\",\"inLanguage\":\"es\",\"@id\":\"https:\/\/www.cafedelhomme.com\/es#\/schema\/person\/image\/\",\"url\":\"https:\/\/secure.gravatar.com\/avatar\/87ce55b262b05881147ff2405c09deba3304ca53053e2ddb7eddade60eafc929?s=96&d=mm&r=g\",\"contentUrl\":\"https:\/\/secure.gravatar.com\/avatar\/87ce55b262b05881147ff2405c09deba3304ca53053e2ddb7eddade60eafc929?s=96&d=mm&r=g\",\"caption\":\"Marketing\"}}]}<\/script>\n<!-- \/ Yoast SEO Premium plugin. -->","yoast_head_json":{"title":"Un cadre exceptionnel pour vos \u00e9v\u00e8nements professionnels - Caf\u00e9 de l&#039;Homme","description":"Au c\u0153ur du Trocad\u00e9ro, dans l\u2019aile monumentale du Palais de Chaillot, Caf\u00e9 de l\u2019Homme accueille les \u00e9v\u00e9nements professionnels les plus prestigieux.","robots":{"index":"index","follow":"follow","max-snippet":"max-snippet:-1","max-image-preview":"max-image-preview:large","max-video-preview":"max-video-preview:-1"},"canonical":"https:\/\/www.cafedelhomme.com\/es\/un-cadre-exceptionnel-pour-vos-evenements-professionnels","og_locale":"es_ES","og_type":"article","og_title":"Un cadre exceptionnel pour vos \u00e9v\u00e8nements professionnels","og_description":"Au c\u0153ur du Trocad\u00e9ro, dans l\u2019aile monumentale du Palais de Chaillot, Caf\u00e9 de l\u2019Homme accueille les \u00e9v\u00e9nements professionnels les plus prestigieux.","og_url":"https:\/\/www.cafedelhomme.com\/es\/un-cadre-exceptionnel-pour-vos-evenements-professionnels","og_site_name":"Caf\u00e9 de l&#039;Homme","article_publisher":"https:\/\/www.facebook.com\/cafedelhomme","article_published_time":"2025-06-10T07:30:08+00:00","article_modified_time":"2025-06-26T14:03:18+00:00","og_image":[{"width":1920,"height":1280,"url":"https:\/\/www.cafedelhomme.com\/wp-content\/uploads\/2025\/05\/2S7A0726.jpg","type":"image\/jpeg"}],"author":"Marketing","twitter_card":"summary_large_image","twitter_misc":{"Escrito por":"Marketing","Tiempo de lectura":"2 minutos"},"schema":{"@context":"https:\/\/schema.org","@graph":[{"@type":"Article","@id":"https:\/\/www.cafedelhomme.com\/es\/un-cadre-exceptionnel-pour-vos-evenements-professionnels#article","isPartOf":{"@id":"https:\/\/www.cafedelhomme.com\/es\/un-cadre-exceptionnel-pour-vos-evenements-professionnels"},"author":{"name":"Marketing","@id":"https:\/\/www.cafedelhomme.com\/es#\/schema\/person\/6e8511c8f2a5f67fe09441e43be583cf"},"headline":"Un cadre exceptionnel pour vos \u00e9v\u00e8nements professionnels","datePublished":"2025-06-10T07:30:08+00:00","dateModified":"2025-06-26T14:03:18+00:00","mainEntityOfPage":{"@id":"https:\/\/www.cafedelhomme.com\/es\/un-cadre-exceptionnel-pour-vos-evenements-professionnels"},"wordCount":557,"publisher":{"@id":"https:\/\/www.cafedelhomme.com\/es#organization"},"image":{"@id":"https:\/\/www.cafedelhomme.com\/es\/un-cadre-exceptionnel-pour-vos-evenements-professionnels#primaryimage"},"thumbnailUrl":"https:\/\/www.cafedelhomme.com\/wp-content\/uploads\/2025\/05\/2S7A0726.jpg","articleSection":["mostrando","Noticias"],"inLanguage":"es"},{"@type":"WebPage","@id":"https:\/\/www.cafedelhomme.com\/es\/un-cadre-exceptionnel-pour-vos-evenements-professionnels","url":"https:\/\/www.cafedelhomme.com\/es\/un-cadre-exceptionnel-pour-vos-evenements-professionnels","name":"Un cadre exceptionnel pour vos \u00e9v\u00e8nements professionnels - Caf\u00e9 de l&#039;Homme","isPartOf":{"@id":"https:\/\/www.cafedelhomme.com\/es#website"},"primaryImageOfPage":{"@id":"https:\/\/www.cafedelhomme.com\/es\/un-cadre-exceptionnel-pour-vos-evenements-professionnels#primaryimage"},"image":{"@id":"https:\/\/www.cafedelhomme.com\/es\/un-cadre-exceptionnel-pour-vos-evenements-professionnels#primaryimage"},"thumbnailUrl":"https:\/\/www.cafedelhomme.com\/wp-content\/uploads\/2025\/05\/2S7A0726.jpg","datePublished":"2025-06-10T07:30:08+00:00","dateModified":"2025-06-26T14:03:18+00:00","description":"Au c\u0153ur du Trocad\u00e9ro, dans l\u2019aile monumentale du Palais de Chaillot, Caf\u00e9 de l\u2019Homme accueille les \u00e9v\u00e9nements professionnels les plus prestigieux.","inLanguage":"es","potentialAction":[{"@type":"ReadAction","target":["https:\/\/www.cafedelhomme.com\/es\/un-cadre-exceptionnel-pour-vos-evenements-professionnels"]}]},{"@type":"ImageObject","inLanguage":"es","@id":"https:\/\/www.cafedelhomme.com\/es\/un-cadre-exceptionnel-pour-vos-evenements-professionnels#primaryimage","url":"https:\/\/www.cafedelhomme.com\/wp-content\/uploads\/2025\/05\/2S7A0726.jpg","contentUrl":"https:\/\/www.cafedelhomme.com\/wp-content\/uploads\/2025\/05\/2S7A0726.jpg","width":1920,"height":1280,"caption":"Caf\u00e9 de l'homme, soir, tour Eiffel, Trocad\u00e9ro"},{"@type":"WebSite","@id":"https:\/\/www.cafedelhomme.com\/es#website","url":"https:\/\/www.cafedelhomme.com\/es","name":"Caf\u00e9 de l'Homme","description":"","publisher":{"@id":"https:\/\/www.cafedelhomme.com\/es#organization"},"potentialAction":[{"@type":"SearchAction","target":{"@type":"EntryPoint","urlTemplate":"https:\/\/www.cafedelhomme.com\/es?s={search_term_string}"},"query-input":{"@type":"PropertyValueSpecification","valueRequired":true,"valueName":"search_term_string"}}],"inLanguage":"es"},{"@type":"Organization","@id":"https:\/\/www.cafedelhomme.com\/es#organization","name":"Caf\u00e9 del Hombre","url":"https:\/\/www.cafedelhomme.com\/es","logo":{"@type":"ImageObject","inLanguage":"es","@id":"https:\/\/www.cafedelhomme.com\/es#\/schema\/logo\/image\/","url":"https:\/\/www.cafedelhomme.com\/wp-content\/uploads\/2023\/04\/big-logo-300x163-1.png","contentUrl":"https:\/\/www.cafedelhomme.com\/wp-content\/uploads\/2023\/04\/big-logo-300x163-1.png","width":300,"height":163,"caption":"Caf\u00e9 del Hombre"},"image":{"@id":"https:\/\/www.cafedelhomme.com\/es#\/schema\/logo\/image\/"},"sameAs":["https:\/\/www.facebook.com\/cafedelhomme","https:\/\/www.instagram.com\/cafedelhomme\/"]},{"@type":"Person","@id":"https:\/\/www.cafedelhomme.com\/es#\/schema\/person\/6e8511c8f2a5f67fe09441e43be583cf","name":"Marketing","image":{"@type":"ImageObject","inLanguage":"es","@id":"https:\/\/www.cafedelhomme.com\/es#\/schema\/person\/image\/","url":"https:\/\/secure.gravatar.com\/avatar\/87ce55b262b05881147ff2405c09deba3304ca53053e2ddb7eddade60eafc929?s=96&d=mm&r=g","contentUrl":"https:\/\/secure.gravatar.com\/avatar\/87ce55b262b05881147ff2405c09deba3304ca53053e2ddb7eddade60eafc929?s=96&d=mm&r=g","caption":"Marketing"}}]}},"_links":{"self":[{"href":"https:\/\/www.cafedelhomme.com\/es\/wp-json\/wp\/v2\/posts\/11806","targetHints":{"allow":["GET"]}}],"collection":[{"href":"https:\/\/www.cafedelhomme.com\/es\/wp-json\/wp\/v2\/posts"}],"about":[{"href":"https:\/\/www.cafedelhomme.com\/es\/wp-json\/wp\/v2\/types\/post"}],"author":[{"embeddable":true,"href":"https:\/\/www.cafedelhomme.com\/es\/wp-json\/wp\/v2\/users\/9"}],"replies":[{"embeddable":true,"href":"https:\/\/www.cafedelhomme.com\/es\/wp-json\/wp\/v2\/comments?post=11806"}],"version-history":[{"count":1,"href":"https:\/\/www.cafedelhomme.com\/es\/wp-json\/wp\/v2\/posts\/11806\/revisions"}],"predecessor-version":[{"id":12062,"href":"https:\/\/www.cafedelhomme.com\/es\/wp-json\/wp\/v2\/posts\/11806\/revisions\/12062"}],"wp:featuredmedia":[{"embeddable":true,"href":"https:\/\/www.cafedelhomme.com\/es\/wp-json\/wp\/v2\/media\/11611"}],"wp:attachment":[{"href":"https:\/\/www.cafedelhomme.com\/es\/wp-json\/wp\/v2\/media?parent=11806"}],"wp:term":[{"taxonomy":"category","embeddable":true,"href":"https:\/\/www.cafedelhomme.com\/es\/wp-json\/wp\/v2\/categories?post=11806"},{"taxonomy":"post_tag","embeddable":true,"href":"https:\/\/www.cafedelhomme.com\/es\/wp-json\/wp\/v2\/tags?post=11806"}],"curies":[{"name":"wp","href":"https:\/\/api.w.org\/{rel}","templated":true}]}}