{"id":9852,"date":"2025-03-11T10:00:33","date_gmt":"2025-03-11T09:00:33","guid":{"rendered":"https:\/\/www.cafedelhomme.com\/la-lova-pasion-un-postre-emblematico-en-el-cafe-de-lhomme"},"modified":"2025-03-27T17:01:13","modified_gmt":"2025-03-27T16:01:13","slug":"la-lova-pasion-un-postre-emblematico-en-el-cafe-de-lhomme","status":"publish","type":"post","link":"https:\/\/www.cafedelhomme.com\/es\/la-lova-pasion-un-postre-emblematico-en-el-cafe-de-lhomme","title":{"rendered":"\u00bbLa Lova\u00bb Pasi\u00f3n: Un postre emblem\u00e1tico en el Caf\u00e9 de l&rsquo;Homme"},"content":{"rendered":"<div class=\"wpb-content-wrapper\"><p>[vc_row responsive_css=\u00bbmargin_top_large:100px|margin_bottom_large:100px\u00bb css=\u00bb.vc_custom_1690902189577{margin-top: 100px !important;margin-bottom: 100px !important;}\u00bb][vc_column][vc_column_text css=\u00bb.vc_custom_1739808555213{margin-bottom: 40px !important;}\u00bb]<span style=\"font-weight: 400;\">En <\/span><b>Caf\u00e9 del Hombre<\/b><span style=\"font-weight: 400;\">Cada creaci\u00f3n dulce es una oda a la delicadeza y la elegancia. Entre los <strong>postres<\/strong> que subliman nuestro <strong><a href=\"https:\/\/www.cafedelhomme.com\/es\/la-carta\">men\u00fa<\/a><\/strong>,   <\/span><b>\u00bbLa Lova Passion<\/b><span style=\"font-weight: 400;\"> se distingue por su perfecto equilibrio entre <\/span><b>ligereza, frescura e intensidad<\/b><span style=\"font-weight: 400;\">. Una invitaci\u00f3n a un viaje gustativo donde la dulzura del merengue se encuentra con el exotismo de la fruta de la pasi\u00f3n. <\/span>[\/vc_column_text][vc_custom_heading text=\u00bbUn merengue aireado con un coraz\u00f3n generoso\u00bb css=\u00bb.vc_custom_1739808586845{padding-top: 5px !important;}\u00bb][vc_column_text css=\u00bb\u00bb]<span style=\"font-weight: 400;\">Detr\u00e1s de su hechizante nombre <\/span><b>\u00bbLa Lova\u00bb Pasi\u00f3n<\/b><span style=\"font-weight: 400;\"> esconde un <\/span><b>ligero merengue de lim\u00f3n<\/b><span style=\"font-weight: 400;\">merengue de lim\u00f3n, crujiente por fuera, que revela un <\/span><b>coraz\u00f3n de pasi\u00f3n<\/b><span style=\"font-weight: 400;\">Es \u00e1cido y soleado. Esta sutil combinaci\u00f3n de la dulce redondez del merengue y la vivacidad de la fruta crea un irresistible juego de texturas y sabores. <\/span>[\/vc_column_text][\/vc_column][\/vc_row][vc_row responsive_css=\u00bbmargin_top_large:100px|margin_bottom_large:100px\u00bb css=\u00bb.vc_custom_1690902189577{margin-top: 100px !important;margin-bottom: 100px !important;}\u00bb][vc_column][vc_custom_heading text=\u00bbUn equilibrio perfecto entre dulzura y exotismo\u00bb css=\u00bb.vc_custom_1739808618813{padding-top: 5px !important;}\u00bb][vc_column_text css=\u00bb\u00bb]<span style=\"font-weight: 400;\">D\u00e9jate seducir por este <\/span><b>postre <\/b> <span style=\"font-weight: 400;\">una delicia en la que cada bocado es un eco del arte de la reposter\u00eda francesa, realzado por un toque ex\u00f3tico. La acidez de la fruta de la pasi\u00f3n procede   <\/span><b>despiertan las papilas gustativas<\/b><span style=\"font-weight: 400;\">mientras que la ligereza del merengue proporciona un suave <\/span><b>final de la comida.<\/b><span style=\"font-weight: 400;\">.<\/span>[\/vc_column_text][\/vc_column][\/vc_row][vc_row responsive_css=\u00bbmargin_top_large:100px|margin_bottom_large:100px\u00bb css=\u00bb.vc_custom_1690902189577{margin-top: 100px !important;margin-bottom: 100px !important;}\u00bb][vc_column][vc_custom_heading text=\u00bbUna experiencia gastron\u00f3mica con vistas a la Torre Eiffel\u00bb css=\u00bb.vc_custom_1739808635329{padding-top: 5px !important;}\u00bb][vc_column_text css=\u00bb\u00bb]<span style=\"font-weight: 400;\">Cata <\/span><b>\u00bbLa Lova Pasi\u00f3n<\/b><span style=\"font-weight: 400;\"> en <\/span><b>Caf\u00e9 del Hombre<\/b><span style=\"font-weight: 400;\">es saborear un <\/span><b>postre refinado<\/b><span style=\"font-weight: 400;\"> en un marco \u00fanico, con una <\/span><b>vista de la Torre Eiffel<\/b><span style=\"font-weight: 400;\">. Ideal para   <\/span><b>el final perfecto para una cena excepcional<\/b><span style=\"font-weight: 400;\">Este postre es una aut\u00e9ntica obra de autor que har\u00e1 las delicias de los amantes del dulzor \u00e1cido y el contraste de texturas.<\/span><\/p>\n<p><span style=\"font-weight: 400;\">\u00bfQuieres descubrir este postre imperdible? <\/span><b>Reserva tu mesa<\/b><span style=\"font-weight: 400;\"> y d\u00e9jate llevar por la experiencia gastron\u00f3mica del <\/span><b>Caf\u00e9 del Hombre<\/b><span style=\"font-weight: 400;\">.<\/span>[\/vc_column_text][\/vc_column][\/vc_row][vc_row responsive_css=\u00bbmargin_top_large:100px|margin_bottom_large:100px\u00bb css=\u00bb.vc_custom_1690902189577{margin-top: 100px !important;margin-bottom: 100px !important;}\u00bb][vc_column width=\u00bb1\/2&Prime;]<a href=\"https:\/\/www.sevenrooms.com\/explore\/cafedelhomme\/reservations\/create\/search?lang=fr&#038;tracking=seo-blog\" target=\"_blank\" class=\"btn btn-default btn-bordered border-thin btn btn-outline btn-outline-black ld_button_69f1e9f3eb5f6\">\n\t<span>\n\t\t\n\t\t\t\t\t<span class=\"btn-txt\">reserva una mesa.<\/span>\n\t\t\t\n\t\t\t\t<\/span>\n<\/a>\n[\/vc_column][vc_column width=\u00bb1\/2&Prime;]<a href=\"https:\/\/www.instagram.com\/p\/DGVJstBIC9F\/\" target=\"_blank\" class=\"btn btn-default btn-bordered border-thin btn btn-outline btn-outline-black ld_button_69f1e9f3eb7cc\">\n\t<span>\n\t\t\n\t\t\t\t\t<span class=\"btn-txt\">mira el v\u00eddeo.<\/span>\n\t\t\t\n\t\t\t\t<\/span>\n<\/a>\n[\/vc_column][\/vc_row]<\/p>\n<\/div>","protected":false},"excerpt":{"rendered":"<p>[vc_row responsive_css=\u00bbmargin_top_large:100px|margin_bottom_large:100px\u00bb css=\u00bb.vc_custom_1690902189577{margin-top: 100px !important;margin-bottom: 100px !important;}\u00bb][vc_column][vc_column_text css=\u00bb.vc_custom_1739808555213{margin-bottom: 40px !important;}\u00bb]En Caf\u00e9 del HombreCada creaci\u00f3n dulce es una oda a la delicadeza y la elegancia. Entre los postres que subliman nuestro men\u00fa, \u00bbLa Lova Passion se distingue por su perfecto equilibrio entre ligereza, frescura e intensidad&#8230;.<\/p>\n","protected":false},"author":9,"featured_media":9853,"comment_status":"closed","ping_status":"open","sticky":false,"template":"","format":"standard","meta":{"_acf_changed":false,"footnotes":""},"categories":[159,158],"tags":[],"class_list":["post-9852","post","type-post","status-publish","format-standard","has-post-thumbnail","hentry","category-mostrando","category-noticias-es"],"acf":[],"yoast_head":"<!-- This site is optimized with the Yoast SEO Premium plugin v20.10 (Yoast SEO v27.0) - https:\/\/yoast.com\/product\/yoast-seo-premium-wordpress\/ -->\n<title>&quot;La Lova&quot; Pasi\u00f3n: Un postre emblem\u00e1tico en el Caf\u00e9 de l&#039;Homme - Caf\u00e9 de l&#039;Homme<\/title>\n<meta name=\"description\" content=\"Entre los postres de nuestra carta, &quot;La Lova&quot; Pasi\u00f3n destaca por su perfecto equilibrio de ligereza, frescura e intensidad.\" \/>\n<meta name=\"robots\" content=\"index, follow, max-snippet:-1, max-image-preview:large, max-video-preview:-1\" \/>\n<link rel=\"canonical\" href=\"https:\/\/www.cafedelhomme.com\/es\/la-lova-pasion-un-postre-emblematico-en-el-cafe-de-lhomme\" \/>\n<meta property=\"og:locale\" content=\"es_ES\" \/>\n<meta property=\"og:type\" content=\"article\" \/>\n<meta property=\"og:title\" content=\"&quot;La Lova&quot; Pasi\u00f3n: Un postre emblem\u00e1tico en el Caf\u00e9 de l&#039;Homme\" \/>\n<meta property=\"og:description\" content=\"Entre los postres de nuestra carta, &quot;La Lova&quot; Pasi\u00f3n destaca por su perfecto equilibrio de ligereza, frescura e intensidad.\" \/>\n<meta property=\"og:url\" content=\"https:\/\/www.cafedelhomme.com\/es\/la-lova-pasion-un-postre-emblematico-en-el-cafe-de-lhomme\" \/>\n<meta property=\"og:site_name\" content=\"Caf\u00e9 de l&#039;Homme\" \/>\n<meta property=\"article:publisher\" content=\"https:\/\/www.facebook.com\/cafedelhomme\" \/>\n<meta property=\"article:published_time\" content=\"2025-03-11T09:00:33+00:00\" \/>\n<meta property=\"article:modified_time\" content=\"2025-03-27T16:01:13+00:00\" \/>\n<meta property=\"og:image\" content=\"https:\/\/www.cafedelhomme.com\/wp-content\/uploads\/2025\/02\/IMG_7301.jpg\" \/>\n\t<meta property=\"og:image:width\" content=\"1280\" \/>\n\t<meta property=\"og:image:height\" content=\"1920\" \/>\n\t<meta property=\"og:image:type\" content=\"image\/jpeg\" \/>\n<meta name=\"author\" content=\"Marketing\" \/>\n<meta name=\"twitter:card\" content=\"summary_large_image\" \/>\n<meta name=\"twitter:label1\" content=\"Escrito por\" \/>\n\t<meta name=\"twitter:data1\" content=\"Marketing\" \/>\n\t<meta name=\"twitter:label2\" content=\"Tiempo de lectura\" \/>\n\t<meta name=\"twitter:data2\" content=\"3 minutos\" \/>\n<script type=\"application\/ld+json\" class=\"yoast-schema-graph\">{\"@context\":\"https:\/\/schema.org\",\"@graph\":[{\"@type\":\"Article\",\"@id\":\"https:\/\/www.cafedelhomme.com\/es\/la-lova-pasion-un-postre-emblematico-en-el-cafe-de-lhomme#article\",\"isPartOf\":{\"@id\":\"https:\/\/www.cafedelhomme.com\/es\/la-lova-pasion-un-postre-emblematico-en-el-cafe-de-lhomme\"},\"author\":{\"name\":\"Marketing\",\"@id\":\"https:\/\/www.cafedelhomme.com\/es#\/schema\/person\/6e8511c8f2a5f67fe09441e43be583cf\"},\"headline\":\"\u00bbLa Lova\u00bb Pasi\u00f3n: Un postre emblem\u00e1tico en el Caf\u00e9 de l&rsquo;Homme\",\"datePublished\":\"2025-03-11T09:00:33+00:00\",\"dateModified\":\"2025-03-27T16:01:13+00:00\",\"mainEntityOfPage\":{\"@id\":\"https:\/\/www.cafedelhomme.com\/es\/la-lova-pasion-un-postre-emblematico-en-el-cafe-de-lhomme\"},\"wordCount\":533,\"publisher\":{\"@id\":\"https:\/\/www.cafedelhomme.com\/es#organization\"},\"image\":{\"@id\":\"https:\/\/www.cafedelhomme.com\/es\/la-lova-pasion-un-postre-emblematico-en-el-cafe-de-lhomme#primaryimage\"},\"thumbnailUrl\":\"https:\/\/www.cafedelhomme.com\/wp-content\/uploads\/2025\/02\/IMG_7301.jpg\",\"articleSection\":[\"mostrando\",\"Noticias\"],\"inLanguage\":\"es\"},{\"@type\":\"WebPage\",\"@id\":\"https:\/\/www.cafedelhomme.com\/es\/la-lova-pasion-un-postre-emblematico-en-el-cafe-de-lhomme\",\"url\":\"https:\/\/www.cafedelhomme.com\/es\/la-lova-pasion-un-postre-emblematico-en-el-cafe-de-lhomme\",\"name\":\"\\\"La Lova\\\" Pasi\u00f3n: Un postre emblem\u00e1tico en el Caf\u00e9 de l'Homme - Caf\u00e9 de l&#039;Homme\",\"isPartOf\":{\"@id\":\"https:\/\/www.cafedelhomme.com\/es#website\"},\"primaryImageOfPage\":{\"@id\":\"https:\/\/www.cafedelhomme.com\/es\/la-lova-pasion-un-postre-emblematico-en-el-cafe-de-lhomme#primaryimage\"},\"image\":{\"@id\":\"https:\/\/www.cafedelhomme.com\/es\/la-lova-pasion-un-postre-emblematico-en-el-cafe-de-lhomme#primaryimage\"},\"thumbnailUrl\":\"https:\/\/www.cafedelhomme.com\/wp-content\/uploads\/2025\/02\/IMG_7301.jpg\",\"datePublished\":\"2025-03-11T09:00:33+00:00\",\"dateModified\":\"2025-03-27T16:01:13+00:00\",\"description\":\"Entre los postres de nuestra carta, \\\"La Lova\\\" Pasi\u00f3n destaca por su perfecto equilibrio de ligereza, frescura e intensidad.\",\"inLanguage\":\"es\",\"potentialAction\":[{\"@type\":\"ReadAction\",\"target\":[\"https:\/\/www.cafedelhomme.com\/es\/la-lova-pasion-un-postre-emblematico-en-el-cafe-de-lhomme\"]}]},{\"@type\":\"ImageObject\",\"inLanguage\":\"es\",\"@id\":\"https:\/\/www.cafedelhomme.com\/es\/la-lova-pasion-un-postre-emblematico-en-el-cafe-de-lhomme#primaryimage\",\"url\":\"https:\/\/www.cafedelhomme.com\/wp-content\/uploads\/2025\/02\/IMG_7301.jpg\",\"contentUrl\":\"https:\/\/www.cafedelhomme.com\/wp-content\/uploads\/2025\/02\/IMG_7301.jpg\",\"width\":1280,\"height\":1920,\"caption\":\"{\\\"data\\\":{\\\"stickerId\\\":\\\"\\\",\\\"activityName\\\":\\\"\\\",\\\"playId\\\":\\\"\\\",\\\"imageEffectId\\\":\\\"\\\",\\\"filterId\\\":\\\"\\\",\\\"infoStickerId\\\":\\\"\\\",\\\"os\\\":\\\"ios\\\",\\\"pictureId\\\":\\\"A374F8F6-0929-4CCA-A840-8AD07472D78E\\\",\\\"appversion\\\":\\\"5.6.0\\\",\\\"enter_from\\\":\\\"enter_launch\\\",\\\"product\\\":\\\"retouch\\\"},\\\"tiktok_developers_3p_anchor_params\\\":\\\"{\\\"template_id\\\":\\\"\\\",\\\"client_key\\\":\\\"awgvo7gzpeas2ho6\\\",\\\"filter_id\\\":[]}\\\",\\\"source_type\\\":\\\"hypic\\\"}\"},{\"@type\":\"WebSite\",\"@id\":\"https:\/\/www.cafedelhomme.com\/es#website\",\"url\":\"https:\/\/www.cafedelhomme.com\/es\",\"name\":\"Caf\u00e9 de l'Homme\",\"description\":\"\",\"publisher\":{\"@id\":\"https:\/\/www.cafedelhomme.com\/es#organization\"},\"potentialAction\":[{\"@type\":\"SearchAction\",\"target\":{\"@type\":\"EntryPoint\",\"urlTemplate\":\"https:\/\/www.cafedelhomme.com\/es?s={search_term_string}\"},\"query-input\":{\"@type\":\"PropertyValueSpecification\",\"valueRequired\":true,\"valueName\":\"search_term_string\"}}],\"inLanguage\":\"es\"},{\"@type\":\"Organization\",\"@id\":\"https:\/\/www.cafedelhomme.com\/es#organization\",\"name\":\"Caf\u00e9 del Hombre\",\"url\":\"https:\/\/www.cafedelhomme.com\/es\",\"logo\":{\"@type\":\"ImageObject\",\"inLanguage\":\"es\",\"@id\":\"https:\/\/www.cafedelhomme.com\/es#\/schema\/logo\/image\/\",\"url\":\"https:\/\/www.cafedelhomme.com\/wp-content\/uploads\/2023\/04\/big-logo-300x163-1.png\",\"contentUrl\":\"https:\/\/www.cafedelhomme.com\/wp-content\/uploads\/2023\/04\/big-logo-300x163-1.png\",\"width\":300,\"height\":163,\"caption\":\"Caf\u00e9 del Hombre\"},\"image\":{\"@id\":\"https:\/\/www.cafedelhomme.com\/es#\/schema\/logo\/image\/\"},\"sameAs\":[\"https:\/\/www.facebook.com\/cafedelhomme\",\"https:\/\/www.instagram.com\/cafedelhomme\/\"]},{\"@type\":\"Person\",\"@id\":\"https:\/\/www.cafedelhomme.com\/es#\/schema\/person\/6e8511c8f2a5f67fe09441e43be583cf\",\"name\":\"Marketing\",\"image\":{\"@type\":\"ImageObject\",\"inLanguage\":\"es\",\"@id\":\"https:\/\/www.cafedelhomme.com\/es#\/schema\/person\/image\/\",\"url\":\"https:\/\/secure.gravatar.com\/avatar\/87ce55b262b05881147ff2405c09deba3304ca53053e2ddb7eddade60eafc929?s=96&d=mm&r=g\",\"contentUrl\":\"https:\/\/secure.gravatar.com\/avatar\/87ce55b262b05881147ff2405c09deba3304ca53053e2ddb7eddade60eafc929?s=96&d=mm&r=g\",\"caption\":\"Marketing\"}}]}<\/script>\n<!-- \/ Yoast SEO Premium plugin. -->","yoast_head_json":{"title":"\"La Lova\" Pasi\u00f3n: Un postre emblem\u00e1tico en el Caf\u00e9 de l'Homme - Caf\u00e9 de l&#039;Homme","description":"Entre los postres de nuestra carta, \"La Lova\" Pasi\u00f3n destaca por su perfecto equilibrio de ligereza, frescura e intensidad.","robots":{"index":"index","follow":"follow","max-snippet":"max-snippet:-1","max-image-preview":"max-image-preview:large","max-video-preview":"max-video-preview:-1"},"canonical":"https:\/\/www.cafedelhomme.com\/es\/la-lova-pasion-un-postre-emblematico-en-el-cafe-de-lhomme","og_locale":"es_ES","og_type":"article","og_title":"\"La Lova\" Pasi\u00f3n: Un postre emblem\u00e1tico en el Caf\u00e9 de l'Homme","og_description":"Entre los postres de nuestra carta, \"La Lova\" Pasi\u00f3n destaca por su perfecto equilibrio de ligereza, frescura e intensidad.","og_url":"https:\/\/www.cafedelhomme.com\/es\/la-lova-pasion-un-postre-emblematico-en-el-cafe-de-lhomme","og_site_name":"Caf\u00e9 de l&#039;Homme","article_publisher":"https:\/\/www.facebook.com\/cafedelhomme","article_published_time":"2025-03-11T09:00:33+00:00","article_modified_time":"2025-03-27T16:01:13+00:00","og_image":[{"width":1280,"height":1920,"url":"https:\/\/www.cafedelhomme.com\/wp-content\/uploads\/2025\/02\/IMG_7301.jpg","type":"image\/jpeg"}],"author":"Marketing","twitter_card":"summary_large_image","twitter_misc":{"Escrito por":"Marketing","Tiempo de lectura":"3 minutos"},"schema":{"@context":"https:\/\/schema.org","@graph":[{"@type":"Article","@id":"https:\/\/www.cafedelhomme.com\/es\/la-lova-pasion-un-postre-emblematico-en-el-cafe-de-lhomme#article","isPartOf":{"@id":"https:\/\/www.cafedelhomme.com\/es\/la-lova-pasion-un-postre-emblematico-en-el-cafe-de-lhomme"},"author":{"name":"Marketing","@id":"https:\/\/www.cafedelhomme.com\/es#\/schema\/person\/6e8511c8f2a5f67fe09441e43be583cf"},"headline":"\u00bbLa Lova\u00bb Pasi\u00f3n: Un postre emblem\u00e1tico en el Caf\u00e9 de l&rsquo;Homme","datePublished":"2025-03-11T09:00:33+00:00","dateModified":"2025-03-27T16:01:13+00:00","mainEntityOfPage":{"@id":"https:\/\/www.cafedelhomme.com\/es\/la-lova-pasion-un-postre-emblematico-en-el-cafe-de-lhomme"},"wordCount":533,"publisher":{"@id":"https:\/\/www.cafedelhomme.com\/es#organization"},"image":{"@id":"https:\/\/www.cafedelhomme.com\/es\/la-lova-pasion-un-postre-emblematico-en-el-cafe-de-lhomme#primaryimage"},"thumbnailUrl":"https:\/\/www.cafedelhomme.com\/wp-content\/uploads\/2025\/02\/IMG_7301.jpg","articleSection":["mostrando","Noticias"],"inLanguage":"es"},{"@type":"WebPage","@id":"https:\/\/www.cafedelhomme.com\/es\/la-lova-pasion-un-postre-emblematico-en-el-cafe-de-lhomme","url":"https:\/\/www.cafedelhomme.com\/es\/la-lova-pasion-un-postre-emblematico-en-el-cafe-de-lhomme","name":"\"La Lova\" Pasi\u00f3n: Un postre emblem\u00e1tico en el Caf\u00e9 de l'Homme - Caf\u00e9 de l&#039;Homme","isPartOf":{"@id":"https:\/\/www.cafedelhomme.com\/es#website"},"primaryImageOfPage":{"@id":"https:\/\/www.cafedelhomme.com\/es\/la-lova-pasion-un-postre-emblematico-en-el-cafe-de-lhomme#primaryimage"},"image":{"@id":"https:\/\/www.cafedelhomme.com\/es\/la-lova-pasion-un-postre-emblematico-en-el-cafe-de-lhomme#primaryimage"},"thumbnailUrl":"https:\/\/www.cafedelhomme.com\/wp-content\/uploads\/2025\/02\/IMG_7301.jpg","datePublished":"2025-03-11T09:00:33+00:00","dateModified":"2025-03-27T16:01:13+00:00","description":"Entre los postres de nuestra carta, \"La Lova\" Pasi\u00f3n destaca por su perfecto equilibrio de ligereza, frescura e intensidad.","inLanguage":"es","potentialAction":[{"@type":"ReadAction","target":["https:\/\/www.cafedelhomme.com\/es\/la-lova-pasion-un-postre-emblematico-en-el-cafe-de-lhomme"]}]},{"@type":"ImageObject","inLanguage":"es","@id":"https:\/\/www.cafedelhomme.com\/es\/la-lova-pasion-un-postre-emblematico-en-el-cafe-de-lhomme#primaryimage","url":"https:\/\/www.cafedelhomme.com\/wp-content\/uploads\/2025\/02\/IMG_7301.jpg","contentUrl":"https:\/\/www.cafedelhomme.com\/wp-content\/uploads\/2025\/02\/IMG_7301.jpg","width":1280,"height":1920,"caption":"{\"data\":{\"stickerId\":\"\",\"activityName\":\"\",\"playId\":\"\",\"imageEffectId\":\"\",\"filterId\":\"\",\"infoStickerId\":\"\",\"os\":\"ios\",\"pictureId\":\"A374F8F6-0929-4CCA-A840-8AD07472D78E\",\"appversion\":\"5.6.0\",\"enter_from\":\"enter_launch\",\"product\":\"retouch\"},\"tiktok_developers_3p_anchor_params\":\"{\"template_id\":\"\",\"client_key\":\"awgvo7gzpeas2ho6\",\"filter_id\":[]}\",\"source_type\":\"hypic\"}"},{"@type":"WebSite","@id":"https:\/\/www.cafedelhomme.com\/es#website","url":"https:\/\/www.cafedelhomme.com\/es","name":"Caf\u00e9 de l'Homme","description":"","publisher":{"@id":"https:\/\/www.cafedelhomme.com\/es#organization"},"potentialAction":[{"@type":"SearchAction","target":{"@type":"EntryPoint","urlTemplate":"https:\/\/www.cafedelhomme.com\/es?s={search_term_string}"},"query-input":{"@type":"PropertyValueSpecification","valueRequired":true,"valueName":"search_term_string"}}],"inLanguage":"es"},{"@type":"Organization","@id":"https:\/\/www.cafedelhomme.com\/es#organization","name":"Caf\u00e9 del Hombre","url":"https:\/\/www.cafedelhomme.com\/es","logo":{"@type":"ImageObject","inLanguage":"es","@id":"https:\/\/www.cafedelhomme.com\/es#\/schema\/logo\/image\/","url":"https:\/\/www.cafedelhomme.com\/wp-content\/uploads\/2023\/04\/big-logo-300x163-1.png","contentUrl":"https:\/\/www.cafedelhomme.com\/wp-content\/uploads\/2023\/04\/big-logo-300x163-1.png","width":300,"height":163,"caption":"Caf\u00e9 del Hombre"},"image":{"@id":"https:\/\/www.cafedelhomme.com\/es#\/schema\/logo\/image\/"},"sameAs":["https:\/\/www.facebook.com\/cafedelhomme","https:\/\/www.instagram.com\/cafedelhomme\/"]},{"@type":"Person","@id":"https:\/\/www.cafedelhomme.com\/es#\/schema\/person\/6e8511c8f2a5f67fe09441e43be583cf","name":"Marketing","image":{"@type":"ImageObject","inLanguage":"es","@id":"https:\/\/www.cafedelhomme.com\/es#\/schema\/person\/image\/","url":"https:\/\/secure.gravatar.com\/avatar\/87ce55b262b05881147ff2405c09deba3304ca53053e2ddb7eddade60eafc929?s=96&d=mm&r=g","contentUrl":"https:\/\/secure.gravatar.com\/avatar\/87ce55b262b05881147ff2405c09deba3304ca53053e2ddb7eddade60eafc929?s=96&d=mm&r=g","caption":"Marketing"}}]}},"_links":{"self":[{"href":"https:\/\/www.cafedelhomme.com\/es\/wp-json\/wp\/v2\/posts\/9852","targetHints":{"allow":["GET"]}}],"collection":[{"href":"https:\/\/www.cafedelhomme.com\/es\/wp-json\/wp\/v2\/posts"}],"about":[{"href":"https:\/\/www.cafedelhomme.com\/es\/wp-json\/wp\/v2\/types\/post"}],"author":[{"embeddable":true,"href":"https:\/\/www.cafedelhomme.com\/es\/wp-json\/wp\/v2\/users\/9"}],"replies":[{"embeddable":true,"href":"https:\/\/www.cafedelhomme.com\/es\/wp-json\/wp\/v2\/comments?post=9852"}],"version-history":[{"count":2,"href":"https:\/\/www.cafedelhomme.com\/es\/wp-json\/wp\/v2\/posts\/9852\/revisions"}],"predecessor-version":[{"id":9855,"href":"https:\/\/www.cafedelhomme.com\/es\/wp-json\/wp\/v2\/posts\/9852\/revisions\/9855"}],"wp:featuredmedia":[{"embeddable":true,"href":"https:\/\/www.cafedelhomme.com\/es\/wp-json\/wp\/v2\/media\/9853"}],"wp:attachment":[{"href":"https:\/\/www.cafedelhomme.com\/es\/wp-json\/wp\/v2\/media?parent=9852"}],"wp:term":[{"taxonomy":"category","embeddable":true,"href":"https:\/\/www.cafedelhomme.com\/es\/wp-json\/wp\/v2\/categories?post=9852"},{"taxonomy":"post_tag","embeddable":true,"href":"https:\/\/www.cafedelhomme.com\/es\/wp-json\/wp\/v2\/tags?post=9852"}],"curies":[{"name":"wp","href":"https:\/\/api.w.org\/{rel}","templated":true}]}}