{"id":9856,"date":"2025-03-07T16:49:42","date_gmt":"2025-03-07T15:49:42","guid":{"rendered":"https:\/\/www.cafedelhomme.com\/la-table-du-chef-un-espacio-unico-en-el-restaurante-cafe-de-lhomme"},"modified":"2025-03-27T17:01:19","modified_gmt":"2025-03-27T16:01:19","slug":"la-table-du-chef-un-espacio-unico-en-el-restaurante-cafe-de-lhomme","status":"publish","type":"post","link":"https:\/\/www.cafedelhomme.com\/es\/la-table-du-chef-un-espacio-unico-en-el-restaurante-cafe-de-lhomme","title":{"rendered":"La Table du Chef: Un espacio \u00fanico en el restaurante Caf\u00e9 de l&rsquo;Homme"},"content":{"rendered":"<div class=\"wpb-content-wrapper\"><p>[vc_row responsive_css=\u00bbmargin_top_large:100px|margin_bottom_large:100px\u00bb css=\u00bb.vc_custom_1690902189577{margin-top: 100px !important;margin-bottom: 100px !important;}\u00bb][vc_column][vc_column_text css=\u00bb.vc_custom_1739807463752{margin-bottom: 40px !important;}\u00bb]<span style=\"font-weight: 400;\">En el coraz\u00f3n del Caf\u00e9 de l&rsquo;Homme, una <\/span><b>experiencia gastron\u00f3mica<\/b><span style=\"font-weight: 400;\"> te espera en la <\/span><a href=\"https:\/\/www.cafedelhomme.com\/es\/privatizar#table-dhote\"><b>Mesa del Chef<\/b><\/a><span style=\"font-weight: 400;\">. Concebida para acoger a invitados privilegiados, esta mesa de roble en bruto es un verdadero escaparate de convivencia, idealmente situada frente a una suntuosa bodega y enmarcada por un dosel de pinos y moucharabiehs, que crea un ambiente a la vez c\u00e1lido e \u00edntimo. <\/span>[\/vc_column_text][vc_custom_heading text=\u00bbUn entorno elegante y acogedor\u00bb css=\u00bb.vc_custom_1739807699967{padding-top: 5px !important;}\u00bb][vc_column_text css=\u00bb\u00bb]<span style=\"font-weight: 400;\">En este espacio se te invita a tomar asiento alrededor de esta <\/span><b>majestuosa mesa<\/b><span style=\"font-weight: 400;\">Una habitaci\u00f3n que destaca por su elegante sencillez. El roble en bruto, la iluminaci\u00f3n suave y la vista del   <\/span><b>bodega<\/b><span style=\"font-weight: 400;\">  crean un ambiente \u00fanico en el que la armon\u00eda y la convivencia adquieren todo su significado. Es un lugar en el que se ha pensado en cada detalle para que te sientas como en casa, mientras disfrutas del refinado entorno que ha dado fama al restaurante.   <\/span><b>Caf\u00e9 del Hombre<\/b><span style=\"font-weight: 400;\">.<\/span>[\/vc_column_text][\/vc_column][\/vc_row][vc_row responsive_css=\u00bbmargin_top_large:100px|margin_bottom_large:100px\u00bb css=\u00bb.vc_custom_1690902189577{margin-top: 100px !important;margin-bottom: 100px !important;}\u00bb][vc_column][vc_custom_heading text=\u00bbUn viaje culinario a medida\u00bb css=\u00bb.vc_custom_1739807720585{padding-top: 5px !important;}\u00bb][vc_column_text css=\u00bb\u00bb]<span style=\"font-weight: 400;\">El ambiente de la <\/span><b>Mesa del Chef <\/b> <span style=\"font-weight: 400;\">no s\u00f3lo lo crea su decoraci\u00f3n. La experiencia culinaria est\u00e1 dise\u00f1ada para sorprender y deleitar a tus invitados.   <\/span><b>papilas gustativas<\/b><span style=\"font-weight: 400;\">. Cada plato se combina con un maridaje personalizado de vino y comida para sacar lo mejor de las creaciones del chef.   <\/span><b>Chef<\/b><span style=\"font-weight: 400;\">ofreciendo una <\/span><b>experiencia a medida<\/b><span style=\"font-weight: 400;\"> que se adapta a tus preferencias y a los productos del momento.<\/span>[\/vc_column_text][\/vc_column][\/vc_row][vc_row responsive_css=\u00bbmargin_top_large:100px|margin_bottom_large:100px\u00bb css=\u00bb.vc_custom_1690902189577{margin-top: 100px !important;margin-bottom: 100px !important;}\u00bb][vc_column][vc_custom_heading text=\u00bbLa magia del momento\u00bb css=\u00bb.vc_custom_1739807736001{padding-top: 5px !important;}\u00bb][vc_column_text css=\u00bb\u00bb]<span style=\"font-weight: 400;\">La <\/span><b>Table du Chef <\/b> <span style=\"font-weight: 400;\">te ofrece un marco \u00fanico para un momento de suspensi\u00f3n en el que cada detalle cuenta. Uno a uno, en   <\/span><b>familia<\/b><span style=\"font-weight: 400;\"> o con <\/span><b>amigos<\/b><span style=\"font-weight: 400;\">tendr\u00e1s la oportunidad de vivir una cena \u00fanica, donde la calidad de los productos se combina con la atenci\u00f3n del equipo del <\/span><b>Caf\u00e9 del Hombre<\/b><span style=\"font-weight: 400;\">.<\/span>[\/vc_column_text][\/vc_column][\/vc_row][vc_row responsive_css=\u00bbmargin_top_large:100px|margin_bottom_large:100px\u00bb css=\u00bb.vc_custom_1690902189577{margin-top: 100px !important;margin-bottom: 100px !important;}\u00bb][vc_column][vc_custom_heading text=\u00bbUn lugar especial para todos tus eventos\u00bb css=\u00bb.vc_custom_1739807758901{padding-top: 5px !important;}\u00bb][vc_column_text css=\u00bb\u00bb]<span style=\"font-weight: 400;\">Ya sea para una velada especial, una cena de negocios o una ocasi\u00f3n para celebrar, La <strong>Table du<\/strong> <\/span><b>Chef<\/b><span style=\"font-weight: 400;\"> en<\/span><b> Caf\u00e9 del Hombre <\/b> <span style=\"font-weight: 400;\">te da la bienvenida para todos tus momentos especiales. Este entorno \u00edntimo y refinado ha sido dise\u00f1ado para ofrecerte <\/span><b>  experiencia gastron\u00f3mica  <\/b><span style=\"font-weight: 400;\">exclusivo, con un servicio personalizado para que tu evento sea inolvidable. La cordialidad de la mesa se combina con la elegancia del entorno para hacer de cada comida una celebraci\u00f3n. <\/span><\/p>\n<p><span style=\"font-weight: 400;\">Ven a descubrir la <\/span><b>Mesa del Chef<\/b><span style=\"font-weight: 400;\"> en<\/span><b> Caf\u00e9 del Hombre<\/b><span style=\"font-weight: 400;\">  y d\u00e9jate hechizar por la alquimia perfecta entre el entorno, la cocina y el arte de vivir a la francesa. Reserva ahora una experiencia que dejar\u00e1 una impresi\u00f3n duradera en tus papilas gustativas. <\/span>[\/vc_column_text]<a href=\"https:\/\/www.cafedelhomme.com\/privatiser#table-dhote\" target=\"_blank\" class=\"btn btn-default btn-bordered border-thin btn btn-outline btn-outline-black ld_button_69eedccd6f331\">\n\t<span>\n\t\t\n\t\t\t\t\t<span class=\"btn-txt\">demander un devis.<\/span>\n\t\t\t\n\t\t\t\t<\/span>\n<\/a>\n[\/vc_column][\/vc_row]<\/p>\n<\/div>","protected":false},"excerpt":{"rendered":"<p>[vc_row responsive_css=\u00bbmargin_top_large:100px|margin_bottom_large:100px\u00bb css=\u00bb.vc_custom_1690902189577{margin-top: 100px !important;margin-bottom: 100px !important;}\u00bb][vc_column][vc_column_text css=\u00bb.vc_custom_1739807463752{margin-bottom: 40px !important;}\u00bb]En el coraz\u00f3n del Caf\u00e9 de l&rsquo;Homme, una experiencia gastron\u00f3mica te espera en la Mesa del Chef. Concebida para acoger a invitados privilegiados, esta mesa de roble en bruto es un verdadero escaparate de convivencia, idealmente&#8230;<\/p>\n","protected":false},"author":9,"featured_media":9858,"comment_status":"closed","ping_status":"open","sticky":false,"template":"","format":"standard","meta":{"_acf_changed":false,"footnotes":""},"categories":[159,158],"tags":[],"class_list":["post-9856","post","type-post","status-publish","format-standard","has-post-thumbnail","hentry","category-mostrando","category-noticias-es"],"acf":[],"yoast_head":"<!-- This site is optimized with the Yoast SEO Premium plugin v20.10 (Yoast SEO v27.0) - https:\/\/yoast.com\/product\/yoast-seo-premium-wordpress\/ -->\n<title>La Table du Chef: Un espacio \u00fanico en el restaurante Caf\u00e9 de l&#039;Homme - Caf\u00e9 de l&#039;Homme<\/title>\n<meta name=\"description\" content=\"En el coraz\u00f3n del Caf\u00e9 de l&#039;Homme, te espera una experiencia gastron\u00f3mica excepcional en torno a la Mesa del Chef.\" \/>\n<meta name=\"robots\" content=\"index, follow, max-snippet:-1, max-image-preview:large, max-video-preview:-1\" \/>\n<link rel=\"canonical\" href=\"https:\/\/www.cafedelhomme.com\/es\/la-table-du-chef-un-espacio-unico-en-el-restaurante-cafe-de-lhomme\" \/>\n<meta property=\"og:locale\" content=\"es_ES\" \/>\n<meta property=\"og:type\" content=\"article\" \/>\n<meta property=\"og:title\" content=\"La Table du Chef: Un espacio \u00fanico en el restaurante Caf\u00e9 de l&#039;Homme\" \/>\n<meta property=\"og:description\" content=\"En el coraz\u00f3n del Caf\u00e9 de l&#039;Homme, te espera una experiencia gastron\u00f3mica excepcional en torno a la Mesa del Chef.\" \/>\n<meta property=\"og:url\" content=\"https:\/\/www.cafedelhomme.com\/es\/la-table-du-chef-un-espacio-unico-en-el-restaurante-cafe-de-lhomme\" \/>\n<meta property=\"og:site_name\" content=\"Caf\u00e9 de l&#039;Homme\" \/>\n<meta property=\"article:publisher\" content=\"https:\/\/www.facebook.com\/cafedelhomme\" \/>\n<meta property=\"article:published_time\" content=\"2025-03-07T15:49:42+00:00\" \/>\n<meta property=\"article:modified_time\" content=\"2025-03-27T16:01:19+00:00\" \/>\n<meta property=\"og:image\" content=\"https:\/\/www.cafedelhomme.com\/wp-content\/uploads\/2025\/02\/Table-dhote.jpg\" \/>\n\t<meta property=\"og:image:width\" content=\"1086\" \/>\n\t<meta property=\"og:image:height\" content=\"1632\" \/>\n\t<meta property=\"og:image:type\" content=\"image\/jpeg\" \/>\n<meta name=\"author\" content=\"Marketing\" \/>\n<meta name=\"twitter:card\" content=\"summary_large_image\" \/>\n<meta name=\"twitter:label1\" content=\"Escrito por\" \/>\n\t<meta name=\"twitter:data1\" content=\"Marketing\" \/>\n\t<meta name=\"twitter:label2\" content=\"Tiempo de lectura\" \/>\n\t<meta name=\"twitter:data2\" content=\"3 minutos\" \/>\n<script type=\"application\/ld+json\" class=\"yoast-schema-graph\">{\"@context\":\"https:\/\/schema.org\",\"@graph\":[{\"@type\":\"Article\",\"@id\":\"https:\/\/www.cafedelhomme.com\/es\/la-table-du-chef-un-espacio-unico-en-el-restaurante-cafe-de-lhomme#article\",\"isPartOf\":{\"@id\":\"https:\/\/www.cafedelhomme.com\/es\/la-table-du-chef-un-espacio-unico-en-el-restaurante-cafe-de-lhomme\"},\"author\":{\"name\":\"Marketing\",\"@id\":\"https:\/\/www.cafedelhomme.com\/es#\/schema\/person\/6e8511c8f2a5f67fe09441e43be583cf\"},\"headline\":\"La Table du Chef: Un espacio \u00fanico en el restaurante Caf\u00e9 de l&rsquo;Homme\",\"datePublished\":\"2025-03-07T15:49:42+00:00\",\"dateModified\":\"2025-03-27T16:01:19+00:00\",\"mainEntityOfPage\":{\"@id\":\"https:\/\/www.cafedelhomme.com\/es\/la-table-du-chef-un-espacio-unico-en-el-restaurante-cafe-de-lhomme\"},\"wordCount\":648,\"publisher\":{\"@id\":\"https:\/\/www.cafedelhomme.com\/es#organization\"},\"image\":{\"@id\":\"https:\/\/www.cafedelhomme.com\/es\/la-table-du-chef-un-espacio-unico-en-el-restaurante-cafe-de-lhomme#primaryimage\"},\"thumbnailUrl\":\"https:\/\/www.cafedelhomme.com\/wp-content\/uploads\/2025\/02\/Table-dhote.jpg\",\"articleSection\":[\"mostrando\",\"Noticias\"],\"inLanguage\":\"es\"},{\"@type\":\"WebPage\",\"@id\":\"https:\/\/www.cafedelhomme.com\/es\/la-table-du-chef-un-espacio-unico-en-el-restaurante-cafe-de-lhomme\",\"url\":\"https:\/\/www.cafedelhomme.com\/es\/la-table-du-chef-un-espacio-unico-en-el-restaurante-cafe-de-lhomme\",\"name\":\"La Table du Chef: Un espacio \u00fanico en el restaurante Caf\u00e9 de l'Homme - Caf\u00e9 de l&#039;Homme\",\"isPartOf\":{\"@id\":\"https:\/\/www.cafedelhomme.com\/es#website\"},\"primaryImageOfPage\":{\"@id\":\"https:\/\/www.cafedelhomme.com\/es\/la-table-du-chef-un-espacio-unico-en-el-restaurante-cafe-de-lhomme#primaryimage\"},\"image\":{\"@id\":\"https:\/\/www.cafedelhomme.com\/es\/la-table-du-chef-un-espacio-unico-en-el-restaurante-cafe-de-lhomme#primaryimage\"},\"thumbnailUrl\":\"https:\/\/www.cafedelhomme.com\/wp-content\/uploads\/2025\/02\/Table-dhote.jpg\",\"datePublished\":\"2025-03-07T15:49:42+00:00\",\"dateModified\":\"2025-03-27T16:01:19+00:00\",\"description\":\"En el coraz\u00f3n del Caf\u00e9 de l'Homme, te espera una experiencia gastron\u00f3mica excepcional en torno a la Mesa del Chef.\",\"inLanguage\":\"es\",\"potentialAction\":[{\"@type\":\"ReadAction\",\"target\":[\"https:\/\/www.cafedelhomme.com\/es\/la-table-du-chef-un-espacio-unico-en-el-restaurante-cafe-de-lhomme\"]}]},{\"@type\":\"ImageObject\",\"inLanguage\":\"es\",\"@id\":\"https:\/\/www.cafedelhomme.com\/es\/la-table-du-chef-un-espacio-unico-en-el-restaurante-cafe-de-lhomme#primaryimage\",\"url\":\"https:\/\/www.cafedelhomme.com\/wp-content\/uploads\/2025\/02\/Table-dhote.jpg\",\"contentUrl\":\"https:\/\/www.cafedelhomme.com\/wp-content\/uploads\/2025\/02\/Table-dhote.jpg\",\"width\":1086,\"height\":1632},{\"@type\":\"WebSite\",\"@id\":\"https:\/\/www.cafedelhomme.com\/es#website\",\"url\":\"https:\/\/www.cafedelhomme.com\/es\",\"name\":\"Caf\u00e9 de l'Homme\",\"description\":\"\",\"publisher\":{\"@id\":\"https:\/\/www.cafedelhomme.com\/es#organization\"},\"potentialAction\":[{\"@type\":\"SearchAction\",\"target\":{\"@type\":\"EntryPoint\",\"urlTemplate\":\"https:\/\/www.cafedelhomme.com\/es?s={search_term_string}\"},\"query-input\":{\"@type\":\"PropertyValueSpecification\",\"valueRequired\":true,\"valueName\":\"search_term_string\"}}],\"inLanguage\":\"es\"},{\"@type\":\"Organization\",\"@id\":\"https:\/\/www.cafedelhomme.com\/es#organization\",\"name\":\"Caf\u00e9 del Hombre\",\"url\":\"https:\/\/www.cafedelhomme.com\/es\",\"logo\":{\"@type\":\"ImageObject\",\"inLanguage\":\"es\",\"@id\":\"https:\/\/www.cafedelhomme.com\/es#\/schema\/logo\/image\/\",\"url\":\"https:\/\/www.cafedelhomme.com\/wp-content\/uploads\/2023\/04\/big-logo-300x163-1.png\",\"contentUrl\":\"https:\/\/www.cafedelhomme.com\/wp-content\/uploads\/2023\/04\/big-logo-300x163-1.png\",\"width\":300,\"height\":163,\"caption\":\"Caf\u00e9 del Hombre\"},\"image\":{\"@id\":\"https:\/\/www.cafedelhomme.com\/es#\/schema\/logo\/image\/\"},\"sameAs\":[\"https:\/\/www.facebook.com\/cafedelhomme\",\"https:\/\/www.instagram.com\/cafedelhomme\/\"]},{\"@type\":\"Person\",\"@id\":\"https:\/\/www.cafedelhomme.com\/es#\/schema\/person\/6e8511c8f2a5f67fe09441e43be583cf\",\"name\":\"Marketing\",\"image\":{\"@type\":\"ImageObject\",\"inLanguage\":\"es\",\"@id\":\"https:\/\/www.cafedelhomme.com\/es#\/schema\/person\/image\/\",\"url\":\"https:\/\/secure.gravatar.com\/avatar\/87ce55b262b05881147ff2405c09deba3304ca53053e2ddb7eddade60eafc929?s=96&d=mm&r=g\",\"contentUrl\":\"https:\/\/secure.gravatar.com\/avatar\/87ce55b262b05881147ff2405c09deba3304ca53053e2ddb7eddade60eafc929?s=96&d=mm&r=g\",\"caption\":\"Marketing\"}}]}<\/script>\n<!-- \/ Yoast SEO Premium plugin. -->","yoast_head_json":{"title":"La Table du Chef: Un espacio \u00fanico en el restaurante Caf\u00e9 de l'Homme - Caf\u00e9 de l&#039;Homme","description":"En el coraz\u00f3n del Caf\u00e9 de l'Homme, te espera una experiencia gastron\u00f3mica excepcional en torno a la Mesa del Chef.","robots":{"index":"index","follow":"follow","max-snippet":"max-snippet:-1","max-image-preview":"max-image-preview:large","max-video-preview":"max-video-preview:-1"},"canonical":"https:\/\/www.cafedelhomme.com\/es\/la-table-du-chef-un-espacio-unico-en-el-restaurante-cafe-de-lhomme","og_locale":"es_ES","og_type":"article","og_title":"La Table du Chef: Un espacio \u00fanico en el restaurante Caf\u00e9 de l'Homme","og_description":"En el coraz\u00f3n del Caf\u00e9 de l'Homme, te espera una experiencia gastron\u00f3mica excepcional en torno a la Mesa del Chef.","og_url":"https:\/\/www.cafedelhomme.com\/es\/la-table-du-chef-un-espacio-unico-en-el-restaurante-cafe-de-lhomme","og_site_name":"Caf\u00e9 de l&#039;Homme","article_publisher":"https:\/\/www.facebook.com\/cafedelhomme","article_published_time":"2025-03-07T15:49:42+00:00","article_modified_time":"2025-03-27T16:01:19+00:00","og_image":[{"width":1086,"height":1632,"url":"https:\/\/www.cafedelhomme.com\/wp-content\/uploads\/2025\/02\/Table-dhote.jpg","type":"image\/jpeg"}],"author":"Marketing","twitter_card":"summary_large_image","twitter_misc":{"Escrito por":"Marketing","Tiempo de lectura":"3 minutos"},"schema":{"@context":"https:\/\/schema.org","@graph":[{"@type":"Article","@id":"https:\/\/www.cafedelhomme.com\/es\/la-table-du-chef-un-espacio-unico-en-el-restaurante-cafe-de-lhomme#article","isPartOf":{"@id":"https:\/\/www.cafedelhomme.com\/es\/la-table-du-chef-un-espacio-unico-en-el-restaurante-cafe-de-lhomme"},"author":{"name":"Marketing","@id":"https:\/\/www.cafedelhomme.com\/es#\/schema\/person\/6e8511c8f2a5f67fe09441e43be583cf"},"headline":"La Table du Chef: Un espacio \u00fanico en el restaurante Caf\u00e9 de l&rsquo;Homme","datePublished":"2025-03-07T15:49:42+00:00","dateModified":"2025-03-27T16:01:19+00:00","mainEntityOfPage":{"@id":"https:\/\/www.cafedelhomme.com\/es\/la-table-du-chef-un-espacio-unico-en-el-restaurante-cafe-de-lhomme"},"wordCount":648,"publisher":{"@id":"https:\/\/www.cafedelhomme.com\/es#organization"},"image":{"@id":"https:\/\/www.cafedelhomme.com\/es\/la-table-du-chef-un-espacio-unico-en-el-restaurante-cafe-de-lhomme#primaryimage"},"thumbnailUrl":"https:\/\/www.cafedelhomme.com\/wp-content\/uploads\/2025\/02\/Table-dhote.jpg","articleSection":["mostrando","Noticias"],"inLanguage":"es"},{"@type":"WebPage","@id":"https:\/\/www.cafedelhomme.com\/es\/la-table-du-chef-un-espacio-unico-en-el-restaurante-cafe-de-lhomme","url":"https:\/\/www.cafedelhomme.com\/es\/la-table-du-chef-un-espacio-unico-en-el-restaurante-cafe-de-lhomme","name":"La Table du Chef: Un espacio \u00fanico en el restaurante Caf\u00e9 de l'Homme - Caf\u00e9 de l&#039;Homme","isPartOf":{"@id":"https:\/\/www.cafedelhomme.com\/es#website"},"primaryImageOfPage":{"@id":"https:\/\/www.cafedelhomme.com\/es\/la-table-du-chef-un-espacio-unico-en-el-restaurante-cafe-de-lhomme#primaryimage"},"image":{"@id":"https:\/\/www.cafedelhomme.com\/es\/la-table-du-chef-un-espacio-unico-en-el-restaurante-cafe-de-lhomme#primaryimage"},"thumbnailUrl":"https:\/\/www.cafedelhomme.com\/wp-content\/uploads\/2025\/02\/Table-dhote.jpg","datePublished":"2025-03-07T15:49:42+00:00","dateModified":"2025-03-27T16:01:19+00:00","description":"En el coraz\u00f3n del Caf\u00e9 de l'Homme, te espera una experiencia gastron\u00f3mica excepcional en torno a la Mesa del Chef.","inLanguage":"es","potentialAction":[{"@type":"ReadAction","target":["https:\/\/www.cafedelhomme.com\/es\/la-table-du-chef-un-espacio-unico-en-el-restaurante-cafe-de-lhomme"]}]},{"@type":"ImageObject","inLanguage":"es","@id":"https:\/\/www.cafedelhomme.com\/es\/la-table-du-chef-un-espacio-unico-en-el-restaurante-cafe-de-lhomme#primaryimage","url":"https:\/\/www.cafedelhomme.com\/wp-content\/uploads\/2025\/02\/Table-dhote.jpg","contentUrl":"https:\/\/www.cafedelhomme.com\/wp-content\/uploads\/2025\/02\/Table-dhote.jpg","width":1086,"height":1632},{"@type":"WebSite","@id":"https:\/\/www.cafedelhomme.com\/es#website","url":"https:\/\/www.cafedelhomme.com\/es","name":"Caf\u00e9 de l'Homme","description":"","publisher":{"@id":"https:\/\/www.cafedelhomme.com\/es#organization"},"potentialAction":[{"@type":"SearchAction","target":{"@type":"EntryPoint","urlTemplate":"https:\/\/www.cafedelhomme.com\/es?s={search_term_string}"},"query-input":{"@type":"PropertyValueSpecification","valueRequired":true,"valueName":"search_term_string"}}],"inLanguage":"es"},{"@type":"Organization","@id":"https:\/\/www.cafedelhomme.com\/es#organization","name":"Caf\u00e9 del Hombre","url":"https:\/\/www.cafedelhomme.com\/es","logo":{"@type":"ImageObject","inLanguage":"es","@id":"https:\/\/www.cafedelhomme.com\/es#\/schema\/logo\/image\/","url":"https:\/\/www.cafedelhomme.com\/wp-content\/uploads\/2023\/04\/big-logo-300x163-1.png","contentUrl":"https:\/\/www.cafedelhomme.com\/wp-content\/uploads\/2023\/04\/big-logo-300x163-1.png","width":300,"height":163,"caption":"Caf\u00e9 del Hombre"},"image":{"@id":"https:\/\/www.cafedelhomme.com\/es#\/schema\/logo\/image\/"},"sameAs":["https:\/\/www.facebook.com\/cafedelhomme","https:\/\/www.instagram.com\/cafedelhomme\/"]},{"@type":"Person","@id":"https:\/\/www.cafedelhomme.com\/es#\/schema\/person\/6e8511c8f2a5f67fe09441e43be583cf","name":"Marketing","image":{"@type":"ImageObject","inLanguage":"es","@id":"https:\/\/www.cafedelhomme.com\/es#\/schema\/person\/image\/","url":"https:\/\/secure.gravatar.com\/avatar\/87ce55b262b05881147ff2405c09deba3304ca53053e2ddb7eddade60eafc929?s=96&d=mm&r=g","contentUrl":"https:\/\/secure.gravatar.com\/avatar\/87ce55b262b05881147ff2405c09deba3304ca53053e2ddb7eddade60eafc929?s=96&d=mm&r=g","caption":"Marketing"}}]}},"_links":{"self":[{"href":"https:\/\/www.cafedelhomme.com\/es\/wp-json\/wp\/v2\/posts\/9856","targetHints":{"allow":["GET"]}}],"collection":[{"href":"https:\/\/www.cafedelhomme.com\/es\/wp-json\/wp\/v2\/posts"}],"about":[{"href":"https:\/\/www.cafedelhomme.com\/es\/wp-json\/wp\/v2\/types\/post"}],"author":[{"embeddable":true,"href":"https:\/\/www.cafedelhomme.com\/es\/wp-json\/wp\/v2\/users\/9"}],"replies":[{"embeddable":true,"href":"https:\/\/www.cafedelhomme.com\/es\/wp-json\/wp\/v2\/comments?post=9856"}],"version-history":[{"count":10,"href":"https:\/\/www.cafedelhomme.com\/es\/wp-json\/wp\/v2\/posts\/9856\/revisions"}],"predecessor-version":[{"id":9897,"href":"https:\/\/www.cafedelhomme.com\/es\/wp-json\/wp\/v2\/posts\/9856\/revisions\/9897"}],"wp:featuredmedia":[{"embeddable":true,"href":"https:\/\/www.cafedelhomme.com\/es\/wp-json\/wp\/v2\/media\/9858"}],"wp:attachment":[{"href":"https:\/\/www.cafedelhomme.com\/es\/wp-json\/wp\/v2\/media?parent=9856"}],"wp:term":[{"taxonomy":"category","embeddable":true,"href":"https:\/\/www.cafedelhomme.com\/es\/wp-json\/wp\/v2\/categories?post=9856"},{"taxonomy":"post_tag","embeddable":true,"href":"https:\/\/www.cafedelhomme.com\/es\/wp-json\/wp\/v2\/tags?post=9856"}],"curies":[{"name":"wp","href":"https:\/\/api.w.org\/{rel}","templated":true}]}}