{"id":9857,"date":"2025-02-02T09:00:02","date_gmt":"2025-02-02T08:00:02","guid":{"rendered":"https:\/\/www.cafedelhomme.com\/san-valentin-en-el-cafe-de-lhomme-una-velada-magica-bajo-las-estrellas-en-paris"},"modified":"2025-03-27T17:01:20","modified_gmt":"2025-03-27T16:01:20","slug":"san-valentin-en-el-cafe-de-lhomme-una-velada-magica-bajo-las-estrellas-en-paris","status":"publish","type":"post","link":"https:\/\/www.cafedelhomme.com\/es\/san-valentin-en-el-cafe-de-lhomme-una-velada-magica-bajo-las-estrellas-en-paris","title":{"rendered":"San Valent\u00edn en el Caf\u00e9 de l&rsquo;Homme: una velada m\u00e1gica bajo las estrellas en Par\u00eds"},"content":{"rendered":"<div class=\"wpb-content-wrapper\"><p>[vc_row responsive_css=\u00bbmargin_top_large:100px|margin_bottom_large:100px\u00bb css=\u00bb.vc_custom_1690902189577{margin-top: 100px !important;margin-bottom: 100px !important;}\u00bb][vc_column][vc_column_text css=\u00bb.vc_custom_1736419788802{margin-bottom: 40px !important;}\u00bb]Para el d\u00eda m\u00e1s <strong>rom\u00e1ntico<\/strong> del a\u00f1o, <strong>el Caf\u00e9 de l&rsquo;Homme<\/strong> te abre las puertas de su <strong>encantador mundo<\/strong>, frente a la majestuosa <strong>Torre Eiffel<\/strong>. Regala a tu media naranja una <strong>experiencia inolvidable<\/strong> en la que cada momento es una declaraci\u00f3n de amor, entre <strong>delicias gastron\u00f3micas<\/strong> y un <strong>ambiente hechizante<\/strong>.[\/vc_column_text][vc_custom_heading text=\u00bbUna cena excepcional para celebrar vuestro amor\u00bb css=\u00bb.vc_custom_1736419795086{padding-top: 5px !important;}\u00bb][vc_column_text css=\u00bb\u00bb]Nuestro <strong>Chef Wilfried Graux<\/strong> ha ideado un <strong>men\u00fa gastron\u00f3mico<\/strong> <strong>de cuatro platos<\/strong> especialmente dise\u00f1ado para esta ocasi\u00f3n \u00fanica. Realzado por una copa de <strong>Champagne Charles Heidsieck Blanc de Blancs<\/strong>, cada plato cuenta una historia. <\/p>\n<p><span style=\"text-decoration: underline;\"><strong>Servicio 1 - 160<\/strong><\/span><\/p>\n<p>De <strong>18.30 a 21.00 h<\/strong><br \/>\nD\u00e9jate seducir por una <strong>cena al atardecer<\/strong>, cuando <strong>Par\u00eds se ilumina suavemente<\/strong> y la Torre <strong>Eiffel<\/strong> se convierte en el escenario de tu complicidad.<\/p>\n<p><a href=\"https:\/\/sevn.ly\/x7m2ggqv\">Reserva este servicio \u00bbAmantes precoces<\/a><\/p>\n<p><span style=\"text-decoration: underline;\"><strong>Servicio 2 - 180<\/strong><\/span><\/p>\n<p>A partir de <strong>las 21.00 h<\/strong><br \/>\nUna velada <strong>rom\u00e1ntica<\/strong>, prolongada por la <strong>magia de la noche<\/strong> y el <strong>resplandor de las luces<\/strong> de la Dama de Hierro.<\/p>\n<p><a href=\"https:\/\/sevn.ly\/xa1m1omR\">Reserva este servicio \u00bbTarde en la noche<\/a>[\/vc_column_text][\/vc_column][\/vc_row][vc_row responsive_css=\u00bbmargin_top_large:100px|margin_bottom_large:100px\u00bb css=\u00bb.vc_custom_1690902189577{margin-top: 100px !important;margin-bottom: 100px !important;}\u00bb][vc_column][vc_custom_heading text=\u00bbUn entorno encantador, una atm\u00f3sfera m\u00e1gica\u00bb css=\u00bb.vc_custom_1736419830203{padding-top: 5px !important;}\u00bb][vc_column_text css=\u00bb\u00bb]Imag\u00ednate c\u00f3modamente sentado, cogido <strong>de la mano<\/strong>, rodeado de<strong>una elegancia parisina atemporal<\/strong>. La <strong>terraza<\/strong>, ba\u00f1ada por <strong>la luz<\/strong> dorada <strong>de las velas<\/strong> y el resplandor de la Torre <strong>Eiffel<\/strong>, crea una atm\u00f3sfera digna de los <strong>sue\u00f1os m\u00e1s dulces<\/strong>. Cada detalle ha sido cuidadosamente pensado para transformar esta velada en un <strong>momento de eternidad<\/strong>.[\/vc_column_text][\/vc_column][\/vc_row][vc_row responsive_css=\u00bbmargin_top_large:100px|margin_bottom_large:100px\u00bb css=\u00bb.vc_custom_1690902189577{margin-top: 100px !important;margin-bottom: 100px !important;}\u00bb][vc_column][vc_custom_heading text=\u00bbUn amor que celebrar, una experiencia que compartir\u00bb css=\u00bb.vc_custom_1736419844887{padding-top: 5px !important;}\u00bb][vc_column_text css=\u00bb\u00bb]En <strong>Caf\u00e9 de l&rsquo;<\/strong>Homme sabemos que <strong>San Valent\u00edn<\/strong> es mucho m\u00e1s que una cena. Es un momento para reunirse, decir <strong>\u00bbte quiero\u00bb<\/strong> y celebrar la<strong>aventura<\/strong> que est\u00e1is escribiendo juntos. Nuestro equipo est\u00e1 preparado para hacer de \u00e9sta una velada para <strong>recordar<\/strong> siempre.[\/vc_column_text][\/vc_column][\/vc_row][vc_row responsive_css=\u00bbmargin_top_large:100px|margin_bottom_large:100px\u00bb css=\u00bb.vc_custom_1690902189577{margin-top: 100px !important;margin-bottom: 100px !important;}\u00bb][vc_column][vc_custom_heading text=\u00bbReserva tu momento de excepci\u00f3n\u00bb css=\u00bb.vc_custom_1736419859803{padding-top: 5px !important;}\u00bb][vc_column_text css=\u00bb\u00bb]Las plazas son limitadas para esta <strong>velada \u00fanica<\/strong>. No te pierdas esta oportunidad de regalar a tu media naranja <strong>un San Valent\u00edn inolvidable<\/strong>.[\/vc_column_text][vc_row_inner][vc_column_inner width=\u00bb1\/2&Prime;]<a href=\"https:\/\/sevn.ly\/x7m2ggqv\" target=\"_blank\" class=\"btn btn-default btn-bordered border-thin btn btn-outline btn-outline-black ld_button_69eda97cdefae\">\n\t<span>\n\t\t\n\t\t\t\t\t<span class=\"btn-txt\">libro \"Los primeros amantes<\/span>\n\t\t\t\n\t\t\t\t<\/span>\n<\/a>\n[\/vc_column_inner][vc_column_inner width=\u00bb1\/2&Prime;]<a href=\"https:\/\/sevn.ly\/xa1m1omR\" target=\"_blank\" class=\"btn btn-default btn-bordered border-thin btn btn-outline btn-outline-black ld_button_69eda97cdf181\">\n\t<span>\n\t\t\n\t\t\t\n\t\t\t\t<\/span>\n<\/a>\n[\/vc_column_inner][\/vc_row_inner][\/vc_column][\/vc_row]<\/p>\n<\/div>","protected":false},"excerpt":{"rendered":"<p>[vc_row responsive_css=\u00bbmargin_top_large:100px|margin_bottom_large:100px\u00bb css=\u00bb.vc_custom_1690902189577{margin-top: 100px !important;margin-bottom: 100px !important;}\u00bb][vc_column][vc_column_text css=\u00bb.vc_custom_1736419788802{margin-bottom: 40px !important;}\u00bb]Para el d\u00eda m\u00e1s rom\u00e1ntico del a\u00f1o, el Caf\u00e9 de l&rsquo;Homme te abre las puertas de su encantador mundo, frente a la majestuosa Torre Eiffel. Regala a tu media naranja una experiencia inolvidable en la que&#8230;<\/p>\n","protected":false},"author":9,"featured_media":9859,"comment_status":"closed","ping_status":"open","sticky":false,"template":"","format":"standard","meta":{"_acf_changed":false,"footnotes":""},"categories":[159,158],"tags":[],"class_list":["post-9857","post","type-post","status-publish","format-standard","has-post-thumbnail","hentry","category-mostrando","category-noticias-es"],"acf":[],"yoast_head":"<!-- This site is optimized with the Yoast SEO Premium plugin v20.10 (Yoast SEO v27.0) - https:\/\/yoast.com\/product\/yoast-seo-premium-wordpress\/ -->\n<title>San Valent\u00edn en el Caf\u00e9 de l&#039;Homme: una velada m\u00e1gica bajo las estrellas en Par\u00eds - Caf\u00e9 de l&#039;Homme<\/title>\n<meta name=\"description\" content=\"Celebra San Valent\u00edn en el Caf\u00e9 de l&#039;Homme con una cena con vistas a la Torre Eiffel. Un men\u00fa refinado y una velada inolvidable.\" \/>\n<meta name=\"robots\" content=\"index, follow, max-snippet:-1, max-image-preview:large, max-video-preview:-1\" \/>\n<link rel=\"canonical\" href=\"https:\/\/www.cafedelhomme.com\/es\/san-valentin-en-el-cafe-de-lhomme-una-velada-magica-bajo-las-estrellas-en-paris\" \/>\n<meta property=\"og:locale\" content=\"es_ES\" \/>\n<meta property=\"og:type\" content=\"article\" \/>\n<meta property=\"og:title\" content=\"San Valent\u00edn en el Caf\u00e9 de l&#039;Homme: una velada m\u00e1gica bajo las estrellas en Par\u00eds\" \/>\n<meta property=\"og:description\" content=\"Celebra San Valent\u00edn en el Caf\u00e9 de l&#039;Homme con una cena con vistas a la Torre Eiffel. Un men\u00fa refinado y una velada inolvidable.\" \/>\n<meta property=\"og:url\" content=\"https:\/\/www.cafedelhomme.com\/es\/san-valentin-en-el-cafe-de-lhomme-una-velada-magica-bajo-las-estrellas-en-paris\" \/>\n<meta property=\"og:site_name\" content=\"Caf\u00e9 de l&#039;Homme\" \/>\n<meta property=\"article:publisher\" content=\"https:\/\/www.facebook.com\/cafedelhomme\" \/>\n<meta property=\"article:published_time\" content=\"2025-02-02T08:00:02+00:00\" \/>\n<meta property=\"article:modified_time\" content=\"2025-03-27T16:01:20+00:00\" \/>\n<meta property=\"og:image\" content=\"https:\/\/www.cafedelhomme.com\/wp-content\/uploads\/2025\/01\/Article-St-Valentin.jpg\" \/>\n\t<meta property=\"og:image:width\" content=\"1742\" \/>\n\t<meta property=\"og:image:height\" content=\"2322\" \/>\n\t<meta property=\"og:image:type\" content=\"image\/jpeg\" \/>\n<meta name=\"author\" content=\"Marketing\" \/>\n<meta name=\"twitter:card\" content=\"summary_large_image\" \/>\n<meta name=\"twitter:label1\" content=\"Escrito por\" \/>\n\t<meta name=\"twitter:data1\" content=\"Marketing\" \/>\n\t<meta name=\"twitter:label2\" content=\"Tiempo de lectura\" \/>\n\t<meta name=\"twitter:data2\" content=\"3 minutos\" \/>\n<script type=\"application\/ld+json\" class=\"yoast-schema-graph\">{\"@context\":\"https:\/\/schema.org\",\"@graph\":[{\"@type\":\"Article\",\"@id\":\"https:\/\/www.cafedelhomme.com\/es\/san-valentin-en-el-cafe-de-lhomme-una-velada-magica-bajo-las-estrellas-en-paris#article\",\"isPartOf\":{\"@id\":\"https:\/\/www.cafedelhomme.com\/es\/san-valentin-en-el-cafe-de-lhomme-una-velada-magica-bajo-las-estrellas-en-paris\"},\"author\":{\"name\":\"Marketing\",\"@id\":\"https:\/\/www.cafedelhomme.com\/es#\/schema\/person\/6e8511c8f2a5f67fe09441e43be583cf\"},\"headline\":\"San Valent\u00edn en el Caf\u00e9 de l&rsquo;Homme: una velada m\u00e1gica bajo las estrellas en Par\u00eds\",\"datePublished\":\"2025-02-02T08:00:02+00:00\",\"dateModified\":\"2025-03-27T16:01:20+00:00\",\"mainEntityOfPage\":{\"@id\":\"https:\/\/www.cafedelhomme.com\/es\/san-valentin-en-el-cafe-de-lhomme-una-velada-magica-bajo-las-estrellas-en-paris\"},\"wordCount\":602,\"publisher\":{\"@id\":\"https:\/\/www.cafedelhomme.com\/es#organization\"},\"image\":{\"@id\":\"https:\/\/www.cafedelhomme.com\/es\/san-valentin-en-el-cafe-de-lhomme-una-velada-magica-bajo-las-estrellas-en-paris#primaryimage\"},\"thumbnailUrl\":\"https:\/\/www.cafedelhomme.com\/wp-content\/uploads\/2025\/01\/Article-St-Valentin.jpg\",\"articleSection\":[\"mostrando\",\"Noticias\"],\"inLanguage\":\"es\"},{\"@type\":\"WebPage\",\"@id\":\"https:\/\/www.cafedelhomme.com\/es\/san-valentin-en-el-cafe-de-lhomme-una-velada-magica-bajo-las-estrellas-en-paris\",\"url\":\"https:\/\/www.cafedelhomme.com\/es\/san-valentin-en-el-cafe-de-lhomme-una-velada-magica-bajo-las-estrellas-en-paris\",\"name\":\"San Valent\u00edn en el Caf\u00e9 de l'Homme: una velada m\u00e1gica bajo las estrellas en Par\u00eds - Caf\u00e9 de l&#039;Homme\",\"isPartOf\":{\"@id\":\"https:\/\/www.cafedelhomme.com\/es#website\"},\"primaryImageOfPage\":{\"@id\":\"https:\/\/www.cafedelhomme.com\/es\/san-valentin-en-el-cafe-de-lhomme-una-velada-magica-bajo-las-estrellas-en-paris#primaryimage\"},\"image\":{\"@id\":\"https:\/\/www.cafedelhomme.com\/es\/san-valentin-en-el-cafe-de-lhomme-una-velada-magica-bajo-las-estrellas-en-paris#primaryimage\"},\"thumbnailUrl\":\"https:\/\/www.cafedelhomme.com\/wp-content\/uploads\/2025\/01\/Article-St-Valentin.jpg\",\"datePublished\":\"2025-02-02T08:00:02+00:00\",\"dateModified\":\"2025-03-27T16:01:20+00:00\",\"description\":\"Celebra San Valent\u00edn en el Caf\u00e9 de l'Homme con una cena con vistas a la Torre Eiffel. Un men\u00fa refinado y una velada inolvidable.\",\"inLanguage\":\"es\",\"potentialAction\":[{\"@type\":\"ReadAction\",\"target\":[\"https:\/\/www.cafedelhomme.com\/es\/san-valentin-en-el-cafe-de-lhomme-una-velada-magica-bajo-las-estrellas-en-paris\"]}]},{\"@type\":\"ImageObject\",\"inLanguage\":\"es\",\"@id\":\"https:\/\/www.cafedelhomme.com\/es\/san-valentin-en-el-cafe-de-lhomme-una-velada-magica-bajo-las-estrellas-en-paris#primaryimage\",\"url\":\"https:\/\/www.cafedelhomme.com\/wp-content\/uploads\/2025\/01\/Article-St-Valentin.jpg\",\"contentUrl\":\"https:\/\/www.cafedelhomme.com\/wp-content\/uploads\/2025\/01\/Article-St-Valentin.jpg\",\"width\":1742,\"height\":2322},{\"@type\":\"WebSite\",\"@id\":\"https:\/\/www.cafedelhomme.com\/es#website\",\"url\":\"https:\/\/www.cafedelhomme.com\/es\",\"name\":\"Caf\u00e9 de l'Homme\",\"description\":\"\",\"publisher\":{\"@id\":\"https:\/\/www.cafedelhomme.com\/es#organization\"},\"potentialAction\":[{\"@type\":\"SearchAction\",\"target\":{\"@type\":\"EntryPoint\",\"urlTemplate\":\"https:\/\/www.cafedelhomme.com\/es?s={search_term_string}\"},\"query-input\":{\"@type\":\"PropertyValueSpecification\",\"valueRequired\":true,\"valueName\":\"search_term_string\"}}],\"inLanguage\":\"es\"},{\"@type\":\"Organization\",\"@id\":\"https:\/\/www.cafedelhomme.com\/es#organization\",\"name\":\"Caf\u00e9 del Hombre\",\"url\":\"https:\/\/www.cafedelhomme.com\/es\",\"logo\":{\"@type\":\"ImageObject\",\"inLanguage\":\"es\",\"@id\":\"https:\/\/www.cafedelhomme.com\/es#\/schema\/logo\/image\/\",\"url\":\"https:\/\/www.cafedelhomme.com\/wp-content\/uploads\/2023\/04\/big-logo-300x163-1.png\",\"contentUrl\":\"https:\/\/www.cafedelhomme.com\/wp-content\/uploads\/2023\/04\/big-logo-300x163-1.png\",\"width\":300,\"height\":163,\"caption\":\"Caf\u00e9 del Hombre\"},\"image\":{\"@id\":\"https:\/\/www.cafedelhomme.com\/es#\/schema\/logo\/image\/\"},\"sameAs\":[\"https:\/\/www.facebook.com\/cafedelhomme\",\"https:\/\/www.instagram.com\/cafedelhomme\/\"]},{\"@type\":\"Person\",\"@id\":\"https:\/\/www.cafedelhomme.com\/es#\/schema\/person\/6e8511c8f2a5f67fe09441e43be583cf\",\"name\":\"Marketing\",\"image\":{\"@type\":\"ImageObject\",\"inLanguage\":\"es\",\"@id\":\"https:\/\/www.cafedelhomme.com\/es#\/schema\/person\/image\/\",\"url\":\"https:\/\/secure.gravatar.com\/avatar\/87ce55b262b05881147ff2405c09deba3304ca53053e2ddb7eddade60eafc929?s=96&d=mm&r=g\",\"contentUrl\":\"https:\/\/secure.gravatar.com\/avatar\/87ce55b262b05881147ff2405c09deba3304ca53053e2ddb7eddade60eafc929?s=96&d=mm&r=g\",\"caption\":\"Marketing\"}}]}<\/script>\n<!-- \/ Yoast SEO Premium plugin. -->","yoast_head_json":{"title":"San Valent\u00edn en el Caf\u00e9 de l'Homme: una velada m\u00e1gica bajo las estrellas en Par\u00eds - Caf\u00e9 de l&#039;Homme","description":"Celebra San Valent\u00edn en el Caf\u00e9 de l'Homme con una cena con vistas a la Torre Eiffel. Un men\u00fa refinado y una velada inolvidable.","robots":{"index":"index","follow":"follow","max-snippet":"max-snippet:-1","max-image-preview":"max-image-preview:large","max-video-preview":"max-video-preview:-1"},"canonical":"https:\/\/www.cafedelhomme.com\/es\/san-valentin-en-el-cafe-de-lhomme-una-velada-magica-bajo-las-estrellas-en-paris","og_locale":"es_ES","og_type":"article","og_title":"San Valent\u00edn en el Caf\u00e9 de l'Homme: una velada m\u00e1gica bajo las estrellas en Par\u00eds","og_description":"Celebra San Valent\u00edn en el Caf\u00e9 de l'Homme con una cena con vistas a la Torre Eiffel. Un men\u00fa refinado y una velada inolvidable.","og_url":"https:\/\/www.cafedelhomme.com\/es\/san-valentin-en-el-cafe-de-lhomme-una-velada-magica-bajo-las-estrellas-en-paris","og_site_name":"Caf\u00e9 de l&#039;Homme","article_publisher":"https:\/\/www.facebook.com\/cafedelhomme","article_published_time":"2025-02-02T08:00:02+00:00","article_modified_time":"2025-03-27T16:01:20+00:00","og_image":[{"width":1742,"height":2322,"url":"https:\/\/www.cafedelhomme.com\/wp-content\/uploads\/2025\/01\/Article-St-Valentin.jpg","type":"image\/jpeg"}],"author":"Marketing","twitter_card":"summary_large_image","twitter_misc":{"Escrito por":"Marketing","Tiempo de lectura":"3 minutos"},"schema":{"@context":"https:\/\/schema.org","@graph":[{"@type":"Article","@id":"https:\/\/www.cafedelhomme.com\/es\/san-valentin-en-el-cafe-de-lhomme-una-velada-magica-bajo-las-estrellas-en-paris#article","isPartOf":{"@id":"https:\/\/www.cafedelhomme.com\/es\/san-valentin-en-el-cafe-de-lhomme-una-velada-magica-bajo-las-estrellas-en-paris"},"author":{"name":"Marketing","@id":"https:\/\/www.cafedelhomme.com\/es#\/schema\/person\/6e8511c8f2a5f67fe09441e43be583cf"},"headline":"San Valent\u00edn en el Caf\u00e9 de l&rsquo;Homme: una velada m\u00e1gica bajo las estrellas en Par\u00eds","datePublished":"2025-02-02T08:00:02+00:00","dateModified":"2025-03-27T16:01:20+00:00","mainEntityOfPage":{"@id":"https:\/\/www.cafedelhomme.com\/es\/san-valentin-en-el-cafe-de-lhomme-una-velada-magica-bajo-las-estrellas-en-paris"},"wordCount":602,"publisher":{"@id":"https:\/\/www.cafedelhomme.com\/es#organization"},"image":{"@id":"https:\/\/www.cafedelhomme.com\/es\/san-valentin-en-el-cafe-de-lhomme-una-velada-magica-bajo-las-estrellas-en-paris#primaryimage"},"thumbnailUrl":"https:\/\/www.cafedelhomme.com\/wp-content\/uploads\/2025\/01\/Article-St-Valentin.jpg","articleSection":["mostrando","Noticias"],"inLanguage":"es"},{"@type":"WebPage","@id":"https:\/\/www.cafedelhomme.com\/es\/san-valentin-en-el-cafe-de-lhomme-una-velada-magica-bajo-las-estrellas-en-paris","url":"https:\/\/www.cafedelhomme.com\/es\/san-valentin-en-el-cafe-de-lhomme-una-velada-magica-bajo-las-estrellas-en-paris","name":"San Valent\u00edn en el Caf\u00e9 de l'Homme: una velada m\u00e1gica bajo las estrellas en Par\u00eds - Caf\u00e9 de l&#039;Homme","isPartOf":{"@id":"https:\/\/www.cafedelhomme.com\/es#website"},"primaryImageOfPage":{"@id":"https:\/\/www.cafedelhomme.com\/es\/san-valentin-en-el-cafe-de-lhomme-una-velada-magica-bajo-las-estrellas-en-paris#primaryimage"},"image":{"@id":"https:\/\/www.cafedelhomme.com\/es\/san-valentin-en-el-cafe-de-lhomme-una-velada-magica-bajo-las-estrellas-en-paris#primaryimage"},"thumbnailUrl":"https:\/\/www.cafedelhomme.com\/wp-content\/uploads\/2025\/01\/Article-St-Valentin.jpg","datePublished":"2025-02-02T08:00:02+00:00","dateModified":"2025-03-27T16:01:20+00:00","description":"Celebra San Valent\u00edn en el Caf\u00e9 de l'Homme con una cena con vistas a la Torre Eiffel. Un men\u00fa refinado y una velada inolvidable.","inLanguage":"es","potentialAction":[{"@type":"ReadAction","target":["https:\/\/www.cafedelhomme.com\/es\/san-valentin-en-el-cafe-de-lhomme-una-velada-magica-bajo-las-estrellas-en-paris"]}]},{"@type":"ImageObject","inLanguage":"es","@id":"https:\/\/www.cafedelhomme.com\/es\/san-valentin-en-el-cafe-de-lhomme-una-velada-magica-bajo-las-estrellas-en-paris#primaryimage","url":"https:\/\/www.cafedelhomme.com\/wp-content\/uploads\/2025\/01\/Article-St-Valentin.jpg","contentUrl":"https:\/\/www.cafedelhomme.com\/wp-content\/uploads\/2025\/01\/Article-St-Valentin.jpg","width":1742,"height":2322},{"@type":"WebSite","@id":"https:\/\/www.cafedelhomme.com\/es#website","url":"https:\/\/www.cafedelhomme.com\/es","name":"Caf\u00e9 de l'Homme","description":"","publisher":{"@id":"https:\/\/www.cafedelhomme.com\/es#organization"},"potentialAction":[{"@type":"SearchAction","target":{"@type":"EntryPoint","urlTemplate":"https:\/\/www.cafedelhomme.com\/es?s={search_term_string}"},"query-input":{"@type":"PropertyValueSpecification","valueRequired":true,"valueName":"search_term_string"}}],"inLanguage":"es"},{"@type":"Organization","@id":"https:\/\/www.cafedelhomme.com\/es#organization","name":"Caf\u00e9 del Hombre","url":"https:\/\/www.cafedelhomme.com\/es","logo":{"@type":"ImageObject","inLanguage":"es","@id":"https:\/\/www.cafedelhomme.com\/es#\/schema\/logo\/image\/","url":"https:\/\/www.cafedelhomme.com\/wp-content\/uploads\/2023\/04\/big-logo-300x163-1.png","contentUrl":"https:\/\/www.cafedelhomme.com\/wp-content\/uploads\/2023\/04\/big-logo-300x163-1.png","width":300,"height":163,"caption":"Caf\u00e9 del Hombre"},"image":{"@id":"https:\/\/www.cafedelhomme.com\/es#\/schema\/logo\/image\/"},"sameAs":["https:\/\/www.facebook.com\/cafedelhomme","https:\/\/www.instagram.com\/cafedelhomme\/"]},{"@type":"Person","@id":"https:\/\/www.cafedelhomme.com\/es#\/schema\/person\/6e8511c8f2a5f67fe09441e43be583cf","name":"Marketing","image":{"@type":"ImageObject","inLanguage":"es","@id":"https:\/\/www.cafedelhomme.com\/es#\/schema\/person\/image\/","url":"https:\/\/secure.gravatar.com\/avatar\/87ce55b262b05881147ff2405c09deba3304ca53053e2ddb7eddade60eafc929?s=96&d=mm&r=g","contentUrl":"https:\/\/secure.gravatar.com\/avatar\/87ce55b262b05881147ff2405c09deba3304ca53053e2ddb7eddade60eafc929?s=96&d=mm&r=g","caption":"Marketing"}}]}},"_links":{"self":[{"href":"https:\/\/www.cafedelhomme.com\/es\/wp-json\/wp\/v2\/posts\/9857","targetHints":{"allow":["GET"]}}],"collection":[{"href":"https:\/\/www.cafedelhomme.com\/es\/wp-json\/wp\/v2\/posts"}],"about":[{"href":"https:\/\/www.cafedelhomme.com\/es\/wp-json\/wp\/v2\/types\/post"}],"author":[{"embeddable":true,"href":"https:\/\/www.cafedelhomme.com\/es\/wp-json\/wp\/v2\/users\/9"}],"replies":[{"embeddable":true,"href":"https:\/\/www.cafedelhomme.com\/es\/wp-json\/wp\/v2\/comments?post=9857"}],"version-history":[{"count":10,"href":"https:\/\/www.cafedelhomme.com\/es\/wp-json\/wp\/v2\/posts\/9857\/revisions"}],"predecessor-version":[{"id":9902,"href":"https:\/\/www.cafedelhomme.com\/es\/wp-json\/wp\/v2\/posts\/9857\/revisions\/9902"}],"wp:featuredmedia":[{"embeddable":true,"href":"https:\/\/www.cafedelhomme.com\/es\/wp-json\/wp\/v2\/media\/9859"}],"wp:attachment":[{"href":"https:\/\/www.cafedelhomme.com\/es\/wp-json\/wp\/v2\/media?parent=9857"}],"wp:term":[{"taxonomy":"category","embeddable":true,"href":"https:\/\/www.cafedelhomme.com\/es\/wp-json\/wp\/v2\/categories?post=9857"},{"taxonomy":"post_tag","embeddable":true,"href":"https:\/\/www.cafedelhomme.com\/es\/wp-json\/wp\/v2\/tags?post=9857"}],"curies":[{"name":"wp","href":"https:\/\/api.w.org\/{rel}","templated":true}]}}