{"id":9865,"date":"2025-03-06T16:16:31","date_gmt":"2025-03-06T15:16:31","guid":{"rendered":"https:\/\/www.cafedelhomme.com\/cafe-de-lhomme-el-lugar-ideal-para-cenas-de-grupo"},"modified":"2025-03-27T17:01:19","modified_gmt":"2025-03-27T16:01:19","slug":"cafe-de-lhomme-el-lugar-ideal-para-cenas-de-grupo","status":"publish","type":"post","link":"https:\/\/www.cafedelhomme.com\/es\/cafe-de-lhomme-el-lugar-ideal-para-cenas-de-grupo","title":{"rendered":"Caf\u00e9 de l&rsquo;Homme, el lugar ideal para cenas de grupo"},"content":{"rendered":"<div class=\"wpb-content-wrapper\"><p>[vc_row responsive_css=\u00bbmargin_top_large:100px|margin_bottom_large:100px\u00bb css=\u00bb.vc_custom_1690902189577{margin-top: 100px !important;margin-bottom: 100px !important;}\u00bb][vc_column][vc_column_text css=\u00bb.vc_custom_1739805741076{margin-bottom: 40px !important;}\u00bb]<span style=\"font-weight: 400;\">Organizar una <\/span><a href=\"https:\/\/www.cafedelhomme.com\/es\/privatizar\"><b>comida de grupo<\/b><\/a><span style=\"font-weight: 400;\">  en un entorno c\u00e1lido y prestigioso nunca ha sido tan f\u00e1cil. Ya sea para una   <\/span><b>almuerzo de trabajo<\/b><span style=\"font-weight: 400;\">a <\/span><b>cena con amigos<\/b><span style=\"font-weight: 400;\">a <\/span><b>comida de empresa<\/b><span style=\"font-weight: 400;\">o un <\/span><b>cumplea\u00f1os<\/b><span style=\"font-weight: 400;\">, <\/span><b>Caf\u00e9 del Hombre<\/b><span style=\"font-weight: 400;\"> te acoge en el coraz\u00f3n del <\/span><b>Trocadero<\/b><span style=\"font-weight: 400;\">con una vista impresionante de la <\/span><b>Torre Eiffel<\/b><span style=\"font-weight: 400;\">.<\/span>[\/vc_column_text][vc_custom_heading text=\u00bbUn marco excepcional para momentos memorables\u00bb css=\u00bb.vc_custom_1739805062241{padding-top: 5px !important;}\u00bb][vc_column_text css=\u00bb\u00bb]<span style=\"font-weight: 400;\">Situado en uno de los lugares m\u00e1s emblem\u00e1ticos de <\/span><b>Par\u00eds<\/b><span style=\"font-weight: 400;\">, <\/span><b>Caf\u00e9 de l&rsquo;Homme<\/b><span style=\"font-weight: 400;\"> transforma cada <\/span><b>evento<\/b><span style=\"font-weight: 400;\"> en una <\/span><b>una experiencia inolvidable<\/b><span style=\"font-weight: 400;\">. Con su ambiente elegante y   <\/span><b>panorama espectacular<\/b><span style=\"font-weight: 400;\">el restaurante es la elecci\u00f3n ideal para realzar tus <\/span><b>momentos compartidos<\/b><span style=\"font-weight: 400;\">.<\/span><\/p>\n<p><span style=\"font-weight: 400;\">Ya sea para un <\/span><b>formaci\u00f3n de equipos<\/b><span style=\"font-weight: 400;\">a <\/span><b>reuni\u00f3n de personal<\/b><span style=\"font-weight: 400;\">o una celebraci\u00f3n <\/span><b>celebraci\u00f3n familiar<\/b><span style=\"font-weight: 400;\">nuestro equipo estar\u00e1 contigo en todo momento para que tu comida sea un \u00e9xito.<\/span>[\/vc_column_text][\/vc_column][\/vc_row][vc_row responsive_css=\u00bbmargin_top_large:100px|margin_bottom_large:100px\u00bb css=\u00bb.vc_custom_1690902189577{margin-top: 100px !important;margin-bottom: 100px !important;}\u00bb][vc_column][vc_custom_heading text=\u00bb\u00bfPor qu\u00e9 elegir el Caf\u00e9 de l&apos;Homme para tus comidas de grupo?\u00bb css=\u00bb.vc_custom_1739805160009{padding-top: 5px !important;}\u00bb][vc_column_text css=\u00bb\u00bb]<\/p>\n<ul>\n<li style=\"font-weight: 400;\" aria-level=\"1\"><b>Un lugar emblem\u00e1tico<\/b><span style=\"font-weight: 400;\"> Enclavado en el Trocadero, el restaurante ofrece un entorno prestigioso y una vista espectacular de la Dama de Hierro.<\/span><\/li>\n<li style=\"font-weight: 400;\" aria-level=\"1\"><b>Cocina excepcional<\/b><span style=\"font-weight: 400;\"> Descubre la cocina francesa contempor\u00e1nea, con productos frescos de temporada, realzada por la creatividad de nuestro Chef Wilfried Graux.<\/span><\/li>\n<li style=\"font-weight: 400;\" aria-level=\"1\"><b>Un servicio personalizado<\/b><span style=\"font-weight: 400;\"> Nuestros equipos especializados organizan cada detalle para garantizar un servicio a medida, adaptado a tus expectativas y a las de tus invitados.<\/span><\/li>\n<li style=\"font-weight: 400;\" aria-level=\"1\"><b>Espacios adaptados<\/b>: Tanto si celebras una peque\u00f1a reuni\u00f3n como un gran encuentro, ofrecemos soluciones modulares para satisfacer tus necesidades y crear el ambiente ideal.<\/li>\n<\/ul>\n<p>[\/vc_column_text][\/vc_column][\/vc_row][vc_row responsive_css=\u00bbmargin_top_large:100px|margin_bottom_large:100px\u00bb css=\u00bb.vc_custom_1690902189577{margin-top: 100px !important;margin-bottom: 100px !important;}\u00bb][vc_column][vc_custom_heading text=\u00bbOfrece a tus invitados una experiencia \u00fanica\u00bb css=\u00bb.vc_custom_1739805255041{padding-top: 5px !important;}\u00bb][vc_column_text css=\u00bb\u00bb]<span style=\"font-weight: 400;\">Eligiendo <\/span><b>Caf\u00e9 de l&rsquo;Homme<\/b><span style=\"font-weight: 400;\"> para tu <\/span><b>comida de grupo<\/b><span style=\"font-weight: 400;\">En nuestro restaurante, podr\u00e1s ofrecer a tus invitados una refinada experiencia culinaria en un entorno majestuoso. Disfruta de un   <\/span><b>momento de compartir <\/b><span style=\"font-weight: 400;\">un momento \u00fanico para compartir, combinando gastronom\u00eda de alta gama y convivencia, todo ello frente a uno de los monumentos m\u00e1s famosos del mundo.<\/span><\/p>\n<p><b>Reserva ahora <\/b><span style=\"font-weight: 400;\">y d\u00e9janos ofrecerte un <\/span><b>evento a medida<\/b><span style=\"font-weight: 400;\"> para ti y tus invitados.<\/span>[\/vc_column_text]<a href=\"https:\/\/www.sevenrooms.com\/explore\/cafedelhomme\/reservations\/create\/search?tracking=seo-blog\" target=\"_blank\" class=\"btn btn-default btn-bordered border-thin btn btn-outline btn-outline-black ld_button_69f543bb61e3f\">\n\t<span>\n\t\t\n\t\t\t\t\t<span class=\"btn-txt\">r\u00e9server.<\/span>\n\t\t\t\n\t\t\t\t<\/span>\n<\/a>\n[\/vc_column][\/vc_row]<\/p>\n<\/div>","protected":false},"excerpt":{"rendered":"<p>[vc_row responsive_css=\u00bbmargin_top_large:100px|margin_bottom_large:100px\u00bb css=\u00bb.vc_custom_1690902189577{margin-top: 100px !important;margin-bottom: 100px !important;}\u00bb][vc_column][vc_column_text css=\u00bb.vc_custom_1739805741076{margin-bottom: 40px !important;}\u00bb]Organizar una comida de grupo en un entorno c\u00e1lido y prestigioso nunca ha sido tan f\u00e1cil. Ya sea para una almuerzo de trabajoa cena con amigosa comida de empresao un cumplea\u00f1os, Caf\u00e9 del Hombre te acoge&#8230;<\/p>\n","protected":false},"author":9,"featured_media":9867,"comment_status":"closed","ping_status":"open","sticky":false,"template":"","format":"standard","meta":{"_acf_changed":false,"footnotes":""},"categories":[160,157,159,158],"tags":[],"class_list":["post-9865","post","type-post","status-publish","format-standard","has-post-thumbnail","hentry","category-de-noche","category-eventos-es","category-mostrando","category-noticias-es"],"acf":[],"yoast_head":"<!-- This site is optimized with the Yoast SEO Premium plugin v20.10 (Yoast SEO v27.0) - https:\/\/yoast.com\/product\/yoast-seo-premium-wordpress\/ -->\n<title>Caf\u00e9 de l&#039;Homme, el lugar ideal para cenas de grupo - Caf\u00e9 de l&#039;Homme<\/title>\n<meta name=\"description\" content=\"Organiza una comida de grupo en un marco prestigioso. Para una comida de negocios o una cena con amigos, te damos la bienvenida al Trocadero.\" \/>\n<meta name=\"robots\" content=\"index, follow, max-snippet:-1, max-image-preview:large, max-video-preview:-1\" \/>\n<link rel=\"canonical\" href=\"https:\/\/www.cafedelhomme.com\/es\/cafe-de-lhomme-el-lugar-ideal-para-cenas-de-grupo\" \/>\n<meta property=\"og:locale\" content=\"es_ES\" \/>\n<meta property=\"og:type\" content=\"article\" \/>\n<meta property=\"og:title\" content=\"Caf\u00e9 de l&#039;Homme, el lugar ideal para cenas de grupo\" \/>\n<meta property=\"og:description\" content=\"Organiza una comida de grupo en un marco prestigioso. Para una comida de negocios o una cena con amigos, te damos la bienvenida al Trocadero.\" \/>\n<meta property=\"og:url\" content=\"https:\/\/www.cafedelhomme.com\/es\/cafe-de-lhomme-el-lugar-ideal-para-cenas-de-grupo\" \/>\n<meta property=\"og:site_name\" content=\"Caf\u00e9 de l&#039;Homme\" \/>\n<meta property=\"article:publisher\" content=\"https:\/\/www.facebook.com\/cafedelhomme\" \/>\n<meta property=\"article:published_time\" content=\"2025-03-06T15:16:31+00:00\" \/>\n<meta property=\"article:modified_time\" content=\"2025-03-27T16:01:19+00:00\" \/>\n<meta property=\"og:image\" content=\"https:\/\/www.cafedelhomme.com\/wp-content\/uploads\/2025\/02\/Groupe-1.jpg\" \/>\n\t<meta property=\"og:image:width\" content=\"1086\" \/>\n\t<meta property=\"og:image:height\" content=\"1630\" \/>\n\t<meta property=\"og:image:type\" content=\"image\/jpeg\" \/>\n<meta name=\"author\" content=\"Marketing\" \/>\n<meta name=\"twitter:card\" content=\"summary_large_image\" \/>\n<meta name=\"twitter:label1\" content=\"Escrito por\" \/>\n\t<meta name=\"twitter:data1\" content=\"Marketing\" \/>\n\t<meta name=\"twitter:label2\" content=\"Tiempo de lectura\" \/>\n\t<meta name=\"twitter:data2\" content=\"2 minutos\" \/>\n<script type=\"application\/ld+json\" class=\"yoast-schema-graph\">{\"@context\":\"https:\/\/schema.org\",\"@graph\":[{\"@type\":\"Article\",\"@id\":\"https:\/\/www.cafedelhomme.com\/es\/cafe-de-lhomme-el-lugar-ideal-para-cenas-de-grupo#article\",\"isPartOf\":{\"@id\":\"https:\/\/www.cafedelhomme.com\/es\/cafe-de-lhomme-el-lugar-ideal-para-cenas-de-grupo\"},\"author\":{\"name\":\"Marketing\",\"@id\":\"https:\/\/www.cafedelhomme.com\/es#\/schema\/person\/6e8511c8f2a5f67fe09441e43be583cf\"},\"headline\":\"Caf\u00e9 de l&rsquo;Homme, el lugar ideal para cenas de grupo\",\"datePublished\":\"2025-03-06T15:16:31+00:00\",\"dateModified\":\"2025-03-27T16:01:19+00:00\",\"mainEntityOfPage\":{\"@id\":\"https:\/\/www.cafedelhomme.com\/es\/cafe-de-lhomme-el-lugar-ideal-para-cenas-de-grupo\"},\"wordCount\":515,\"publisher\":{\"@id\":\"https:\/\/www.cafedelhomme.com\/es#organization\"},\"image\":{\"@id\":\"https:\/\/www.cafedelhomme.com\/es\/cafe-de-lhomme-el-lugar-ideal-para-cenas-de-grupo#primaryimage\"},\"thumbnailUrl\":\"https:\/\/www.cafedelhomme.com\/wp-content\/uploads\/2025\/02\/Groupe-1.jpg\",\"articleSection\":[\"De noche\",\"Eventos\",\"mostrando\",\"Noticias\"],\"inLanguage\":\"es\"},{\"@type\":\"WebPage\",\"@id\":\"https:\/\/www.cafedelhomme.com\/es\/cafe-de-lhomme-el-lugar-ideal-para-cenas-de-grupo\",\"url\":\"https:\/\/www.cafedelhomme.com\/es\/cafe-de-lhomme-el-lugar-ideal-para-cenas-de-grupo\",\"name\":\"Caf\u00e9 de l'Homme, el lugar ideal para cenas de grupo - Caf\u00e9 de l&#039;Homme\",\"isPartOf\":{\"@id\":\"https:\/\/www.cafedelhomme.com\/es#website\"},\"primaryImageOfPage\":{\"@id\":\"https:\/\/www.cafedelhomme.com\/es\/cafe-de-lhomme-el-lugar-ideal-para-cenas-de-grupo#primaryimage\"},\"image\":{\"@id\":\"https:\/\/www.cafedelhomme.com\/es\/cafe-de-lhomme-el-lugar-ideal-para-cenas-de-grupo#primaryimage\"},\"thumbnailUrl\":\"https:\/\/www.cafedelhomme.com\/wp-content\/uploads\/2025\/02\/Groupe-1.jpg\",\"datePublished\":\"2025-03-06T15:16:31+00:00\",\"dateModified\":\"2025-03-27T16:01:19+00:00\",\"description\":\"Organiza una comida de grupo en un marco prestigioso. Para una comida de negocios o una cena con amigos, te damos la bienvenida al Trocadero.\",\"inLanguage\":\"es\",\"potentialAction\":[{\"@type\":\"ReadAction\",\"target\":[\"https:\/\/www.cafedelhomme.com\/es\/cafe-de-lhomme-el-lugar-ideal-para-cenas-de-grupo\"]}]},{\"@type\":\"ImageObject\",\"inLanguage\":\"es\",\"@id\":\"https:\/\/www.cafedelhomme.com\/es\/cafe-de-lhomme-el-lugar-ideal-para-cenas-de-grupo#primaryimage\",\"url\":\"https:\/\/www.cafedelhomme.com\/wp-content\/uploads\/2025\/02\/Groupe-1.jpg\",\"contentUrl\":\"https:\/\/www.cafedelhomme.com\/wp-content\/uploads\/2025\/02\/Groupe-1.jpg\",\"width\":1086,\"height\":1630},{\"@type\":\"WebSite\",\"@id\":\"https:\/\/www.cafedelhomme.com\/es#website\",\"url\":\"https:\/\/www.cafedelhomme.com\/es\",\"name\":\"Caf\u00e9 de l'Homme\",\"description\":\"\",\"publisher\":{\"@id\":\"https:\/\/www.cafedelhomme.com\/es#organization\"},\"potentialAction\":[{\"@type\":\"SearchAction\",\"target\":{\"@type\":\"EntryPoint\",\"urlTemplate\":\"https:\/\/www.cafedelhomme.com\/es?s={search_term_string}\"},\"query-input\":{\"@type\":\"PropertyValueSpecification\",\"valueRequired\":true,\"valueName\":\"search_term_string\"}}],\"inLanguage\":\"es\"},{\"@type\":\"Organization\",\"@id\":\"https:\/\/www.cafedelhomme.com\/es#organization\",\"name\":\"Caf\u00e9 del Hombre\",\"url\":\"https:\/\/www.cafedelhomme.com\/es\",\"logo\":{\"@type\":\"ImageObject\",\"inLanguage\":\"es\",\"@id\":\"https:\/\/www.cafedelhomme.com\/es#\/schema\/logo\/image\/\",\"url\":\"https:\/\/www.cafedelhomme.com\/wp-content\/uploads\/2023\/04\/big-logo-300x163-1.png\",\"contentUrl\":\"https:\/\/www.cafedelhomme.com\/wp-content\/uploads\/2023\/04\/big-logo-300x163-1.png\",\"width\":300,\"height\":163,\"caption\":\"Caf\u00e9 del Hombre\"},\"image\":{\"@id\":\"https:\/\/www.cafedelhomme.com\/es#\/schema\/logo\/image\/\"},\"sameAs\":[\"https:\/\/www.facebook.com\/cafedelhomme\",\"https:\/\/www.instagram.com\/cafedelhomme\/\"]},{\"@type\":\"Person\",\"@id\":\"https:\/\/www.cafedelhomme.com\/es#\/schema\/person\/6e8511c8f2a5f67fe09441e43be583cf\",\"name\":\"Marketing\",\"image\":{\"@type\":\"ImageObject\",\"inLanguage\":\"es\",\"@id\":\"https:\/\/www.cafedelhomme.com\/es#\/schema\/person\/image\/\",\"url\":\"https:\/\/secure.gravatar.com\/avatar\/87ce55b262b05881147ff2405c09deba3304ca53053e2ddb7eddade60eafc929?s=96&d=mm&r=g\",\"contentUrl\":\"https:\/\/secure.gravatar.com\/avatar\/87ce55b262b05881147ff2405c09deba3304ca53053e2ddb7eddade60eafc929?s=96&d=mm&r=g\",\"caption\":\"Marketing\"}}]}<\/script>\n<!-- \/ Yoast SEO Premium plugin. -->","yoast_head_json":{"title":"Caf\u00e9 de l'Homme, el lugar ideal para cenas de grupo - Caf\u00e9 de l&#039;Homme","description":"Organiza una comida de grupo en un marco prestigioso. Para una comida de negocios o una cena con amigos, te damos la bienvenida al Trocadero.","robots":{"index":"index","follow":"follow","max-snippet":"max-snippet:-1","max-image-preview":"max-image-preview:large","max-video-preview":"max-video-preview:-1"},"canonical":"https:\/\/www.cafedelhomme.com\/es\/cafe-de-lhomme-el-lugar-ideal-para-cenas-de-grupo","og_locale":"es_ES","og_type":"article","og_title":"Caf\u00e9 de l'Homme, el lugar ideal para cenas de grupo","og_description":"Organiza una comida de grupo en un marco prestigioso. Para una comida de negocios o una cena con amigos, te damos la bienvenida al Trocadero.","og_url":"https:\/\/www.cafedelhomme.com\/es\/cafe-de-lhomme-el-lugar-ideal-para-cenas-de-grupo","og_site_name":"Caf\u00e9 de l&#039;Homme","article_publisher":"https:\/\/www.facebook.com\/cafedelhomme","article_published_time":"2025-03-06T15:16:31+00:00","article_modified_time":"2025-03-27T16:01:19+00:00","og_image":[{"width":1086,"height":1630,"url":"https:\/\/www.cafedelhomme.com\/wp-content\/uploads\/2025\/02\/Groupe-1.jpg","type":"image\/jpeg"}],"author":"Marketing","twitter_card":"summary_large_image","twitter_misc":{"Escrito por":"Marketing","Tiempo de lectura":"2 minutos"},"schema":{"@context":"https:\/\/schema.org","@graph":[{"@type":"Article","@id":"https:\/\/www.cafedelhomme.com\/es\/cafe-de-lhomme-el-lugar-ideal-para-cenas-de-grupo#article","isPartOf":{"@id":"https:\/\/www.cafedelhomme.com\/es\/cafe-de-lhomme-el-lugar-ideal-para-cenas-de-grupo"},"author":{"name":"Marketing","@id":"https:\/\/www.cafedelhomme.com\/es#\/schema\/person\/6e8511c8f2a5f67fe09441e43be583cf"},"headline":"Caf\u00e9 de l&rsquo;Homme, el lugar ideal para cenas de grupo","datePublished":"2025-03-06T15:16:31+00:00","dateModified":"2025-03-27T16:01:19+00:00","mainEntityOfPage":{"@id":"https:\/\/www.cafedelhomme.com\/es\/cafe-de-lhomme-el-lugar-ideal-para-cenas-de-grupo"},"wordCount":515,"publisher":{"@id":"https:\/\/www.cafedelhomme.com\/es#organization"},"image":{"@id":"https:\/\/www.cafedelhomme.com\/es\/cafe-de-lhomme-el-lugar-ideal-para-cenas-de-grupo#primaryimage"},"thumbnailUrl":"https:\/\/www.cafedelhomme.com\/wp-content\/uploads\/2025\/02\/Groupe-1.jpg","articleSection":["De noche","Eventos","mostrando","Noticias"],"inLanguage":"es"},{"@type":"WebPage","@id":"https:\/\/www.cafedelhomme.com\/es\/cafe-de-lhomme-el-lugar-ideal-para-cenas-de-grupo","url":"https:\/\/www.cafedelhomme.com\/es\/cafe-de-lhomme-el-lugar-ideal-para-cenas-de-grupo","name":"Caf\u00e9 de l'Homme, el lugar ideal para cenas de grupo - Caf\u00e9 de l&#039;Homme","isPartOf":{"@id":"https:\/\/www.cafedelhomme.com\/es#website"},"primaryImageOfPage":{"@id":"https:\/\/www.cafedelhomme.com\/es\/cafe-de-lhomme-el-lugar-ideal-para-cenas-de-grupo#primaryimage"},"image":{"@id":"https:\/\/www.cafedelhomme.com\/es\/cafe-de-lhomme-el-lugar-ideal-para-cenas-de-grupo#primaryimage"},"thumbnailUrl":"https:\/\/www.cafedelhomme.com\/wp-content\/uploads\/2025\/02\/Groupe-1.jpg","datePublished":"2025-03-06T15:16:31+00:00","dateModified":"2025-03-27T16:01:19+00:00","description":"Organiza una comida de grupo en un marco prestigioso. Para una comida de negocios o una cena con amigos, te damos la bienvenida al Trocadero.","inLanguage":"es","potentialAction":[{"@type":"ReadAction","target":["https:\/\/www.cafedelhomme.com\/es\/cafe-de-lhomme-el-lugar-ideal-para-cenas-de-grupo"]}]},{"@type":"ImageObject","inLanguage":"es","@id":"https:\/\/www.cafedelhomme.com\/es\/cafe-de-lhomme-el-lugar-ideal-para-cenas-de-grupo#primaryimage","url":"https:\/\/www.cafedelhomme.com\/wp-content\/uploads\/2025\/02\/Groupe-1.jpg","contentUrl":"https:\/\/www.cafedelhomme.com\/wp-content\/uploads\/2025\/02\/Groupe-1.jpg","width":1086,"height":1630},{"@type":"WebSite","@id":"https:\/\/www.cafedelhomme.com\/es#website","url":"https:\/\/www.cafedelhomme.com\/es","name":"Caf\u00e9 de l'Homme","description":"","publisher":{"@id":"https:\/\/www.cafedelhomme.com\/es#organization"},"potentialAction":[{"@type":"SearchAction","target":{"@type":"EntryPoint","urlTemplate":"https:\/\/www.cafedelhomme.com\/es?s={search_term_string}"},"query-input":{"@type":"PropertyValueSpecification","valueRequired":true,"valueName":"search_term_string"}}],"inLanguage":"es"},{"@type":"Organization","@id":"https:\/\/www.cafedelhomme.com\/es#organization","name":"Caf\u00e9 del Hombre","url":"https:\/\/www.cafedelhomme.com\/es","logo":{"@type":"ImageObject","inLanguage":"es","@id":"https:\/\/www.cafedelhomme.com\/es#\/schema\/logo\/image\/","url":"https:\/\/www.cafedelhomme.com\/wp-content\/uploads\/2023\/04\/big-logo-300x163-1.png","contentUrl":"https:\/\/www.cafedelhomme.com\/wp-content\/uploads\/2023\/04\/big-logo-300x163-1.png","width":300,"height":163,"caption":"Caf\u00e9 del Hombre"},"image":{"@id":"https:\/\/www.cafedelhomme.com\/es#\/schema\/logo\/image\/"},"sameAs":["https:\/\/www.facebook.com\/cafedelhomme","https:\/\/www.instagram.com\/cafedelhomme\/"]},{"@type":"Person","@id":"https:\/\/www.cafedelhomme.com\/es#\/schema\/person\/6e8511c8f2a5f67fe09441e43be583cf","name":"Marketing","image":{"@type":"ImageObject","inLanguage":"es","@id":"https:\/\/www.cafedelhomme.com\/es#\/schema\/person\/image\/","url":"https:\/\/secure.gravatar.com\/avatar\/87ce55b262b05881147ff2405c09deba3304ca53053e2ddb7eddade60eafc929?s=96&d=mm&r=g","contentUrl":"https:\/\/secure.gravatar.com\/avatar\/87ce55b262b05881147ff2405c09deba3304ca53053e2ddb7eddade60eafc929?s=96&d=mm&r=g","caption":"Marketing"}}]}},"_links":{"self":[{"href":"https:\/\/www.cafedelhomme.com\/es\/wp-json\/wp\/v2\/posts\/9865","targetHints":{"allow":["GET"]}}],"collection":[{"href":"https:\/\/www.cafedelhomme.com\/es\/wp-json\/wp\/v2\/posts"}],"about":[{"href":"https:\/\/www.cafedelhomme.com\/es\/wp-json\/wp\/v2\/types\/post"}],"author":[{"embeddable":true,"href":"https:\/\/www.cafedelhomme.com\/es\/wp-json\/wp\/v2\/users\/9"}],"replies":[{"embeddable":true,"href":"https:\/\/www.cafedelhomme.com\/es\/wp-json\/wp\/v2\/comments?post=9865"}],"version-history":[{"count":1,"href":"https:\/\/www.cafedelhomme.com\/es\/wp-json\/wp\/v2\/posts\/9865\/revisions"}],"predecessor-version":[{"id":9873,"href":"https:\/\/www.cafedelhomme.com\/es\/wp-json\/wp\/v2\/posts\/9865\/revisions\/9873"}],"wp:featuredmedia":[{"embeddable":true,"href":"https:\/\/www.cafedelhomme.com\/es\/wp-json\/wp\/v2\/media\/9867"}],"wp:attachment":[{"href":"https:\/\/www.cafedelhomme.com\/es\/wp-json\/wp\/v2\/media?parent=9865"}],"wp:term":[{"taxonomy":"category","embeddable":true,"href":"https:\/\/www.cafedelhomme.com\/es\/wp-json\/wp\/v2\/categories?post=9865"},{"taxonomy":"post_tag","embeddable":true,"href":"https:\/\/www.cafedelhomme.com\/es\/wp-json\/wp\/v2\/tags?post=9865"}],"curies":[{"name":"wp","href":"https:\/\/api.w.org\/{rel}","templated":true}]}}