{"id":9894,"date":"2025-02-09T13:38:24","date_gmt":"2025-02-09T12:38:24","guid":{"rendered":"https:\/\/www.cafedelhomme.com\/descubre-el-mundo-de-le-cafe-de-lhomme-con-nuestra-visita-virtual"},"modified":"2025-03-27T17:01:20","modified_gmt":"2025-03-27T16:01:20","slug":"descubre-el-mundo-de-le-cafe-de-lhomme-con-nuestra-visita-virtual","status":"publish","type":"post","link":"https:\/\/www.cafedelhomme.com\/es\/descubre-el-mundo-de-le-cafe-de-lhomme-con-nuestra-visita-virtual","title":{"rendered":"Descubre el mundo de Le Caf\u00e9 de l&rsquo;Homme con nuestra visita virtual"},"content":{"rendered":"<div class=\"wpb-content-wrapper\"><p>[vc_row responsive_css=\u00bbmargin_top_large:100px|margin_bottom_large:100px\u00bb css=\u00bb.vc_custom_1690902189577{margin-top: 100px !important;margin-bottom: 100px !important;}\u00bb][vc_column][vc_column_text css=\u00bb.vc_custom_1736426378819{margin-bottom: 40px !important;}\u00bb]<span style=\"font-weight: 400;\">Y si pudieras explorar <\/span><b>Caf\u00e9 de l&rsquo;Homme<\/b><span style=\"font-weight: 400;\">  \u00bfincluso antes de cruzar sus puertas? Con nuestro   <\/span><b>visita virtual inmersiva<\/b><span style=\"font-weight: 400;\">Descubre cada uno de los espacios emblem\u00e1ticos de nuestro restaurante Trocadero. Sum\u00e9rgete en un ambiente refinado y c\u00e1lido, donde   <\/span><b>Elegancia parisina<\/b><span style=\"font-weight: 400;\"> con una espectacular <\/span><b>espectacular vista de la Torre Eiffel<\/b><span style=\"font-weight: 400;\">.<\/span>[\/vc_column_text][vc_custom_heading text=\u00bbLos interiores: un escaparate de refinamiento\u00bb css=\u00bb.vc_custom_1736426385868{padding-top: 5px !important;}\u00bb][vc_column_text css=\u00bb\u00bb]<b>Caf\u00e9 de l&rsquo;Homme<\/b><span style=\"font-weight: 400;\"> ofrece espacios interiores dise\u00f1ados para satisfacer todas tus expectativas, ya sea para un momento \u00edntimo, una cena profesional o un evento privado.<\/span><\/p>\n<ul>\n<li style=\"font-weight: 400;\" aria-level=\"1\"><b>Pasillo central<\/b><span style=\"font-weight: 400;\"> Una majestuosa bienvenida con sus elegantes l\u00edneas y su cuidada decoraci\u00f3n, que combina materiales nobles y dise\u00f1o contempor\u00e1neo. <\/span> <\/li>\n<li style=\"font-weight: 400;\" aria-level=\"1\"><b>La mesa del Chef<\/b><span style=\"font-weight: 400;\"> La Mesa del Chef: Este espacio \u00fanico te invita a disfrutar de un ambiente c\u00e1lido y acogedor en compa\u00f1\u00eda de tus invitados.<\/span><\/li>\n<li style=\"font-weight: 400;\" aria-level=\"1\"><b>Comedor privado<\/b><span style=\"font-weight: 400;\"> Ya sea para celebraciones o reuniones de negocios, este espacio garantiza discreci\u00f3n y sofisticaci\u00f3n, en un entorno apartado.<\/span><\/li>\n<\/ul>\n<p>[\/vc_column_text][\/vc_column][\/vc_row][vc_row responsive_css=\u00bbmargin_top_large:100px|margin_bottom_large:100px\u00bb css=\u00bb.vc_custom_1690902189577{margin-top: 100px !important;margin-bottom: 100px !important;}\u00bb][vc_column][vc_custom_heading text=\u00bbLa terraza: impresionantes vistas de la Torre Eiffel\u00bb css=\u00bb.vc_custom_1736426420820{padding-top: 5px !important;}\u00bb][vc_column_text css=\u00bb\u00bb]<span style=\"font-weight: 400;\">La terraza del <\/span><b>Caf\u00e9 del Hombre<\/b><span style=\"font-weight: 400;\"> es la joya de la corona de nuestro restaurante, ya que ofrece una vista panor\u00e1mica excepcional de la <\/span><b>Dama de Hierro<\/b><span style=\"font-weight: 400;\">. Dividida en varias zonas, puede adaptarse a cada ocasi\u00f3n y a cada gusto. <\/span><\/p>\n<ul>\n<li style=\"font-weight: 400;\" aria-level=\"1\"><b>Terraza Eiffel<\/b><span style=\"font-weight: 400;\"> Con la <\/span><b>Torre Eiffel<\/b><span style=\"font-weight: 400;\"> Tower, este espacio es perfecto para cenas rom\u00e1nticas o comidas inolvidables.<\/span><\/li>\n<li style=\"font-weight: 400;\" aria-level=\"1\"><b>Terraza central<\/b><span style=\"font-weight: 400;\">  La terraza central est\u00e1 idealmente situada, combinando convivencia y elegancia. Perfecta para grupos o almuerzos soleados, ofrece un ambiente vibrante al tiempo que conserva unas vistas espectaculares. <\/span><\/li>\n<li style=\"font-weight: 400;\" aria-level=\"1\"><b>Terraza aj<\/b> ardinada: Para un momento de relax al aire libre, la terraza ajardinada ofrece un ambiente relajante, rodeada de vegetaci\u00f3n.<\/li>\n<\/ul>\n<p>[\/vc_column_text][\/vc_column][\/vc_row][vc_row responsive_css=\u00bbmargin_top_large:100px|margin_bottom_large:100px\u00bb css=\u00bb.vc_custom_1690902189577{margin-top: 100px !important;margin-bottom: 100px !important;}\u00bb][vc_column][vc_custom_heading text=\u00bbPlanifica tu pr\u00f3xima experiencia inolvidable\u00bb css=\u00bb.vc_custom_1736426451534{padding-top: 5px !important;}\u00bb][vc_column_text css=\u00bb\u00bb]<span style=\"font-weight: 400;\">T\u00f3mate tu tiempo para explorar nuestros espacios, visualizar tu mesa ideal e inspirarte para tu pr\u00f3xima escapada culinaria.<\/span>[\/vc_column_text]<a href=\"https:\/\/www.visitme360.com\/visites\/CDH\/#43953669p&#038;132.6h&#038;87.47t\" target=\"_blank\" class=\"btn btn-default btn-bordered border-thin btn btn-outline btn-outline-black ld_button_69f1ea29279da\">\n\t<span>\n\t\t\n\t\t\t\t\t<span class=\"btn-txt\">Visitez Caf\u00e9 de l\u2019Homme.<\/span>\n\t\t\t\n\t\t\t\t<\/span>\n<\/a>\n[\/vc_column][\/vc_row]<\/p>\n<\/div>","protected":false},"excerpt":{"rendered":"<p>[vc_row responsive_css=\u00bbmargin_top_large:100px|margin_bottom_large:100px\u00bb css=\u00bb.vc_custom_1690902189577{margin-top: 100px !important;margin-bottom: 100px !important;}\u00bb][vc_column][vc_column_text css=\u00bb.vc_custom_1736426378819{margin-bottom: 40px !important;}\u00bb]Y si pudieras explorar Caf\u00e9 de l&rsquo;Homme \u00bfincluso antes de cruzar sus puertas? Con nuestro visita virtual inmersivaDescubre cada uno de los espacios emblem\u00e1ticos de nuestro restaurante Trocadero. Sum\u00e9rgete en un ambiente refinado y c\u00e1lido, donde&#8230;<\/p>\n","protected":false},"author":9,"featured_media":9895,"comment_status":"closed","ping_status":"open","sticky":false,"template":"","format":"standard","meta":{"_acf_changed":false,"footnotes":""},"categories":[159,158],"tags":[],"class_list":["post-9894","post","type-post","status-publish","format-standard","has-post-thumbnail","hentry","category-mostrando","category-noticias-es"],"acf":[],"yoast_head":"<!-- This site is optimized with the Yoast SEO Premium plugin v20.10 (Yoast SEO v27.0) - https:\/\/yoast.com\/product\/yoast-seo-premium-wordpress\/ -->\n<title>Descubre el mundo de Le Caf\u00e9 de l&#039;Homme con nuestra visita virtual - Caf\u00e9 de l&#039;Homme<\/title>\n<meta name=\"description\" content=\"Visita virtual inmersiva del Caf\u00e9 de l&#039;Homme. Explora nuestros espacios, desde el comedor privado hasta la terraza frente a la Torre Eiffel.\" \/>\n<meta name=\"robots\" content=\"index, follow, max-snippet:-1, max-image-preview:large, max-video-preview:-1\" \/>\n<link rel=\"canonical\" href=\"https:\/\/www.cafedelhomme.com\/es\/descubre-el-mundo-de-le-cafe-de-lhomme-con-nuestra-visita-virtual\" \/>\n<meta property=\"og:locale\" content=\"es_ES\" \/>\n<meta property=\"og:type\" content=\"article\" \/>\n<meta property=\"og:title\" content=\"Descubre el mundo de Le Caf\u00e9 de l&#039;Homme con nuestra visita virtual\" \/>\n<meta property=\"og:description\" content=\"Visita virtual inmersiva del Caf\u00e9 de l&#039;Homme. Explora nuestros espacios, desde el comedor privado hasta la terraza frente a la Torre Eiffel.\" \/>\n<meta property=\"og:url\" content=\"https:\/\/www.cafedelhomme.com\/es\/descubre-el-mundo-de-le-cafe-de-lhomme-con-nuestra-visita-virtual\" \/>\n<meta property=\"og:site_name\" content=\"Caf\u00e9 de l&#039;Homme\" \/>\n<meta property=\"article:publisher\" content=\"https:\/\/www.facebook.com\/cafedelhomme\" \/>\n<meta property=\"article:published_time\" content=\"2025-02-09T12:38:24+00:00\" \/>\n<meta property=\"article:modified_time\" content=\"2025-03-27T16:01:20+00:00\" \/>\n<meta property=\"og:image\" content=\"https:\/\/www.cafedelhomme.com\/wp-content\/uploads\/2025\/01\/Visite-virtuelle.jpg\" \/>\n\t<meta property=\"og:image:width\" content=\"2088\" \/>\n\t<meta property=\"og:image:height\" content=\"1378\" \/>\n\t<meta property=\"og:image:type\" content=\"image\/jpeg\" \/>\n<meta name=\"author\" content=\"Marketing\" \/>\n<meta name=\"twitter:card\" content=\"summary_large_image\" \/>\n<meta name=\"twitter:label1\" content=\"Escrito por\" \/>\n\t<meta name=\"twitter:data1\" content=\"Marketing\" \/>\n\t<meta name=\"twitter:label2\" content=\"Tiempo de lectura\" \/>\n\t<meta name=\"twitter:data2\" content=\"2 minutos\" \/>\n<script type=\"application\/ld+json\" class=\"yoast-schema-graph\">{\"@context\":\"https:\/\/schema.org\",\"@graph\":[{\"@type\":\"Article\",\"@id\":\"https:\/\/www.cafedelhomme.com\/es\/descubre-el-mundo-de-le-cafe-de-lhomme-con-nuestra-visita-virtual#article\",\"isPartOf\":{\"@id\":\"https:\/\/www.cafedelhomme.com\/es\/descubre-el-mundo-de-le-cafe-de-lhomme-con-nuestra-visita-virtual\"},\"author\":{\"name\":\"Marketing\",\"@id\":\"https:\/\/www.cafedelhomme.com\/es#\/schema\/person\/6e8511c8f2a5f67fe09441e43be583cf\"},\"headline\":\"Descubre el mundo de Le Caf\u00e9 de l&rsquo;Homme con nuestra visita virtual\",\"datePublished\":\"2025-02-09T12:38:24+00:00\",\"dateModified\":\"2025-03-27T16:01:20+00:00\",\"mainEntityOfPage\":{\"@id\":\"https:\/\/www.cafedelhomme.com\/es\/descubre-el-mundo-de-le-cafe-de-lhomme-con-nuestra-visita-virtual\"},\"wordCount\":492,\"publisher\":{\"@id\":\"https:\/\/www.cafedelhomme.com\/es#organization\"},\"image\":{\"@id\":\"https:\/\/www.cafedelhomme.com\/es\/descubre-el-mundo-de-le-cafe-de-lhomme-con-nuestra-visita-virtual#primaryimage\"},\"thumbnailUrl\":\"https:\/\/www.cafedelhomme.com\/wp-content\/uploads\/2025\/01\/Visite-virtuelle.jpg\",\"articleSection\":[\"mostrando\",\"Noticias\"],\"inLanguage\":\"es\"},{\"@type\":\"WebPage\",\"@id\":\"https:\/\/www.cafedelhomme.com\/es\/descubre-el-mundo-de-le-cafe-de-lhomme-con-nuestra-visita-virtual\",\"url\":\"https:\/\/www.cafedelhomme.com\/es\/descubre-el-mundo-de-le-cafe-de-lhomme-con-nuestra-visita-virtual\",\"name\":\"Descubre el mundo de Le Caf\u00e9 de l'Homme con nuestra visita virtual - Caf\u00e9 de l&#039;Homme\",\"isPartOf\":{\"@id\":\"https:\/\/www.cafedelhomme.com\/es#website\"},\"primaryImageOfPage\":{\"@id\":\"https:\/\/www.cafedelhomme.com\/es\/descubre-el-mundo-de-le-cafe-de-lhomme-con-nuestra-visita-virtual#primaryimage\"},\"image\":{\"@id\":\"https:\/\/www.cafedelhomme.com\/es\/descubre-el-mundo-de-le-cafe-de-lhomme-con-nuestra-visita-virtual#primaryimage\"},\"thumbnailUrl\":\"https:\/\/www.cafedelhomme.com\/wp-content\/uploads\/2025\/01\/Visite-virtuelle.jpg\",\"datePublished\":\"2025-02-09T12:38:24+00:00\",\"dateModified\":\"2025-03-27T16:01:20+00:00\",\"description\":\"Visita virtual inmersiva del Caf\u00e9 de l'Homme. Explora nuestros espacios, desde el comedor privado hasta la terraza frente a la Torre Eiffel.\",\"inLanguage\":\"es\",\"potentialAction\":[{\"@type\":\"ReadAction\",\"target\":[\"https:\/\/www.cafedelhomme.com\/es\/descubre-el-mundo-de-le-cafe-de-lhomme-con-nuestra-visita-virtual\"]}]},{\"@type\":\"ImageObject\",\"inLanguage\":\"es\",\"@id\":\"https:\/\/www.cafedelhomme.com\/es\/descubre-el-mundo-de-le-cafe-de-lhomme-con-nuestra-visita-virtual#primaryimage\",\"url\":\"https:\/\/www.cafedelhomme.com\/wp-content\/uploads\/2025\/01\/Visite-virtuelle.jpg\",\"contentUrl\":\"https:\/\/www.cafedelhomme.com\/wp-content\/uploads\/2025\/01\/Visite-virtuelle.jpg\",\"width\":2088,\"height\":1378},{\"@type\":\"WebSite\",\"@id\":\"https:\/\/www.cafedelhomme.com\/es#website\",\"url\":\"https:\/\/www.cafedelhomme.com\/es\",\"name\":\"Caf\u00e9 de l'Homme\",\"description\":\"\",\"publisher\":{\"@id\":\"https:\/\/www.cafedelhomme.com\/es#organization\"},\"potentialAction\":[{\"@type\":\"SearchAction\",\"target\":{\"@type\":\"EntryPoint\",\"urlTemplate\":\"https:\/\/www.cafedelhomme.com\/es?s={search_term_string}\"},\"query-input\":{\"@type\":\"PropertyValueSpecification\",\"valueRequired\":true,\"valueName\":\"search_term_string\"}}],\"inLanguage\":\"es\"},{\"@type\":\"Organization\",\"@id\":\"https:\/\/www.cafedelhomme.com\/es#organization\",\"name\":\"Caf\u00e9 del Hombre\",\"url\":\"https:\/\/www.cafedelhomme.com\/es\",\"logo\":{\"@type\":\"ImageObject\",\"inLanguage\":\"es\",\"@id\":\"https:\/\/www.cafedelhomme.com\/es#\/schema\/logo\/image\/\",\"url\":\"https:\/\/www.cafedelhomme.com\/wp-content\/uploads\/2023\/04\/big-logo-300x163-1.png\",\"contentUrl\":\"https:\/\/www.cafedelhomme.com\/wp-content\/uploads\/2023\/04\/big-logo-300x163-1.png\",\"width\":300,\"height\":163,\"caption\":\"Caf\u00e9 del Hombre\"},\"image\":{\"@id\":\"https:\/\/www.cafedelhomme.com\/es#\/schema\/logo\/image\/\"},\"sameAs\":[\"https:\/\/www.facebook.com\/cafedelhomme\",\"https:\/\/www.instagram.com\/cafedelhomme\/\"]},{\"@type\":\"Person\",\"@id\":\"https:\/\/www.cafedelhomme.com\/es#\/schema\/person\/6e8511c8f2a5f67fe09441e43be583cf\",\"name\":\"Marketing\",\"image\":{\"@type\":\"ImageObject\",\"inLanguage\":\"es\",\"@id\":\"https:\/\/www.cafedelhomme.com\/es#\/schema\/person\/image\/\",\"url\":\"https:\/\/secure.gravatar.com\/avatar\/87ce55b262b05881147ff2405c09deba3304ca53053e2ddb7eddade60eafc929?s=96&d=mm&r=g\",\"contentUrl\":\"https:\/\/secure.gravatar.com\/avatar\/87ce55b262b05881147ff2405c09deba3304ca53053e2ddb7eddade60eafc929?s=96&d=mm&r=g\",\"caption\":\"Marketing\"}}]}<\/script>\n<!-- \/ Yoast SEO Premium plugin. -->","yoast_head_json":{"title":"Descubre el mundo de Le Caf\u00e9 de l'Homme con nuestra visita virtual - Caf\u00e9 de l&#039;Homme","description":"Visita virtual inmersiva del Caf\u00e9 de l'Homme. Explora nuestros espacios, desde el comedor privado hasta la terraza frente a la Torre Eiffel.","robots":{"index":"index","follow":"follow","max-snippet":"max-snippet:-1","max-image-preview":"max-image-preview:large","max-video-preview":"max-video-preview:-1"},"canonical":"https:\/\/www.cafedelhomme.com\/es\/descubre-el-mundo-de-le-cafe-de-lhomme-con-nuestra-visita-virtual","og_locale":"es_ES","og_type":"article","og_title":"Descubre el mundo de Le Caf\u00e9 de l'Homme con nuestra visita virtual","og_description":"Visita virtual inmersiva del Caf\u00e9 de l'Homme. Explora nuestros espacios, desde el comedor privado hasta la terraza frente a la Torre Eiffel.","og_url":"https:\/\/www.cafedelhomme.com\/es\/descubre-el-mundo-de-le-cafe-de-lhomme-con-nuestra-visita-virtual","og_site_name":"Caf\u00e9 de l&#039;Homme","article_publisher":"https:\/\/www.facebook.com\/cafedelhomme","article_published_time":"2025-02-09T12:38:24+00:00","article_modified_time":"2025-03-27T16:01:20+00:00","og_image":[{"width":2088,"height":1378,"url":"https:\/\/www.cafedelhomme.com\/wp-content\/uploads\/2025\/01\/Visite-virtuelle.jpg","type":"image\/jpeg"}],"author":"Marketing","twitter_card":"summary_large_image","twitter_misc":{"Escrito por":"Marketing","Tiempo de lectura":"2 minutos"},"schema":{"@context":"https:\/\/schema.org","@graph":[{"@type":"Article","@id":"https:\/\/www.cafedelhomme.com\/es\/descubre-el-mundo-de-le-cafe-de-lhomme-con-nuestra-visita-virtual#article","isPartOf":{"@id":"https:\/\/www.cafedelhomme.com\/es\/descubre-el-mundo-de-le-cafe-de-lhomme-con-nuestra-visita-virtual"},"author":{"name":"Marketing","@id":"https:\/\/www.cafedelhomme.com\/es#\/schema\/person\/6e8511c8f2a5f67fe09441e43be583cf"},"headline":"Descubre el mundo de Le Caf\u00e9 de l&rsquo;Homme con nuestra visita virtual","datePublished":"2025-02-09T12:38:24+00:00","dateModified":"2025-03-27T16:01:20+00:00","mainEntityOfPage":{"@id":"https:\/\/www.cafedelhomme.com\/es\/descubre-el-mundo-de-le-cafe-de-lhomme-con-nuestra-visita-virtual"},"wordCount":492,"publisher":{"@id":"https:\/\/www.cafedelhomme.com\/es#organization"},"image":{"@id":"https:\/\/www.cafedelhomme.com\/es\/descubre-el-mundo-de-le-cafe-de-lhomme-con-nuestra-visita-virtual#primaryimage"},"thumbnailUrl":"https:\/\/www.cafedelhomme.com\/wp-content\/uploads\/2025\/01\/Visite-virtuelle.jpg","articleSection":["mostrando","Noticias"],"inLanguage":"es"},{"@type":"WebPage","@id":"https:\/\/www.cafedelhomme.com\/es\/descubre-el-mundo-de-le-cafe-de-lhomme-con-nuestra-visita-virtual","url":"https:\/\/www.cafedelhomme.com\/es\/descubre-el-mundo-de-le-cafe-de-lhomme-con-nuestra-visita-virtual","name":"Descubre el mundo de Le Caf\u00e9 de l'Homme con nuestra visita virtual - Caf\u00e9 de l&#039;Homme","isPartOf":{"@id":"https:\/\/www.cafedelhomme.com\/es#website"},"primaryImageOfPage":{"@id":"https:\/\/www.cafedelhomme.com\/es\/descubre-el-mundo-de-le-cafe-de-lhomme-con-nuestra-visita-virtual#primaryimage"},"image":{"@id":"https:\/\/www.cafedelhomme.com\/es\/descubre-el-mundo-de-le-cafe-de-lhomme-con-nuestra-visita-virtual#primaryimage"},"thumbnailUrl":"https:\/\/www.cafedelhomme.com\/wp-content\/uploads\/2025\/01\/Visite-virtuelle.jpg","datePublished":"2025-02-09T12:38:24+00:00","dateModified":"2025-03-27T16:01:20+00:00","description":"Visita virtual inmersiva del Caf\u00e9 de l'Homme. Explora nuestros espacios, desde el comedor privado hasta la terraza frente a la Torre Eiffel.","inLanguage":"es","potentialAction":[{"@type":"ReadAction","target":["https:\/\/www.cafedelhomme.com\/es\/descubre-el-mundo-de-le-cafe-de-lhomme-con-nuestra-visita-virtual"]}]},{"@type":"ImageObject","inLanguage":"es","@id":"https:\/\/www.cafedelhomme.com\/es\/descubre-el-mundo-de-le-cafe-de-lhomme-con-nuestra-visita-virtual#primaryimage","url":"https:\/\/www.cafedelhomme.com\/wp-content\/uploads\/2025\/01\/Visite-virtuelle.jpg","contentUrl":"https:\/\/www.cafedelhomme.com\/wp-content\/uploads\/2025\/01\/Visite-virtuelle.jpg","width":2088,"height":1378},{"@type":"WebSite","@id":"https:\/\/www.cafedelhomme.com\/es#website","url":"https:\/\/www.cafedelhomme.com\/es","name":"Caf\u00e9 de l'Homme","description":"","publisher":{"@id":"https:\/\/www.cafedelhomme.com\/es#organization"},"potentialAction":[{"@type":"SearchAction","target":{"@type":"EntryPoint","urlTemplate":"https:\/\/www.cafedelhomme.com\/es?s={search_term_string}"},"query-input":{"@type":"PropertyValueSpecification","valueRequired":true,"valueName":"search_term_string"}}],"inLanguage":"es"},{"@type":"Organization","@id":"https:\/\/www.cafedelhomme.com\/es#organization","name":"Caf\u00e9 del Hombre","url":"https:\/\/www.cafedelhomme.com\/es","logo":{"@type":"ImageObject","inLanguage":"es","@id":"https:\/\/www.cafedelhomme.com\/es#\/schema\/logo\/image\/","url":"https:\/\/www.cafedelhomme.com\/wp-content\/uploads\/2023\/04\/big-logo-300x163-1.png","contentUrl":"https:\/\/www.cafedelhomme.com\/wp-content\/uploads\/2023\/04\/big-logo-300x163-1.png","width":300,"height":163,"caption":"Caf\u00e9 del Hombre"},"image":{"@id":"https:\/\/www.cafedelhomme.com\/es#\/schema\/logo\/image\/"},"sameAs":["https:\/\/www.facebook.com\/cafedelhomme","https:\/\/www.instagram.com\/cafedelhomme\/"]},{"@type":"Person","@id":"https:\/\/www.cafedelhomme.com\/es#\/schema\/person\/6e8511c8f2a5f67fe09441e43be583cf","name":"Marketing","image":{"@type":"ImageObject","inLanguage":"es","@id":"https:\/\/www.cafedelhomme.com\/es#\/schema\/person\/image\/","url":"https:\/\/secure.gravatar.com\/avatar\/87ce55b262b05881147ff2405c09deba3304ca53053e2ddb7eddade60eafc929?s=96&d=mm&r=g","contentUrl":"https:\/\/secure.gravatar.com\/avatar\/87ce55b262b05881147ff2405c09deba3304ca53053e2ddb7eddade60eafc929?s=96&d=mm&r=g","caption":"Marketing"}}]}},"_links":{"self":[{"href":"https:\/\/www.cafedelhomme.com\/es\/wp-json\/wp\/v2\/posts\/9894","targetHints":{"allow":["GET"]}}],"collection":[{"href":"https:\/\/www.cafedelhomme.com\/es\/wp-json\/wp\/v2\/posts"}],"about":[{"href":"https:\/\/www.cafedelhomme.com\/es\/wp-json\/wp\/v2\/types\/post"}],"author":[{"embeddable":true,"href":"https:\/\/www.cafedelhomme.com\/es\/wp-json\/wp\/v2\/users\/9"}],"replies":[{"embeddable":true,"href":"https:\/\/www.cafedelhomme.com\/es\/wp-json\/wp\/v2\/comments?post=9894"}],"version-history":[{"count":1,"href":"https:\/\/www.cafedelhomme.com\/es\/wp-json\/wp\/v2\/posts\/9894\/revisions"}],"predecessor-version":[{"id":9900,"href":"https:\/\/www.cafedelhomme.com\/es\/wp-json\/wp\/v2\/posts\/9894\/revisions\/9900"}],"wp:featuredmedia":[{"embeddable":true,"href":"https:\/\/www.cafedelhomme.com\/es\/wp-json\/wp\/v2\/media\/9895"}],"wp:attachment":[{"href":"https:\/\/www.cafedelhomme.com\/es\/wp-json\/wp\/v2\/media?parent=9894"}],"wp:term":[{"taxonomy":"category","embeddable":true,"href":"https:\/\/www.cafedelhomme.com\/es\/wp-json\/wp\/v2\/categories?post=9894"},{"taxonomy":"post_tag","embeddable":true,"href":"https:\/\/www.cafedelhomme.com\/es\/wp-json\/wp\/v2\/tags?post=9894"}],"curies":[{"name":"wp","href":"https:\/\/api.w.org\/{rel}","templated":true}]}}