{"id":9932,"date":"2024-12-02T16:05:49","date_gmt":"2024-12-02T15:05:49","guid":{"rendered":"https:\/\/www.cafedelhomme.com\/descubre-un-plato-unico-de-la-carta-del-cafe-de-lhomme"},"modified":"2025-03-27T17:01:26","modified_gmt":"2025-03-27T16:01:26","slug":"descubre-un-plato-unico-de-la-carta-del-cafe-de-lhomme","status":"publish","type":"post","link":"https:\/\/www.cafedelhomme.com\/es\/descubre-un-plato-unico-de-la-carta-del-cafe-de-lhomme","title":{"rendered":"Descubre un plato \u00fanico de la carta del Caf\u00e9 de l&rsquo;Homme"},"content":{"rendered":"<div class=\"wpb-content-wrapper\"><p>[vc_row responsive_css=\u00bbmargin_top_large:100px|margin_bottom_large:100px\u00bb css=\u00bb.vc_custom_1690902189577{margin-top: 100px !important;margin-bottom: 100px !important;}\u00bb][vc_column][vc_column_text css=\u00bb.vc_custom_1732115825138{margin-bottom: 40px !important;}\u00bb]<span style=\"font-weight: 400;\">En <\/span><b>Caf\u00e9 del Hombre<\/b><span style=\"font-weight: 400;\">Cada plato es una obra de arte culinaria. Entre las creaciones emblem\u00e1ticas de nuestra carta, el <\/span><b>pez espada salvaje<\/b><span style=\"font-weight: 400;\">coliflor a la parrilla con zaatar y beurre blanc con harissa ahumada encarna nuestra filosof\u00eda de combinar <\/span><b>tradici\u00f3n francesa<\/b><span style=\"font-weight: 400;\"> y <\/span><b>sabores atrevidos<\/b><span style=\"font-weight: 400;\"> para ofrecer una <\/span><b>experiencia inolvidable<\/b><span style=\"font-weight: 400;\">.<\/span>[\/vc_column_text][vc_custom_heading text=\u00bbUna composici\u00f3n audaz y refinada\u00bb css=\u00bb.vc_custom_1732115833173{padding-top: 5px !important;}\u00bb][vc_column_text css=\u00bb\u00bb]<span style=\"font-weight: 400;\">Le <\/span><b>Chef Wilfried Graux<\/b><span style=\"font-weight: 400;\">  se inspira en los tesoros del mar y las especias del mundo para reinventar los cl\u00e1sicos con un toque contempor\u00e1neo. L&rsquo; <\/span><b>pez espada salvaje<\/b><span style=\"font-weight: 400;\">La estrella de este plato se selecciona cuidadosamente por su calidad excepcional y su sutil sabor. Este noble pescado se sublima mediante una cocci\u00f3n perfecta, revelando una textura tierna y sabrosa. <\/span><\/p>\n<p><span style=\"font-weight: 400;\">El <\/span><b>coliflor a la parrilla con zaatar<\/b><span style=\"font-weight: 400;\">una especia oriental que combina tomillo y s\u00e9samo, a\u00f1ade una nota crujiente y fragante. Este toque atrevido recuerda la riqueza de la cocina levantina, pero se funde armoniosamente en un   <\/span><b>Experiencia gastron\u00f3mica francesa<\/b><span style=\"font-weight: 400;\">.<\/span><span style=\"font-weight: 400;\"><br \/>\n<\/span><span style=\"font-weight: 400;\">Por \u00faltimo, la <\/span><b>beurre blanc con harissa ahumada<\/b><span style=\"font-weight: 400;\"> ofrece un contraste sorprendente: una salsa cremosa y ligeramente picante que equilibra perfectamente los delicados sabores del pescado y los aromas tostados de la coliflor.<\/span>[\/vc_column_text][\/vc_column][\/vc_row][vc_row responsive_css=\u00bbmargin_top_large:100px|margin_bottom_large:100px\u00bb css=\u00bb.vc_custom_1690902189577{margin-top: 100px !important;margin-bottom: 100px !important;}\u00bb][vc_column][vc_custom_heading text=\u00bbUna experiencia gastron\u00f3mica con vistas a la Torre Eiffel\u00bb css=\u00bb.vc_custom_1732115853988{padding-top: 5px !important;}\u00bb][vc_column_text css=\u00bb\u00bb]<span style=\"font-weight: 400;\">Prueba el<\/span><b>pez espada salvaje<\/b><span style=\"font-weight: 400;\"> en <\/span><b>Caf\u00e9 del Hombre<\/b><span style=\"font-weight: 400;\">Una comida es mucho m\u00e1s que un plato. Es un momento suspendido frente a uno de los   <\/span><b>las vistas m\u00e1s hermosas de Par\u00eds<\/b><span style=\"font-weight: 400;\">donde est\u00e1 la <\/span><b>Torre Eiffel<\/b><span style=\"font-weight: 400;\">  ilumina cada momento. Nuestro   <\/span><b>elegante terraza<\/b><span style=\"font-weight: 400;\">situada en el coraz\u00f3n del <\/span><b>Trocadero<\/b><span style=\"font-weight: 400;\">crea el marco perfecto para disfrutar de este plato excepcional, ya sea para una <\/span><b>cena m\u00e1gica <\/b><span style=\"font-weight: 400;\">o un <\/span><b>almuerzo soleado<\/b><span style=\"font-weight: 400;\">.<\/span><\/p>\n<p><span style=\"font-weight: 400;\">Sum\u00e9rgete en nuestras <\/span><a href=\"https:\/\/www.cafedelhomme.com\/es\/nuestra-experiencia\"><b>experiencias culinarias<\/b><\/a><span style=\"font-weight: 400;\"> para disfrutar de momentos excepcionales en un entorno \u00fanico.<\/span>[\/vc_column_text][\/vc_column][\/vc_row][vc_row responsive_css=\u00bbmargin_top_large:100px|margin_bottom_large:100px\u00bb css=\u00bb.vc_custom_1690902189577{margin-top: 100px !important;margin-bottom: 100px !important;}\u00bb][vc_column][vc_custom_heading text=\u00bbUna invitaci\u00f3n a un viaje culinario\u00bb css=\u00bb.vc_custom_1732116013454{padding-top: 5px !important;}\u00bb][vc_column_text css=\u00bb\u00bb]<span style=\"font-weight: 400;\">Cada bocado de este <\/span><b>pez espada salvaje<\/b><span style=\"font-weight: 400;\">  cuenta una historia: la historia de una cocina que celebra los mejores productos y especias de todo el mundo. Es una invitaci\u00f3n a explorar nuevos sabores, disfrutando al mismo tiempo de la comodidad y el refinamiento de lo mejor.   <\/span><b>restaurante gastron\u00f3mico en Par\u00eds 16<\/b><span style=\"font-weight: 400;\">.<\/span><\/p>\n<p><span style=\"font-weight: 400;\">Descubre nuestros otros platos emblem\u00e1ticos explorando <\/span><a href=\"https:\/\/www.cafedelhomme.com\/es\/la-carta\"><b>nuestra carta<\/b><\/a><span style=\"font-weight: 400;\"> y d\u00e9jate tentar por nuestras <\/span><b>experiencias exclusivas<\/b><span style=\"font-weight: 400;\"> en <\/span><b>Caf\u00e9 del Hombre<\/b><span style=\"font-weight: 400;\">combinando <\/span><b>gastronom\u00eda<\/b><span style=\"font-weight: 400;\"> y vistas espectaculares.<\/span><\/p>\n<p><span style=\"font-weight: 400;\">\u00bfEst\u00e1s preparado para vivir una experiencia excepcional? Reserva tu mesa y ven a degustar nuestro   <\/span><b>pez espada salvaje<\/b><span style=\"font-weight: 400;\"> mientras admiras unas <\/span><b>impresionantes vistas de la Dama de Hierro<\/b><span style=\"font-weight: 400;\">. <\/span>[\/vc_column_text]<a href=\"https:\/\/www.sevenrooms.com\/explore\/cafedelhomme\/reservations\/create\/search?tracking=seo-blog\" target=\"_blank\" class=\"btn btn-default btn-bordered border-thin btn btn-outline btn-outline-black ld_button_69f558ac6a2c6\">\n\t<span>\n\t\t\n\t\t\t\t\t<span class=\"btn-txt\">r\u00e9server.<\/span>\n\t\t\t\n\t\t\t\t<\/span>\n<\/a>\n[\/vc_column][\/vc_row]<\/p>\n<\/div>","protected":false},"excerpt":{"rendered":"<p>[vc_row responsive_css=\u00bbmargin_top_large:100px|margin_bottom_large:100px\u00bb css=\u00bb.vc_custom_1690902189577{margin-top: 100px !important;margin-bottom: 100px !important;}\u00bb][vc_column][vc_column_text css=\u00bb.vc_custom_1732115825138{margin-bottom: 40px !important;}\u00bb]En Caf\u00e9 del HombreCada plato es una obra de arte culinaria. Entre las creaciones emblem\u00e1ticas de nuestra carta, el pez espada salvajecoliflor a la parrilla con zaatar y beurre blanc con harissa ahumada encarna nuestra filosof\u00eda&#8230;<\/p>\n","protected":false},"author":1,"featured_media":9934,"comment_status":"closed","ping_status":"open","sticky":false,"template":"","format":"standard","meta":{"_acf_changed":false,"footnotes":""},"categories":[159,158],"tags":[],"class_list":["post-9932","post","type-post","status-publish","format-standard","has-post-thumbnail","hentry","category-mostrando","category-noticias-es"],"acf":[],"yoast_head":"<!-- This site is optimized with the Yoast SEO Premium plugin v20.10 (Yoast SEO v27.0) - https:\/\/yoast.com\/product\/yoast-seo-premium-wordpress\/ -->\n<title>Descubre un plato \u00fanico de la carta del Caf\u00e9 de l&#039;Homme - Caf\u00e9 de l&#039;Homme<\/title>\n<meta name=\"description\" content=\"Reserva tu mesa en el Caf\u00e9 de l&#039;Homme y ven a descubrir un plato emblem\u00e1tico, que combina tradici\u00f3n francesa y sabores atrevidos.\" \/>\n<meta name=\"robots\" content=\"index, follow, max-snippet:-1, max-image-preview:large, max-video-preview:-1\" \/>\n<link rel=\"canonical\" href=\"https:\/\/www.cafedelhomme.com\/es\/descubre-un-plato-unico-de-la-carta-del-cafe-de-lhomme\" \/>\n<meta property=\"og:locale\" content=\"es_ES\" \/>\n<meta property=\"og:type\" content=\"article\" \/>\n<meta property=\"og:title\" content=\"Descubre un plato \u00fanico de la carta del Caf\u00e9 de l&#039;Homme\" \/>\n<meta property=\"og:description\" content=\"Reserva tu mesa en el Caf\u00e9 de l&#039;Homme y ven a descubrir un plato emblem\u00e1tico, que combina tradici\u00f3n francesa y sabores atrevidos.\" \/>\n<meta property=\"og:url\" content=\"https:\/\/www.cafedelhomme.com\/es\/descubre-un-plato-unico-de-la-carta-del-cafe-de-lhomme\" \/>\n<meta property=\"og:site_name\" content=\"Caf\u00e9 de l&#039;Homme\" \/>\n<meta property=\"article:publisher\" content=\"https:\/\/www.facebook.com\/cafedelhomme\" \/>\n<meta property=\"article:published_time\" content=\"2024-12-02T15:05:49+00:00\" \/>\n<meta property=\"article:modified_time\" content=\"2025-03-27T16:01:26+00:00\" \/>\n<meta property=\"og:image\" content=\"https:\/\/www.cafedelhomme.com\/wp-content\/uploads\/2024\/11\/Article-espadon.jpg\" \/>\n\t<meta property=\"og:image:width\" content=\"1080\" \/>\n\t<meta property=\"og:image:height\" content=\"1350\" \/>\n\t<meta property=\"og:image:type\" content=\"image\/jpeg\" \/>\n<meta name=\"author\" content=\"Getup\" \/>\n<meta name=\"twitter:card\" content=\"summary_large_image\" \/>\n<meta name=\"twitter:label1\" content=\"Escrito por\" \/>\n\t<meta name=\"twitter:data1\" content=\"Getup\" \/>\n\t<meta name=\"twitter:label2\" content=\"Tiempo de lectura\" \/>\n\t<meta name=\"twitter:data2\" content=\"3 minutos\" \/>\n<script type=\"application\/ld+json\" class=\"yoast-schema-graph\">{\"@context\":\"https:\/\/schema.org\",\"@graph\":[{\"@type\":\"Article\",\"@id\":\"https:\/\/www.cafedelhomme.com\/es\/descubre-un-plato-unico-de-la-carta-del-cafe-de-lhomme#article\",\"isPartOf\":{\"@id\":\"https:\/\/www.cafedelhomme.com\/es\/descubre-un-plato-unico-de-la-carta-del-cafe-de-lhomme\"},\"author\":{\"name\":\"Getup\",\"@id\":\"https:\/\/www.cafedelhomme.com\/es#\/schema\/person\/55c660f885a3bf3b1d08ae502bd6850f\"},\"headline\":\"Descubre un plato \u00fanico de la carta del Caf\u00e9 de l&rsquo;Homme\",\"datePublished\":\"2024-12-02T15:05:49+00:00\",\"dateModified\":\"2025-03-27T16:01:26+00:00\",\"mainEntityOfPage\":{\"@id\":\"https:\/\/www.cafedelhomme.com\/es\/descubre-un-plato-unico-de-la-carta-del-cafe-de-lhomme\"},\"wordCount\":597,\"publisher\":{\"@id\":\"https:\/\/www.cafedelhomme.com\/es#organization\"},\"image\":{\"@id\":\"https:\/\/www.cafedelhomme.com\/es\/descubre-un-plato-unico-de-la-carta-del-cafe-de-lhomme#primaryimage\"},\"thumbnailUrl\":\"https:\/\/www.cafedelhomme.com\/wp-content\/uploads\/2024\/11\/Article-espadon.jpg\",\"articleSection\":[\"mostrando\",\"Noticias\"],\"inLanguage\":\"es\"},{\"@type\":\"WebPage\",\"@id\":\"https:\/\/www.cafedelhomme.com\/es\/descubre-un-plato-unico-de-la-carta-del-cafe-de-lhomme\",\"url\":\"https:\/\/www.cafedelhomme.com\/es\/descubre-un-plato-unico-de-la-carta-del-cafe-de-lhomme\",\"name\":\"Descubre un plato \u00fanico de la carta del Caf\u00e9 de l'Homme - Caf\u00e9 de l&#039;Homme\",\"isPartOf\":{\"@id\":\"https:\/\/www.cafedelhomme.com\/es#website\"},\"primaryImageOfPage\":{\"@id\":\"https:\/\/www.cafedelhomme.com\/es\/descubre-un-plato-unico-de-la-carta-del-cafe-de-lhomme#primaryimage\"},\"image\":{\"@id\":\"https:\/\/www.cafedelhomme.com\/es\/descubre-un-plato-unico-de-la-carta-del-cafe-de-lhomme#primaryimage\"},\"thumbnailUrl\":\"https:\/\/www.cafedelhomme.com\/wp-content\/uploads\/2024\/11\/Article-espadon.jpg\",\"datePublished\":\"2024-12-02T15:05:49+00:00\",\"dateModified\":\"2025-03-27T16:01:26+00:00\",\"description\":\"Reserva tu mesa en el Caf\u00e9 de l'Homme y ven a descubrir un plato emblem\u00e1tico, que combina tradici\u00f3n francesa y sabores atrevidos.\",\"inLanguage\":\"es\",\"potentialAction\":[{\"@type\":\"ReadAction\",\"target\":[\"https:\/\/www.cafedelhomme.com\/es\/descubre-un-plato-unico-de-la-carta-del-cafe-de-lhomme\"]}]},{\"@type\":\"ImageObject\",\"inLanguage\":\"es\",\"@id\":\"https:\/\/www.cafedelhomme.com\/es\/descubre-un-plato-unico-de-la-carta-del-cafe-de-lhomme#primaryimage\",\"url\":\"https:\/\/www.cafedelhomme.com\/wp-content\/uploads\/2024\/11\/Article-espadon.jpg\",\"contentUrl\":\"https:\/\/www.cafedelhomme.com\/wp-content\/uploads\/2024\/11\/Article-espadon.jpg\",\"width\":1080,\"height\":1350},{\"@type\":\"WebSite\",\"@id\":\"https:\/\/www.cafedelhomme.com\/es#website\",\"url\":\"https:\/\/www.cafedelhomme.com\/es\",\"name\":\"Caf\u00e9 de l'Homme\",\"description\":\"\",\"publisher\":{\"@id\":\"https:\/\/www.cafedelhomme.com\/es#organization\"},\"potentialAction\":[{\"@type\":\"SearchAction\",\"target\":{\"@type\":\"EntryPoint\",\"urlTemplate\":\"https:\/\/www.cafedelhomme.com\/es?s={search_term_string}\"},\"query-input\":{\"@type\":\"PropertyValueSpecification\",\"valueRequired\":true,\"valueName\":\"search_term_string\"}}],\"inLanguage\":\"es\"},{\"@type\":\"Organization\",\"@id\":\"https:\/\/www.cafedelhomme.com\/es#organization\",\"name\":\"Caf\u00e9 del Hombre\",\"url\":\"https:\/\/www.cafedelhomme.com\/es\",\"logo\":{\"@type\":\"ImageObject\",\"inLanguage\":\"es\",\"@id\":\"https:\/\/www.cafedelhomme.com\/es#\/schema\/logo\/image\/\",\"url\":\"https:\/\/www.cafedelhomme.com\/wp-content\/uploads\/2023\/04\/big-logo-300x163-1.png\",\"contentUrl\":\"https:\/\/www.cafedelhomme.com\/wp-content\/uploads\/2023\/04\/big-logo-300x163-1.png\",\"width\":300,\"height\":163,\"caption\":\"Caf\u00e9 del Hombre\"},\"image\":{\"@id\":\"https:\/\/www.cafedelhomme.com\/es#\/schema\/logo\/image\/\"},\"sameAs\":[\"https:\/\/www.facebook.com\/cafedelhomme\",\"https:\/\/www.instagram.com\/cafedelhomme\/\"]},{\"@type\":\"Person\",\"@id\":\"https:\/\/www.cafedelhomme.com\/es#\/schema\/person\/55c660f885a3bf3b1d08ae502bd6850f\",\"name\":\"Getup\",\"image\":{\"@type\":\"ImageObject\",\"inLanguage\":\"es\",\"@id\":\"https:\/\/www.cafedelhomme.com\/es#\/schema\/person\/image\/\",\"url\":\"https:\/\/secure.gravatar.com\/avatar\/5e19627732ce1f7366d35b250158e58668ab387bcef3219ee7bba031ec656192?s=96&d=mm&r=g\",\"contentUrl\":\"https:\/\/secure.gravatar.com\/avatar\/5e19627732ce1f7366d35b250158e58668ab387bcef3219ee7bba031ec656192?s=96&d=mm&r=g\",\"caption\":\"Getup\"},\"sameAs\":[\"https:\/\/www.cafedelhomme.com\"]}]}<\/script>\n<!-- \/ Yoast SEO Premium plugin. -->","yoast_head_json":{"title":"Descubre un plato \u00fanico de la carta del Caf\u00e9 de l'Homme - Caf\u00e9 de l&#039;Homme","description":"Reserva tu mesa en el Caf\u00e9 de l'Homme y ven a descubrir un plato emblem\u00e1tico, que combina tradici\u00f3n francesa y sabores atrevidos.","robots":{"index":"index","follow":"follow","max-snippet":"max-snippet:-1","max-image-preview":"max-image-preview:large","max-video-preview":"max-video-preview:-1"},"canonical":"https:\/\/www.cafedelhomme.com\/es\/descubre-un-plato-unico-de-la-carta-del-cafe-de-lhomme","og_locale":"es_ES","og_type":"article","og_title":"Descubre un plato \u00fanico de la carta del Caf\u00e9 de l'Homme","og_description":"Reserva tu mesa en el Caf\u00e9 de l'Homme y ven a descubrir un plato emblem\u00e1tico, que combina tradici\u00f3n francesa y sabores atrevidos.","og_url":"https:\/\/www.cafedelhomme.com\/es\/descubre-un-plato-unico-de-la-carta-del-cafe-de-lhomme","og_site_name":"Caf\u00e9 de l&#039;Homme","article_publisher":"https:\/\/www.facebook.com\/cafedelhomme","article_published_time":"2024-12-02T15:05:49+00:00","article_modified_time":"2025-03-27T16:01:26+00:00","og_image":[{"width":1080,"height":1350,"url":"https:\/\/www.cafedelhomme.com\/wp-content\/uploads\/2024\/11\/Article-espadon.jpg","type":"image\/jpeg"}],"author":"Getup","twitter_card":"summary_large_image","twitter_misc":{"Escrito por":"Getup","Tiempo de lectura":"3 minutos"},"schema":{"@context":"https:\/\/schema.org","@graph":[{"@type":"Article","@id":"https:\/\/www.cafedelhomme.com\/es\/descubre-un-plato-unico-de-la-carta-del-cafe-de-lhomme#article","isPartOf":{"@id":"https:\/\/www.cafedelhomme.com\/es\/descubre-un-plato-unico-de-la-carta-del-cafe-de-lhomme"},"author":{"name":"Getup","@id":"https:\/\/www.cafedelhomme.com\/es#\/schema\/person\/55c660f885a3bf3b1d08ae502bd6850f"},"headline":"Descubre un plato \u00fanico de la carta del Caf\u00e9 de l&rsquo;Homme","datePublished":"2024-12-02T15:05:49+00:00","dateModified":"2025-03-27T16:01:26+00:00","mainEntityOfPage":{"@id":"https:\/\/www.cafedelhomme.com\/es\/descubre-un-plato-unico-de-la-carta-del-cafe-de-lhomme"},"wordCount":597,"publisher":{"@id":"https:\/\/www.cafedelhomme.com\/es#organization"},"image":{"@id":"https:\/\/www.cafedelhomme.com\/es\/descubre-un-plato-unico-de-la-carta-del-cafe-de-lhomme#primaryimage"},"thumbnailUrl":"https:\/\/www.cafedelhomme.com\/wp-content\/uploads\/2024\/11\/Article-espadon.jpg","articleSection":["mostrando","Noticias"],"inLanguage":"es"},{"@type":"WebPage","@id":"https:\/\/www.cafedelhomme.com\/es\/descubre-un-plato-unico-de-la-carta-del-cafe-de-lhomme","url":"https:\/\/www.cafedelhomme.com\/es\/descubre-un-plato-unico-de-la-carta-del-cafe-de-lhomme","name":"Descubre un plato \u00fanico de la carta del Caf\u00e9 de l'Homme - Caf\u00e9 de l&#039;Homme","isPartOf":{"@id":"https:\/\/www.cafedelhomme.com\/es#website"},"primaryImageOfPage":{"@id":"https:\/\/www.cafedelhomme.com\/es\/descubre-un-plato-unico-de-la-carta-del-cafe-de-lhomme#primaryimage"},"image":{"@id":"https:\/\/www.cafedelhomme.com\/es\/descubre-un-plato-unico-de-la-carta-del-cafe-de-lhomme#primaryimage"},"thumbnailUrl":"https:\/\/www.cafedelhomme.com\/wp-content\/uploads\/2024\/11\/Article-espadon.jpg","datePublished":"2024-12-02T15:05:49+00:00","dateModified":"2025-03-27T16:01:26+00:00","description":"Reserva tu mesa en el Caf\u00e9 de l'Homme y ven a descubrir un plato emblem\u00e1tico, que combina tradici\u00f3n francesa y sabores atrevidos.","inLanguage":"es","potentialAction":[{"@type":"ReadAction","target":["https:\/\/www.cafedelhomme.com\/es\/descubre-un-plato-unico-de-la-carta-del-cafe-de-lhomme"]}]},{"@type":"ImageObject","inLanguage":"es","@id":"https:\/\/www.cafedelhomme.com\/es\/descubre-un-plato-unico-de-la-carta-del-cafe-de-lhomme#primaryimage","url":"https:\/\/www.cafedelhomme.com\/wp-content\/uploads\/2024\/11\/Article-espadon.jpg","contentUrl":"https:\/\/www.cafedelhomme.com\/wp-content\/uploads\/2024\/11\/Article-espadon.jpg","width":1080,"height":1350},{"@type":"WebSite","@id":"https:\/\/www.cafedelhomme.com\/es#website","url":"https:\/\/www.cafedelhomme.com\/es","name":"Caf\u00e9 de l'Homme","description":"","publisher":{"@id":"https:\/\/www.cafedelhomme.com\/es#organization"},"potentialAction":[{"@type":"SearchAction","target":{"@type":"EntryPoint","urlTemplate":"https:\/\/www.cafedelhomme.com\/es?s={search_term_string}"},"query-input":{"@type":"PropertyValueSpecification","valueRequired":true,"valueName":"search_term_string"}}],"inLanguage":"es"},{"@type":"Organization","@id":"https:\/\/www.cafedelhomme.com\/es#organization","name":"Caf\u00e9 del Hombre","url":"https:\/\/www.cafedelhomme.com\/es","logo":{"@type":"ImageObject","inLanguage":"es","@id":"https:\/\/www.cafedelhomme.com\/es#\/schema\/logo\/image\/","url":"https:\/\/www.cafedelhomme.com\/wp-content\/uploads\/2023\/04\/big-logo-300x163-1.png","contentUrl":"https:\/\/www.cafedelhomme.com\/wp-content\/uploads\/2023\/04\/big-logo-300x163-1.png","width":300,"height":163,"caption":"Caf\u00e9 del Hombre"},"image":{"@id":"https:\/\/www.cafedelhomme.com\/es#\/schema\/logo\/image\/"},"sameAs":["https:\/\/www.facebook.com\/cafedelhomme","https:\/\/www.instagram.com\/cafedelhomme\/"]},{"@type":"Person","@id":"https:\/\/www.cafedelhomme.com\/es#\/schema\/person\/55c660f885a3bf3b1d08ae502bd6850f","name":"Getup","image":{"@type":"ImageObject","inLanguage":"es","@id":"https:\/\/www.cafedelhomme.com\/es#\/schema\/person\/image\/","url":"https:\/\/secure.gravatar.com\/avatar\/5e19627732ce1f7366d35b250158e58668ab387bcef3219ee7bba031ec656192?s=96&d=mm&r=g","contentUrl":"https:\/\/secure.gravatar.com\/avatar\/5e19627732ce1f7366d35b250158e58668ab387bcef3219ee7bba031ec656192?s=96&d=mm&r=g","caption":"Getup"},"sameAs":["https:\/\/www.cafedelhomme.com"]}]}},"_links":{"self":[{"href":"https:\/\/www.cafedelhomme.com\/es\/wp-json\/wp\/v2\/posts\/9932","targetHints":{"allow":["GET"]}}],"collection":[{"href":"https:\/\/www.cafedelhomme.com\/es\/wp-json\/wp\/v2\/posts"}],"about":[{"href":"https:\/\/www.cafedelhomme.com\/es\/wp-json\/wp\/v2\/types\/post"}],"author":[{"embeddable":true,"href":"https:\/\/www.cafedelhomme.com\/es\/wp-json\/wp\/v2\/users\/1"}],"replies":[{"embeddable":true,"href":"https:\/\/www.cafedelhomme.com\/es\/wp-json\/wp\/v2\/comments?post=9932"}],"version-history":[{"count":1,"href":"https:\/\/www.cafedelhomme.com\/es\/wp-json\/wp\/v2\/posts\/9932\/revisions"}],"predecessor-version":[{"id":9939,"href":"https:\/\/www.cafedelhomme.com\/es\/wp-json\/wp\/v2\/posts\/9932\/revisions\/9939"}],"wp:featuredmedia":[{"embeddable":true,"href":"https:\/\/www.cafedelhomme.com\/es\/wp-json\/wp\/v2\/media\/9934"}],"wp:attachment":[{"href":"https:\/\/www.cafedelhomme.com\/es\/wp-json\/wp\/v2\/media?parent=9932"}],"wp:term":[{"taxonomy":"category","embeddable":true,"href":"https:\/\/www.cafedelhomme.com\/es\/wp-json\/wp\/v2\/categories?post=9932"},{"taxonomy":"post_tag","embeddable":true,"href":"https:\/\/www.cafedelhomme.com\/es\/wp-json\/wp\/v2\/tags?post=9932"}],"curies":[{"name":"wp","href":"https:\/\/api.w.org\/{rel}","templated":true}]}}