{"id":9946,"date":"2024-10-17T10:00:51","date_gmt":"2024-10-17T08:00:51","guid":{"rendered":"https:\/\/www.cafedelhomme.com\/cocina-de-temporada-en-el-cafe-de-lhomme-restaurante-en-el-corazon-de-paris-16"},"modified":"2025-03-27T17:01:33","modified_gmt":"2025-03-27T16:01:33","slug":"cocina-de-temporada-en-el-cafe-de-lhomme-restaurante-en-el-corazon-de-paris-16","status":"publish","type":"post","link":"https:\/\/www.cafedelhomme.com\/es\/cocina-de-temporada-en-el-cafe-de-lhomme-restaurante-en-el-corazon-de-paris-16","title":{"rendered":"Cocina de temporada en el Caf\u00e9 de l&rsquo;Homme: Restaurante en el coraz\u00f3n de Par\u00eds 16"},"content":{"rendered":"<div class=\"wpb-content-wrapper\"><p>[vc_row responsive_css=\u00bbmargin_top_large:100px|margin_bottom_large:100px\u00bb css=\u00bb.vc_custom_1690902189577{margin-top: 100px !important;margin-bottom: 100px !important;}\u00bb][vc_column][vc_column_text css=\u00bb.vc_custom_1729502883770{margin-bottom: 40px !important;}\u00bb]<span style=\"font-weight: 400;\">El oto\u00f1o llega al <\/span><b>Caf\u00e9 de l&rsquo;Homme<\/b><span style=\"font-weight: 400;\">, <\/span><b>un restaurante gastron\u00f3mico<\/b><span style=\"font-weight: 400;\"> en el coraz\u00f3n de <\/span><b>Par\u00eds 16<\/b><span style=\"font-weight: 400;\">Con un men\u00fa realzado por los tesoros de la temporada. Le   <\/span><b>Chef Wilfried Graux<\/b><span style=\"font-weight: 400;\">  magnifica los productos nobles, cuidadosamente seleccionados por su frescura, en una armon\u00eda de sabores delicados y refinados. Frente a la majestuosa   <\/span><b>Torre Eiffel<\/b><span style=\"font-weight: 400;\">cada plato entrega los c\u00f3digos de <\/span><b>gastronom\u00eda francesa<\/b><span style=\"font-weight: 400;\"> en todo su esplendor.<\/span>[\/vc_column_text][vc_custom_heading text=\u00bbEl arte de la cocina de temporada en un restaurante emblem\u00e1tico de Par\u00eds\u00bb css=\u00bb.vc_custom_1729502896756{padding-top: 5px !important;}\u00bb][vc_column_text css=\u00bb\u00bb]<span style=\"font-weight: 400;\">A medida que cambian las estaciones, la naturaleza revela sabores potentes y reconfortantes. Visita   <\/span><b>Caf\u00e9 del Hombre<\/b><span style=\"font-weight: 400;\">celebramos esta riqueza para ofrecerte una <\/span><b>experiencia culinaria<\/b><span style=\"font-weight: 400;\">  con cada bocado. La   <\/span><b>cocina de temporada<\/b><span style=\"font-weight: 400;\">la firma de nuestro <\/span><b>restaurante parisino<\/b><span style=\"font-weight: 400;\">se basa en el respeto a la naturaleza, con productos en su punto \u00e1lgido de sabor.<\/span><\/p>\n<p><span style=\"font-weight: 400;\">La cocina de temporada no es s\u00f3lo una tendencia, es un compromiso con la calidad, el sabor y la autenticidad. Descubre <a href=\"https:\/\/www.cafedelhomme.com\/es\/la-carta\"><strong>nuestro men\u00fa actual <\/strong><\/a>  <\/span><span style=\"font-weight: 400;\">e insp\u00edrate con creaciones que combinan tradici\u00f3n e innovaci\u00f3n.<\/span>[\/vc_column_text][\/vc_column][\/vc_row][vc_row responsive_css=\u00bbmargin_top_large:100px|margin_bottom_large:100px\u00bb css=\u00bb.vc_custom_1690902189577{margin-top: 100px !important;margin-bottom: 100px !important;}\u00bb][vc_column][vc_custom_heading text=\u00bbEl refinado men\u00fa de oto\u00f1o del Caf\u00e9 de l&apos;Homme, un restaurante al pie del Trocadero\u00bb css=\u00bb.vc_custom_1729502963087{padding-top: 5px !important;}\u00bb][vc_column_text css=\u00bb\u00bb]<span style=\"font-weight: 400;\">Entre las creaciones oto\u00f1ales de <\/span><b>Caf\u00e9 del Hombre<\/b><span style=\"font-weight: 400;\">incluyen <\/span><b>mollejas gratinadas con queso de Salers<\/b><span style=\"font-weight: 400;\">un queso excepcional de las monta\u00f1as de Francia. Este plato, a la vez fundente y crujiente, es una verdadera oda al terru\u00f1o, que refleja el equilibrio perfecto entre delicadeza y finura. <\/span><\/p>\n<p><span style=\"font-weight: 400;\">L&rsquo;<\/span><b>cordero estofado<\/b><span style=\"font-weight: 400;\">Es el acompa\u00f1amiento perfecto para un milhojas de patata y calabaza. Acompa\u00f1ado de un milhojas de patata y calabaza, y realzado por un condimento con los hechizantes sabores del tajine de albaricoque y d\u00e1tiles, este plato combina tradici\u00f3n y creatividad. Transportar\u00e1 tus sentidos, sin dejar de estar enraizado en la excelencia de la cocina francesa.    <\/span><b>Gastronom\u00eda francesa<\/b><span style=\"font-weight: 400;\">.<\/span><\/p>\n<p><span style=\"font-weight: 400;\">Para los amantes de la trufa, el <\/span><b>marisco con trufa<\/b><span style=\"font-weight: 400;\">La trufa, joya del oto\u00f1o, se combina con las setas silvestres para crear un plato rico en sabor y textura. La trufa, joya del oto\u00f1o, se combina con las setas silvestres para crear un plato rico en sabor y textura, realzado por un fundente de parmesano. Descubre estas creaciones durante tu    <\/span><a href=\"https:\/\/www.cafedelhomme.com\/es\/nuestra-experiencia\"><b>experimentos<\/b><\/a><span style=\"font-weight: 400;\"> en el restaurante Caf\u00e9 de l&rsquo;Homme de Par\u00eds.<\/span>[\/vc_column_text][\/vc_column][\/vc_row][vc_row responsive_css=\u00bbmargin_top_large:100px|margin_bottom_large:100px\u00bb css=\u00bb.vc_custom_1690902189577{margin-top: 100px !important;margin-bottom: 100px !important;}\u00bb][vc_column][vc_custom_heading text=\u00bbUna experiencia gastron\u00f3mica inolvidable con vistas a la Torre Eiffel\u00bb css=\u00bb.vc_custom_1729503002987{padding-top: 5px !important;}\u00bb][vc_column_text css=\u00bb\u00bb]<span style=\"font-weight: 400;\">En <\/span><b>Caf\u00e9 del Hombre<\/b><span style=\"font-weight: 400;\">La experiencia culinaria va mucho m\u00e1s all\u00e1 del plato. Sentado en nuestra terraza, con una   <\/span><b>Vista directa de la Torre Eiffel<\/b><span style=\"font-weight: 400;\">Los paisajes oto\u00f1ales, los tonos dorados de los \u00e1rboles parisinos y el juego de luces crean una atm\u00f3sfera po\u00e9tica. Los paisajes oto\u00f1ales, los tonos dorados de los \u00e1rboles parisinos y el juego de luces crean una atm\u00f3sfera po\u00e9tica. La    <\/span><b>Ciudad de la Luz<\/b><span style=\"font-weight: 400;\"> ofrecen un marco espectacular, haciendo que cada <\/span><b>cena o comida<\/b><span style=\"font-weight: 400;\"> en <\/span><b>Caf\u00e9 del Hombre<\/b><span style=\"font-weight: 400;\"> sean inolvidables.<\/span>[\/vc_column_text][\/vc_column][\/vc_row][vc_row responsive_css=\u00bbmargin_top_large:100px|margin_bottom_large:100px\u00bb css=\u00bb.vc_custom_1729003051235{margin-bottom: 100px !important;}\u00bb][vc_column][vc_custom_heading text=\u00bbReserva tu mesa en Caf\u00e9 de l&apos;Homme, restaurante en Par\u00eds 16&Prime; css=\u00bb\u00bb][vc_column_text css=\u00bb\u00bb]<span style=\"font-weight: 400;\">D\u00e9jate tentar por el <\/span><b>men\u00fa de oto\u00f1o<\/b><span style=\"font-weight: 400;\"> men\u00fa en <\/span><b>Caf\u00e9 de l&rsquo;Homme<\/b><span style=\"font-weight: 400;\">y ven a disfrutar de platos que subliman los <\/span><b>sabores de temporada<\/b><span style=\"font-weight: 400;\">  en un entorno prestigioso. Situado en el   <\/span><b>Trocadero<\/b><span style=\"font-weight: 400;\">,<\/span><b> en el distrito 16<\/b><span style=\"font-weight: 400;\">nuestro <\/span><b>restaurante parisino<\/b><span style=\"font-weight: 400;\">  promete una experiencia inolvidable. Reserva tu mesa y descubre por qu\u00e9   <\/span><b>Caf\u00e9 de l&rsquo;Homme<\/b><span style=\"font-weight: 400;\"> es una visita obligada para los amantes de la gastronom\u00eda en Par\u00eds. <\/span><b>en Par\u00eds<\/b><span style=\"font-weight: 400;\">.<\/span>[\/vc_column_text]<a href=\"https:\/\/www.sevenrooms.com\/explore\/cafedelhomme\/reservations\/create\/search?tracking=seo-blog\" target=\"_blank\" class=\"btn btn-default btn-bordered border-thin btn btn-outline btn-outline-black ld_button_69f1ff45f23cc\">\n\t<span>\n\t\t\n\t\t\t\t\t<span class=\"btn-txt\">r\u00e9server.<\/span>\n\t\t\t\n\t\t\t\t<\/span>\n<\/a>\n[\/vc_column][\/vc_row]<\/p>\n<\/div>","protected":false},"excerpt":{"rendered":"<p>[vc_row responsive_css=\u00bbmargin_top_large:100px|margin_bottom_large:100px\u00bb css=\u00bb.vc_custom_1690902189577{margin-top: 100px !important;margin-bottom: 100px !important;}\u00bb][vc_column][vc_column_text css=\u00bb.vc_custom_1729502883770{margin-bottom: 40px !important;}\u00bb]El oto\u00f1o llega al Caf\u00e9 de l&rsquo;Homme, un restaurante gastron\u00f3mico en el coraz\u00f3n de Par\u00eds 16Con un men\u00fa realzado por los tesoros de la temporada. Le Chef Wilfried Graux magnifica los productos nobles, cuidadosamente seleccionados por&#8230;<\/p>\n","protected":false},"author":1,"featured_media":9947,"comment_status":"closed","ping_status":"open","sticky":false,"template":"","format":"standard","meta":{"_acf_changed":false,"footnotes":""},"categories":[158],"tags":[],"class_list":["post-9946","post","type-post","status-publish","format-standard","has-post-thumbnail","hentry","category-noticias-es"],"acf":[],"yoast_head":"<!-- This site is optimized with the Yoast SEO Premium plugin v20.10 (Yoast SEO v27.0) - https:\/\/yoast.com\/product\/yoast-seo-premium-wordpress\/ -->\n<title>Cocina de temporada en el Caf\u00e9 de l&#039;Homme: Restaurante en el coraz\u00f3n de Par\u00eds 16 - Caf\u00e9 de l&#039;Homme<\/title>\n<meta name=\"description\" content=\"Descubre la cocina de temporada en el Caf\u00e9 de l&#039;Homme, un restaurante gourmet en Par\u00eds 16, con una impresionante vista de la Torre Eiffel.\" \/>\n<meta name=\"robots\" content=\"index, follow, max-snippet:-1, max-image-preview:large, max-video-preview:-1\" \/>\n<link rel=\"canonical\" href=\"https:\/\/www.cafedelhomme.com\/es\/cocina-de-temporada-en-el-cafe-de-lhomme-restaurante-en-el-corazon-de-paris-16\" \/>\n<meta property=\"og:locale\" content=\"es_ES\" \/>\n<meta property=\"og:type\" content=\"article\" \/>\n<meta property=\"og:title\" content=\"Cocina de temporada en el Caf\u00e9 de l&#039;Homme: sum\u00e9rgete en la elegancia de los sabores oto\u00f1ales\" \/>\n<meta property=\"og:description\" content=\"Descubre la cocina de temporada en el Caf\u00e9 de l&#039;Homme, un restaurante gourmet en Par\u00eds 16, con una impresionante vista de la Torre Eiffel.\" \/>\n<meta property=\"og:url\" content=\"https:\/\/www.cafedelhomme.com\/es\/cocina-de-temporada-en-el-cafe-de-lhomme-restaurante-en-el-corazon-de-paris-16\" \/>\n<meta property=\"og:site_name\" content=\"Caf\u00e9 de l&#039;Homme\" \/>\n<meta property=\"article:publisher\" content=\"https:\/\/www.facebook.com\/cafedelhomme\" \/>\n<meta property=\"article:published_time\" content=\"2024-10-17T08:00:51+00:00\" \/>\n<meta property=\"article:modified_time\" content=\"2025-03-27T16:01:33+00:00\" \/>\n<meta property=\"og:image\" content=\"https:\/\/www.cafedelhomme.com\/wp-content\/uploads\/2024\/10\/Plat-de-saison-CDH.jpg\" \/>\n\t<meta property=\"og:image:width\" content=\"1082\" \/>\n\t<meta property=\"og:image:height\" content=\"1560\" \/>\n\t<meta property=\"og:image:type\" content=\"image\/jpeg\" \/>\n<meta name=\"author\" content=\"Getup\" \/>\n<meta name=\"twitter:card\" content=\"summary_large_image\" \/>\n<meta name=\"twitter:label1\" content=\"Escrito por\" \/>\n\t<meta name=\"twitter:data1\" content=\"Getup\" \/>\n\t<meta name=\"twitter:label2\" content=\"Tiempo de lectura\" \/>\n\t<meta name=\"twitter:data2\" content=\"4 minutos\" \/>\n<script type=\"application\/ld+json\" class=\"yoast-schema-graph\">{\"@context\":\"https:\/\/schema.org\",\"@graph\":[{\"@type\":\"Article\",\"@id\":\"https:\/\/www.cafedelhomme.com\/es\/cocina-de-temporada-en-el-cafe-de-lhomme-restaurante-en-el-corazon-de-paris-16#article\",\"isPartOf\":{\"@id\":\"https:\/\/www.cafedelhomme.com\/es\/cocina-de-temporada-en-el-cafe-de-lhomme-restaurante-en-el-corazon-de-paris-16\"},\"author\":{\"name\":\"Getup\",\"@id\":\"https:\/\/www.cafedelhomme.com\/es#\/schema\/person\/55c660f885a3bf3b1d08ae502bd6850f\"},\"headline\":\"Cocina de temporada en el Caf\u00e9 de l&rsquo;Homme: Restaurante en el coraz\u00f3n de Par\u00eds 16\",\"datePublished\":\"2024-10-17T08:00:51+00:00\",\"dateModified\":\"2025-03-27T16:01:33+00:00\",\"mainEntityOfPage\":{\"@id\":\"https:\/\/www.cafedelhomme.com\/es\/cocina-de-temporada-en-el-cafe-de-lhomme-restaurante-en-el-corazon-de-paris-16\"},\"wordCount\":798,\"publisher\":{\"@id\":\"https:\/\/www.cafedelhomme.com\/es#organization\"},\"image\":{\"@id\":\"https:\/\/www.cafedelhomme.com\/es\/cocina-de-temporada-en-el-cafe-de-lhomme-restaurante-en-el-corazon-de-paris-16#primaryimage\"},\"thumbnailUrl\":\"https:\/\/www.cafedelhomme.com\/wp-content\/uploads\/2024\/10\/Plat-de-saison-CDH.jpg\",\"articleSection\":[\"Noticias\"],\"inLanguage\":\"es\"},{\"@type\":\"WebPage\",\"@id\":\"https:\/\/www.cafedelhomme.com\/es\/cocina-de-temporada-en-el-cafe-de-lhomme-restaurante-en-el-corazon-de-paris-16\",\"url\":\"https:\/\/www.cafedelhomme.com\/es\/cocina-de-temporada-en-el-cafe-de-lhomme-restaurante-en-el-corazon-de-paris-16\",\"name\":\"Cocina de temporada en el Caf\u00e9 de l'Homme: Restaurante en el coraz\u00f3n de Par\u00eds 16 - Caf\u00e9 de l&#039;Homme\",\"isPartOf\":{\"@id\":\"https:\/\/www.cafedelhomme.com\/es#website\"},\"primaryImageOfPage\":{\"@id\":\"https:\/\/www.cafedelhomme.com\/es\/cocina-de-temporada-en-el-cafe-de-lhomme-restaurante-en-el-corazon-de-paris-16#primaryimage\"},\"image\":{\"@id\":\"https:\/\/www.cafedelhomme.com\/es\/cocina-de-temporada-en-el-cafe-de-lhomme-restaurante-en-el-corazon-de-paris-16#primaryimage\"},\"thumbnailUrl\":\"https:\/\/www.cafedelhomme.com\/wp-content\/uploads\/2024\/10\/Plat-de-saison-CDH.jpg\",\"datePublished\":\"2024-10-17T08:00:51+00:00\",\"dateModified\":\"2025-03-27T16:01:33+00:00\",\"description\":\"Descubre la cocina de temporada en el Caf\u00e9 de l'Homme, un restaurante gourmet en Par\u00eds 16, con una impresionante vista de la Torre Eiffel.\",\"inLanguage\":\"es\",\"potentialAction\":[{\"@type\":\"ReadAction\",\"target\":[\"https:\/\/www.cafedelhomme.com\/es\/cocina-de-temporada-en-el-cafe-de-lhomme-restaurante-en-el-corazon-de-paris-16\"]}]},{\"@type\":\"ImageObject\",\"inLanguage\":\"es\",\"@id\":\"https:\/\/www.cafedelhomme.com\/es\/cocina-de-temporada-en-el-cafe-de-lhomme-restaurante-en-el-corazon-de-paris-16#primaryimage\",\"url\":\"https:\/\/www.cafedelhomme.com\/wp-content\/uploads\/2024\/10\/Plat-de-saison-CDH.jpg\",\"contentUrl\":\"https:\/\/www.cafedelhomme.com\/wp-content\/uploads\/2024\/10\/Plat-de-saison-CDH.jpg\",\"width\":1082,\"height\":1560},{\"@type\":\"WebSite\",\"@id\":\"https:\/\/www.cafedelhomme.com\/es#website\",\"url\":\"https:\/\/www.cafedelhomme.com\/es\",\"name\":\"Caf\u00e9 de l'Homme\",\"description\":\"\",\"publisher\":{\"@id\":\"https:\/\/www.cafedelhomme.com\/es#organization\"},\"potentialAction\":[{\"@type\":\"SearchAction\",\"target\":{\"@type\":\"EntryPoint\",\"urlTemplate\":\"https:\/\/www.cafedelhomme.com\/es?s={search_term_string}\"},\"query-input\":{\"@type\":\"PropertyValueSpecification\",\"valueRequired\":true,\"valueName\":\"search_term_string\"}}],\"inLanguage\":\"es\"},{\"@type\":\"Organization\",\"@id\":\"https:\/\/www.cafedelhomme.com\/es#organization\",\"name\":\"Caf\u00e9 del Hombre\",\"url\":\"https:\/\/www.cafedelhomme.com\/es\",\"logo\":{\"@type\":\"ImageObject\",\"inLanguage\":\"es\",\"@id\":\"https:\/\/www.cafedelhomme.com\/es#\/schema\/logo\/image\/\",\"url\":\"https:\/\/www.cafedelhomme.com\/wp-content\/uploads\/2023\/04\/big-logo-300x163-1.png\",\"contentUrl\":\"https:\/\/www.cafedelhomme.com\/wp-content\/uploads\/2023\/04\/big-logo-300x163-1.png\",\"width\":300,\"height\":163,\"caption\":\"Caf\u00e9 del Hombre\"},\"image\":{\"@id\":\"https:\/\/www.cafedelhomme.com\/es#\/schema\/logo\/image\/\"},\"sameAs\":[\"https:\/\/www.facebook.com\/cafedelhomme\",\"https:\/\/www.instagram.com\/cafedelhomme\/\"]},{\"@type\":\"Person\",\"@id\":\"https:\/\/www.cafedelhomme.com\/es#\/schema\/person\/55c660f885a3bf3b1d08ae502bd6850f\",\"name\":\"Getup\",\"image\":{\"@type\":\"ImageObject\",\"inLanguage\":\"es\",\"@id\":\"https:\/\/www.cafedelhomme.com\/es#\/schema\/person\/image\/\",\"url\":\"https:\/\/secure.gravatar.com\/avatar\/5e19627732ce1f7366d35b250158e58668ab387bcef3219ee7bba031ec656192?s=96&d=mm&r=g\",\"contentUrl\":\"https:\/\/secure.gravatar.com\/avatar\/5e19627732ce1f7366d35b250158e58668ab387bcef3219ee7bba031ec656192?s=96&d=mm&r=g\",\"caption\":\"Getup\"},\"sameAs\":[\"https:\/\/www.cafedelhomme.com\"]}]}<\/script>\n<!-- \/ Yoast SEO Premium plugin. -->","yoast_head_json":{"title":"Cocina de temporada en el Caf\u00e9 de l'Homme: Restaurante en el coraz\u00f3n de Par\u00eds 16 - Caf\u00e9 de l&#039;Homme","description":"Descubre la cocina de temporada en el Caf\u00e9 de l'Homme, un restaurante gourmet en Par\u00eds 16, con una impresionante vista de la Torre Eiffel.","robots":{"index":"index","follow":"follow","max-snippet":"max-snippet:-1","max-image-preview":"max-image-preview:large","max-video-preview":"max-video-preview:-1"},"canonical":"https:\/\/www.cafedelhomme.com\/es\/cocina-de-temporada-en-el-cafe-de-lhomme-restaurante-en-el-corazon-de-paris-16","og_locale":"es_ES","og_type":"article","og_title":"Cocina de temporada en el Caf\u00e9 de l'Homme: sum\u00e9rgete en la elegancia de los sabores oto\u00f1ales","og_description":"Descubre la cocina de temporada en el Caf\u00e9 de l'Homme, un restaurante gourmet en Par\u00eds 16, con una impresionante vista de la Torre Eiffel.","og_url":"https:\/\/www.cafedelhomme.com\/es\/cocina-de-temporada-en-el-cafe-de-lhomme-restaurante-en-el-corazon-de-paris-16","og_site_name":"Caf\u00e9 de l&#039;Homme","article_publisher":"https:\/\/www.facebook.com\/cafedelhomme","article_published_time":"2024-10-17T08:00:51+00:00","article_modified_time":"2025-03-27T16:01:33+00:00","og_image":[{"width":1082,"height":1560,"url":"https:\/\/www.cafedelhomme.com\/wp-content\/uploads\/2024\/10\/Plat-de-saison-CDH.jpg","type":"image\/jpeg"}],"author":"Getup","twitter_card":"summary_large_image","twitter_misc":{"Escrito por":"Getup","Tiempo de lectura":"4 minutos"},"schema":{"@context":"https:\/\/schema.org","@graph":[{"@type":"Article","@id":"https:\/\/www.cafedelhomme.com\/es\/cocina-de-temporada-en-el-cafe-de-lhomme-restaurante-en-el-corazon-de-paris-16#article","isPartOf":{"@id":"https:\/\/www.cafedelhomme.com\/es\/cocina-de-temporada-en-el-cafe-de-lhomme-restaurante-en-el-corazon-de-paris-16"},"author":{"name":"Getup","@id":"https:\/\/www.cafedelhomme.com\/es#\/schema\/person\/55c660f885a3bf3b1d08ae502bd6850f"},"headline":"Cocina de temporada en el Caf\u00e9 de l&rsquo;Homme: Restaurante en el coraz\u00f3n de Par\u00eds 16","datePublished":"2024-10-17T08:00:51+00:00","dateModified":"2025-03-27T16:01:33+00:00","mainEntityOfPage":{"@id":"https:\/\/www.cafedelhomme.com\/es\/cocina-de-temporada-en-el-cafe-de-lhomme-restaurante-en-el-corazon-de-paris-16"},"wordCount":798,"publisher":{"@id":"https:\/\/www.cafedelhomme.com\/es#organization"},"image":{"@id":"https:\/\/www.cafedelhomme.com\/es\/cocina-de-temporada-en-el-cafe-de-lhomme-restaurante-en-el-corazon-de-paris-16#primaryimage"},"thumbnailUrl":"https:\/\/www.cafedelhomme.com\/wp-content\/uploads\/2024\/10\/Plat-de-saison-CDH.jpg","articleSection":["Noticias"],"inLanguage":"es"},{"@type":"WebPage","@id":"https:\/\/www.cafedelhomme.com\/es\/cocina-de-temporada-en-el-cafe-de-lhomme-restaurante-en-el-corazon-de-paris-16","url":"https:\/\/www.cafedelhomme.com\/es\/cocina-de-temporada-en-el-cafe-de-lhomme-restaurante-en-el-corazon-de-paris-16","name":"Cocina de temporada en el Caf\u00e9 de l'Homme: Restaurante en el coraz\u00f3n de Par\u00eds 16 - Caf\u00e9 de l&#039;Homme","isPartOf":{"@id":"https:\/\/www.cafedelhomme.com\/es#website"},"primaryImageOfPage":{"@id":"https:\/\/www.cafedelhomme.com\/es\/cocina-de-temporada-en-el-cafe-de-lhomme-restaurante-en-el-corazon-de-paris-16#primaryimage"},"image":{"@id":"https:\/\/www.cafedelhomme.com\/es\/cocina-de-temporada-en-el-cafe-de-lhomme-restaurante-en-el-corazon-de-paris-16#primaryimage"},"thumbnailUrl":"https:\/\/www.cafedelhomme.com\/wp-content\/uploads\/2024\/10\/Plat-de-saison-CDH.jpg","datePublished":"2024-10-17T08:00:51+00:00","dateModified":"2025-03-27T16:01:33+00:00","description":"Descubre la cocina de temporada en el Caf\u00e9 de l'Homme, un restaurante gourmet en Par\u00eds 16, con una impresionante vista de la Torre Eiffel.","inLanguage":"es","potentialAction":[{"@type":"ReadAction","target":["https:\/\/www.cafedelhomme.com\/es\/cocina-de-temporada-en-el-cafe-de-lhomme-restaurante-en-el-corazon-de-paris-16"]}]},{"@type":"ImageObject","inLanguage":"es","@id":"https:\/\/www.cafedelhomme.com\/es\/cocina-de-temporada-en-el-cafe-de-lhomme-restaurante-en-el-corazon-de-paris-16#primaryimage","url":"https:\/\/www.cafedelhomme.com\/wp-content\/uploads\/2024\/10\/Plat-de-saison-CDH.jpg","contentUrl":"https:\/\/www.cafedelhomme.com\/wp-content\/uploads\/2024\/10\/Plat-de-saison-CDH.jpg","width":1082,"height":1560},{"@type":"WebSite","@id":"https:\/\/www.cafedelhomme.com\/es#website","url":"https:\/\/www.cafedelhomme.com\/es","name":"Caf\u00e9 de l'Homme","description":"","publisher":{"@id":"https:\/\/www.cafedelhomme.com\/es#organization"},"potentialAction":[{"@type":"SearchAction","target":{"@type":"EntryPoint","urlTemplate":"https:\/\/www.cafedelhomme.com\/es?s={search_term_string}"},"query-input":{"@type":"PropertyValueSpecification","valueRequired":true,"valueName":"search_term_string"}}],"inLanguage":"es"},{"@type":"Organization","@id":"https:\/\/www.cafedelhomme.com\/es#organization","name":"Caf\u00e9 del Hombre","url":"https:\/\/www.cafedelhomme.com\/es","logo":{"@type":"ImageObject","inLanguage":"es","@id":"https:\/\/www.cafedelhomme.com\/es#\/schema\/logo\/image\/","url":"https:\/\/www.cafedelhomme.com\/wp-content\/uploads\/2023\/04\/big-logo-300x163-1.png","contentUrl":"https:\/\/www.cafedelhomme.com\/wp-content\/uploads\/2023\/04\/big-logo-300x163-1.png","width":300,"height":163,"caption":"Caf\u00e9 del Hombre"},"image":{"@id":"https:\/\/www.cafedelhomme.com\/es#\/schema\/logo\/image\/"},"sameAs":["https:\/\/www.facebook.com\/cafedelhomme","https:\/\/www.instagram.com\/cafedelhomme\/"]},{"@type":"Person","@id":"https:\/\/www.cafedelhomme.com\/es#\/schema\/person\/55c660f885a3bf3b1d08ae502bd6850f","name":"Getup","image":{"@type":"ImageObject","inLanguage":"es","@id":"https:\/\/www.cafedelhomme.com\/es#\/schema\/person\/image\/","url":"https:\/\/secure.gravatar.com\/avatar\/5e19627732ce1f7366d35b250158e58668ab387bcef3219ee7bba031ec656192?s=96&d=mm&r=g","contentUrl":"https:\/\/secure.gravatar.com\/avatar\/5e19627732ce1f7366d35b250158e58668ab387bcef3219ee7bba031ec656192?s=96&d=mm&r=g","caption":"Getup"},"sameAs":["https:\/\/www.cafedelhomme.com"]}]}},"_links":{"self":[{"href":"https:\/\/www.cafedelhomme.com\/es\/wp-json\/wp\/v2\/posts\/9946","targetHints":{"allow":["GET"]}}],"collection":[{"href":"https:\/\/www.cafedelhomme.com\/es\/wp-json\/wp\/v2\/posts"}],"about":[{"href":"https:\/\/www.cafedelhomme.com\/es\/wp-json\/wp\/v2\/types\/post"}],"author":[{"embeddable":true,"href":"https:\/\/www.cafedelhomme.com\/es\/wp-json\/wp\/v2\/users\/1"}],"replies":[{"embeddable":true,"href":"https:\/\/www.cafedelhomme.com\/es\/wp-json\/wp\/v2\/comments?post=9946"}],"version-history":[{"count":10,"href":"https:\/\/www.cafedelhomme.com\/es\/wp-json\/wp\/v2\/posts\/9946\/revisions"}],"predecessor-version":[{"id":10003,"href":"https:\/\/www.cafedelhomme.com\/es\/wp-json\/wp\/v2\/posts\/9946\/revisions\/10003"}],"wp:featuredmedia":[{"embeddable":true,"href":"https:\/\/www.cafedelhomme.com\/es\/wp-json\/wp\/v2\/media\/9947"}],"wp:attachment":[{"href":"https:\/\/www.cafedelhomme.com\/es\/wp-json\/wp\/v2\/media?parent=9946"}],"wp:term":[{"taxonomy":"category","embeddable":true,"href":"https:\/\/www.cafedelhomme.com\/es\/wp-json\/wp\/v2\/categories?post=9946"},{"taxonomy":"post_tag","embeddable":true,"href":"https:\/\/www.cafedelhomme.com\/es\/wp-json\/wp\/v2\/tags?post=9946"}],"curies":[{"name":"wp","href":"https:\/\/api.w.org\/{rel}","templated":true}]}}