{"id":9964,"date":"2023-08-01T17:03:12","date_gmt":"2023-08-01T15:03:12","guid":{"rendered":"https:\/\/www.cafedelhomme.com\/restaurante-el-regreso-del-cafe-de-lhomme"},"modified":"2025-03-27T17:01:33","modified_gmt":"2025-03-27T16:01:33","slug":"restaurante-el-regreso-del-cafe-de-lhomme","status":"publish","type":"post","link":"https:\/\/www.cafedelhomme.com\/es\/restaurante-el-regreso-del-cafe-de-lhomme","title":{"rendered":"Restaurante: el regreso del \u00bbCaf\u00e9 de l&rsquo;Homme"},"content":{"rendered":"<div class=\"wpb-content-wrapper\"><p>[vc_row responsive_css=\u00bbmargin_top_large:100px|margin_bottom_large:100px\u00bb css=\u00bb.vc_custom_1690902189577{margin-top: 100px !important;margin-bottom: 100px !important;}\u00bb][vc_column][vc_column_text css=\u00bb.vc_custom_1691054781734{margin-bottom: 40px !important;}\u00bb]En la plaza del Trocadero, el Museo del Hombre nos recuerda nuestra \u00e9poca escolar. Al pasar por delante del Palacio de Chaillot, un espl\u00e9ndido edificio Art D\u00e9co, el tiempo pasa volando: puedes verte all\u00ed de ni\u00f1o, maravillado por los esqueletos de Australopithecus, luego de adolescente, requisado para mostrar las momias de Per\u00fa al corresponsal brit\u00e1nico, y finalmente de padre, at\u00f3nito ante la acertada modernizaci\u00f3n de este museo de 133 a\u00f1os que narra nuestra historia y nuestra prehistoria. <\/p>\n<p>Y entonces, con nuestro divertido cerebro vintage de 2023, \u00a1pasamos de la antropolog\u00eda al deseo de ir a cenar! Dentro hay un restaurante con una terraza estupenda, \u00bfverdad? Se llama \u00bbCaf\u00e9 de l&rsquo;Homme\u00bb, y lo tiene todo para que los Sapiens se lo pasen en grande.[\/vc_column_text][vc_custom_heading text=\u00bbLangostinos en fideos kadaif\u00bb][vc_column_text]El establecimiento est\u00e1 regentado por tres socios, Christophe Bonnat, cofundador de Paris Eiffel Jumping, Jean Moueix, heredero de P\u00e9trus, y la chispeante Coco Coup\u00e9rie-Eiffel, tataranieta de Gustave, cuya obra m\u00e1s emblem\u00e1tica ofrece a los comensales un espect\u00e1culo excepcional. Pero m\u00e1s all\u00e1 de la belleza del lugar y de las vistas, el \u00bbCaf\u00e9 de l&rsquo;Homme\u00bb es una aut\u00e9ntica delicia. En cuanto a los l\u00edquidos, hay disponibles tanto botellas raras como asequibles. En cuanto a los s\u00f3lidos, el men\u00fa oscila entre peque\u00f1os platos de estilo mediterr\u00e1neo para compartir y aut\u00e9ntica comida de bistr\u00f3. Fadi Frem, el nuevo chef de origen liban\u00e9s formado en algunos de los mejores restaurantes de Par\u00eds, es la encarnaci\u00f3n de esta gran diversidad.    <\/p>\n<p class=\"sc-14kwckt-6 gNQWaV\">El d\u00eda (soleado) de nuestra visita, el excelente vitello tonnato prepar\u00f3 el terreno y abri\u00f3 nuestro apetito, con un toque inteligente de anguila ahumada. Las cigalas en fideos kada\u00eff, receta ideada hace veinte a\u00f1os por Alain Senderens, tampoco estaban mal. A continuaci\u00f3n, una fina chuleta de ternera en salsa, gambas gigantes y risotto, o un generoso vol-au-vent rebosante de salsa y setas, tambi\u00e9n a tu gusto.  <\/p>\n<p>[\/vc_column_text][\/vc_column][\/vc_row]<\/p>\n<\/div>","protected":false},"excerpt":{"rendered":"<p>[vc_row responsive_css=\u00bbmargin_top_large:100px|margin_bottom_large:100px\u00bb css=\u00bb.vc_custom_1690902189577{margin-top: 100px !important;margin-bottom: 100px !important;}\u00bb][vc_column][vc_column_text css=\u00bb.vc_custom_1691054781734{margin-bottom: 40px !important;}\u00bb]En la plaza del Trocadero, el Museo del Hombre nos recuerda nuestra \u00e9poca escolar. Al pasar por delante del Palacio de Chaillot, un espl\u00e9ndido edificio Art D\u00e9co, el tiempo pasa volando: puedes verte all\u00ed de ni\u00f1o,&#8230;<\/p>\n","protected":false},"author":1,"featured_media":9966,"comment_status":"closed","ping_status":"open","sticky":false,"template":"","format":"standard","meta":{"_acf_changed":false,"footnotes":""},"categories":[164,163],"tags":[],"class_list":["post-9964","post","type-post","status-publish","format-standard","has-post-thumbnail","hentry","category-historia-es","category-pulsa"],"acf":[],"yoast_head":"<!-- This site is optimized with the Yoast SEO Premium plugin v20.10 (Yoast SEO v27.0) - https:\/\/yoast.com\/product\/yoast-seo-premium-wordpress\/ -->\n<title>Restaurante: el regreso del &quot;Caf\u00e9 de l&#039;Homme - Caf\u00e9 de l&#039;Homme<\/title>\n<meta name=\"robots\" content=\"index, follow, max-snippet:-1, max-image-preview:large, max-video-preview:-1\" \/>\n<link rel=\"canonical\" href=\"https:\/\/www.cafedelhomme.com\/es\/restaurante-el-regreso-del-cafe-de-lhomme\" \/>\n<meta property=\"og:locale\" content=\"es_ES\" \/>\n<meta property=\"og:type\" content=\"article\" \/>\n<meta property=\"og:title\" content=\"Restaurante: el regreso del &quot;Caf\u00e9 de l&#039;Homme - Caf\u00e9 de l&#039;Homme\" \/>\n<meta property=\"og:description\" content=\"[vc_row responsive_css=\u00bbmargin_top_large:100px|margin_bottom_large:100px\u00bb css=\u00bb.vc_custom_1690902189577{margin-top: 100px !important;margin-bottom: 100px !important;}\u00bb][vc_column][vc_column_text css=\u00bb.vc_custom_1691054781734{margin-bottom: 40px !important;}\u00bb]En la plaza del Trocadero, el Museo del Hombre nos recuerda nuestra \u00e9poca escolar. Al pasar por delante del Palacio de Chaillot, un espl\u00e9ndido edificio Art D\u00e9co, el tiempo pasa volando: puedes verte all\u00ed de ni\u00f1o,...\" \/>\n<meta property=\"og:url\" content=\"https:\/\/www.cafedelhomme.com\/es\/restaurante-el-regreso-del-cafe-de-lhomme\" \/>\n<meta property=\"og:site_name\" content=\"Caf\u00e9 de l&#039;Homme\" \/>\n<meta property=\"article:publisher\" content=\"https:\/\/www.facebook.com\/cafedelhomme\" \/>\n<meta property=\"article:published_time\" content=\"2023-08-01T15:03:12+00:00\" \/>\n<meta property=\"article:modified_time\" content=\"2025-03-27T16:01:33+00:00\" \/>\n<meta property=\"og:image\" content=\"https:\/\/www.cafedelhomme.com\/wp-content\/uploads\/2023\/08\/cdh-head-actu.webp\" \/>\n\t<meta property=\"og:image:width\" content=\"1280\" \/>\n\t<meta property=\"og:image:height\" content=\"720\" \/>\n\t<meta property=\"og:image:type\" content=\"image\/webp\" \/>\n<meta name=\"author\" content=\"Getup\" \/>\n<meta name=\"twitter:card\" content=\"summary_large_image\" \/>\n<meta name=\"twitter:label1\" content=\"Escrito por\" \/>\n\t<meta name=\"twitter:data1\" content=\"Getup\" \/>\n\t<meta name=\"twitter:label2\" content=\"Tiempo de lectura\" \/>\n\t<meta name=\"twitter:data2\" content=\"2 minutos\" \/>\n<script type=\"application\/ld+json\" class=\"yoast-schema-graph\">{\"@context\":\"https:\/\/schema.org\",\"@graph\":[{\"@type\":\"Article\",\"@id\":\"https:\/\/www.cafedelhomme.com\/es\/restaurante-el-regreso-del-cafe-de-lhomme#article\",\"isPartOf\":{\"@id\":\"https:\/\/www.cafedelhomme.com\/es\/restaurante-el-regreso-del-cafe-de-lhomme\"},\"author\":{\"name\":\"Getup\",\"@id\":\"https:\/\/www.cafedelhomme.com\/es#\/schema\/person\/55c660f885a3bf3b1d08ae502bd6850f\"},\"headline\":\"Restaurante: el regreso del \u00bbCaf\u00e9 de l&rsquo;Homme\",\"datePublished\":\"2023-08-01T15:03:12+00:00\",\"dateModified\":\"2025-03-27T16:01:33+00:00\",\"mainEntityOfPage\":{\"@id\":\"https:\/\/www.cafedelhomme.com\/es\/restaurante-el-regreso-del-cafe-de-lhomme\"},\"wordCount\":393,\"publisher\":{\"@id\":\"https:\/\/www.cafedelhomme.com\/es#organization\"},\"image\":{\"@id\":\"https:\/\/www.cafedelhomme.com\/es\/restaurante-el-regreso-del-cafe-de-lhomme#primaryimage\"},\"thumbnailUrl\":\"https:\/\/www.cafedelhomme.com\/wp-content\/uploads\/2023\/08\/cdh-head-actu.webp\",\"articleSection\":[\"Historia\",\"Pulsa\"],\"inLanguage\":\"es\"},{\"@type\":\"WebPage\",\"@id\":\"https:\/\/www.cafedelhomme.com\/es\/restaurante-el-regreso-del-cafe-de-lhomme\",\"url\":\"https:\/\/www.cafedelhomme.com\/es\/restaurante-el-regreso-del-cafe-de-lhomme\",\"name\":\"Restaurante: el regreso del \\\"Caf\u00e9 de l'Homme - Caf\u00e9 de l&#039;Homme\",\"isPartOf\":{\"@id\":\"https:\/\/www.cafedelhomme.com\/es#website\"},\"primaryImageOfPage\":{\"@id\":\"https:\/\/www.cafedelhomme.com\/es\/restaurante-el-regreso-del-cafe-de-lhomme#primaryimage\"},\"image\":{\"@id\":\"https:\/\/www.cafedelhomme.com\/es\/restaurante-el-regreso-del-cafe-de-lhomme#primaryimage\"},\"thumbnailUrl\":\"https:\/\/www.cafedelhomme.com\/wp-content\/uploads\/2023\/08\/cdh-head-actu.webp\",\"datePublished\":\"2023-08-01T15:03:12+00:00\",\"dateModified\":\"2025-03-27T16:01:33+00:00\",\"inLanguage\":\"es\",\"potentialAction\":[{\"@type\":\"ReadAction\",\"target\":[\"https:\/\/www.cafedelhomme.com\/es\/restaurante-el-regreso-del-cafe-de-lhomme\"]}]},{\"@type\":\"ImageObject\",\"inLanguage\":\"es\",\"@id\":\"https:\/\/www.cafedelhomme.com\/es\/restaurante-el-regreso-del-cafe-de-lhomme#primaryimage\",\"url\":\"https:\/\/www.cafedelhomme.com\/wp-content\/uploads\/2023\/08\/cdh-head-actu.webp\",\"contentUrl\":\"https:\/\/www.cafedelhomme.com\/wp-content\/uploads\/2023\/08\/cdh-head-actu.webp\",\"width\":1280,\"height\":720},{\"@type\":\"WebSite\",\"@id\":\"https:\/\/www.cafedelhomme.com\/es#website\",\"url\":\"https:\/\/www.cafedelhomme.com\/es\",\"name\":\"Caf\u00e9 de l'Homme\",\"description\":\"\",\"publisher\":{\"@id\":\"https:\/\/www.cafedelhomme.com\/es#organization\"},\"potentialAction\":[{\"@type\":\"SearchAction\",\"target\":{\"@type\":\"EntryPoint\",\"urlTemplate\":\"https:\/\/www.cafedelhomme.com\/es?s={search_term_string}\"},\"query-input\":{\"@type\":\"PropertyValueSpecification\",\"valueRequired\":true,\"valueName\":\"search_term_string\"}}],\"inLanguage\":\"es\"},{\"@type\":\"Organization\",\"@id\":\"https:\/\/www.cafedelhomme.com\/es#organization\",\"name\":\"Caf\u00e9 del Hombre\",\"url\":\"https:\/\/www.cafedelhomme.com\/es\",\"logo\":{\"@type\":\"ImageObject\",\"inLanguage\":\"es\",\"@id\":\"https:\/\/www.cafedelhomme.com\/es#\/schema\/logo\/image\/\",\"url\":\"https:\/\/www.cafedelhomme.com\/wp-content\/uploads\/2023\/04\/big-logo-300x163-1.png\",\"contentUrl\":\"https:\/\/www.cafedelhomme.com\/wp-content\/uploads\/2023\/04\/big-logo-300x163-1.png\",\"width\":300,\"height\":163,\"caption\":\"Caf\u00e9 del Hombre\"},\"image\":{\"@id\":\"https:\/\/www.cafedelhomme.com\/es#\/schema\/logo\/image\/\"},\"sameAs\":[\"https:\/\/www.facebook.com\/cafedelhomme\",\"https:\/\/www.instagram.com\/cafedelhomme\/\"]},{\"@type\":\"Person\",\"@id\":\"https:\/\/www.cafedelhomme.com\/es#\/schema\/person\/55c660f885a3bf3b1d08ae502bd6850f\",\"name\":\"Getup\",\"image\":{\"@type\":\"ImageObject\",\"inLanguage\":\"es\",\"@id\":\"https:\/\/www.cafedelhomme.com\/es#\/schema\/person\/image\/\",\"url\":\"https:\/\/secure.gravatar.com\/avatar\/5e19627732ce1f7366d35b250158e58668ab387bcef3219ee7bba031ec656192?s=96&d=mm&r=g\",\"contentUrl\":\"https:\/\/secure.gravatar.com\/avatar\/5e19627732ce1f7366d35b250158e58668ab387bcef3219ee7bba031ec656192?s=96&d=mm&r=g\",\"caption\":\"Getup\"},\"sameAs\":[\"https:\/\/www.cafedelhomme.com\"]}]}<\/script>\n<!-- \/ Yoast SEO Premium plugin. -->","yoast_head_json":{"title":"Restaurante: el regreso del \"Caf\u00e9 de l'Homme - Caf\u00e9 de l&#039;Homme","robots":{"index":"index","follow":"follow","max-snippet":"max-snippet:-1","max-image-preview":"max-image-preview:large","max-video-preview":"max-video-preview:-1"},"canonical":"https:\/\/www.cafedelhomme.com\/es\/restaurante-el-regreso-del-cafe-de-lhomme","og_locale":"es_ES","og_type":"article","og_title":"Restaurante: el regreso del \"Caf\u00e9 de l'Homme - Caf\u00e9 de l&#039;Homme","og_description":"[vc_row responsive_css=\u00bbmargin_top_large:100px|margin_bottom_large:100px\u00bb css=\u00bb.vc_custom_1690902189577{margin-top: 100px !important;margin-bottom: 100px !important;}\u00bb][vc_column][vc_column_text css=\u00bb.vc_custom_1691054781734{margin-bottom: 40px !important;}\u00bb]En la plaza del Trocadero, el Museo del Hombre nos recuerda nuestra \u00e9poca escolar. Al pasar por delante del Palacio de Chaillot, un espl\u00e9ndido edificio Art D\u00e9co, el tiempo pasa volando: puedes verte all\u00ed de ni\u00f1o,...","og_url":"https:\/\/www.cafedelhomme.com\/es\/restaurante-el-regreso-del-cafe-de-lhomme","og_site_name":"Caf\u00e9 de l&#039;Homme","article_publisher":"https:\/\/www.facebook.com\/cafedelhomme","article_published_time":"2023-08-01T15:03:12+00:00","article_modified_time":"2025-03-27T16:01:33+00:00","og_image":[{"width":1280,"height":720,"url":"https:\/\/www.cafedelhomme.com\/wp-content\/uploads\/2023\/08\/cdh-head-actu.webp","type":"image\/webp"}],"author":"Getup","twitter_card":"summary_large_image","twitter_misc":{"Escrito por":"Getup","Tiempo de lectura":"2 minutos"},"schema":{"@context":"https:\/\/schema.org","@graph":[{"@type":"Article","@id":"https:\/\/www.cafedelhomme.com\/es\/restaurante-el-regreso-del-cafe-de-lhomme#article","isPartOf":{"@id":"https:\/\/www.cafedelhomme.com\/es\/restaurante-el-regreso-del-cafe-de-lhomme"},"author":{"name":"Getup","@id":"https:\/\/www.cafedelhomme.com\/es#\/schema\/person\/55c660f885a3bf3b1d08ae502bd6850f"},"headline":"Restaurante: el regreso del \u00bbCaf\u00e9 de l&rsquo;Homme","datePublished":"2023-08-01T15:03:12+00:00","dateModified":"2025-03-27T16:01:33+00:00","mainEntityOfPage":{"@id":"https:\/\/www.cafedelhomme.com\/es\/restaurante-el-regreso-del-cafe-de-lhomme"},"wordCount":393,"publisher":{"@id":"https:\/\/www.cafedelhomme.com\/es#organization"},"image":{"@id":"https:\/\/www.cafedelhomme.com\/es\/restaurante-el-regreso-del-cafe-de-lhomme#primaryimage"},"thumbnailUrl":"https:\/\/www.cafedelhomme.com\/wp-content\/uploads\/2023\/08\/cdh-head-actu.webp","articleSection":["Historia","Pulsa"],"inLanguage":"es"},{"@type":"WebPage","@id":"https:\/\/www.cafedelhomme.com\/es\/restaurante-el-regreso-del-cafe-de-lhomme","url":"https:\/\/www.cafedelhomme.com\/es\/restaurante-el-regreso-del-cafe-de-lhomme","name":"Restaurante: el regreso del \"Caf\u00e9 de l'Homme - Caf\u00e9 de l&#039;Homme","isPartOf":{"@id":"https:\/\/www.cafedelhomme.com\/es#website"},"primaryImageOfPage":{"@id":"https:\/\/www.cafedelhomme.com\/es\/restaurante-el-regreso-del-cafe-de-lhomme#primaryimage"},"image":{"@id":"https:\/\/www.cafedelhomme.com\/es\/restaurante-el-regreso-del-cafe-de-lhomme#primaryimage"},"thumbnailUrl":"https:\/\/www.cafedelhomme.com\/wp-content\/uploads\/2023\/08\/cdh-head-actu.webp","datePublished":"2023-08-01T15:03:12+00:00","dateModified":"2025-03-27T16:01:33+00:00","inLanguage":"es","potentialAction":[{"@type":"ReadAction","target":["https:\/\/www.cafedelhomme.com\/es\/restaurante-el-regreso-del-cafe-de-lhomme"]}]},{"@type":"ImageObject","inLanguage":"es","@id":"https:\/\/www.cafedelhomme.com\/es\/restaurante-el-regreso-del-cafe-de-lhomme#primaryimage","url":"https:\/\/www.cafedelhomme.com\/wp-content\/uploads\/2023\/08\/cdh-head-actu.webp","contentUrl":"https:\/\/www.cafedelhomme.com\/wp-content\/uploads\/2023\/08\/cdh-head-actu.webp","width":1280,"height":720},{"@type":"WebSite","@id":"https:\/\/www.cafedelhomme.com\/es#website","url":"https:\/\/www.cafedelhomme.com\/es","name":"Caf\u00e9 de l'Homme","description":"","publisher":{"@id":"https:\/\/www.cafedelhomme.com\/es#organization"},"potentialAction":[{"@type":"SearchAction","target":{"@type":"EntryPoint","urlTemplate":"https:\/\/www.cafedelhomme.com\/es?s={search_term_string}"},"query-input":{"@type":"PropertyValueSpecification","valueRequired":true,"valueName":"search_term_string"}}],"inLanguage":"es"},{"@type":"Organization","@id":"https:\/\/www.cafedelhomme.com\/es#organization","name":"Caf\u00e9 del Hombre","url":"https:\/\/www.cafedelhomme.com\/es","logo":{"@type":"ImageObject","inLanguage":"es","@id":"https:\/\/www.cafedelhomme.com\/es#\/schema\/logo\/image\/","url":"https:\/\/www.cafedelhomme.com\/wp-content\/uploads\/2023\/04\/big-logo-300x163-1.png","contentUrl":"https:\/\/www.cafedelhomme.com\/wp-content\/uploads\/2023\/04\/big-logo-300x163-1.png","width":300,"height":163,"caption":"Caf\u00e9 del Hombre"},"image":{"@id":"https:\/\/www.cafedelhomme.com\/es#\/schema\/logo\/image\/"},"sameAs":["https:\/\/www.facebook.com\/cafedelhomme","https:\/\/www.instagram.com\/cafedelhomme\/"]},{"@type":"Person","@id":"https:\/\/www.cafedelhomme.com\/es#\/schema\/person\/55c660f885a3bf3b1d08ae502bd6850f","name":"Getup","image":{"@type":"ImageObject","inLanguage":"es","@id":"https:\/\/www.cafedelhomme.com\/es#\/schema\/person\/image\/","url":"https:\/\/secure.gravatar.com\/avatar\/5e19627732ce1f7366d35b250158e58668ab387bcef3219ee7bba031ec656192?s=96&d=mm&r=g","contentUrl":"https:\/\/secure.gravatar.com\/avatar\/5e19627732ce1f7366d35b250158e58668ab387bcef3219ee7bba031ec656192?s=96&d=mm&r=g","caption":"Getup"},"sameAs":["https:\/\/www.cafedelhomme.com"]}]}},"_links":{"self":[{"href":"https:\/\/www.cafedelhomme.com\/es\/wp-json\/wp\/v2\/posts\/9964","targetHints":{"allow":["GET"]}}],"collection":[{"href":"https:\/\/www.cafedelhomme.com\/es\/wp-json\/wp\/v2\/posts"}],"about":[{"href":"https:\/\/www.cafedelhomme.com\/es\/wp-json\/wp\/v2\/types\/post"}],"author":[{"embeddable":true,"href":"https:\/\/www.cafedelhomme.com\/es\/wp-json\/wp\/v2\/users\/1"}],"replies":[{"embeddable":true,"href":"https:\/\/www.cafedelhomme.com\/es\/wp-json\/wp\/v2\/comments?post=9964"}],"version-history":[{"count":1,"href":"https:\/\/www.cafedelhomme.com\/es\/wp-json\/wp\/v2\/posts\/9964\/revisions"}],"predecessor-version":[{"id":9971,"href":"https:\/\/www.cafedelhomme.com\/es\/wp-json\/wp\/v2\/posts\/9964\/revisions\/9971"}],"wp:featuredmedia":[{"embeddable":true,"href":"https:\/\/www.cafedelhomme.com\/es\/wp-json\/wp\/v2\/media\/9966"}],"wp:attachment":[{"href":"https:\/\/www.cafedelhomme.com\/es\/wp-json\/wp\/v2\/media?parent=9964"}],"wp:term":[{"taxonomy":"category","embeddable":true,"href":"https:\/\/www.cafedelhomme.com\/es\/wp-json\/wp\/v2\/categories?post=9964"},{"taxonomy":"post_tag","embeddable":true,"href":"https:\/\/www.cafedelhomme.com\/es\/wp-json\/wp\/v2\/tags?post=9964"}],"curies":[{"name":"wp","href":"https:\/\/api.w.org\/{rel}","templated":true}]}}