{"id":9995,"date":"2023-06-12T17:15:01","date_gmt":"2023-06-12T15:15:01","guid":{"rendered":"https:\/\/www.cafedelhomme.com\/disfruta-de-una-velada-unica-en-un-entorno-extraordinario"},"modified":"2025-03-27T17:01:33","modified_gmt":"2025-03-27T16:01:33","slug":"disfruta-de-una-velada-unica-en-un-entorno-extraordinario","status":"publish","type":"post","link":"https:\/\/www.cafedelhomme.com\/es\/disfruta-de-una-velada-unica-en-un-entorno-extraordinario","title":{"rendered":"Disfruta de una velada \u00fanica en un entorno extraordinario"},"content":{"rendered":"<div class=\"wpb-content-wrapper\"><p>[vc_row responsive_css=\u00bbpadding_top_large:40px|padding_bottom_large:80px\u00bb css=\u00bb.vc_custom_1686583049042{padding-top: 40px !important;padding-bottom: 40px !important;}\u00bb][vc_column][vc_custom_heading text=\u00bbUna experiencia \u00fanica el 31 de diciembre\u00bb font_container=\u00bbtag:h3|text_align:left\u00bb][vc_column_text css=\u00bb.vc_custom_1686583151392{margin-top: 20px !important;}\u00bb]<\/p>\n<div class=\"fusion-meta-info-wrapper\">PUBLICADO EL 10 DE DICIEMBRE DE 2019,<\/div>\n<p>[\/vc_column_text][vc_column_text css=\u00bb.vc_custom_1691054831062{margin-top: 50px !important;}\u00bb]Para Nochevieja, el 31 de diciembre, te ofrecemos una experiencia m\u00e1gica en un entorno extraordinario.<\/p>\n<p>Para esta velada excepcional, el Caf\u00e9 de l&rsquo;Homme ofrece a sus clientes la posibilidad de aprovechar al m\u00e1ximo la vista \u00fanica de la Torre Eiffel mientras disfrutan de un men\u00fa de alta gama elaborado por nuestro Chef Julien Thibault.<\/p>\n<p>Una velada concebida como una celebraci\u00f3n del Arte de Vivir y del saber hacer franc\u00e9s en un nuevo decorado que evoca al Hombre y los elementos de su entorno.<\/p>\n<p>Aprovecha una ubicaci\u00f3n \u00fanica en el mundo y, con una copa en la mano, vive las doce campanadas de medianoche al ritmo del patrimonio arquitect\u00f3nico, cultural y culinario que hace del Caf\u00e9 de l&rsquo;Homme un lugar m\u00e1gico y m\u00edtico.[\/vc_column_text]<a href=\"#\" class=\"btn btn-naked btn_underline ld_button_69f213109aaf5 vc_custom_1686583175870\">\n\t<span>\n\t\t\n\t\t\t\t\t<span class=\"btn-txt\">r\u00e9servez d\u00e8s maintenant.<\/span>\n\t\t\t\n\t\t\t\t<\/span>\n<\/a>\n[\/vc_column][\/vc_row]<\/p>\n<\/div>","protected":false},"excerpt":{"rendered":"<p>[vc_row responsive_css=\u00bbpadding_top_large:40px|padding_bottom_large:80px\u00bb css=\u00bb.vc_custom_1686583049042{padding-top: 40px !important;padding-bottom: 40px !important;}\u00bb][vc_column][vc_custom_heading text=\u00bbUna experiencia \u00fanica el 31 de diciembre\u00bb font_container=\u00bbtag:h3|text_align:left\u00bb][vc_column_text css=\u00bb.vc_custom_1686583151392{margin-top: 20px !important;}\u00bb] PUBLICADO EL 10 DE DICIEMBRE DE 2019, [\/vc_column_text][vc_column_text css=\u00bb.vc_custom_1691054831062{margin-top: 50px !important;}\u00bb]Para Nochevieja, el 31 de diciembre, te ofrecemos una experiencia m\u00e1gica en un entorno extraordinario. Para esta&#8230;<\/p>\n","protected":false},"author":1,"featured_media":9996,"comment_status":"closed","ping_status":"open","sticky":false,"template":"","format":"standard","meta":{"_acf_changed":false,"footnotes":""},"categories":[158],"tags":[],"class_list":["post-9995","post","type-post","status-publish","format-standard","has-post-thumbnail","hentry","category-noticias-es"],"acf":[],"yoast_head":"<!-- This site is optimized with the Yoast SEO Premium plugin v20.10 (Yoast SEO v27.0) - https:\/\/yoast.com\/product\/yoast-seo-premium-wordpress\/ -->\n<title>Disfruta de una velada \u00fanica en un entorno extraordinario - Caf\u00e9 de l&#039;Homme<\/title>\n<meta name=\"robots\" content=\"index, follow, max-snippet:-1, max-image-preview:large, max-video-preview:-1\" \/>\n<link rel=\"canonical\" href=\"https:\/\/www.cafedelhomme.com\/es\/disfruta-de-una-velada-unica-en-un-entorno-extraordinario\" \/>\n<meta property=\"og:locale\" content=\"es_ES\" \/>\n<meta property=\"og:type\" content=\"article\" \/>\n<meta property=\"og:title\" content=\"Disfruta de una velada \u00fanica en un entorno extraordinario - Caf\u00e9 de l&#039;Homme\" \/>\n<meta property=\"og:description\" content=\"[vc_row responsive_css=\u00bbpadding_top_large:40px|padding_bottom_large:80px\u00bb css=\u00bb.vc_custom_1686583049042{padding-top: 40px !important;padding-bottom: 40px !important;}\u00bb][vc_column][vc_custom_heading text=\u00bbUna experiencia \u00fanica el 31 de diciembre\u00bb font_container=\u00bbtag:h3|text_align:left\u00bb][vc_column_text css=\u00bb.vc_custom_1686583151392{margin-top: 20px !important;}\u00bb] PUBLICADO EL 10 DE DICIEMBRE DE 2019, [\/vc_column_text][vc_column_text css=\u00bb.vc_custom_1691054831062{margin-top: 50px !important;}\u00bb]Para Nochevieja, el 31 de diciembre, te ofrecemos una experiencia m\u00e1gica en un entorno extraordinario. Para esta...\" \/>\n<meta property=\"og:url\" content=\"https:\/\/www.cafedelhomme.com\/es\/disfruta-de-una-velada-unica-en-un-entorno-extraordinario\" \/>\n<meta property=\"og:site_name\" content=\"Caf\u00e9 de l&#039;Homme\" \/>\n<meta property=\"article:publisher\" content=\"https:\/\/www.facebook.com\/cafedelhomme\" \/>\n<meta property=\"article:published_time\" content=\"2023-06-12T15:15:01+00:00\" \/>\n<meta property=\"article:modified_time\" content=\"2025-03-27T16:01:33+00:00\" \/>\n<meta property=\"og:image\" content=\"https:\/\/www.cafedelhomme.com\/wp-content\/uploads\/2023\/06\/31-dec.jpeg\" \/>\n\t<meta property=\"og:image:width\" content=\"800\" \/>\n\t<meta property=\"og:image:height\" content=\"600\" \/>\n\t<meta property=\"og:image:type\" content=\"image\/jpeg\" \/>\n<meta name=\"author\" content=\"Getup\" \/>\n<meta name=\"twitter:card\" content=\"summary_large_image\" \/>\n<meta name=\"twitter:label1\" content=\"Escrito por\" \/>\n\t<meta name=\"twitter:data1\" content=\"Getup\" \/>\n\t<meta name=\"twitter:label2\" content=\"Tiempo de lectura\" \/>\n\t<meta name=\"twitter:data2\" content=\"1 minuto\" \/>\n<script type=\"application\/ld+json\" class=\"yoast-schema-graph\">{\"@context\":\"https:\/\/schema.org\",\"@graph\":[{\"@type\":\"Article\",\"@id\":\"https:\/\/www.cafedelhomme.com\/es\/disfruta-de-una-velada-unica-en-un-entorno-extraordinario#article\",\"isPartOf\":{\"@id\":\"https:\/\/www.cafedelhomme.com\/es\/disfruta-de-una-velada-unica-en-un-entorno-extraordinario\"},\"author\":{\"name\":\"Getup\",\"@id\":\"https:\/\/www.cafedelhomme.com\/es#\/schema\/person\/55c660f885a3bf3b1d08ae502bd6850f\"},\"headline\":\"Disfruta de una velada \u00fanica en un entorno extraordinario\",\"datePublished\":\"2023-06-12T15:15:01+00:00\",\"dateModified\":\"2025-03-27T16:01:33+00:00\",\"mainEntityOfPage\":{\"@id\":\"https:\/\/www.cafedelhomme.com\/es\/disfruta-de-una-velada-unica-en-un-entorno-extraordinario\"},\"wordCount\":233,\"publisher\":{\"@id\":\"https:\/\/www.cafedelhomme.com\/es#organization\"},\"image\":{\"@id\":\"https:\/\/www.cafedelhomme.com\/es\/disfruta-de-una-velada-unica-en-un-entorno-extraordinario#primaryimage\"},\"thumbnailUrl\":\"https:\/\/www.cafedelhomme.com\/wp-content\/uploads\/2023\/06\/31-dec.jpeg\",\"articleSection\":[\"Noticias\"],\"inLanguage\":\"es\"},{\"@type\":\"WebPage\",\"@id\":\"https:\/\/www.cafedelhomme.com\/es\/disfruta-de-una-velada-unica-en-un-entorno-extraordinario\",\"url\":\"https:\/\/www.cafedelhomme.com\/es\/disfruta-de-una-velada-unica-en-un-entorno-extraordinario\",\"name\":\"Disfruta de una velada \u00fanica en un entorno extraordinario - Caf\u00e9 de l&#039;Homme\",\"isPartOf\":{\"@id\":\"https:\/\/www.cafedelhomme.com\/es#website\"},\"primaryImageOfPage\":{\"@id\":\"https:\/\/www.cafedelhomme.com\/es\/disfruta-de-una-velada-unica-en-un-entorno-extraordinario#primaryimage\"},\"image\":{\"@id\":\"https:\/\/www.cafedelhomme.com\/es\/disfruta-de-una-velada-unica-en-un-entorno-extraordinario#primaryimage\"},\"thumbnailUrl\":\"https:\/\/www.cafedelhomme.com\/wp-content\/uploads\/2023\/06\/31-dec.jpeg\",\"datePublished\":\"2023-06-12T15:15:01+00:00\",\"dateModified\":\"2025-03-27T16:01:33+00:00\",\"inLanguage\":\"es\",\"potentialAction\":[{\"@type\":\"ReadAction\",\"target\":[\"https:\/\/www.cafedelhomme.com\/es\/disfruta-de-una-velada-unica-en-un-entorno-extraordinario\"]}]},{\"@type\":\"ImageObject\",\"inLanguage\":\"es\",\"@id\":\"https:\/\/www.cafedelhomme.com\/es\/disfruta-de-una-velada-unica-en-un-entorno-extraordinario#primaryimage\",\"url\":\"https:\/\/www.cafedelhomme.com\/wp-content\/uploads\/2023\/06\/31-dec.jpeg\",\"contentUrl\":\"https:\/\/www.cafedelhomme.com\/wp-content\/uploads\/2023\/06\/31-dec.jpeg\",\"width\":800,\"height\":600},{\"@type\":\"WebSite\",\"@id\":\"https:\/\/www.cafedelhomme.com\/es#website\",\"url\":\"https:\/\/www.cafedelhomme.com\/es\",\"name\":\"Caf\u00e9 de l'Homme\",\"description\":\"\",\"publisher\":{\"@id\":\"https:\/\/www.cafedelhomme.com\/es#organization\"},\"potentialAction\":[{\"@type\":\"SearchAction\",\"target\":{\"@type\":\"EntryPoint\",\"urlTemplate\":\"https:\/\/www.cafedelhomme.com\/es?s={search_term_string}\"},\"query-input\":{\"@type\":\"PropertyValueSpecification\",\"valueRequired\":true,\"valueName\":\"search_term_string\"}}],\"inLanguage\":\"es\"},{\"@type\":\"Organization\",\"@id\":\"https:\/\/www.cafedelhomme.com\/es#organization\",\"name\":\"Caf\u00e9 del Hombre\",\"url\":\"https:\/\/www.cafedelhomme.com\/es\",\"logo\":{\"@type\":\"ImageObject\",\"inLanguage\":\"es\",\"@id\":\"https:\/\/www.cafedelhomme.com\/es#\/schema\/logo\/image\/\",\"url\":\"https:\/\/www.cafedelhomme.com\/wp-content\/uploads\/2023\/04\/big-logo-300x163-1.png\",\"contentUrl\":\"https:\/\/www.cafedelhomme.com\/wp-content\/uploads\/2023\/04\/big-logo-300x163-1.png\",\"width\":300,\"height\":163,\"caption\":\"Caf\u00e9 del Hombre\"},\"image\":{\"@id\":\"https:\/\/www.cafedelhomme.com\/es#\/schema\/logo\/image\/\"},\"sameAs\":[\"https:\/\/www.facebook.com\/cafedelhomme\",\"https:\/\/www.instagram.com\/cafedelhomme\/\"]},{\"@type\":\"Person\",\"@id\":\"https:\/\/www.cafedelhomme.com\/es#\/schema\/person\/55c660f885a3bf3b1d08ae502bd6850f\",\"name\":\"Getup\",\"image\":{\"@type\":\"ImageObject\",\"inLanguage\":\"es\",\"@id\":\"https:\/\/www.cafedelhomme.com\/es#\/schema\/person\/image\/\",\"url\":\"https:\/\/secure.gravatar.com\/avatar\/5e19627732ce1f7366d35b250158e58668ab387bcef3219ee7bba031ec656192?s=96&d=mm&r=g\",\"contentUrl\":\"https:\/\/secure.gravatar.com\/avatar\/5e19627732ce1f7366d35b250158e58668ab387bcef3219ee7bba031ec656192?s=96&d=mm&r=g\",\"caption\":\"Getup\"},\"sameAs\":[\"https:\/\/www.cafedelhomme.com\"]}]}<\/script>\n<!-- \/ Yoast SEO Premium plugin. -->","yoast_head_json":{"title":"Disfruta de una velada \u00fanica en un entorno extraordinario - Caf\u00e9 de l&#039;Homme","robots":{"index":"index","follow":"follow","max-snippet":"max-snippet:-1","max-image-preview":"max-image-preview:large","max-video-preview":"max-video-preview:-1"},"canonical":"https:\/\/www.cafedelhomme.com\/es\/disfruta-de-una-velada-unica-en-un-entorno-extraordinario","og_locale":"es_ES","og_type":"article","og_title":"Disfruta de una velada \u00fanica en un entorno extraordinario - Caf\u00e9 de l&#039;Homme","og_description":"[vc_row responsive_css=\u00bbpadding_top_large:40px|padding_bottom_large:80px\u00bb css=\u00bb.vc_custom_1686583049042{padding-top: 40px !important;padding-bottom: 40px !important;}\u00bb][vc_column][vc_custom_heading text=\u00bbUna experiencia \u00fanica el 31 de diciembre\u00bb font_container=\u00bbtag:h3|text_align:left\u00bb][vc_column_text css=\u00bb.vc_custom_1686583151392{margin-top: 20px !important;}\u00bb] PUBLICADO EL 10 DE DICIEMBRE DE 2019, [\/vc_column_text][vc_column_text css=\u00bb.vc_custom_1691054831062{margin-top: 50px !important;}\u00bb]Para Nochevieja, el 31 de diciembre, te ofrecemos una experiencia m\u00e1gica en un entorno extraordinario. Para esta...","og_url":"https:\/\/www.cafedelhomme.com\/es\/disfruta-de-una-velada-unica-en-un-entorno-extraordinario","og_site_name":"Caf\u00e9 de l&#039;Homme","article_publisher":"https:\/\/www.facebook.com\/cafedelhomme","article_published_time":"2023-06-12T15:15:01+00:00","article_modified_time":"2025-03-27T16:01:33+00:00","og_image":[{"width":800,"height":600,"url":"https:\/\/www.cafedelhomme.com\/wp-content\/uploads\/2023\/06\/31-dec.jpeg","type":"image\/jpeg"}],"author":"Getup","twitter_card":"summary_large_image","twitter_misc":{"Escrito por":"Getup","Tiempo de lectura":"1 minuto"},"schema":{"@context":"https:\/\/schema.org","@graph":[{"@type":"Article","@id":"https:\/\/www.cafedelhomme.com\/es\/disfruta-de-una-velada-unica-en-un-entorno-extraordinario#article","isPartOf":{"@id":"https:\/\/www.cafedelhomme.com\/es\/disfruta-de-una-velada-unica-en-un-entorno-extraordinario"},"author":{"name":"Getup","@id":"https:\/\/www.cafedelhomme.com\/es#\/schema\/person\/55c660f885a3bf3b1d08ae502bd6850f"},"headline":"Disfruta de una velada \u00fanica en un entorno extraordinario","datePublished":"2023-06-12T15:15:01+00:00","dateModified":"2025-03-27T16:01:33+00:00","mainEntityOfPage":{"@id":"https:\/\/www.cafedelhomme.com\/es\/disfruta-de-una-velada-unica-en-un-entorno-extraordinario"},"wordCount":233,"publisher":{"@id":"https:\/\/www.cafedelhomme.com\/es#organization"},"image":{"@id":"https:\/\/www.cafedelhomme.com\/es\/disfruta-de-una-velada-unica-en-un-entorno-extraordinario#primaryimage"},"thumbnailUrl":"https:\/\/www.cafedelhomme.com\/wp-content\/uploads\/2023\/06\/31-dec.jpeg","articleSection":["Noticias"],"inLanguage":"es"},{"@type":"WebPage","@id":"https:\/\/www.cafedelhomme.com\/es\/disfruta-de-una-velada-unica-en-un-entorno-extraordinario","url":"https:\/\/www.cafedelhomme.com\/es\/disfruta-de-una-velada-unica-en-un-entorno-extraordinario","name":"Disfruta de una velada \u00fanica en un entorno extraordinario - Caf\u00e9 de l&#039;Homme","isPartOf":{"@id":"https:\/\/www.cafedelhomme.com\/es#website"},"primaryImageOfPage":{"@id":"https:\/\/www.cafedelhomme.com\/es\/disfruta-de-una-velada-unica-en-un-entorno-extraordinario#primaryimage"},"image":{"@id":"https:\/\/www.cafedelhomme.com\/es\/disfruta-de-una-velada-unica-en-un-entorno-extraordinario#primaryimage"},"thumbnailUrl":"https:\/\/www.cafedelhomme.com\/wp-content\/uploads\/2023\/06\/31-dec.jpeg","datePublished":"2023-06-12T15:15:01+00:00","dateModified":"2025-03-27T16:01:33+00:00","inLanguage":"es","potentialAction":[{"@type":"ReadAction","target":["https:\/\/www.cafedelhomme.com\/es\/disfruta-de-una-velada-unica-en-un-entorno-extraordinario"]}]},{"@type":"ImageObject","inLanguage":"es","@id":"https:\/\/www.cafedelhomme.com\/es\/disfruta-de-una-velada-unica-en-un-entorno-extraordinario#primaryimage","url":"https:\/\/www.cafedelhomme.com\/wp-content\/uploads\/2023\/06\/31-dec.jpeg","contentUrl":"https:\/\/www.cafedelhomme.com\/wp-content\/uploads\/2023\/06\/31-dec.jpeg","width":800,"height":600},{"@type":"WebSite","@id":"https:\/\/www.cafedelhomme.com\/es#website","url":"https:\/\/www.cafedelhomme.com\/es","name":"Caf\u00e9 de l'Homme","description":"","publisher":{"@id":"https:\/\/www.cafedelhomme.com\/es#organization"},"potentialAction":[{"@type":"SearchAction","target":{"@type":"EntryPoint","urlTemplate":"https:\/\/www.cafedelhomme.com\/es?s={search_term_string}"},"query-input":{"@type":"PropertyValueSpecification","valueRequired":true,"valueName":"search_term_string"}}],"inLanguage":"es"},{"@type":"Organization","@id":"https:\/\/www.cafedelhomme.com\/es#organization","name":"Caf\u00e9 del Hombre","url":"https:\/\/www.cafedelhomme.com\/es","logo":{"@type":"ImageObject","inLanguage":"es","@id":"https:\/\/www.cafedelhomme.com\/es#\/schema\/logo\/image\/","url":"https:\/\/www.cafedelhomme.com\/wp-content\/uploads\/2023\/04\/big-logo-300x163-1.png","contentUrl":"https:\/\/www.cafedelhomme.com\/wp-content\/uploads\/2023\/04\/big-logo-300x163-1.png","width":300,"height":163,"caption":"Caf\u00e9 del Hombre"},"image":{"@id":"https:\/\/www.cafedelhomme.com\/es#\/schema\/logo\/image\/"},"sameAs":["https:\/\/www.facebook.com\/cafedelhomme","https:\/\/www.instagram.com\/cafedelhomme\/"]},{"@type":"Person","@id":"https:\/\/www.cafedelhomme.com\/es#\/schema\/person\/55c660f885a3bf3b1d08ae502bd6850f","name":"Getup","image":{"@type":"ImageObject","inLanguage":"es","@id":"https:\/\/www.cafedelhomme.com\/es#\/schema\/person\/image\/","url":"https:\/\/secure.gravatar.com\/avatar\/5e19627732ce1f7366d35b250158e58668ab387bcef3219ee7bba031ec656192?s=96&d=mm&r=g","contentUrl":"https:\/\/secure.gravatar.com\/avatar\/5e19627732ce1f7366d35b250158e58668ab387bcef3219ee7bba031ec656192?s=96&d=mm&r=g","caption":"Getup"},"sameAs":["https:\/\/www.cafedelhomme.com"]}]}},"_links":{"self":[{"href":"https:\/\/www.cafedelhomme.com\/es\/wp-json\/wp\/v2\/posts\/9995","targetHints":{"allow":["GET"]}}],"collection":[{"href":"https:\/\/www.cafedelhomme.com\/es\/wp-json\/wp\/v2\/posts"}],"about":[{"href":"https:\/\/www.cafedelhomme.com\/es\/wp-json\/wp\/v2\/types\/post"}],"author":[{"embeddable":true,"href":"https:\/\/www.cafedelhomme.com\/es\/wp-json\/wp\/v2\/users\/1"}],"replies":[{"embeddable":true,"href":"https:\/\/www.cafedelhomme.com\/es\/wp-json\/wp\/v2\/comments?post=9995"}],"version-history":[{"count":1,"href":"https:\/\/www.cafedelhomme.com\/es\/wp-json\/wp\/v2\/posts\/9995\/revisions"}],"predecessor-version":[{"id":9999,"href":"https:\/\/www.cafedelhomme.com\/es\/wp-json\/wp\/v2\/posts\/9995\/revisions\/9999"}],"wp:featuredmedia":[{"embeddable":true,"href":"https:\/\/www.cafedelhomme.com\/es\/wp-json\/wp\/v2\/media\/9996"}],"wp:attachment":[{"href":"https:\/\/www.cafedelhomme.com\/es\/wp-json\/wp\/v2\/media?parent=9995"}],"wp:term":[{"taxonomy":"category","embeddable":true,"href":"https:\/\/www.cafedelhomme.com\/es\/wp-json\/wp\/v2\/categories?post=9995"},{"taxonomy":"post_tag","embeddable":true,"href":"https:\/\/www.cafedelhomme.com\/es\/wp-json\/wp\/v2\/tags?post=9995"}],"curies":[{"name":"wp","href":"https:\/\/api.w.org\/{rel}","templated":true}]}}