{"id":10649,"date":"2025-05-02T10:00:52","date_gmt":"2025-05-02T08:00:52","guid":{"rendered":"https:\/\/www.cafedelhomme.com\/?p=10649"},"modified":"2025-04-24T11:47:02","modified_gmt":"2025-04-24T09:47:02","slug":"la-lova-nossa-sobremesa-sazonal","status":"publish","type":"post","link":"https:\/\/www.cafedelhomme.com\/pt-br\/la-lova-nossa-sobremesa-sazonal","title":{"rendered":"&#8220;La Lova&#8221;: nossa sobremesa sazonal"},"content":{"rendered":"<div class=\"wpb-content-wrapper\"><p>[vc_row responsive_css=&#8221;margin_top_large:100px|margin_bottom_large:100px&#8221; css=&#8221;.vc_custom_1690902189577{margin-top: 100px !important;margin-bottom: 100px !important;}&#8221;][vc_column][vc_column_text css=&#8221;.vc_custom_1744013502453{margin-bottom: 40px !important;}&#8221;]No cora\u00e7\u00e3o do <strong>Trocad\u00e9ro<\/strong>, o <strong>Caf\u00e9 de l&#8217;Homme<\/strong> incorpora uma filosofia gastron\u00f4mica baseada no respeito \u00e0s esta\u00e7\u00f5es do ano. Cada ingrediente \u00e9 cuidadosamente selecionado para garantir frescor e qualidade incompar\u00e1veis. Entre nossas cria\u00e7\u00f5es emblem\u00e1ticas, \u201cLa Lova\u201d se destaca como uma <strong>sobremesa exclusiva<\/strong>, celebrando as frutas da esta\u00e7\u00e3o por meio de composi\u00e7\u00f5es sutis e refinadas. Em constante evolu\u00e7\u00e3o ao longo do ano, ela amplia os sabores naturais para uma <strong>experi\u00eancia<\/strong> <strong>de sabor<\/strong> \u00fanica e intensa.[\/vc_column_text][vc_custom_heading text=&#8221;Um tributo \u00e0s frutas da esta\u00e7\u00e3o&#8221; css=&#8221;.vc_custom_1744013528213{padding-top: 5px !important;}&#8221;][vc_column_text css=&#8221;&#8221;]\u201c<strong>La Lova<\/strong>\u201d \u00e9 reinventada a cada <strong>esta\u00e7\u00e3o<\/strong>, refletindo nosso compromisso com a gastronomia respons\u00e1vel e aut\u00eantica. Ao se adaptar aos ciclos da natureza, essa sobremesa excepcional traz \u00e0 tona os aromas mais puros, sublimando cada gole. Essa abordagem n\u00e3o s\u00f3 garante o frescor ideal, mas tamb\u00e9m oferece uma redescoberta constante dos sabores com o passar dos meses.[\/vc_column_text][\/vc_column][\/vc_row][vc_row responsive_css=&#8221;margin_top_large:100px|margin_bottom_large:100px&#8221; css=&#8221;.vc_custom_1690902189577{margin-top: 100px !important;margin-bottom: 100px !important;}&#8221;][vc_column][vc_custom_heading text=&#8221;O conhecimento do chef confeiteiro&#8221; css=&#8221;.vc_custom_1744013637036{padding-top: 5px !important;}&#8221;][vc_column_text css=&#8221;&#8221;]Por tr\u00e1s do \u201cLa Lova\u201d est\u00e3o o talento e a criatividade de nosso <strong>chefe confeiteiro<\/strong>. Apaixonado e motivado pela excel\u00eancia, ele imagina e comp\u00f5e essa massa de acordo com as inspira\u00e7\u00f5es da esta\u00e7\u00e3o. Cada ingrediente \u00e9 meticulosamente selecionado, e cada textura \u00e9 trabalhada com precis\u00e3o para criar uma harmonia perfeita. Sua experi\u00eancia e a busca constante pelo equil\u00edbrio fazem da \u201cLa Lova\u201d uma cria\u00e7\u00e3o excepcional, sublimando os sabores naturais e respeitando a<strong> tradi\u00e7\u00e3o francesa<\/strong> de confeitaria.[\/vc_column_text][\/vc_column][\/vc_row][vc_row responsive_css=&#8221;margin_top_large:100px|margin_bottom_large:100px&#8221; css=&#8221;.vc_custom_1690902189577{margin-top: 100px !important;margin-bottom: 100px !important;}&#8221;][vc_column][vc_custom_heading text=&#8221;La Lova: uma combina\u00e7\u00e3o de delicadeza e refinamento&#8221; css=&#8221;.vc_custom_1744013705911{padding-top: 5px !important;}&#8221;][vc_column_text css=&#8221;&#8221;]Uma verdadeira personifica\u00e7\u00e3o da <strong>excel\u00eancia da confeitaria francesa<\/strong>, \u201cLa Lova\u201d combina texturas e sabores com perfei\u00e7\u00e3o. Sua eleg\u00e2ncia visual rivaliza com a delicadeza de seu sabor, revelando uma sutil harmonia entre do\u00e7ura, acidez e leveza. Cada ingrediente \u00e9 cuidadosamente selecionado para proporcionar uma experi\u00eancia sensorial inesquec\u00edvel. Mais do que uma simples <strong>sobremesa<\/strong>, \u201cLa Lova\u201d incorpora uma verdadeira arte de viver, na qual o destaque das frutas da esta\u00e7\u00e3o expressa todo o nosso know-how e nossa paix\u00e3o pela gastronomia.[\/vc_column_text][\/vc_column][\/vc_row][vc_row responsive_css=&#8221;margin_top_large:100px|margin_bottom_large:100px&#8221; css=&#8221;.vc_custom_1690902189577{margin-top: 100px !important;margin-bottom: 100px !important;}&#8221;][vc_column][vc_custom_heading text=&#8221;Um momento excepcional com vista para a Torre Eiffel&#8221; css=&#8221;.vc_custom_1744013764331{padding-top: 5px !important;}&#8221;][vc_column_text css=&#8221;&#8221;]<\/p>\n<div class=\"flex max-w-full flex-col flex-grow\">\n<div class=\"min-h-8 text-message flex w-full flex-col items-end gap-2 whitespace-normal break-words [.text-message+&amp;]:mt-5\" dir=\"auto\" data-message-author-role=\"assistant\" data-message-id=\"95f7c15c-8029-4581-8eec-a494db254bee\" data-message-model-slug=\"gpt-4o\">\n<div class=\"flex w-full flex-col gap-1 empty:hidden first:pt-[3px]\">\n<div class=\"markdown prose w-full break-words dark:prose-invert light\">\n<div class=\"flex max-w-full flex-col flex-grow\">\n<div class=\"min-h-8 text-message flex w-full flex-col items-end gap-2 whitespace-normal break-words [.text-message+&amp;]:mt-5\" dir=\"auto\" data-message-author-role=\"assistant\" data-message-id=\"7d463155-8651-4e14-8318-1aec48cb607e\" data-message-model-slug=\"gpt-4o\">\n<div class=\"flex w-full flex-col gap-1 empty:hidden first:pt-[3px]\">\n<div class=\"markdown prose w-full break-words dark:prose-invert light\">\n<p data-start=\"1325\" data-end=\"1591\">Degustar o \u201cLa Lova\u201d no <strong>Caf\u00e9 de l&#8217;Homme<\/strong> \u00e9 como fazer uma pausa refinada em um ambiente \u00fanico. Seja em nossos terra\u00e7os cheios de luz ou em um interior que combina modernidade e hist\u00f3ria parisiense, cada momento se torna uma experi\u00eancia extraordin\u00e1ria. Com a <strong>Torre Eiffel<\/strong> como pano de fundo, deixe-se transportar em uma jornada sensorial onde a excel\u00eancia culin\u00e1ria e a hospitalidade se unem com perfei\u00e7\u00e3o.<\/p>\n<\/div>\n<\/div>\n<\/div>\n<\/div>\n<\/div>\n<\/div>\n<\/div>\n<\/div>\n<p>[\/vc_column_text][\/vc_column][\/vc_row][vc_row responsive_css=&#8221;margin_top_large:100px|margin_bottom_large:100px&#8221; css=&#8221;.vc_custom_1690902189577{margin-top: 100px !important;margin-bottom: 100px !important;}&#8221;][vc_column][vc_custom_heading text=&#8221;Caf\u00e9 de l&#8217;Homme: Um interl\u00fadio encantado&#8221; css=&#8221;.vc_custom_1744013833003{padding-top: 5px !important;}&#8221;][vc_column_text css=&#8221;&#8221;]<\/p>\n<div class=\"flex max-w-full flex-col flex-grow\">\n<div class=\"min-h-8 text-message flex w-full flex-col items-end gap-2 whitespace-normal break-words [.text-message+&amp;]:mt-5\" dir=\"auto\" data-message-author-role=\"assistant\" data-message-id=\"95f7c15c-8029-4581-8eec-a494db254bee\" data-message-model-slug=\"gpt-4o\">\n<div class=\"flex w-full flex-col gap-1 empty:hidden first:pt-[3px]\">\n<div class=\"markdown prose w-full break-words dark:prose-invert light\">\n<div class=\"flex max-w-full flex-col flex-grow\">\n<div class=\"min-h-8 text-message flex w-full flex-col items-end gap-2 whitespace-normal break-words [.text-message+&amp;]:mt-5\" dir=\"auto\" data-message-author-role=\"assistant\" data-message-id=\"7d463155-8651-4e14-8318-1aec48cb607e\" data-message-model-slug=\"gpt-4o\">\n<div class=\"flex w-full flex-col gap-1 empty:hidden first:pt-[3px]\">\n<div class=\"markdown prose w-full break-words dark:prose-invert light\">\n<p data-start=\"1325\" data-end=\"1591\">Saboreie o \u201cLa Lova\u201d e presenteie-se com um momento de suspens\u00e3o em um ambiente de prest\u00edgio. Uma mistura de experi\u00eancia em confeitaria e a arte francesa de entreter, cada experi\u00eancia de degusta\u00e7\u00e3o se torna uma celebra\u00e7\u00e3o dos sentidos. Reserve sua mesa agora e mergulhe em uma experi\u00eancia gastron\u00f4mica inesquec\u00edvel no cora\u00e7\u00e3o do Trocad\u00e9ro.<\/p>\n<\/div>\n<\/div>\n<\/div>\n<\/div>\n<\/div>\n<\/div>\n<\/div>\n<\/div>\n<p>[\/vc_column_text][\/vc_column][\/vc_row][vc_row responsive_css=&#8221;margin_top_large:100px|margin_bottom_large:100px&#8221; css=&#8221;.vc_custom_1690902189577{margin-top: 100px !important;margin-bottom: 100px !important;}&#8221;][vc_column]<a href=\"https:\/\/www.sevenrooms.com\/explore\/cafedelhomme\/reservations\/create\/search?lang=fr&#038;tracking=seo-blog\" target=\"_blank\" class=\"btn btn-default btn-bordered border-thin btn btn-outline btn-outline-black ld_button_69f51a4043533\">\n\t<span>\n\t\t\n\t\t\t\t\t<span class=\"btn-txt\">reservar uma mesa.<\/span>\n\t\t\t\n\t\t\t\t<\/span>\n<\/a>\n[\/vc_column][\/vc_row]<\/p>\n<\/div>","protected":false},"excerpt":{"rendered":"<p>[vc_row responsive_css=&#8221;margin_top_large:100px|margin_bottom_large:100px&#8221; css=&#8221;.vc_custom_1690902189577{margin-top: 100px !important;margin-bottom: 100px !important;}&#8221;][vc_column][vc_column_text css=&#8221;.vc_custom_1744013502453{margin-bottom: 40px !important;}&#8221;]No cora\u00e7\u00e3o do Trocad\u00e9ro, o Caf\u00e9 de l&#8217;Homme incorpora uma filosofia gastron\u00f4mica baseada no respeito \u00e0s esta\u00e7\u00f5es do ano. Cada ingrediente \u00e9 cuidadosamente selecionado para garantir frescor e qualidade incompar\u00e1veis. Entre nossas cria\u00e7\u00f5es emblem\u00e1ticas, \u201cLa Lova\u201d&#8230;<\/p>\n","protected":false},"author":9,"featured_media":10662,"comment_status":"closed","ping_status":"open","sticky":false,"template":"","format":"standard","meta":{"_acf_changed":false,"footnotes":""},"categories":[114,113],"tags":[],"class_list":["post-10649","post","type-post","status-publish","format-standard","has-post-thumbnail","hentry","category-apresentacao","category-noticias"],"acf":[],"yoast_head":"<!-- This site is optimized with the Yoast SEO Premium plugin v20.10 (Yoast SEO v27.0) - https:\/\/yoast.com\/product\/yoast-seo-premium-wordpress\/ -->\n<title>&quot;La Lova&quot;: nossa sobremesa sazonal - Caf\u00e9 de l&#039;Homme<\/title>\n<meta name=\"description\" content=\"Entre nossas cria\u00e7\u00f5es ic\u00f4nicas, a \u201cLa Lova\u201d se destaca como uma sobremesa exclusiva, celebrando as frutas da esta\u00e7\u00e3o em composi\u00e7\u00f5es sutis e refinadas.\" \/>\n<meta name=\"robots\" content=\"index, follow, max-snippet:-1, max-image-preview:large, max-video-preview:-1\" \/>\n<link rel=\"canonical\" href=\"https:\/\/www.cafedelhomme.com\/pt-br\/la-lova-nossa-sobremesa-sazonal\" \/>\n<meta property=\"og:locale\" content=\"pt_BR\" \/>\n<meta property=\"og:type\" content=\"article\" \/>\n<meta property=\"og:title\" content=\"&quot;La Lova&quot;: nossa sobremesa sazonal\" \/>\n<meta property=\"og:description\" content=\"Entre nossas cria\u00e7\u00f5es ic\u00f4nicas, a \u201cLa Lova\u201d se destaca como uma sobremesa exclusiva, celebrando as frutas da esta\u00e7\u00e3o em composi\u00e7\u00f5es sutis e refinadas.\" \/>\n<meta property=\"og:url\" content=\"https:\/\/www.cafedelhomme.com\/pt-br\/la-lova-nossa-sobremesa-sazonal\" \/>\n<meta property=\"og:site_name\" content=\"Caf\u00e9 de l&#039;Homme\" \/>\n<meta property=\"article:publisher\" content=\"https:\/\/www.facebook.com\/cafedelhomme\" \/>\n<meta property=\"article:published_time\" content=\"2025-05-02T08:00:52+00:00\" \/>\n<meta property=\"og:image\" content=\"https:\/\/www.cafedelhomme.com\/wp-content\/uploads\/2025\/04\/DSC02526.jpg\" \/>\n\t<meta property=\"og:image:width\" content=\"1280\" \/>\n\t<meta property=\"og:image:height\" content=\"1920\" \/>\n\t<meta property=\"og:image:type\" content=\"image\/jpeg\" \/>\n<meta name=\"author\" content=\"Marketing\" \/>\n<meta name=\"twitter:card\" content=\"summary_large_image\" \/>\n<meta name=\"twitter:label1\" content=\"Escrito por\" \/>\n\t<meta name=\"twitter:data1\" content=\"Marketing\" \/>\n\t<meta name=\"twitter:label2\" content=\"Est. tempo de leitura\" \/>\n\t<meta name=\"twitter:data2\" content=\"3 minutos\" \/>\n<script type=\"application\/ld+json\" class=\"yoast-schema-graph\">{\"@context\":\"https:\/\/schema.org\",\"@graph\":[{\"@type\":\"Article\",\"@id\":\"https:\/\/www.cafedelhomme.com\/pt-br\/la-lova-nossa-sobremesa-sazonal#article\",\"isPartOf\":{\"@id\":\"https:\/\/www.cafedelhomme.com\/pt-br\/la-lova-nossa-sobremesa-sazonal\"},\"author\":{\"name\":\"Marketing\",\"@id\":\"https:\/\/www.cafedelhomme.com\/pt-br#\/schema\/person\/6e8511c8f2a5f67fe09441e43be583cf\"},\"headline\":\"&#8220;La Lova&#8221;: nossa sobremesa sazonal\",\"datePublished\":\"2025-05-02T08:00:52+00:00\",\"mainEntityOfPage\":{\"@id\":\"https:\/\/www.cafedelhomme.com\/pt-br\/la-lova-nossa-sobremesa-sazonal\"},\"wordCount\":788,\"publisher\":{\"@id\":\"https:\/\/www.cafedelhomme.com\/pt-br#organization\"},\"image\":{\"@id\":\"https:\/\/www.cafedelhomme.com\/pt-br\/la-lova-nossa-sobremesa-sazonal#primaryimage\"},\"thumbnailUrl\":\"https:\/\/www.cafedelhomme.com\/wp-content\/uploads\/2025\/04\/DSC02526.jpg\",\"articleSection\":[\"apresenta\u00e7\u00e3o\",\"Not\u00edcias\"],\"inLanguage\":\"pt-BR\"},{\"@type\":\"WebPage\",\"@id\":\"https:\/\/www.cafedelhomme.com\/pt-br\/la-lova-nossa-sobremesa-sazonal\",\"url\":\"https:\/\/www.cafedelhomme.com\/pt-br\/la-lova-nossa-sobremesa-sazonal\",\"name\":\"\\\"La Lova\\\": nossa sobremesa sazonal - Caf\u00e9 de l'Homme\",\"isPartOf\":{\"@id\":\"https:\/\/www.cafedelhomme.com\/pt-br#website\"},\"primaryImageOfPage\":{\"@id\":\"https:\/\/www.cafedelhomme.com\/pt-br\/la-lova-nossa-sobremesa-sazonal#primaryimage\"},\"image\":{\"@id\":\"https:\/\/www.cafedelhomme.com\/pt-br\/la-lova-nossa-sobremesa-sazonal#primaryimage\"},\"thumbnailUrl\":\"https:\/\/www.cafedelhomme.com\/wp-content\/uploads\/2025\/04\/DSC02526.jpg\",\"datePublished\":\"2025-05-02T08:00:52+00:00\",\"description\":\"Entre nossas cria\u00e7\u00f5es ic\u00f4nicas, a \u201cLa Lova\u201d se destaca como uma sobremesa exclusiva, celebrando as frutas da esta\u00e7\u00e3o em composi\u00e7\u00f5es sutis e refinadas.\",\"inLanguage\":\"pt-BR\",\"potentialAction\":[{\"@type\":\"ReadAction\",\"target\":[\"https:\/\/www.cafedelhomme.com\/pt-br\/la-lova-nossa-sobremesa-sazonal\"]}]},{\"@type\":\"ImageObject\",\"inLanguage\":\"pt-BR\",\"@id\":\"https:\/\/www.cafedelhomme.com\/pt-br\/la-lova-nossa-sobremesa-sazonal#primaryimage\",\"url\":\"https:\/\/www.cafedelhomme.com\/wp-content\/uploads\/2025\/04\/DSC02526.jpg\",\"contentUrl\":\"https:\/\/www.cafedelhomme.com\/wp-content\/uploads\/2025\/04\/DSC02526.jpg\",\"width\":1280,\"height\":1920},{\"@type\":\"WebSite\",\"@id\":\"https:\/\/www.cafedelhomme.com\/pt-br#website\",\"url\":\"https:\/\/www.cafedelhomme.com\/pt-br\",\"name\":\"Caf\u00e9 de l'Homme\",\"description\":\"\",\"publisher\":{\"@id\":\"https:\/\/www.cafedelhomme.com\/pt-br#organization\"},\"potentialAction\":[{\"@type\":\"SearchAction\",\"target\":{\"@type\":\"EntryPoint\",\"urlTemplate\":\"https:\/\/www.cafedelhomme.com\/pt-br?s={search_term_string}\"},\"query-input\":{\"@type\":\"PropertyValueSpecification\",\"valueRequired\":true,\"valueName\":\"search_term_string\"}}],\"inLanguage\":\"pt-BR\"},{\"@type\":\"Organization\",\"@id\":\"https:\/\/www.cafedelhomme.com\/pt-br#organization\",\"name\":\"Caf\u00e9 de l'Homme\",\"url\":\"https:\/\/www.cafedelhomme.com\/pt-br\",\"logo\":{\"@type\":\"ImageObject\",\"inLanguage\":\"pt-BR\",\"@id\":\"https:\/\/www.cafedelhomme.com\/pt-br#\/schema\/logo\/image\/\",\"url\":\"https:\/\/www.cafedelhomme.com\/wp-content\/uploads\/2023\/04\/big-logo-300x163-1.png\",\"contentUrl\":\"https:\/\/www.cafedelhomme.com\/wp-content\/uploads\/2023\/04\/big-logo-300x163-1.png\",\"width\":300,\"height\":163,\"caption\":\"Caf\u00e9 de l'Homme\"},\"image\":{\"@id\":\"https:\/\/www.cafedelhomme.com\/pt-br#\/schema\/logo\/image\/\"},\"sameAs\":[\"https:\/\/www.facebook.com\/cafedelhomme\",\"https:\/\/www.instagram.com\/cafedelhomme\/\"]},{\"@type\":\"Person\",\"@id\":\"https:\/\/www.cafedelhomme.com\/pt-br#\/schema\/person\/6e8511c8f2a5f67fe09441e43be583cf\",\"name\":\"Marketing\",\"image\":{\"@type\":\"ImageObject\",\"inLanguage\":\"pt-BR\",\"@id\":\"https:\/\/www.cafedelhomme.com\/pt-br#\/schema\/person\/image\/\",\"url\":\"https:\/\/secure.gravatar.com\/avatar\/87ce55b262b05881147ff2405c09deba3304ca53053e2ddb7eddade60eafc929?s=96&d=mm&r=g\",\"contentUrl\":\"https:\/\/secure.gravatar.com\/avatar\/87ce55b262b05881147ff2405c09deba3304ca53053e2ddb7eddade60eafc929?s=96&d=mm&r=g\",\"caption\":\"Marketing\"}}]}<\/script>\n<!-- \/ Yoast SEO Premium plugin. -->","yoast_head_json":{"title":"\"La Lova\": nossa sobremesa sazonal - Caf\u00e9 de l'Homme","description":"Entre nossas cria\u00e7\u00f5es ic\u00f4nicas, a \u201cLa Lova\u201d se destaca como uma sobremesa exclusiva, celebrando as frutas da esta\u00e7\u00e3o em composi\u00e7\u00f5es sutis e refinadas.","robots":{"index":"index","follow":"follow","max-snippet":"max-snippet:-1","max-image-preview":"max-image-preview:large","max-video-preview":"max-video-preview:-1"},"canonical":"https:\/\/www.cafedelhomme.com\/pt-br\/la-lova-nossa-sobremesa-sazonal","og_locale":"pt_BR","og_type":"article","og_title":"\"La Lova\": nossa sobremesa sazonal","og_description":"Entre nossas cria\u00e7\u00f5es ic\u00f4nicas, a \u201cLa Lova\u201d se destaca como uma sobremesa exclusiva, celebrando as frutas da esta\u00e7\u00e3o em composi\u00e7\u00f5es sutis e refinadas.","og_url":"https:\/\/www.cafedelhomme.com\/pt-br\/la-lova-nossa-sobremesa-sazonal","og_site_name":"Caf\u00e9 de l'Homme","article_publisher":"https:\/\/www.facebook.com\/cafedelhomme","article_published_time":"2025-05-02T08:00:52+00:00","og_image":[{"width":1280,"height":1920,"url":"https:\/\/www.cafedelhomme.com\/wp-content\/uploads\/2025\/04\/DSC02526.jpg","type":"image\/jpeg"}],"author":"Marketing","twitter_card":"summary_large_image","twitter_misc":{"Escrito por":"Marketing","Est. tempo de leitura":"3 minutos"},"schema":{"@context":"https:\/\/schema.org","@graph":[{"@type":"Article","@id":"https:\/\/www.cafedelhomme.com\/pt-br\/la-lova-nossa-sobremesa-sazonal#article","isPartOf":{"@id":"https:\/\/www.cafedelhomme.com\/pt-br\/la-lova-nossa-sobremesa-sazonal"},"author":{"name":"Marketing","@id":"https:\/\/www.cafedelhomme.com\/pt-br#\/schema\/person\/6e8511c8f2a5f67fe09441e43be583cf"},"headline":"&#8220;La Lova&#8221;: nossa sobremesa sazonal","datePublished":"2025-05-02T08:00:52+00:00","mainEntityOfPage":{"@id":"https:\/\/www.cafedelhomme.com\/pt-br\/la-lova-nossa-sobremesa-sazonal"},"wordCount":788,"publisher":{"@id":"https:\/\/www.cafedelhomme.com\/pt-br#organization"},"image":{"@id":"https:\/\/www.cafedelhomme.com\/pt-br\/la-lova-nossa-sobremesa-sazonal#primaryimage"},"thumbnailUrl":"https:\/\/www.cafedelhomme.com\/wp-content\/uploads\/2025\/04\/DSC02526.jpg","articleSection":["apresenta\u00e7\u00e3o","Not\u00edcias"],"inLanguage":"pt-BR"},{"@type":"WebPage","@id":"https:\/\/www.cafedelhomme.com\/pt-br\/la-lova-nossa-sobremesa-sazonal","url":"https:\/\/www.cafedelhomme.com\/pt-br\/la-lova-nossa-sobremesa-sazonal","name":"\"La Lova\": nossa sobremesa sazonal - Caf\u00e9 de l'Homme","isPartOf":{"@id":"https:\/\/www.cafedelhomme.com\/pt-br#website"},"primaryImageOfPage":{"@id":"https:\/\/www.cafedelhomme.com\/pt-br\/la-lova-nossa-sobremesa-sazonal#primaryimage"},"image":{"@id":"https:\/\/www.cafedelhomme.com\/pt-br\/la-lova-nossa-sobremesa-sazonal#primaryimage"},"thumbnailUrl":"https:\/\/www.cafedelhomme.com\/wp-content\/uploads\/2025\/04\/DSC02526.jpg","datePublished":"2025-05-02T08:00:52+00:00","description":"Entre nossas cria\u00e7\u00f5es ic\u00f4nicas, a \u201cLa Lova\u201d se destaca como uma sobremesa exclusiva, celebrando as frutas da esta\u00e7\u00e3o em composi\u00e7\u00f5es sutis e refinadas.","inLanguage":"pt-BR","potentialAction":[{"@type":"ReadAction","target":["https:\/\/www.cafedelhomme.com\/pt-br\/la-lova-nossa-sobremesa-sazonal"]}]},{"@type":"ImageObject","inLanguage":"pt-BR","@id":"https:\/\/www.cafedelhomme.com\/pt-br\/la-lova-nossa-sobremesa-sazonal#primaryimage","url":"https:\/\/www.cafedelhomme.com\/wp-content\/uploads\/2025\/04\/DSC02526.jpg","contentUrl":"https:\/\/www.cafedelhomme.com\/wp-content\/uploads\/2025\/04\/DSC02526.jpg","width":1280,"height":1920},{"@type":"WebSite","@id":"https:\/\/www.cafedelhomme.com\/pt-br#website","url":"https:\/\/www.cafedelhomme.com\/pt-br","name":"Caf\u00e9 de l'Homme","description":"","publisher":{"@id":"https:\/\/www.cafedelhomme.com\/pt-br#organization"},"potentialAction":[{"@type":"SearchAction","target":{"@type":"EntryPoint","urlTemplate":"https:\/\/www.cafedelhomme.com\/pt-br?s={search_term_string}"},"query-input":{"@type":"PropertyValueSpecification","valueRequired":true,"valueName":"search_term_string"}}],"inLanguage":"pt-BR"},{"@type":"Organization","@id":"https:\/\/www.cafedelhomme.com\/pt-br#organization","name":"Caf\u00e9 de l'Homme","url":"https:\/\/www.cafedelhomme.com\/pt-br","logo":{"@type":"ImageObject","inLanguage":"pt-BR","@id":"https:\/\/www.cafedelhomme.com\/pt-br#\/schema\/logo\/image\/","url":"https:\/\/www.cafedelhomme.com\/wp-content\/uploads\/2023\/04\/big-logo-300x163-1.png","contentUrl":"https:\/\/www.cafedelhomme.com\/wp-content\/uploads\/2023\/04\/big-logo-300x163-1.png","width":300,"height":163,"caption":"Caf\u00e9 de l'Homme"},"image":{"@id":"https:\/\/www.cafedelhomme.com\/pt-br#\/schema\/logo\/image\/"},"sameAs":["https:\/\/www.facebook.com\/cafedelhomme","https:\/\/www.instagram.com\/cafedelhomme\/"]},{"@type":"Person","@id":"https:\/\/www.cafedelhomme.com\/pt-br#\/schema\/person\/6e8511c8f2a5f67fe09441e43be583cf","name":"Marketing","image":{"@type":"ImageObject","inLanguage":"pt-BR","@id":"https:\/\/www.cafedelhomme.com\/pt-br#\/schema\/person\/image\/","url":"https:\/\/secure.gravatar.com\/avatar\/87ce55b262b05881147ff2405c09deba3304ca53053e2ddb7eddade60eafc929?s=96&d=mm&r=g","contentUrl":"https:\/\/secure.gravatar.com\/avatar\/87ce55b262b05881147ff2405c09deba3304ca53053e2ddb7eddade60eafc929?s=96&d=mm&r=g","caption":"Marketing"}}]}},"_links":{"self":[{"href":"https:\/\/www.cafedelhomme.com\/pt-br\/wp-json\/wp\/v2\/posts\/10649","targetHints":{"allow":["GET"]}}],"collection":[{"href":"https:\/\/www.cafedelhomme.com\/pt-br\/wp-json\/wp\/v2\/posts"}],"about":[{"href":"https:\/\/www.cafedelhomme.com\/pt-br\/wp-json\/wp\/v2\/types\/post"}],"author":[{"embeddable":true,"href":"https:\/\/www.cafedelhomme.com\/pt-br\/wp-json\/wp\/v2\/users\/9"}],"replies":[{"embeddable":true,"href":"https:\/\/www.cafedelhomme.com\/pt-br\/wp-json\/wp\/v2\/comments?post=10649"}],"version-history":[{"count":3,"href":"https:\/\/www.cafedelhomme.com\/pt-br\/wp-json\/wp\/v2\/posts\/10649\/revisions"}],"predecessor-version":[{"id":10657,"href":"https:\/\/www.cafedelhomme.com\/pt-br\/wp-json\/wp\/v2\/posts\/10649\/revisions\/10657"}],"wp:featuredmedia":[{"embeddable":true,"href":"https:\/\/www.cafedelhomme.com\/pt-br\/wp-json\/wp\/v2\/media\/10662"}],"wp:attachment":[{"href":"https:\/\/www.cafedelhomme.com\/pt-br\/wp-json\/wp\/v2\/media?parent=10649"}],"wp:term":[{"taxonomy":"category","embeddable":true,"href":"https:\/\/www.cafedelhomme.com\/pt-br\/wp-json\/wp\/v2\/categories?post=10649"},{"taxonomy":"post_tag","embeddable":true,"href":"https:\/\/www.cafedelhomme.com\/pt-br\/wp-json\/wp\/v2\/tags?post=10649"}],"curies":[{"name":"wp","href":"https:\/\/api.w.org\/{rel}","templated":true}]}}