{"id":11118,"date":"2025-05-15T09:00:36","date_gmt":"2025-05-15T07:00:36","guid":{"rendered":"https:\/\/www.cafedelhomme.com\/?p=11118"},"modified":"2025-05-26T15:27:28","modified_gmt":"2025-05-26T13:27:28","slug":"__trashed-3","status":"publish","type":"post","link":"https:\/\/www.cafedelhomme.com\/pt-br\/__trashed-3","title":{"rendered":"La Table du Chef: um espa\u00e7o exclusivo no restaurante Caf\u00e9 de l&#8217;Homme"},"content":{"rendered":"<div class=\"wpb-content-wrapper\"><p>[vc_row responsive_css=&#8221;margin_top_large:100px|margin_bottom_large:100px&#8221; css=&#8221;.vc_custom_1690902189577{margin-top: 100px !important;margin-bottom: 100px !important;}&#8221;][vc_column][vc_column_text css=&#8221;.vc_custom_1739807463752{margin-bottom: 40px !important;}&#8221;]<span style=\"font-weight: 400;\">No cora\u00e7\u00e3o do Caf\u00e9 de l&#8217;Homme, uma experi\u00eancia <\/span><b>experi\u00eancia gastron\u00f4mica<\/b><span style=\"font-weight: 400;\"> espera por voc\u00ea na <\/span><a href=\"https:\/\/www.cafedelhomme.com\/pt-br\/privatizar#table-dhote\"><b>Mesa do Chef<\/b><\/a><span style=\"font-weight: 400;\">. Projetada para receber convidados privilegiados, esta mesa de carvalho bruto \u00e9 uma verdadeira vitrine de conv\u00edvio, idealmente situada em frente a uma suntuosa adega e emoldurada por um dossel de pinheiros e moucharabiehs, criando uma atmosfera calorosa e \u00edntima. <\/span>[\/vc_column_text][vc_custom_heading text=&#8221;Um ambiente elegante e amig\u00e1vel&#8221; css=&#8221;.vc_custom_1739807699967{padding-top: 5px !important;}&#8221;][vc_column_text css=&#8221;&#8221;]<span style=\"font-weight: 400;\">Nesse espa\u00e7o, voc\u00ea est\u00e1 convidado a se sentar em volta dessa <\/span><b>mesa majestosa<\/b><span style=\"font-weight: 400;\">Um c\u00f4modo que se destaca por sua simplicidade elegante. O carvalho cru, a ilumina\u00e7\u00e3o suave e a vista para o mar s\u00e3o um exemplo disso. <\/span><b>adega de vinho<\/b><span style=\"font-weight: 400;\"> O restaurante do hotel cria uma atmosfera \u00fanica, onde a harmonia e o conv\u00edvio assumem seu significado pleno. \u00c9 um lugar onde cada detalhe foi pensado para que voc\u00ea se sinta em casa, enquanto desfruta do ambiente refinado pelo qual o restaurante \u00e9 conhecido. <\/span><b>Caf\u00e9 de l&#8217;Homme<\/b><span style=\"font-weight: 400;\">.<\/span>[\/vc_column_text][\/vc_column][\/vc_row][vc_row responsive_css=&#8221;margin_top_large:100px|margin_bottom_large:100px&#8221; css=&#8221;.vc_custom_1690902189577{margin-top: 100px !important;margin-bottom: 100px !important;}&#8221;][vc_column][vc_custom_heading text=&#8221;Uma jornada culin\u00e1ria personalizada&#8221; css=&#8221;.vc_custom_1739807720585{padding-top: 5px !important;}&#8221;][vc_column_text css=&#8221;&#8221;]<span style=\"font-weight: 400;\">A atmosfera do <\/span><b>Mesa do Chef <\/b> <span style=\"font-weight: 400;\">n\u00e3o \u00e9 criado apenas por sua decora\u00e7\u00e3o. A experi\u00eancia culin\u00e1ria foi projetada para surpreender e encantar seus convidados. <\/span><b>papilas gustativas<\/b><span style=\"font-weight: 400;\">. Cada prato \u00e9 acompanhado de uma combina\u00e7\u00e3o personalizada de vinho e comida para real\u00e7ar o melhor das cria\u00e7\u00f5es do chef. <\/span><b>Chef<\/b><span style=\"font-weight: 400;\">oferecendo uma <\/span><b>experi\u00eancia sob medida<\/b><span style=\"font-weight: 400;\"> que se adapta \u00e0s suas prefer\u00eancias e aos produtos do momento.<\/span>[\/vc_column_text][\/vc_column][\/vc_row][vc_row responsive_css=&#8221;margin_top_large:100px|margin_bottom_large:100px&#8221; css=&#8221;.vc_custom_1690902189577{margin-top: 100px !important;margin-bottom: 100px !important;}&#8221;][vc_column][vc_custom_heading text=&#8221;A magia do momento&#8221; css=&#8221;.vc_custom_1739807736001{padding-top: 5px !important;}&#8221;][vc_column_text css=&#8221;&#8221;]<span style=\"font-weight: 400;\">A <\/span><b>Mesa do Chef <\/b> <span style=\"font-weight: 400;\">oferece a voc\u00ea um ambiente exclusivo para um momento suspenso em que cada detalhe conta. Um a um, em <\/span><b>fam\u00edlia<\/b><span style=\"font-weight: 400;\"> ou com <\/span><b>amigos<\/b><span style=\"font-weight: 400;\">voc\u00ea ter\u00e1 a oportunidade de experimentar um jantar \u00fanico, onde a qualidade dos produtos \u00e9 combinada com a aten\u00e7\u00e3o da equipe do <\/span><b>Caf\u00e9 de l&#8217;Homme<\/b><span style=\"font-weight: 400;\">.<\/span>[\/vc_column_text][\/vc_column][\/vc_row][vc_row responsive_css=&#8221;margin_top_large:100px|margin_bottom_large:100px&#8221; css=&#8221;.vc_custom_1690902189577{margin-top: 100px !important;margin-bottom: 100px !important;}&#8221;][vc_column][vc_custom_heading text=&#8221;Um local especial para todos os seus eventos&#8221; css=&#8221;.vc_custom_1739807758901{padding-top: 5px !important;}&#8221;][vc_column_text css=&#8221;&#8221;]<span style=\"font-weight: 400;\">Seja para uma noite especial, um jantar de neg\u00f3cios ou uma ocasi\u00e3o para comemorar, La <strong>Table du<\/strong> <\/span><b>Chef<\/b><span style=\"font-weight: 400;\"> no<\/span><b> Caf\u00e9 de l&#8217;Homme <\/b> <span style=\"font-weight: 400;\">recebe voc\u00ea para todos os seus momentos especiais. Esse ambiente \u00edntimo e refinado foi projetado para oferecer a voc\u00ea <\/span><b> experi\u00eancia gastron\u00f4mica <\/b><span style=\"font-weight: 400;\">exclusivo, com servi\u00e7o personalizado para tornar seu evento inesquec\u00edvel. O conv\u00edvio \u00e0 mesa combina-se com a eleg\u00e2ncia do ambiente para fazer de cada refei\u00e7\u00e3o uma celebra\u00e7\u00e3o. <\/span><\/p>\n<p><span style=\"font-weight: 400;\">Venha e descubra a <\/span><b>Mesa do Chef<\/b><span style=\"font-weight: 400;\"> no<\/span><b> Caf\u00e9 de l&#8217;Homme<\/b><span style=\"font-weight: 400;\"> e deixe-se encantar pela alquimia perfeita entre o ambiente, a culin\u00e1ria e a arte de viver francesa. Reserve agora para uma experi\u00eancia que deixar\u00e1 uma impress\u00e3o duradoura em seu paladar. <\/span>[\/vc_column_text]<a href=\"https:\/\/www.cafedelhomme.com\/privatiser#table-dhote\" target=\"_blank\" class=\"btn btn-default btn-bordered border-thin btn btn-outline btn-outline-black ld_button_69edbc707997d\">\n\t<span>\n\t\t\n\t\t\t\t\t<span class=\"btn-txt\">demander un devis.<\/span>\n\t\t\t\n\t\t\t\t<\/span>\n<\/a>\n[\/vc_column][\/vc_row]<\/p>\n<\/div>","protected":false},"excerpt":{"rendered":"<p>[vc_row responsive_css=&#8221;margin_top_large:100px|margin_bottom_large:100px&#8221; css=&#8221;.vc_custom_1690902189577{margin-top: 100px !important;margin-bottom: 100px !important;}&#8221;][vc_column][vc_column_text css=&#8221;.vc_custom_1739807463752{margin-bottom: 40px !important;}&#8221;]No cora\u00e7\u00e3o do Caf\u00e9 de l&#8217;Homme, uma experi\u00eancia experi\u00eancia gastron\u00f4mica espera por voc\u00ea na Mesa do Chef. Projetada para receber convidados privilegiados, esta mesa de carvalho bruto \u00e9 uma verdadeira vitrine de conv\u00edvio, idealmente situada em&#8230;<\/p>\n","protected":false},"author":9,"featured_media":8715,"comment_status":"closed","ping_status":"open","sticky":false,"template":"","format":"standard","meta":{"_acf_changed":false,"footnotes":""},"categories":[114,113],"tags":[],"class_list":["post-11118","post","type-post","status-publish","format-standard","has-post-thumbnail","hentry","category-apresentacao","category-noticias"],"acf":[],"yoast_head":"<!-- This site is optimized with the Yoast SEO Premium plugin v20.10 (Yoast SEO v27.0) - https:\/\/yoast.com\/product\/yoast-seo-premium-wordpress\/ -->\n<title>La Table du Chef: um espa\u00e7o exclusivo no restaurante Caf\u00e9 de l&#039;Homme - Caf\u00e9 de l&#039;Homme<\/title>\n<meta name=\"description\" content=\"No cora\u00e7\u00e3o do Caf\u00e9 de l&#039;Homme, uma experi\u00eancia gastron\u00f4mica excepcional espera por voc\u00ea na Mesa do Chef.\" \/>\n<meta name=\"robots\" content=\"index, follow, max-snippet:-1, max-image-preview:large, max-video-preview:-1\" \/>\n<link rel=\"canonical\" href=\"https:\/\/www.cafedelhomme.com\/pt-br\/__trashed-3\" \/>\n<meta property=\"og:locale\" content=\"pt_BR\" \/>\n<meta property=\"og:type\" content=\"article\" \/>\n<meta property=\"og:title\" content=\"La Table du Chef: um espa\u00e7o exclusivo no restaurante Caf\u00e9 de l&#039;Homme\" \/>\n<meta property=\"og:description\" content=\"No cora\u00e7\u00e3o do Caf\u00e9 de l&#039;Homme, uma experi\u00eancia gastron\u00f4mica excepcional espera por voc\u00ea na Mesa do Chef.\" \/>\n<meta property=\"og:url\" content=\"https:\/\/www.cafedelhomme.com\/pt-br\/__trashed-3\" \/>\n<meta property=\"og:site_name\" content=\"Caf\u00e9 de l&#039;Homme\" \/>\n<meta property=\"article:publisher\" content=\"https:\/\/www.facebook.com\/cafedelhomme\" \/>\n<meta property=\"article:published_time\" content=\"2025-05-15T07:00:36+00:00\" \/>\n<meta property=\"article:modified_time\" content=\"2025-05-26T13:27:28+00:00\" \/>\n<meta property=\"og:image\" content=\"https:\/\/www.cafedelhomme.com\/wp-content\/uploads\/2025\/02\/Table-dhote.jpg\" \/>\n\t<meta property=\"og:image:width\" content=\"1086\" \/>\n\t<meta property=\"og:image:height\" content=\"1632\" \/>\n\t<meta property=\"og:image:type\" content=\"image\/jpeg\" \/>\n<meta name=\"author\" content=\"Marketing\" \/>\n<meta name=\"twitter:card\" content=\"summary_large_image\" \/>\n<meta name=\"twitter:label1\" content=\"Escrito por\" \/>\n\t<meta name=\"twitter:data1\" content=\"Marketing\" \/>\n\t<meta name=\"twitter:label2\" content=\"Est. tempo de leitura\" \/>\n\t<meta name=\"twitter:data2\" content=\"3 minutos\" \/>\n<script type=\"application\/ld+json\" class=\"yoast-schema-graph\">{\"@context\":\"https:\/\/schema.org\",\"@graph\":[{\"@type\":\"Article\",\"@id\":\"https:\/\/www.cafedelhomme.com\/pt-br\/__trashed-3#article\",\"isPartOf\":{\"@id\":\"https:\/\/www.cafedelhomme.com\/pt-br\/__trashed-3\"},\"author\":{\"name\":\"Marketing\",\"@id\":\"https:\/\/www.cafedelhomme.com\/pt-br#\/schema\/person\/6e8511c8f2a5f67fe09441e43be583cf\"},\"headline\":\"La Table du Chef: um espa\u00e7o exclusivo no restaurante Caf\u00e9 de l&#8217;Homme\",\"datePublished\":\"2025-05-15T07:00:36+00:00\",\"dateModified\":\"2025-05-26T13:27:28+00:00\",\"mainEntityOfPage\":{\"@id\":\"https:\/\/www.cafedelhomme.com\/pt-br\/__trashed-3\"},\"wordCount\":651,\"publisher\":{\"@id\":\"https:\/\/www.cafedelhomme.com\/pt-br#organization\"},\"image\":{\"@id\":\"https:\/\/www.cafedelhomme.com\/pt-br\/__trashed-3#primaryimage\"},\"thumbnailUrl\":\"https:\/\/www.cafedelhomme.com\/wp-content\/uploads\/2025\/02\/Table-dhote.jpg\",\"articleSection\":[\"apresenta\u00e7\u00e3o\",\"Not\u00edcias\"],\"inLanguage\":\"pt-BR\"},{\"@type\":\"WebPage\",\"@id\":\"https:\/\/www.cafedelhomme.com\/pt-br\/__trashed-3\",\"url\":\"https:\/\/www.cafedelhomme.com\/pt-br\/__trashed-3\",\"name\":\"La Table du Chef: um espa\u00e7o exclusivo no restaurante Caf\u00e9 de l'Homme - Caf\u00e9 de l'Homme\",\"isPartOf\":{\"@id\":\"https:\/\/www.cafedelhomme.com\/pt-br#website\"},\"primaryImageOfPage\":{\"@id\":\"https:\/\/www.cafedelhomme.com\/pt-br\/__trashed-3#primaryimage\"},\"image\":{\"@id\":\"https:\/\/www.cafedelhomme.com\/pt-br\/__trashed-3#primaryimage\"},\"thumbnailUrl\":\"https:\/\/www.cafedelhomme.com\/wp-content\/uploads\/2025\/02\/Table-dhote.jpg\",\"datePublished\":\"2025-05-15T07:00:36+00:00\",\"dateModified\":\"2025-05-26T13:27:28+00:00\",\"description\":\"No cora\u00e7\u00e3o do Caf\u00e9 de l'Homme, uma experi\u00eancia gastron\u00f4mica excepcional espera por voc\u00ea na Mesa do Chef.\",\"inLanguage\":\"pt-BR\",\"potentialAction\":[{\"@type\":\"ReadAction\",\"target\":[\"https:\/\/www.cafedelhomme.com\/pt-br\/__trashed-3\"]}]},{\"@type\":\"ImageObject\",\"inLanguage\":\"pt-BR\",\"@id\":\"https:\/\/www.cafedelhomme.com\/pt-br\/__trashed-3#primaryimage\",\"url\":\"https:\/\/www.cafedelhomme.com\/wp-content\/uploads\/2025\/02\/Table-dhote.jpg\",\"contentUrl\":\"https:\/\/www.cafedelhomme.com\/wp-content\/uploads\/2025\/02\/Table-dhote.jpg\",\"width\":1086,\"height\":1632},{\"@type\":\"WebSite\",\"@id\":\"https:\/\/www.cafedelhomme.com\/pt-br#website\",\"url\":\"https:\/\/www.cafedelhomme.com\/pt-br\",\"name\":\"Caf\u00e9 de l'Homme\",\"description\":\"\",\"publisher\":{\"@id\":\"https:\/\/www.cafedelhomme.com\/pt-br#organization\"},\"potentialAction\":[{\"@type\":\"SearchAction\",\"target\":{\"@type\":\"EntryPoint\",\"urlTemplate\":\"https:\/\/www.cafedelhomme.com\/pt-br?s={search_term_string}\"},\"query-input\":{\"@type\":\"PropertyValueSpecification\",\"valueRequired\":true,\"valueName\":\"search_term_string\"}}],\"inLanguage\":\"pt-BR\"},{\"@type\":\"Organization\",\"@id\":\"https:\/\/www.cafedelhomme.com\/pt-br#organization\",\"name\":\"Caf\u00e9 de l'Homme\",\"url\":\"https:\/\/www.cafedelhomme.com\/pt-br\",\"logo\":{\"@type\":\"ImageObject\",\"inLanguage\":\"pt-BR\",\"@id\":\"https:\/\/www.cafedelhomme.com\/pt-br#\/schema\/logo\/image\/\",\"url\":\"https:\/\/www.cafedelhomme.com\/wp-content\/uploads\/2023\/04\/big-logo-300x163-1.png\",\"contentUrl\":\"https:\/\/www.cafedelhomme.com\/wp-content\/uploads\/2023\/04\/big-logo-300x163-1.png\",\"width\":300,\"height\":163,\"caption\":\"Caf\u00e9 de l'Homme\"},\"image\":{\"@id\":\"https:\/\/www.cafedelhomme.com\/pt-br#\/schema\/logo\/image\/\"},\"sameAs\":[\"https:\/\/www.facebook.com\/cafedelhomme\",\"https:\/\/www.instagram.com\/cafedelhomme\/\"]},{\"@type\":\"Person\",\"@id\":\"https:\/\/www.cafedelhomme.com\/pt-br#\/schema\/person\/6e8511c8f2a5f67fe09441e43be583cf\",\"name\":\"Marketing\",\"image\":{\"@type\":\"ImageObject\",\"inLanguage\":\"pt-BR\",\"@id\":\"https:\/\/www.cafedelhomme.com\/pt-br#\/schema\/person\/image\/\",\"url\":\"https:\/\/secure.gravatar.com\/avatar\/87ce55b262b05881147ff2405c09deba3304ca53053e2ddb7eddade60eafc929?s=96&d=mm&r=g\",\"contentUrl\":\"https:\/\/secure.gravatar.com\/avatar\/87ce55b262b05881147ff2405c09deba3304ca53053e2ddb7eddade60eafc929?s=96&d=mm&r=g\",\"caption\":\"Marketing\"}}]}<\/script>\n<!-- \/ Yoast SEO Premium plugin. -->","yoast_head_json":{"title":"La Table du Chef: um espa\u00e7o exclusivo no restaurante Caf\u00e9 de l'Homme - Caf\u00e9 de l'Homme","description":"No cora\u00e7\u00e3o do Caf\u00e9 de l'Homme, uma experi\u00eancia gastron\u00f4mica excepcional espera por voc\u00ea na Mesa do Chef.","robots":{"index":"index","follow":"follow","max-snippet":"max-snippet:-1","max-image-preview":"max-image-preview:large","max-video-preview":"max-video-preview:-1"},"canonical":"https:\/\/www.cafedelhomme.com\/pt-br\/__trashed-3","og_locale":"pt_BR","og_type":"article","og_title":"La Table du Chef: um espa\u00e7o exclusivo no restaurante Caf\u00e9 de l'Homme","og_description":"No cora\u00e7\u00e3o do Caf\u00e9 de l'Homme, uma experi\u00eancia gastron\u00f4mica excepcional espera por voc\u00ea na Mesa do Chef.","og_url":"https:\/\/www.cafedelhomme.com\/pt-br\/__trashed-3","og_site_name":"Caf\u00e9 de l'Homme","article_publisher":"https:\/\/www.facebook.com\/cafedelhomme","article_published_time":"2025-05-15T07:00:36+00:00","article_modified_time":"2025-05-26T13:27:28+00:00","og_image":[{"width":1086,"height":1632,"url":"https:\/\/www.cafedelhomme.com\/wp-content\/uploads\/2025\/02\/Table-dhote.jpg","type":"image\/jpeg"}],"author":"Marketing","twitter_card":"summary_large_image","twitter_misc":{"Escrito por":"Marketing","Est. tempo de leitura":"3 minutos"},"schema":{"@context":"https:\/\/schema.org","@graph":[{"@type":"Article","@id":"https:\/\/www.cafedelhomme.com\/pt-br\/__trashed-3#article","isPartOf":{"@id":"https:\/\/www.cafedelhomme.com\/pt-br\/__trashed-3"},"author":{"name":"Marketing","@id":"https:\/\/www.cafedelhomme.com\/pt-br#\/schema\/person\/6e8511c8f2a5f67fe09441e43be583cf"},"headline":"La Table du Chef: um espa\u00e7o exclusivo no restaurante Caf\u00e9 de l&#8217;Homme","datePublished":"2025-05-15T07:00:36+00:00","dateModified":"2025-05-26T13:27:28+00:00","mainEntityOfPage":{"@id":"https:\/\/www.cafedelhomme.com\/pt-br\/__trashed-3"},"wordCount":651,"publisher":{"@id":"https:\/\/www.cafedelhomme.com\/pt-br#organization"},"image":{"@id":"https:\/\/www.cafedelhomme.com\/pt-br\/__trashed-3#primaryimage"},"thumbnailUrl":"https:\/\/www.cafedelhomme.com\/wp-content\/uploads\/2025\/02\/Table-dhote.jpg","articleSection":["apresenta\u00e7\u00e3o","Not\u00edcias"],"inLanguage":"pt-BR"},{"@type":"WebPage","@id":"https:\/\/www.cafedelhomme.com\/pt-br\/__trashed-3","url":"https:\/\/www.cafedelhomme.com\/pt-br\/__trashed-3","name":"La Table du Chef: um espa\u00e7o exclusivo no restaurante Caf\u00e9 de l'Homme - Caf\u00e9 de l'Homme","isPartOf":{"@id":"https:\/\/www.cafedelhomme.com\/pt-br#website"},"primaryImageOfPage":{"@id":"https:\/\/www.cafedelhomme.com\/pt-br\/__trashed-3#primaryimage"},"image":{"@id":"https:\/\/www.cafedelhomme.com\/pt-br\/__trashed-3#primaryimage"},"thumbnailUrl":"https:\/\/www.cafedelhomme.com\/wp-content\/uploads\/2025\/02\/Table-dhote.jpg","datePublished":"2025-05-15T07:00:36+00:00","dateModified":"2025-05-26T13:27:28+00:00","description":"No cora\u00e7\u00e3o do Caf\u00e9 de l'Homme, uma experi\u00eancia gastron\u00f4mica excepcional espera por voc\u00ea na Mesa do Chef.","inLanguage":"pt-BR","potentialAction":[{"@type":"ReadAction","target":["https:\/\/www.cafedelhomme.com\/pt-br\/__trashed-3"]}]},{"@type":"ImageObject","inLanguage":"pt-BR","@id":"https:\/\/www.cafedelhomme.com\/pt-br\/__trashed-3#primaryimage","url":"https:\/\/www.cafedelhomme.com\/wp-content\/uploads\/2025\/02\/Table-dhote.jpg","contentUrl":"https:\/\/www.cafedelhomme.com\/wp-content\/uploads\/2025\/02\/Table-dhote.jpg","width":1086,"height":1632},{"@type":"WebSite","@id":"https:\/\/www.cafedelhomme.com\/pt-br#website","url":"https:\/\/www.cafedelhomme.com\/pt-br","name":"Caf\u00e9 de l'Homme","description":"","publisher":{"@id":"https:\/\/www.cafedelhomme.com\/pt-br#organization"},"potentialAction":[{"@type":"SearchAction","target":{"@type":"EntryPoint","urlTemplate":"https:\/\/www.cafedelhomme.com\/pt-br?s={search_term_string}"},"query-input":{"@type":"PropertyValueSpecification","valueRequired":true,"valueName":"search_term_string"}}],"inLanguage":"pt-BR"},{"@type":"Organization","@id":"https:\/\/www.cafedelhomme.com\/pt-br#organization","name":"Caf\u00e9 de l'Homme","url":"https:\/\/www.cafedelhomme.com\/pt-br","logo":{"@type":"ImageObject","inLanguage":"pt-BR","@id":"https:\/\/www.cafedelhomme.com\/pt-br#\/schema\/logo\/image\/","url":"https:\/\/www.cafedelhomme.com\/wp-content\/uploads\/2023\/04\/big-logo-300x163-1.png","contentUrl":"https:\/\/www.cafedelhomme.com\/wp-content\/uploads\/2023\/04\/big-logo-300x163-1.png","width":300,"height":163,"caption":"Caf\u00e9 de l'Homme"},"image":{"@id":"https:\/\/www.cafedelhomme.com\/pt-br#\/schema\/logo\/image\/"},"sameAs":["https:\/\/www.facebook.com\/cafedelhomme","https:\/\/www.instagram.com\/cafedelhomme\/"]},{"@type":"Person","@id":"https:\/\/www.cafedelhomme.com\/pt-br#\/schema\/person\/6e8511c8f2a5f67fe09441e43be583cf","name":"Marketing","image":{"@type":"ImageObject","inLanguage":"pt-BR","@id":"https:\/\/www.cafedelhomme.com\/pt-br#\/schema\/person\/image\/","url":"https:\/\/secure.gravatar.com\/avatar\/87ce55b262b05881147ff2405c09deba3304ca53053e2ddb7eddade60eafc929?s=96&d=mm&r=g","contentUrl":"https:\/\/secure.gravatar.com\/avatar\/87ce55b262b05881147ff2405c09deba3304ca53053e2ddb7eddade60eafc929?s=96&d=mm&r=g","caption":"Marketing"}}]}},"_links":{"self":[{"href":"https:\/\/www.cafedelhomme.com\/pt-br\/wp-json\/wp\/v2\/posts\/11118","targetHints":{"allow":["GET"]}}],"collection":[{"href":"https:\/\/www.cafedelhomme.com\/pt-br\/wp-json\/wp\/v2\/posts"}],"about":[{"href":"https:\/\/www.cafedelhomme.com\/pt-br\/wp-json\/wp\/v2\/types\/post"}],"author":[{"embeddable":true,"href":"https:\/\/www.cafedelhomme.com\/pt-br\/wp-json\/wp\/v2\/users\/9"}],"replies":[{"embeddable":true,"href":"https:\/\/www.cafedelhomme.com\/pt-br\/wp-json\/wp\/v2\/comments?post=11118"}],"version-history":[{"count":1,"href":"https:\/\/www.cafedelhomme.com\/pt-br\/wp-json\/wp\/v2\/posts\/11118\/revisions"}],"predecessor-version":[{"id":11140,"href":"https:\/\/www.cafedelhomme.com\/pt-br\/wp-json\/wp\/v2\/posts\/11118\/revisions\/11140"}],"wp:featuredmedia":[{"embeddable":true,"href":"https:\/\/www.cafedelhomme.com\/pt-br\/wp-json\/wp\/v2\/media\/8715"}],"wp:attachment":[{"href":"https:\/\/www.cafedelhomme.com\/pt-br\/wp-json\/wp\/v2\/media?parent=11118"}],"wp:term":[{"taxonomy":"category","embeddable":true,"href":"https:\/\/www.cafedelhomme.com\/pt-br\/wp-json\/wp\/v2\/categories?post=11118"},{"taxonomy":"post_tag","embeddable":true,"href":"https:\/\/www.cafedelhomme.com\/pt-br\/wp-json\/wp\/v2\/tags?post=11118"}],"curies":[{"name":"wp","href":"https:\/\/api.w.org\/{rel}","templated":true}]}}