{"id":11700,"date":"2025-06-13T09:50:43","date_gmt":"2025-06-13T07:50:43","guid":{"rendered":"https:\/\/www.cafedelhomme.com\/?p=11700"},"modified":"2025-05-27T15:37:12","modified_gmt":"2025-05-27T13:37:12","slug":"conjuntos-de-djs-uma-atmosfera-inesquecivel-apos-o-jantar-2","status":"publish","type":"post","link":"https:\/\/www.cafedelhomme.com\/pt-br\/conjuntos-de-djs-uma-atmosfera-inesquecivel-apos-o-jantar-2","title":{"rendered":"Conjuntos de DJs : Uma atmosfera inesquec\u00edvel ap\u00f3s o jantar"},"content":{"rendered":"<div class=\"wpb-content-wrapper\"><p>[vc_row responsive_css=&#8221;margin_top_large:100px|margin_bottom_large:100px&#8221; css=&#8221;.vc_custom_1690902189577{margin-top: 100px !important;margin-bottom: 100px !important;}&#8221;][vc_column][vc_column_text css=&#8221;.vc_custom_1748344561966{margin-bottom: 40px !important;}&#8221;]No final do dia, quando a noite cai, <b>Paris <\/b>entra em um ritmo diferente. No <b>Caf\u00e9 de l&#8217;Homme<\/b>, a m\u00e1gica acontece \u00e0s 22h30, e um ritmo diferente se instala. Os <b>DJs <\/b>cuidadosamente selecionados transformam esse lend\u00e1rio local em um espa\u00e7o vibrante, \u00edntimo e quase irreal.[\/vc_column_text][vc_custom_heading text=&#8221;Um programa musical que combina com o local&#8221; css=&#8221;.vc_custom_1748344577738{padding-top: 5px !important;}&#8221;][vc_column_text css=&#8221;&#8221;]Nos decks: uma sele\u00e7\u00e3o de DJs talentosos - <b>Tom Costino, VLJ, Elena, Divieri, Viala<\/b> e outros - da cena parisiense e internacional. Deep house, electro chique, grooves Lo-Fi ou ritmos animados: cada set \u00e9 projetado para proporcionar uma noite \u00fanica.<\/p>\n<p>Aos p\u00e9s da Dama de Ferro, em um cen\u00e1rio excepcional, a programa\u00e7\u00e3o de nossas noites de DJ Set n\u00e3o imp\u00f5e nada: ela sugere, acompanha e d\u00e1 uma dimens\u00e3o diferente \u00e0s suas noites no Caf\u00e9 de l&#8217;Homme.[\/vc_column_text][\/vc_column][\/vc_row][vc_row responsive_css=&#8221;margin_top_large:100px|margin_bottom_large:100px&#8221; css=&#8221;.vc_custom_1690902189577{margin-top: 100px !important;margin-bottom: 100px !important;}&#8221;][vc_column][vc_custom_heading text=&#8221;Um cen\u00e1rio espetacular para noites inesquec\u00edveis&#8221; css=&#8221;.vc_custom_1748344603155{padding-top: 5px !important;}&#8221;][vc_column_text css=&#8221;&#8221;]O Caf\u00e9 de l&#8217;Homme tem uma vista de tirar o f\u00f4lego da Torre Eiffel, o que torna cada momento \u00fanico. E \u00e0 noite, quando o terra\u00e7o se ilumina e as primeiras notas de m\u00fasica s\u00e3o ouvidas, o lugar muda. A atmosfera gradualmente o leva a um momento mais r\u00edtmico. Descubra <b>um lugar repleto de hist\u00f3ria que est\u00e1 aberto a comemora\u00e7\u00f5es<\/b>, mas comedido, sem nunca exagerar.[\/vc_column_text][\/vc_column][\/vc_row][vc_row responsive_css=&#8221;margin_top_large:100px|margin_bottom_large:100px&#8221; css=&#8221;.vc_custom_1690902189577{margin-top: 100px !important;margin-bottom: 100px !important;}&#8221;][vc_column][vc_custom_heading text=&#8221;Uma sequ\u00eancia natural: jantar, coquet\u00e9is, m\u00fasica&#8221; css=&#8221;.vc_custom_1748344631874{padding-top: 5px !important;}&#8221;][vc_column_text css=&#8221;&#8221;]Deixe-se levar pela noite toda. <b>Primeiro, saboreie a culin\u00e1ria refinada, delicada e sincera<\/b>, com uma vista de tirar o f\u00f4lego da Torre Eiffel. Em seguida, desfrute de um coquetel sutil enquanto a atmosfera se desvanece e os terra\u00e7os se iluminam. \u00c9 uma transi\u00e7\u00e3o suave para uma noite cheia de profundidade e profundidade.[\/vc_column_text][\/vc_column][\/vc_row][vc_row responsive_css=&#8221;margin_top_large:100px|margin_bottom_large:100px&#8221; css=&#8221;.vc_custom_1690902189577{margin-top: 100px !important;margin-bottom: 100px !important;}&#8221;][vc_column][vc_custom_heading text=&#8221;Um equil\u00edbrio raro, sutil e sincero&#8221; css=&#8221;.vc_custom_1748344658912{padding-top: 5px !important;}&#8221;][vc_column_text css=&#8221;&#8221;]<b>Os DJ Sets do Caf\u00e9 de l&#8217;Homme<\/b> oferecem uma abordagem \u00fanica para as festas parisienses: uma mistura sutil de refinamento e festividade. A arte de se entregar a um toque de loucura em um ambiente onde reinam a excel\u00eancia e os altos padr\u00f5es, sem nunca exagerar.[\/vc_column_text]<a href=\"https:\/\/www.sevenrooms.com\/experiences\/cafedelhomme\/after-dinner-11246148465\" target=\"_blank\" class=\"btn btn-default btn-bordered border-thin btn btn-outline btn-outline-black ld_button_69f517f334711\">\n\t<span>\n\t\t\n\t\t\t\t\t<span class=\"btn-txt\">before &amp; after diner<\/span>\n\t\t\t\n\t\t\t\t<\/span>\n<\/a>\n[\/vc_column][\/vc_row]<\/p>\n<\/div>","protected":false},"excerpt":{"rendered":"<p>[vc_row responsive_css=&#8221;margin_top_large:100px|margin_bottom_large:100px&#8221; css=&#8221;.vc_custom_1690902189577{margin-top: 100px !important;margin-bottom: 100px !important;}&#8221;][vc_column][vc_column_text css=&#8221;.vc_custom_1748344561966{margin-bottom: 40px !important;}&#8221;]No final do dia, quando a noite cai, Paris entra em um ritmo diferente. No Caf\u00e9 de l&#8217;Homme, a m\u00e1gica acontece \u00e0s 22h30, e um ritmo diferente se instala. Os DJs cuidadosamente selecionados transformam esse lend\u00e1rio&#8230;<\/p>\n","protected":false},"author":9,"featured_media":11662,"comment_status":"closed","ping_status":"open","sticky":false,"template":"","format":"standard","meta":{"_acf_changed":false,"footnotes":""},"categories":[114,113],"tags":[],"class_list":["post-11700","post","type-post","status-publish","format-standard","has-post-thumbnail","hentry","category-apresentacao","category-noticias"],"acf":[],"yoast_head":"<!-- This site is optimized with the Yoast SEO Premium plugin v20.10 (Yoast SEO v27.0) - https:\/\/yoast.com\/product\/yoast-seo-premium-wordpress\/ -->\n<title>Conjuntos de DJs : Uma atmosfera inesquec\u00edvel ap\u00f3s o jantar - Caf\u00e9 de l&#039;Homme<\/title>\n<meta name=\"description\" content=\"No Caf\u00e9 de l&#039;Homme, a m\u00e1gica acontece \u00e0s 22h30, e um ritmo diferente se instala. Os DJs cuidadosamente selecionados transformam esse lend\u00e1rio local em um espa\u00e7o vibrante, \u00edntimo e quase irreal..\" \/>\n<meta name=\"robots\" content=\"index, follow, max-snippet:-1, max-image-preview:large, max-video-preview:-1\" \/>\n<link rel=\"canonical\" href=\"https:\/\/www.cafedelhomme.com\/pt-br\/conjuntos-de-djs-uma-atmosfera-inesquecivel-apos-o-jantar-2\" \/>\n<meta property=\"og:locale\" content=\"pt_BR\" \/>\n<meta property=\"og:type\" content=\"article\" \/>\n<meta property=\"og:title\" content=\"Conjuntos de DJs : Uma atmosfera inesquec\u00edvel ap\u00f3s o jantar\" \/>\n<meta property=\"og:description\" content=\"No Caf\u00e9 de l&#039;Homme, a m\u00e1gica acontece \u00e0s 22h30, e um ritmo diferente se instala. Os DJs cuidadosamente selecionados transformam esse lend\u00e1rio local em um espa\u00e7o vibrante, \u00edntimo e quase irreal..\" \/>\n<meta property=\"og:url\" content=\"https:\/\/www.cafedelhomme.com\/pt-br\/conjuntos-de-djs-uma-atmosfera-inesquecivel-apos-o-jantar-2\" \/>\n<meta property=\"og:site_name\" content=\"Caf\u00e9 de l&#039;Homme\" \/>\n<meta property=\"article:publisher\" content=\"https:\/\/www.facebook.com\/cafedelhomme\" \/>\n<meta property=\"article:published_time\" content=\"2025-06-13T07:50:43+00:00\" \/>\n<meta property=\"og:image\" content=\"https:\/\/www.cafedelhomme.com\/wp-content\/uploads\/2025\/05\/DJ-1200x1200-1.jpg\" \/>\n\t<meta property=\"og:image:width\" content=\"1200\" \/>\n\t<meta property=\"og:image:height\" content=\"1200\" \/>\n\t<meta property=\"og:image:type\" content=\"image\/jpeg\" \/>\n<meta name=\"author\" content=\"Marketing\" \/>\n<meta name=\"twitter:card\" content=\"summary_large_image\" \/>\n<meta name=\"twitter:label1\" content=\"Escrito por\" \/>\n\t<meta name=\"twitter:data1\" content=\"Marketing\" \/>\n\t<meta name=\"twitter:label2\" content=\"Est. tempo de leitura\" \/>\n\t<meta name=\"twitter:data2\" content=\"3 minutos\" \/>\n<script type=\"application\/ld+json\" class=\"yoast-schema-graph\">{\"@context\":\"https:\/\/schema.org\",\"@graph\":[{\"@type\":\"Article\",\"@id\":\"https:\/\/www.cafedelhomme.com\/pt-br\/conjuntos-de-djs-uma-atmosfera-inesquecivel-apos-o-jantar-2#article\",\"isPartOf\":{\"@id\":\"https:\/\/www.cafedelhomme.com\/pt-br\/conjuntos-de-djs-uma-atmosfera-inesquecivel-apos-o-jantar-2\"},\"author\":{\"name\":\"Marketing\",\"@id\":\"https:\/\/www.cafedelhomme.com\/pt-br#\/schema\/person\/6e8511c8f2a5f67fe09441e43be583cf\"},\"headline\":\"Conjuntos de DJs : Uma atmosfera inesquec\u00edvel ap\u00f3s o jantar\",\"datePublished\":\"2025-06-13T07:50:43+00:00\",\"mainEntityOfPage\":{\"@id\":\"https:\/\/www.cafedelhomme.com\/pt-br\/conjuntos-de-djs-uma-atmosfera-inesquecivel-apos-o-jantar-2\"},\"wordCount\":566,\"publisher\":{\"@id\":\"https:\/\/www.cafedelhomme.com\/pt-br#organization\"},\"image\":{\"@id\":\"https:\/\/www.cafedelhomme.com\/pt-br\/conjuntos-de-djs-uma-atmosfera-inesquecivel-apos-o-jantar-2#primaryimage\"},\"thumbnailUrl\":\"https:\/\/www.cafedelhomme.com\/wp-content\/uploads\/2025\/05\/DJ-1200x1200-1.jpg\",\"articleSection\":[\"apresenta\u00e7\u00e3o\",\"Not\u00edcias\"],\"inLanguage\":\"pt-BR\"},{\"@type\":\"WebPage\",\"@id\":\"https:\/\/www.cafedelhomme.com\/pt-br\/conjuntos-de-djs-uma-atmosfera-inesquecivel-apos-o-jantar-2\",\"url\":\"https:\/\/www.cafedelhomme.com\/pt-br\/conjuntos-de-djs-uma-atmosfera-inesquecivel-apos-o-jantar-2\",\"name\":\"Conjuntos de DJs : Uma atmosfera inesquec\u00edvel ap\u00f3s o jantar - Caf\u00e9 de l'Homme\",\"isPartOf\":{\"@id\":\"https:\/\/www.cafedelhomme.com\/pt-br#website\"},\"primaryImageOfPage\":{\"@id\":\"https:\/\/www.cafedelhomme.com\/pt-br\/conjuntos-de-djs-uma-atmosfera-inesquecivel-apos-o-jantar-2#primaryimage\"},\"image\":{\"@id\":\"https:\/\/www.cafedelhomme.com\/pt-br\/conjuntos-de-djs-uma-atmosfera-inesquecivel-apos-o-jantar-2#primaryimage\"},\"thumbnailUrl\":\"https:\/\/www.cafedelhomme.com\/wp-content\/uploads\/2025\/05\/DJ-1200x1200-1.jpg\",\"datePublished\":\"2025-06-13T07:50:43+00:00\",\"description\":\"No Caf\u00e9 de l'Homme, a m\u00e1gica acontece \u00e0s 22h30, e um ritmo diferente se instala. Os DJs cuidadosamente selecionados transformam esse lend\u00e1rio local em um espa\u00e7o vibrante, \u00edntimo e quase irreal..\",\"inLanguage\":\"pt-BR\",\"potentialAction\":[{\"@type\":\"ReadAction\",\"target\":[\"https:\/\/www.cafedelhomme.com\/pt-br\/conjuntos-de-djs-uma-atmosfera-inesquecivel-apos-o-jantar-2\"]}]},{\"@type\":\"ImageObject\",\"inLanguage\":\"pt-BR\",\"@id\":\"https:\/\/www.cafedelhomme.com\/pt-br\/conjuntos-de-djs-uma-atmosfera-inesquecivel-apos-o-jantar-2#primaryimage\",\"url\":\"https:\/\/www.cafedelhomme.com\/wp-content\/uploads\/2025\/05\/DJ-1200x1200-1.jpg\",\"contentUrl\":\"https:\/\/www.cafedelhomme.com\/wp-content\/uploads\/2025\/05\/DJ-1200x1200-1.jpg\",\"width\":1200,\"height\":1200},{\"@type\":\"WebSite\",\"@id\":\"https:\/\/www.cafedelhomme.com\/pt-br#website\",\"url\":\"https:\/\/www.cafedelhomme.com\/pt-br\",\"name\":\"Caf\u00e9 de l'Homme\",\"description\":\"\",\"publisher\":{\"@id\":\"https:\/\/www.cafedelhomme.com\/pt-br#organization\"},\"potentialAction\":[{\"@type\":\"SearchAction\",\"target\":{\"@type\":\"EntryPoint\",\"urlTemplate\":\"https:\/\/www.cafedelhomme.com\/pt-br?s={search_term_string}\"},\"query-input\":{\"@type\":\"PropertyValueSpecification\",\"valueRequired\":true,\"valueName\":\"search_term_string\"}}],\"inLanguage\":\"pt-BR\"},{\"@type\":\"Organization\",\"@id\":\"https:\/\/www.cafedelhomme.com\/pt-br#organization\",\"name\":\"Caf\u00e9 de l'Homme\",\"url\":\"https:\/\/www.cafedelhomme.com\/pt-br\",\"logo\":{\"@type\":\"ImageObject\",\"inLanguage\":\"pt-BR\",\"@id\":\"https:\/\/www.cafedelhomme.com\/pt-br#\/schema\/logo\/image\/\",\"url\":\"https:\/\/www.cafedelhomme.com\/wp-content\/uploads\/2023\/04\/big-logo-300x163-1.png\",\"contentUrl\":\"https:\/\/www.cafedelhomme.com\/wp-content\/uploads\/2023\/04\/big-logo-300x163-1.png\",\"width\":300,\"height\":163,\"caption\":\"Caf\u00e9 de l'Homme\"},\"image\":{\"@id\":\"https:\/\/www.cafedelhomme.com\/pt-br#\/schema\/logo\/image\/\"},\"sameAs\":[\"https:\/\/www.facebook.com\/cafedelhomme\",\"https:\/\/www.instagram.com\/cafedelhomme\/\"]},{\"@type\":\"Person\",\"@id\":\"https:\/\/www.cafedelhomme.com\/pt-br#\/schema\/person\/6e8511c8f2a5f67fe09441e43be583cf\",\"name\":\"Marketing\",\"image\":{\"@type\":\"ImageObject\",\"inLanguage\":\"pt-BR\",\"@id\":\"https:\/\/www.cafedelhomme.com\/pt-br#\/schema\/person\/image\/\",\"url\":\"https:\/\/secure.gravatar.com\/avatar\/87ce55b262b05881147ff2405c09deba3304ca53053e2ddb7eddade60eafc929?s=96&d=mm&r=g\",\"contentUrl\":\"https:\/\/secure.gravatar.com\/avatar\/87ce55b262b05881147ff2405c09deba3304ca53053e2ddb7eddade60eafc929?s=96&d=mm&r=g\",\"caption\":\"Marketing\"}}]}<\/script>\n<!-- \/ Yoast SEO Premium plugin. -->","yoast_head_json":{"title":"Conjuntos de DJs : Uma atmosfera inesquec\u00edvel ap\u00f3s o jantar - Caf\u00e9 de l'Homme","description":"No Caf\u00e9 de l'Homme, a m\u00e1gica acontece \u00e0s 22h30, e um ritmo diferente se instala. Os DJs cuidadosamente selecionados transformam esse lend\u00e1rio local em um espa\u00e7o vibrante, \u00edntimo e quase irreal..","robots":{"index":"index","follow":"follow","max-snippet":"max-snippet:-1","max-image-preview":"max-image-preview:large","max-video-preview":"max-video-preview:-1"},"canonical":"https:\/\/www.cafedelhomme.com\/pt-br\/conjuntos-de-djs-uma-atmosfera-inesquecivel-apos-o-jantar-2","og_locale":"pt_BR","og_type":"article","og_title":"Conjuntos de DJs : Uma atmosfera inesquec\u00edvel ap\u00f3s o jantar","og_description":"No Caf\u00e9 de l'Homme, a m\u00e1gica acontece \u00e0s 22h30, e um ritmo diferente se instala. Os DJs cuidadosamente selecionados transformam esse lend\u00e1rio local em um espa\u00e7o vibrante, \u00edntimo e quase irreal..","og_url":"https:\/\/www.cafedelhomme.com\/pt-br\/conjuntos-de-djs-uma-atmosfera-inesquecivel-apos-o-jantar-2","og_site_name":"Caf\u00e9 de l'Homme","article_publisher":"https:\/\/www.facebook.com\/cafedelhomme","article_published_time":"2025-06-13T07:50:43+00:00","og_image":[{"width":1200,"height":1200,"url":"https:\/\/www.cafedelhomme.com\/wp-content\/uploads\/2025\/05\/DJ-1200x1200-1.jpg","type":"image\/jpeg"}],"author":"Marketing","twitter_card":"summary_large_image","twitter_misc":{"Escrito por":"Marketing","Est. tempo de leitura":"3 minutos"},"schema":{"@context":"https:\/\/schema.org","@graph":[{"@type":"Article","@id":"https:\/\/www.cafedelhomme.com\/pt-br\/conjuntos-de-djs-uma-atmosfera-inesquecivel-apos-o-jantar-2#article","isPartOf":{"@id":"https:\/\/www.cafedelhomme.com\/pt-br\/conjuntos-de-djs-uma-atmosfera-inesquecivel-apos-o-jantar-2"},"author":{"name":"Marketing","@id":"https:\/\/www.cafedelhomme.com\/pt-br#\/schema\/person\/6e8511c8f2a5f67fe09441e43be583cf"},"headline":"Conjuntos de DJs : Uma atmosfera inesquec\u00edvel ap\u00f3s o jantar","datePublished":"2025-06-13T07:50:43+00:00","mainEntityOfPage":{"@id":"https:\/\/www.cafedelhomme.com\/pt-br\/conjuntos-de-djs-uma-atmosfera-inesquecivel-apos-o-jantar-2"},"wordCount":566,"publisher":{"@id":"https:\/\/www.cafedelhomme.com\/pt-br#organization"},"image":{"@id":"https:\/\/www.cafedelhomme.com\/pt-br\/conjuntos-de-djs-uma-atmosfera-inesquecivel-apos-o-jantar-2#primaryimage"},"thumbnailUrl":"https:\/\/www.cafedelhomme.com\/wp-content\/uploads\/2025\/05\/DJ-1200x1200-1.jpg","articleSection":["apresenta\u00e7\u00e3o","Not\u00edcias"],"inLanguage":"pt-BR"},{"@type":"WebPage","@id":"https:\/\/www.cafedelhomme.com\/pt-br\/conjuntos-de-djs-uma-atmosfera-inesquecivel-apos-o-jantar-2","url":"https:\/\/www.cafedelhomme.com\/pt-br\/conjuntos-de-djs-uma-atmosfera-inesquecivel-apos-o-jantar-2","name":"Conjuntos de DJs : Uma atmosfera inesquec\u00edvel ap\u00f3s o jantar - Caf\u00e9 de l'Homme","isPartOf":{"@id":"https:\/\/www.cafedelhomme.com\/pt-br#website"},"primaryImageOfPage":{"@id":"https:\/\/www.cafedelhomme.com\/pt-br\/conjuntos-de-djs-uma-atmosfera-inesquecivel-apos-o-jantar-2#primaryimage"},"image":{"@id":"https:\/\/www.cafedelhomme.com\/pt-br\/conjuntos-de-djs-uma-atmosfera-inesquecivel-apos-o-jantar-2#primaryimage"},"thumbnailUrl":"https:\/\/www.cafedelhomme.com\/wp-content\/uploads\/2025\/05\/DJ-1200x1200-1.jpg","datePublished":"2025-06-13T07:50:43+00:00","description":"No Caf\u00e9 de l'Homme, a m\u00e1gica acontece \u00e0s 22h30, e um ritmo diferente se instala. Os DJs cuidadosamente selecionados transformam esse lend\u00e1rio local em um espa\u00e7o vibrante, \u00edntimo e quase irreal..","inLanguage":"pt-BR","potentialAction":[{"@type":"ReadAction","target":["https:\/\/www.cafedelhomme.com\/pt-br\/conjuntos-de-djs-uma-atmosfera-inesquecivel-apos-o-jantar-2"]}]},{"@type":"ImageObject","inLanguage":"pt-BR","@id":"https:\/\/www.cafedelhomme.com\/pt-br\/conjuntos-de-djs-uma-atmosfera-inesquecivel-apos-o-jantar-2#primaryimage","url":"https:\/\/www.cafedelhomme.com\/wp-content\/uploads\/2025\/05\/DJ-1200x1200-1.jpg","contentUrl":"https:\/\/www.cafedelhomme.com\/wp-content\/uploads\/2025\/05\/DJ-1200x1200-1.jpg","width":1200,"height":1200},{"@type":"WebSite","@id":"https:\/\/www.cafedelhomme.com\/pt-br#website","url":"https:\/\/www.cafedelhomme.com\/pt-br","name":"Caf\u00e9 de l'Homme","description":"","publisher":{"@id":"https:\/\/www.cafedelhomme.com\/pt-br#organization"},"potentialAction":[{"@type":"SearchAction","target":{"@type":"EntryPoint","urlTemplate":"https:\/\/www.cafedelhomme.com\/pt-br?s={search_term_string}"},"query-input":{"@type":"PropertyValueSpecification","valueRequired":true,"valueName":"search_term_string"}}],"inLanguage":"pt-BR"},{"@type":"Organization","@id":"https:\/\/www.cafedelhomme.com\/pt-br#organization","name":"Caf\u00e9 de l'Homme","url":"https:\/\/www.cafedelhomme.com\/pt-br","logo":{"@type":"ImageObject","inLanguage":"pt-BR","@id":"https:\/\/www.cafedelhomme.com\/pt-br#\/schema\/logo\/image\/","url":"https:\/\/www.cafedelhomme.com\/wp-content\/uploads\/2023\/04\/big-logo-300x163-1.png","contentUrl":"https:\/\/www.cafedelhomme.com\/wp-content\/uploads\/2023\/04\/big-logo-300x163-1.png","width":300,"height":163,"caption":"Caf\u00e9 de l'Homme"},"image":{"@id":"https:\/\/www.cafedelhomme.com\/pt-br#\/schema\/logo\/image\/"},"sameAs":["https:\/\/www.facebook.com\/cafedelhomme","https:\/\/www.instagram.com\/cafedelhomme\/"]},{"@type":"Person","@id":"https:\/\/www.cafedelhomme.com\/pt-br#\/schema\/person\/6e8511c8f2a5f67fe09441e43be583cf","name":"Marketing","image":{"@type":"ImageObject","inLanguage":"pt-BR","@id":"https:\/\/www.cafedelhomme.com\/pt-br#\/schema\/person\/image\/","url":"https:\/\/secure.gravatar.com\/avatar\/87ce55b262b05881147ff2405c09deba3304ca53053e2ddb7eddade60eafc929?s=96&d=mm&r=g","contentUrl":"https:\/\/secure.gravatar.com\/avatar\/87ce55b262b05881147ff2405c09deba3304ca53053e2ddb7eddade60eafc929?s=96&d=mm&r=g","caption":"Marketing"}}]}},"_links":{"self":[{"href":"https:\/\/www.cafedelhomme.com\/pt-br\/wp-json\/wp\/v2\/posts\/11700","targetHints":{"allow":["GET"]}}],"collection":[{"href":"https:\/\/www.cafedelhomme.com\/pt-br\/wp-json\/wp\/v2\/posts"}],"about":[{"href":"https:\/\/www.cafedelhomme.com\/pt-br\/wp-json\/wp\/v2\/types\/post"}],"author":[{"embeddable":true,"href":"https:\/\/www.cafedelhomme.com\/pt-br\/wp-json\/wp\/v2\/users\/9"}],"replies":[{"embeddable":true,"href":"https:\/\/www.cafedelhomme.com\/pt-br\/wp-json\/wp\/v2\/comments?post=11700"}],"version-history":[{"count":2,"href":"https:\/\/www.cafedelhomme.com\/pt-br\/wp-json\/wp\/v2\/posts\/11700\/revisions"}],"predecessor-version":[{"id":11712,"href":"https:\/\/www.cafedelhomme.com\/pt-br\/wp-json\/wp\/v2\/posts\/11700\/revisions\/11712"}],"wp:featuredmedia":[{"embeddable":true,"href":"https:\/\/www.cafedelhomme.com\/pt-br\/wp-json\/wp\/v2\/media\/11662"}],"wp:attachment":[{"href":"https:\/\/www.cafedelhomme.com\/pt-br\/wp-json\/wp\/v2\/media?parent=11700"}],"wp:term":[{"taxonomy":"category","embeddable":true,"href":"https:\/\/www.cafedelhomme.com\/pt-br\/wp-json\/wp\/v2\/categories?post=11700"},{"taxonomy":"post_tag","embeddable":true,"href":"https:\/\/www.cafedelhomme.com\/pt-br\/wp-json\/wp\/v2\/tags?post=11700"}],"curies":[{"name":"wp","href":"https:\/\/api.w.org\/{rel}","templated":true}]}}