{"id":8313,"date":"2018-08-05T17:19:43","date_gmt":"2018-08-05T15:19:43","guid":{"rendered":"https:\/\/www.cafedelhomme.com\/relaxe-no-terraco-de-st-germain"},"modified":"2025-03-18T09:54:35","modified_gmt":"2025-03-18T08:54:35","slug":"relaxe-no-terraco-de-st-germain","status":"publish","type":"post","link":"https:\/\/www.cafedelhomme.com\/pt-br\/relaxe-no-terraco-de-st-germain","title":{"rendered":"Relaxe no terra\u00e7o de St-Germain"},"content":{"rendered":"<div class=\"wpb-content-wrapper\"><p>[vc_row responsive_css=&#8221;padding_top_large:40px|padding_bottom_large:80px&#8221; css=&#8221;.vc_custom_1686583318297{padding-top: 40px !important;padding-bottom: 40px !important;}&#8221;][vc_column][vc_custom_heading text=&#8221;Neste ver\u00e3o, voc\u00ea vai adorar relaxar nos jardins do Trocadero com suas vistas de tirar o f\u00f4lego da Torre Eiffel.&#8221;][vc_column_text]O Caf\u00e9 de l&#8217;Homme oferece a voc\u00ea um terra\u00e7o ef\u00eamero em St Germain com DJ, coquet\u00e9is de flor de sabugueiro e um menu especial.<\/p>\n<p>O restaurante oferece um card\u00e1pio de petiscos criado por nosso chef Julien Thibault. Burrata com leite cru Sanza, tataki de atum vermelho, rolinhos Calif\u00f3rnia e presunto preto Bigorre est\u00e3o todos no card\u00e1pio. As bebidas incluem um St-Germain Spritz, um Parisian Daiquiri, um Grey Goose le Grand Fizz ou um coquetel St-Germain criado pelo Caf\u00e9 de l&#8217;Homme.  <\/p>\n<p>O ST-GERMAIN\u00ae \u00e9 um licor franc\u00eas feito com flores de sabugueiro frescas colhidas \u00e0 m\u00e3o na primavera.<\/p>\n<p>S\u00e3o necess\u00e1rias mais de 1.000 flores de sabugueiro para produzir esse esp\u00edrito excepcional, sutil e delicado. Sente-se e relaxe, observando a Torre Eiffel se iluminar ao cair da noite. <\/p>\n<p><strong>Terrasse St-Germain a partir de segunda-feira, 9 de julho, \u00e0s 19h.<\/strong>[\/vc_column_text][\/vc_column][\/vc_row]<\/p>\n<\/div>","protected":false},"excerpt":{"rendered":"<p>[vc_row responsive_css=&#8221;padding_top_large:40px|padding_bottom_large:80px&#8221; css=&#8221;.vc_custom_1686583318297{padding-top: 40px !important;padding-bottom: 40px !important;}&#8221;][vc_column][vc_custom_heading text=&#8221;Neste ver\u00e3o, voc\u00ea vai adorar relaxar nos jardins do Trocadero com suas vistas de tirar o f\u00f4lego da Torre Eiffel.&#8221;][vc_column_text]O Caf\u00e9 de l&#8217;Homme oferece a voc\u00ea um terra\u00e7o ef\u00eamero em St Germain com DJ, coquet\u00e9is de flor de&#8230;<\/p>\n","protected":false},"author":1,"featured_media":8314,"comment_status":"closed","ping_status":"open","sticky":false,"template":"","format":"standard","meta":{"_acf_changed":false,"footnotes":""},"categories":[113],"tags":[],"class_list":["post-8313","post","type-post","status-publish","format-standard","has-post-thumbnail","hentry","category-noticias"],"acf":[],"yoast_head":"<!-- This site is optimized with the Yoast SEO Premium plugin v20.10 (Yoast SEO v27.0) - https:\/\/yoast.com\/product\/yoast-seo-premium-wordpress\/ -->\n<title>Relaxe no terra\u00e7o de St-Germain - Caf\u00e9 de l&#039;Homme<\/title>\n<meta name=\"robots\" content=\"index, follow, max-snippet:-1, max-image-preview:large, max-video-preview:-1\" \/>\n<link rel=\"canonical\" href=\"https:\/\/www.cafedelhomme.com\/pt-br\/relaxe-no-terraco-de-st-germain\" \/>\n<meta property=\"og:locale\" content=\"pt_BR\" \/>\n<meta property=\"og:type\" content=\"article\" \/>\n<meta property=\"og:title\" content=\"Relaxe no terra\u00e7o de St-Germain - Caf\u00e9 de l&#039;Homme\" \/>\n<meta property=\"og:description\" content=\"[vc_row responsive_css=&#8221;padding_top_large:40px|padding_bottom_large:80px&#8221; css=&#8221;.vc_custom_1686583318297{padding-top: 40px !important;padding-bottom: 40px !important;}&#8221;][vc_column][vc_custom_heading text=&#8221;Neste ver\u00e3o, voc\u00ea vai adorar relaxar nos jardins do Trocadero com suas vistas de tirar o f\u00f4lego da Torre Eiffel.&#8221;][vc_column_text]O Caf\u00e9 de l&#8217;Homme oferece a voc\u00ea um terra\u00e7o ef\u00eamero em St Germain com DJ, coquet\u00e9is de flor de...\" \/>\n<meta property=\"og:url\" content=\"https:\/\/www.cafedelhomme.com\/pt-br\/relaxe-no-terraco-de-st-germain\" \/>\n<meta property=\"og:site_name\" content=\"Caf\u00e9 de l&#039;Homme\" \/>\n<meta property=\"article:publisher\" content=\"https:\/\/www.facebook.com\/cafedelhomme\" \/>\n<meta property=\"article:published_time\" content=\"2018-08-05T15:19:43+00:00\" \/>\n<meta property=\"article:modified_time\" content=\"2025-03-18T08:54:35+00:00\" \/>\n<meta property=\"og:image\" content=\"https:\/\/www.cafedelhomme.com\/wp-content\/uploads\/2023\/06\/getThumb.php-5.jpeg\" \/>\n\t<meta property=\"og:image:width\" content=\"800\" \/>\n\t<meta property=\"og:image:height\" content=\"575\" \/>\n\t<meta property=\"og:image:type\" content=\"image\/jpeg\" \/>\n<meta name=\"author\" content=\"Getup\" \/>\n<meta name=\"twitter:card\" content=\"summary_large_image\" \/>\n<meta name=\"twitter:label1\" content=\"Escrito por\" \/>\n\t<meta name=\"twitter:data1\" content=\"Getup\" \/>\n\t<meta name=\"twitter:label2\" content=\"Est. tempo de leitura\" \/>\n\t<meta name=\"twitter:data2\" content=\"1 minuto\" \/>\n<script type=\"application\/ld+json\" class=\"yoast-schema-graph\">{\"@context\":\"https:\/\/schema.org\",\"@graph\":[{\"@type\":\"Article\",\"@id\":\"https:\/\/www.cafedelhomme.com\/pt-br\/relaxe-no-terraco-de-st-germain#article\",\"isPartOf\":{\"@id\":\"https:\/\/www.cafedelhomme.com\/pt-br\/relaxe-no-terraco-de-st-germain\"},\"author\":{\"name\":\"Getup\",\"@id\":\"https:\/\/www.cafedelhomme.com\/pt-br#\/schema\/person\/55c660f885a3bf3b1d08ae502bd6850f\"},\"headline\":\"Relaxe no terra\u00e7o de St-Germain\",\"datePublished\":\"2018-08-05T15:19:43+00:00\",\"dateModified\":\"2025-03-18T08:54:35+00:00\",\"mainEntityOfPage\":{\"@id\":\"https:\/\/www.cafedelhomme.com\/pt-br\/relaxe-no-terraco-de-st-germain\"},\"wordCount\":212,\"publisher\":{\"@id\":\"https:\/\/www.cafedelhomme.com\/pt-br#organization\"},\"image\":{\"@id\":\"https:\/\/www.cafedelhomme.com\/pt-br\/relaxe-no-terraco-de-st-germain#primaryimage\"},\"thumbnailUrl\":\"https:\/\/www.cafedelhomme.com\/wp-content\/uploads\/2023\/06\/getThumb.php-5.jpeg\",\"articleSection\":[\"Not\u00edcias\"],\"inLanguage\":\"pt-BR\"},{\"@type\":\"WebPage\",\"@id\":\"https:\/\/www.cafedelhomme.com\/pt-br\/relaxe-no-terraco-de-st-germain\",\"url\":\"https:\/\/www.cafedelhomme.com\/pt-br\/relaxe-no-terraco-de-st-germain\",\"name\":\"Relaxe no terra\u00e7o de St-Germain - Caf\u00e9 de l'Homme\",\"isPartOf\":{\"@id\":\"https:\/\/www.cafedelhomme.com\/pt-br#website\"},\"primaryImageOfPage\":{\"@id\":\"https:\/\/www.cafedelhomme.com\/pt-br\/relaxe-no-terraco-de-st-germain#primaryimage\"},\"image\":{\"@id\":\"https:\/\/www.cafedelhomme.com\/pt-br\/relaxe-no-terraco-de-st-germain#primaryimage\"},\"thumbnailUrl\":\"https:\/\/www.cafedelhomme.com\/wp-content\/uploads\/2023\/06\/getThumb.php-5.jpeg\",\"datePublished\":\"2018-08-05T15:19:43+00:00\",\"dateModified\":\"2025-03-18T08:54:35+00:00\",\"inLanguage\":\"pt-BR\",\"potentialAction\":[{\"@type\":\"ReadAction\",\"target\":[\"https:\/\/www.cafedelhomme.com\/pt-br\/relaxe-no-terraco-de-st-germain\"]}]},{\"@type\":\"ImageObject\",\"inLanguage\":\"pt-BR\",\"@id\":\"https:\/\/www.cafedelhomme.com\/pt-br\/relaxe-no-terraco-de-st-germain#primaryimage\",\"url\":\"https:\/\/www.cafedelhomme.com\/wp-content\/uploads\/2023\/06\/getThumb.php-5.jpeg\",\"contentUrl\":\"https:\/\/www.cafedelhomme.com\/wp-content\/uploads\/2023\/06\/getThumb.php-5.jpeg\",\"width\":800,\"height\":575},{\"@type\":\"WebSite\",\"@id\":\"https:\/\/www.cafedelhomme.com\/pt-br#website\",\"url\":\"https:\/\/www.cafedelhomme.com\/pt-br\",\"name\":\"Caf\u00e9 de l'Homme\",\"description\":\"\",\"publisher\":{\"@id\":\"https:\/\/www.cafedelhomme.com\/pt-br#organization\"},\"potentialAction\":[{\"@type\":\"SearchAction\",\"target\":{\"@type\":\"EntryPoint\",\"urlTemplate\":\"https:\/\/www.cafedelhomme.com\/pt-br?s={search_term_string}\"},\"query-input\":{\"@type\":\"PropertyValueSpecification\",\"valueRequired\":true,\"valueName\":\"search_term_string\"}}],\"inLanguage\":\"pt-BR\"},{\"@type\":\"Organization\",\"@id\":\"https:\/\/www.cafedelhomme.com\/pt-br#organization\",\"name\":\"Caf\u00e9 de l'Homme\",\"url\":\"https:\/\/www.cafedelhomme.com\/pt-br\",\"logo\":{\"@type\":\"ImageObject\",\"inLanguage\":\"pt-BR\",\"@id\":\"https:\/\/www.cafedelhomme.com\/pt-br#\/schema\/logo\/image\/\",\"url\":\"https:\/\/www.cafedelhomme.com\/wp-content\/uploads\/2023\/04\/big-logo-300x163-1.png\",\"contentUrl\":\"https:\/\/www.cafedelhomme.com\/wp-content\/uploads\/2023\/04\/big-logo-300x163-1.png\",\"width\":300,\"height\":163,\"caption\":\"Caf\u00e9 de l'Homme\"},\"image\":{\"@id\":\"https:\/\/www.cafedelhomme.com\/pt-br#\/schema\/logo\/image\/\"},\"sameAs\":[\"https:\/\/www.facebook.com\/cafedelhomme\",\"https:\/\/www.instagram.com\/cafedelhomme\/\"]},{\"@type\":\"Person\",\"@id\":\"https:\/\/www.cafedelhomme.com\/pt-br#\/schema\/person\/55c660f885a3bf3b1d08ae502bd6850f\",\"name\":\"Getup\",\"image\":{\"@type\":\"ImageObject\",\"inLanguage\":\"pt-BR\",\"@id\":\"https:\/\/www.cafedelhomme.com\/pt-br#\/schema\/person\/image\/\",\"url\":\"https:\/\/secure.gravatar.com\/avatar\/5e19627732ce1f7366d35b250158e58668ab387bcef3219ee7bba031ec656192?s=96&d=mm&r=g\",\"contentUrl\":\"https:\/\/secure.gravatar.com\/avatar\/5e19627732ce1f7366d35b250158e58668ab387bcef3219ee7bba031ec656192?s=96&d=mm&r=g\",\"caption\":\"Getup\"},\"sameAs\":[\"https:\/\/www.cafedelhomme.com\"]}]}<\/script>\n<!-- \/ Yoast SEO Premium plugin. -->","yoast_head_json":{"title":"Relaxe no terra\u00e7o de St-Germain - Caf\u00e9 de l'Homme","robots":{"index":"index","follow":"follow","max-snippet":"max-snippet:-1","max-image-preview":"max-image-preview:large","max-video-preview":"max-video-preview:-1"},"canonical":"https:\/\/www.cafedelhomme.com\/pt-br\/relaxe-no-terraco-de-st-germain","og_locale":"pt_BR","og_type":"article","og_title":"Relaxe no terra\u00e7o de St-Germain - Caf\u00e9 de l'Homme","og_description":"[vc_row responsive_css=&#8221;padding_top_large:40px|padding_bottom_large:80px&#8221; css=&#8221;.vc_custom_1686583318297{padding-top: 40px !important;padding-bottom: 40px !important;}&#8221;][vc_column][vc_custom_heading text=&#8221;Neste ver\u00e3o, voc\u00ea vai adorar relaxar nos jardins do Trocadero com suas vistas de tirar o f\u00f4lego da Torre Eiffel.&#8221;][vc_column_text]O Caf\u00e9 de l&#8217;Homme oferece a voc\u00ea um terra\u00e7o ef\u00eamero em St Germain com DJ, coquet\u00e9is de flor de...","og_url":"https:\/\/www.cafedelhomme.com\/pt-br\/relaxe-no-terraco-de-st-germain","og_site_name":"Caf\u00e9 de l'Homme","article_publisher":"https:\/\/www.facebook.com\/cafedelhomme","article_published_time":"2018-08-05T15:19:43+00:00","article_modified_time":"2025-03-18T08:54:35+00:00","og_image":[{"width":800,"height":575,"url":"https:\/\/www.cafedelhomme.com\/wp-content\/uploads\/2023\/06\/getThumb.php-5.jpeg","type":"image\/jpeg"}],"author":"Getup","twitter_card":"summary_large_image","twitter_misc":{"Escrito por":"Getup","Est. tempo de leitura":"1 minuto"},"schema":{"@context":"https:\/\/schema.org","@graph":[{"@type":"Article","@id":"https:\/\/www.cafedelhomme.com\/pt-br\/relaxe-no-terraco-de-st-germain#article","isPartOf":{"@id":"https:\/\/www.cafedelhomme.com\/pt-br\/relaxe-no-terraco-de-st-germain"},"author":{"name":"Getup","@id":"https:\/\/www.cafedelhomme.com\/pt-br#\/schema\/person\/55c660f885a3bf3b1d08ae502bd6850f"},"headline":"Relaxe no terra\u00e7o de St-Germain","datePublished":"2018-08-05T15:19:43+00:00","dateModified":"2025-03-18T08:54:35+00:00","mainEntityOfPage":{"@id":"https:\/\/www.cafedelhomme.com\/pt-br\/relaxe-no-terraco-de-st-germain"},"wordCount":212,"publisher":{"@id":"https:\/\/www.cafedelhomme.com\/pt-br#organization"},"image":{"@id":"https:\/\/www.cafedelhomme.com\/pt-br\/relaxe-no-terraco-de-st-germain#primaryimage"},"thumbnailUrl":"https:\/\/www.cafedelhomme.com\/wp-content\/uploads\/2023\/06\/getThumb.php-5.jpeg","articleSection":["Not\u00edcias"],"inLanguage":"pt-BR"},{"@type":"WebPage","@id":"https:\/\/www.cafedelhomme.com\/pt-br\/relaxe-no-terraco-de-st-germain","url":"https:\/\/www.cafedelhomme.com\/pt-br\/relaxe-no-terraco-de-st-germain","name":"Relaxe no terra\u00e7o de St-Germain - Caf\u00e9 de l'Homme","isPartOf":{"@id":"https:\/\/www.cafedelhomme.com\/pt-br#website"},"primaryImageOfPage":{"@id":"https:\/\/www.cafedelhomme.com\/pt-br\/relaxe-no-terraco-de-st-germain#primaryimage"},"image":{"@id":"https:\/\/www.cafedelhomme.com\/pt-br\/relaxe-no-terraco-de-st-germain#primaryimage"},"thumbnailUrl":"https:\/\/www.cafedelhomme.com\/wp-content\/uploads\/2023\/06\/getThumb.php-5.jpeg","datePublished":"2018-08-05T15:19:43+00:00","dateModified":"2025-03-18T08:54:35+00:00","inLanguage":"pt-BR","potentialAction":[{"@type":"ReadAction","target":["https:\/\/www.cafedelhomme.com\/pt-br\/relaxe-no-terraco-de-st-germain"]}]},{"@type":"ImageObject","inLanguage":"pt-BR","@id":"https:\/\/www.cafedelhomme.com\/pt-br\/relaxe-no-terraco-de-st-germain#primaryimage","url":"https:\/\/www.cafedelhomme.com\/wp-content\/uploads\/2023\/06\/getThumb.php-5.jpeg","contentUrl":"https:\/\/www.cafedelhomme.com\/wp-content\/uploads\/2023\/06\/getThumb.php-5.jpeg","width":800,"height":575},{"@type":"WebSite","@id":"https:\/\/www.cafedelhomme.com\/pt-br#website","url":"https:\/\/www.cafedelhomme.com\/pt-br","name":"Caf\u00e9 de l'Homme","description":"","publisher":{"@id":"https:\/\/www.cafedelhomme.com\/pt-br#organization"},"potentialAction":[{"@type":"SearchAction","target":{"@type":"EntryPoint","urlTemplate":"https:\/\/www.cafedelhomme.com\/pt-br?s={search_term_string}"},"query-input":{"@type":"PropertyValueSpecification","valueRequired":true,"valueName":"search_term_string"}}],"inLanguage":"pt-BR"},{"@type":"Organization","@id":"https:\/\/www.cafedelhomme.com\/pt-br#organization","name":"Caf\u00e9 de l'Homme","url":"https:\/\/www.cafedelhomme.com\/pt-br","logo":{"@type":"ImageObject","inLanguage":"pt-BR","@id":"https:\/\/www.cafedelhomme.com\/pt-br#\/schema\/logo\/image\/","url":"https:\/\/www.cafedelhomme.com\/wp-content\/uploads\/2023\/04\/big-logo-300x163-1.png","contentUrl":"https:\/\/www.cafedelhomme.com\/wp-content\/uploads\/2023\/04\/big-logo-300x163-1.png","width":300,"height":163,"caption":"Caf\u00e9 de l'Homme"},"image":{"@id":"https:\/\/www.cafedelhomme.com\/pt-br#\/schema\/logo\/image\/"},"sameAs":["https:\/\/www.facebook.com\/cafedelhomme","https:\/\/www.instagram.com\/cafedelhomme\/"]},{"@type":"Person","@id":"https:\/\/www.cafedelhomme.com\/pt-br#\/schema\/person\/55c660f885a3bf3b1d08ae502bd6850f","name":"Getup","image":{"@type":"ImageObject","inLanguage":"pt-BR","@id":"https:\/\/www.cafedelhomme.com\/pt-br#\/schema\/person\/image\/","url":"https:\/\/secure.gravatar.com\/avatar\/5e19627732ce1f7366d35b250158e58668ab387bcef3219ee7bba031ec656192?s=96&d=mm&r=g","contentUrl":"https:\/\/secure.gravatar.com\/avatar\/5e19627732ce1f7366d35b250158e58668ab387bcef3219ee7bba031ec656192?s=96&d=mm&r=g","caption":"Getup"},"sameAs":["https:\/\/www.cafedelhomme.com"]}]}},"_links":{"self":[{"href":"https:\/\/www.cafedelhomme.com\/pt-br\/wp-json\/wp\/v2\/posts\/8313","targetHints":{"allow":["GET"]}}],"collection":[{"href":"https:\/\/www.cafedelhomme.com\/pt-br\/wp-json\/wp\/v2\/posts"}],"about":[{"href":"https:\/\/www.cafedelhomme.com\/pt-br\/wp-json\/wp\/v2\/types\/post"}],"author":[{"embeddable":true,"href":"https:\/\/www.cafedelhomme.com\/pt-br\/wp-json\/wp\/v2\/users\/1"}],"replies":[{"embeddable":true,"href":"https:\/\/www.cafedelhomme.com\/pt-br\/wp-json\/wp\/v2\/comments?post=8313"}],"version-history":[{"count":1,"href":"https:\/\/www.cafedelhomme.com\/pt-br\/wp-json\/wp\/v2\/posts\/8313\/revisions"}],"predecessor-version":[{"id":8317,"href":"https:\/\/www.cafedelhomme.com\/pt-br\/wp-json\/wp\/v2\/posts\/8313\/revisions\/8317"}],"wp:featuredmedia":[{"embeddable":true,"href":"https:\/\/www.cafedelhomme.com\/pt-br\/wp-json\/wp\/v2\/media\/8314"}],"wp:attachment":[{"href":"https:\/\/www.cafedelhomme.com\/pt-br\/wp-json\/wp\/v2\/media?parent=8313"}],"wp:term":[{"taxonomy":"category","embeddable":true,"href":"https:\/\/www.cafedelhomme.com\/pt-br\/wp-json\/wp\/v2\/categories?post=8313"},{"taxonomy":"post_tag","embeddable":true,"href":"https:\/\/www.cafedelhomme.com\/pt-br\/wp-json\/wp\/v2\/tags?post=8313"}],"curies":[{"name":"wp","href":"https:\/\/api.w.org\/{rel}","templated":true}]}}