{"id":8322,"date":"2023-06-12T17:15:01","date_gmt":"2023-06-12T15:15:01","guid":{"rendered":"https:\/\/www.cafedelhomme.com\/viva-uma-noite-unica-em-um-ambiente-extraordinario"},"modified":"2025-03-18T09:54:41","modified_gmt":"2025-03-18T08:54:41","slug":"viva-uma-noite-unica-em-um-ambiente-extraordinario","status":"publish","type":"post","link":"https:\/\/www.cafedelhomme.com\/pt-br\/viva-uma-noite-unica-em-um-ambiente-extraordinario","title":{"rendered":"Viva uma noite \u00fanica em um ambiente extraordin\u00e1rio"},"content":{"rendered":"<div class=\"wpb-content-wrapper\"><p>[vc_row responsive_css=&#8221;padding_top_large:40px|padding_bottom_large:80px&#8221; css=&#8221;.vc_custom_1686583049042{padding-top: 40px !important;padding-bottom: 40px !important;}&#8221;][vc_column][vc_custom_heading text=&#8221;Uma experi\u00eancia \u00fanica em 31 de dezembro&#8221; font_container=&#8221;tag:h3|text_align:left&#8221;][vc_column_text css=&#8221;.vc_custom_1686583151392{margin-top: 20px !important;}&#8221;]<\/p>\n<div class=\"fusion-meta-info-wrapper\">PUBLICADO EM 10 DE DEZEMBRO DE 2019,<\/div>\n<p>[\/vc_column_text][vc_column_text css=&#8221;.vc_custom_1691054831062{margin-top: 50px !important;}&#8221;]Para a v\u00e9spera de Ano Novo, em 31 de dezembro, estamos oferecendo a voc\u00ea uma experi\u00eancia m\u00e1gica em um ambiente extraordin\u00e1rio.<\/p>\n<p>Para esta noite excepcional, o Caf\u00e9 de l&#8217;Homme oferece a seus clientes a oportunidade de aproveitar ao m\u00e1ximo a vista \u00fanica da Torre Eiffel enquanto desfrutam de um menu de alta qualidade preparado pelo nosso chef Julien Thibault.<\/p>\n<p>Uma noite concebida como uma celebra\u00e7\u00e3o da Arte de Viver e do know-how franc\u00eas em uma nova decora\u00e7\u00e3o que evoca o Homem e os elementos de seu ambiente.<\/p>\n<p>Aproveite um local \u00fanico no mundo e, com um copo na m\u00e3o, experimente as doze badaladas da meia-noite ao ritmo do patrim\u00f4nio arquitet\u00f4nico, cultural e culin\u00e1rio que faz do Caf\u00e9 de l&#8217;Homme um lugar t\u00e3o m\u00e1gico e m\u00edtico.[\/vc_column_text]<a href=\"#\" class=\"btn btn-naked btn_underline ld_button_69f52df8c4d31 vc_custom_1686583175870\">\n\t<span>\n\t\t\n\t\t\t\t\t<span class=\"btn-txt\">r\u00e9servez d\u00e8s maintenant.<\/span>\n\t\t\t\n\t\t\t\t<\/span>\n<\/a>\n[\/vc_column][\/vc_row]<\/p>\n<\/div>","protected":false},"excerpt":{"rendered":"<p>[vc_row responsive_css=&#8221;padding_top_large:40px|padding_bottom_large:80px&#8221; css=&#8221;.vc_custom_1686583049042{padding-top: 40px !important;padding-bottom: 40px !important;}&#8221;][vc_column][vc_custom_heading text=&#8221;Uma experi\u00eancia \u00fanica em 31 de dezembro&#8221; font_container=&#8221;tag:h3|text_align:left&#8221;][vc_column_text css=&#8221;.vc_custom_1686583151392{margin-top: 20px !important;}&#8221;] PUBLICADO EM 10 DE DEZEMBRO DE 2019, [\/vc_column_text][vc_column_text css=&#8221;.vc_custom_1691054831062{margin-top: 50px !important;}&#8221;]Para a v\u00e9spera de Ano Novo, em 31 de dezembro, estamos oferecendo a voc\u00ea uma experi\u00eancia m\u00e1gica&#8230;<\/p>\n","protected":false},"author":1,"featured_media":8325,"comment_status":"closed","ping_status":"open","sticky":false,"template":"","format":"standard","meta":{"_acf_changed":false,"footnotes":""},"categories":[113],"tags":[],"class_list":["post-8322","post","type-post","status-publish","format-standard","has-post-thumbnail","hentry","category-noticias"],"acf":[],"yoast_head":"<!-- This site is optimized with the Yoast SEO Premium plugin v20.10 (Yoast SEO v27.0) - https:\/\/yoast.com\/product\/yoast-seo-premium-wordpress\/ -->\n<title>Viva uma noite \u00fanica em um ambiente extraordin\u00e1rio - Caf\u00e9 de l&#039;Homme<\/title>\n<meta name=\"robots\" content=\"index, follow, max-snippet:-1, max-image-preview:large, max-video-preview:-1\" \/>\n<link rel=\"canonical\" href=\"https:\/\/www.cafedelhomme.com\/pt-br\/viva-uma-noite-unica-em-um-ambiente-extraordinario\" \/>\n<meta property=\"og:locale\" content=\"pt_BR\" \/>\n<meta property=\"og:type\" content=\"article\" \/>\n<meta property=\"og:title\" content=\"Viva uma noite \u00fanica em um ambiente extraordin\u00e1rio - Caf\u00e9 de l&#039;Homme\" \/>\n<meta property=\"og:description\" content=\"[vc_row responsive_css=&#8221;padding_top_large:40px|padding_bottom_large:80px&#8221; css=&#8221;.vc_custom_1686583049042{padding-top: 40px !important;padding-bottom: 40px !important;}&#8221;][vc_column][vc_custom_heading text=&#8221;Uma experi\u00eancia \u00fanica em 31 de dezembro&#8221; font_container=&#8221;tag:h3|text_align:left&#8221;][vc_column_text css=&#8221;.vc_custom_1686583151392{margin-top: 20px !important;}&#8221;] PUBLICADO EM 10 DE DEZEMBRO DE 2019, [\/vc_column_text][vc_column_text css=&#8221;.vc_custom_1691054831062{margin-top: 50px !important;}&#8221;]Para a v\u00e9spera de Ano Novo, em 31 de dezembro, estamos oferecendo a voc\u00ea uma experi\u00eancia m\u00e1gica...\" \/>\n<meta property=\"og:url\" content=\"https:\/\/www.cafedelhomme.com\/pt-br\/viva-uma-noite-unica-em-um-ambiente-extraordinario\" \/>\n<meta property=\"og:site_name\" content=\"Caf\u00e9 de l&#039;Homme\" \/>\n<meta property=\"article:publisher\" content=\"https:\/\/www.facebook.com\/cafedelhomme\" \/>\n<meta property=\"article:published_time\" content=\"2023-06-12T15:15:01+00:00\" \/>\n<meta property=\"article:modified_time\" content=\"2025-03-18T08:54:41+00:00\" \/>\n<meta property=\"og:image\" content=\"https:\/\/www.cafedelhomme.com\/wp-content\/uploads\/2023\/06\/31-dec.jpeg\" \/>\n\t<meta property=\"og:image:width\" content=\"800\" \/>\n\t<meta property=\"og:image:height\" content=\"600\" \/>\n\t<meta property=\"og:image:type\" content=\"image\/jpeg\" \/>\n<meta name=\"author\" content=\"Getup\" \/>\n<meta name=\"twitter:card\" content=\"summary_large_image\" \/>\n<meta name=\"twitter:label1\" content=\"Escrito por\" \/>\n\t<meta name=\"twitter:data1\" content=\"Getup\" \/>\n\t<meta name=\"twitter:label2\" content=\"Est. tempo de leitura\" \/>\n\t<meta name=\"twitter:data2\" content=\"1 minuto\" \/>\n<script type=\"application\/ld+json\" class=\"yoast-schema-graph\">{\"@context\":\"https:\/\/schema.org\",\"@graph\":[{\"@type\":\"Article\",\"@id\":\"https:\/\/www.cafedelhomme.com\/pt-br\/viva-uma-noite-unica-em-um-ambiente-extraordinario#article\",\"isPartOf\":{\"@id\":\"https:\/\/www.cafedelhomme.com\/pt-br\/viva-uma-noite-unica-em-um-ambiente-extraordinario\"},\"author\":{\"name\":\"Getup\",\"@id\":\"https:\/\/www.cafedelhomme.com\/pt-br#\/schema\/person\/55c660f885a3bf3b1d08ae502bd6850f\"},\"headline\":\"Viva uma noite \u00fanica em um ambiente extraordin\u00e1rio\",\"datePublished\":\"2023-06-12T15:15:01+00:00\",\"dateModified\":\"2025-03-18T08:54:41+00:00\",\"mainEntityOfPage\":{\"@id\":\"https:\/\/www.cafedelhomme.com\/pt-br\/viva-uma-noite-unica-em-um-ambiente-extraordinario\"},\"wordCount\":244,\"publisher\":{\"@id\":\"https:\/\/www.cafedelhomme.com\/pt-br#organization\"},\"image\":{\"@id\":\"https:\/\/www.cafedelhomme.com\/pt-br\/viva-uma-noite-unica-em-um-ambiente-extraordinario#primaryimage\"},\"thumbnailUrl\":\"https:\/\/www.cafedelhomme.com\/wp-content\/uploads\/2023\/06\/31-dec.jpeg\",\"articleSection\":[\"Not\u00edcias\"],\"inLanguage\":\"pt-BR\"},{\"@type\":\"WebPage\",\"@id\":\"https:\/\/www.cafedelhomme.com\/pt-br\/viva-uma-noite-unica-em-um-ambiente-extraordinario\",\"url\":\"https:\/\/www.cafedelhomme.com\/pt-br\/viva-uma-noite-unica-em-um-ambiente-extraordinario\",\"name\":\"Viva uma noite \u00fanica em um ambiente extraordin\u00e1rio - Caf\u00e9 de l'Homme\",\"isPartOf\":{\"@id\":\"https:\/\/www.cafedelhomme.com\/pt-br#website\"},\"primaryImageOfPage\":{\"@id\":\"https:\/\/www.cafedelhomme.com\/pt-br\/viva-uma-noite-unica-em-um-ambiente-extraordinario#primaryimage\"},\"image\":{\"@id\":\"https:\/\/www.cafedelhomme.com\/pt-br\/viva-uma-noite-unica-em-um-ambiente-extraordinario#primaryimage\"},\"thumbnailUrl\":\"https:\/\/www.cafedelhomme.com\/wp-content\/uploads\/2023\/06\/31-dec.jpeg\",\"datePublished\":\"2023-06-12T15:15:01+00:00\",\"dateModified\":\"2025-03-18T08:54:41+00:00\",\"inLanguage\":\"pt-BR\",\"potentialAction\":[{\"@type\":\"ReadAction\",\"target\":[\"https:\/\/www.cafedelhomme.com\/pt-br\/viva-uma-noite-unica-em-um-ambiente-extraordinario\"]}]},{\"@type\":\"ImageObject\",\"inLanguage\":\"pt-BR\",\"@id\":\"https:\/\/www.cafedelhomme.com\/pt-br\/viva-uma-noite-unica-em-um-ambiente-extraordinario#primaryimage\",\"url\":\"https:\/\/www.cafedelhomme.com\/wp-content\/uploads\/2023\/06\/31-dec.jpeg\",\"contentUrl\":\"https:\/\/www.cafedelhomme.com\/wp-content\/uploads\/2023\/06\/31-dec.jpeg\",\"width\":800,\"height\":600},{\"@type\":\"WebSite\",\"@id\":\"https:\/\/www.cafedelhomme.com\/pt-br#website\",\"url\":\"https:\/\/www.cafedelhomme.com\/pt-br\",\"name\":\"Caf\u00e9 de l'Homme\",\"description\":\"\",\"publisher\":{\"@id\":\"https:\/\/www.cafedelhomme.com\/pt-br#organization\"},\"potentialAction\":[{\"@type\":\"SearchAction\",\"target\":{\"@type\":\"EntryPoint\",\"urlTemplate\":\"https:\/\/www.cafedelhomme.com\/pt-br?s={search_term_string}\"},\"query-input\":{\"@type\":\"PropertyValueSpecification\",\"valueRequired\":true,\"valueName\":\"search_term_string\"}}],\"inLanguage\":\"pt-BR\"},{\"@type\":\"Organization\",\"@id\":\"https:\/\/www.cafedelhomme.com\/pt-br#organization\",\"name\":\"Caf\u00e9 de l'Homme\",\"url\":\"https:\/\/www.cafedelhomme.com\/pt-br\",\"logo\":{\"@type\":\"ImageObject\",\"inLanguage\":\"pt-BR\",\"@id\":\"https:\/\/www.cafedelhomme.com\/pt-br#\/schema\/logo\/image\/\",\"url\":\"https:\/\/www.cafedelhomme.com\/wp-content\/uploads\/2023\/04\/big-logo-300x163-1.png\",\"contentUrl\":\"https:\/\/www.cafedelhomme.com\/wp-content\/uploads\/2023\/04\/big-logo-300x163-1.png\",\"width\":300,\"height\":163,\"caption\":\"Caf\u00e9 de l'Homme\"},\"image\":{\"@id\":\"https:\/\/www.cafedelhomme.com\/pt-br#\/schema\/logo\/image\/\"},\"sameAs\":[\"https:\/\/www.facebook.com\/cafedelhomme\",\"https:\/\/www.instagram.com\/cafedelhomme\/\"]},{\"@type\":\"Person\",\"@id\":\"https:\/\/www.cafedelhomme.com\/pt-br#\/schema\/person\/55c660f885a3bf3b1d08ae502bd6850f\",\"name\":\"Getup\",\"image\":{\"@type\":\"ImageObject\",\"inLanguage\":\"pt-BR\",\"@id\":\"https:\/\/www.cafedelhomme.com\/pt-br#\/schema\/person\/image\/\",\"url\":\"https:\/\/secure.gravatar.com\/avatar\/5e19627732ce1f7366d35b250158e58668ab387bcef3219ee7bba031ec656192?s=96&d=mm&r=g\",\"contentUrl\":\"https:\/\/secure.gravatar.com\/avatar\/5e19627732ce1f7366d35b250158e58668ab387bcef3219ee7bba031ec656192?s=96&d=mm&r=g\",\"caption\":\"Getup\"},\"sameAs\":[\"https:\/\/www.cafedelhomme.com\"]}]}<\/script>\n<!-- \/ Yoast SEO Premium plugin. -->","yoast_head_json":{"title":"Viva uma noite \u00fanica em um ambiente extraordin\u00e1rio - Caf\u00e9 de l'Homme","robots":{"index":"index","follow":"follow","max-snippet":"max-snippet:-1","max-image-preview":"max-image-preview:large","max-video-preview":"max-video-preview:-1"},"canonical":"https:\/\/www.cafedelhomme.com\/pt-br\/viva-uma-noite-unica-em-um-ambiente-extraordinario","og_locale":"pt_BR","og_type":"article","og_title":"Viva uma noite \u00fanica em um ambiente extraordin\u00e1rio - Caf\u00e9 de l'Homme","og_description":"[vc_row responsive_css=&#8221;padding_top_large:40px|padding_bottom_large:80px&#8221; css=&#8221;.vc_custom_1686583049042{padding-top: 40px !important;padding-bottom: 40px !important;}&#8221;][vc_column][vc_custom_heading text=&#8221;Uma experi\u00eancia \u00fanica em 31 de dezembro&#8221; font_container=&#8221;tag:h3|text_align:left&#8221;][vc_column_text css=&#8221;.vc_custom_1686583151392{margin-top: 20px !important;}&#8221;] PUBLICADO EM 10 DE DEZEMBRO DE 2019, [\/vc_column_text][vc_column_text css=&#8221;.vc_custom_1691054831062{margin-top: 50px !important;}&#8221;]Para a v\u00e9spera de Ano Novo, em 31 de dezembro, estamos oferecendo a voc\u00ea uma experi\u00eancia m\u00e1gica...","og_url":"https:\/\/www.cafedelhomme.com\/pt-br\/viva-uma-noite-unica-em-um-ambiente-extraordinario","og_site_name":"Caf\u00e9 de l'Homme","article_publisher":"https:\/\/www.facebook.com\/cafedelhomme","article_published_time":"2023-06-12T15:15:01+00:00","article_modified_time":"2025-03-18T08:54:41+00:00","og_image":[{"width":800,"height":600,"url":"https:\/\/www.cafedelhomme.com\/wp-content\/uploads\/2023\/06\/31-dec.jpeg","type":"image\/jpeg"}],"author":"Getup","twitter_card":"summary_large_image","twitter_misc":{"Escrito por":"Getup","Est. tempo de leitura":"1 minuto"},"schema":{"@context":"https:\/\/schema.org","@graph":[{"@type":"Article","@id":"https:\/\/www.cafedelhomme.com\/pt-br\/viva-uma-noite-unica-em-um-ambiente-extraordinario#article","isPartOf":{"@id":"https:\/\/www.cafedelhomme.com\/pt-br\/viva-uma-noite-unica-em-um-ambiente-extraordinario"},"author":{"name":"Getup","@id":"https:\/\/www.cafedelhomme.com\/pt-br#\/schema\/person\/55c660f885a3bf3b1d08ae502bd6850f"},"headline":"Viva uma noite \u00fanica em um ambiente extraordin\u00e1rio","datePublished":"2023-06-12T15:15:01+00:00","dateModified":"2025-03-18T08:54:41+00:00","mainEntityOfPage":{"@id":"https:\/\/www.cafedelhomme.com\/pt-br\/viva-uma-noite-unica-em-um-ambiente-extraordinario"},"wordCount":244,"publisher":{"@id":"https:\/\/www.cafedelhomme.com\/pt-br#organization"},"image":{"@id":"https:\/\/www.cafedelhomme.com\/pt-br\/viva-uma-noite-unica-em-um-ambiente-extraordinario#primaryimage"},"thumbnailUrl":"https:\/\/www.cafedelhomme.com\/wp-content\/uploads\/2023\/06\/31-dec.jpeg","articleSection":["Not\u00edcias"],"inLanguage":"pt-BR"},{"@type":"WebPage","@id":"https:\/\/www.cafedelhomme.com\/pt-br\/viva-uma-noite-unica-em-um-ambiente-extraordinario","url":"https:\/\/www.cafedelhomme.com\/pt-br\/viva-uma-noite-unica-em-um-ambiente-extraordinario","name":"Viva uma noite \u00fanica em um ambiente extraordin\u00e1rio - Caf\u00e9 de l'Homme","isPartOf":{"@id":"https:\/\/www.cafedelhomme.com\/pt-br#website"},"primaryImageOfPage":{"@id":"https:\/\/www.cafedelhomme.com\/pt-br\/viva-uma-noite-unica-em-um-ambiente-extraordinario#primaryimage"},"image":{"@id":"https:\/\/www.cafedelhomme.com\/pt-br\/viva-uma-noite-unica-em-um-ambiente-extraordinario#primaryimage"},"thumbnailUrl":"https:\/\/www.cafedelhomme.com\/wp-content\/uploads\/2023\/06\/31-dec.jpeg","datePublished":"2023-06-12T15:15:01+00:00","dateModified":"2025-03-18T08:54:41+00:00","inLanguage":"pt-BR","potentialAction":[{"@type":"ReadAction","target":["https:\/\/www.cafedelhomme.com\/pt-br\/viva-uma-noite-unica-em-um-ambiente-extraordinario"]}]},{"@type":"ImageObject","inLanguage":"pt-BR","@id":"https:\/\/www.cafedelhomme.com\/pt-br\/viva-uma-noite-unica-em-um-ambiente-extraordinario#primaryimage","url":"https:\/\/www.cafedelhomme.com\/wp-content\/uploads\/2023\/06\/31-dec.jpeg","contentUrl":"https:\/\/www.cafedelhomme.com\/wp-content\/uploads\/2023\/06\/31-dec.jpeg","width":800,"height":600},{"@type":"WebSite","@id":"https:\/\/www.cafedelhomme.com\/pt-br#website","url":"https:\/\/www.cafedelhomme.com\/pt-br","name":"Caf\u00e9 de l'Homme","description":"","publisher":{"@id":"https:\/\/www.cafedelhomme.com\/pt-br#organization"},"potentialAction":[{"@type":"SearchAction","target":{"@type":"EntryPoint","urlTemplate":"https:\/\/www.cafedelhomme.com\/pt-br?s={search_term_string}"},"query-input":{"@type":"PropertyValueSpecification","valueRequired":true,"valueName":"search_term_string"}}],"inLanguage":"pt-BR"},{"@type":"Organization","@id":"https:\/\/www.cafedelhomme.com\/pt-br#organization","name":"Caf\u00e9 de l'Homme","url":"https:\/\/www.cafedelhomme.com\/pt-br","logo":{"@type":"ImageObject","inLanguage":"pt-BR","@id":"https:\/\/www.cafedelhomme.com\/pt-br#\/schema\/logo\/image\/","url":"https:\/\/www.cafedelhomme.com\/wp-content\/uploads\/2023\/04\/big-logo-300x163-1.png","contentUrl":"https:\/\/www.cafedelhomme.com\/wp-content\/uploads\/2023\/04\/big-logo-300x163-1.png","width":300,"height":163,"caption":"Caf\u00e9 de l'Homme"},"image":{"@id":"https:\/\/www.cafedelhomme.com\/pt-br#\/schema\/logo\/image\/"},"sameAs":["https:\/\/www.facebook.com\/cafedelhomme","https:\/\/www.instagram.com\/cafedelhomme\/"]},{"@type":"Person","@id":"https:\/\/www.cafedelhomme.com\/pt-br#\/schema\/person\/55c660f885a3bf3b1d08ae502bd6850f","name":"Getup","image":{"@type":"ImageObject","inLanguage":"pt-BR","@id":"https:\/\/www.cafedelhomme.com\/pt-br#\/schema\/person\/image\/","url":"https:\/\/secure.gravatar.com\/avatar\/5e19627732ce1f7366d35b250158e58668ab387bcef3219ee7bba031ec656192?s=96&d=mm&r=g","contentUrl":"https:\/\/secure.gravatar.com\/avatar\/5e19627732ce1f7366d35b250158e58668ab387bcef3219ee7bba031ec656192?s=96&d=mm&r=g","caption":"Getup"},"sameAs":["https:\/\/www.cafedelhomme.com"]}]}},"_links":{"self":[{"href":"https:\/\/www.cafedelhomme.com\/pt-br\/wp-json\/wp\/v2\/posts\/8322","targetHints":{"allow":["GET"]}}],"collection":[{"href":"https:\/\/www.cafedelhomme.com\/pt-br\/wp-json\/wp\/v2\/posts"}],"about":[{"href":"https:\/\/www.cafedelhomme.com\/pt-br\/wp-json\/wp\/v2\/types\/post"}],"author":[{"embeddable":true,"href":"https:\/\/www.cafedelhomme.com\/pt-br\/wp-json\/wp\/v2\/users\/1"}],"replies":[{"embeddable":true,"href":"https:\/\/www.cafedelhomme.com\/pt-br\/wp-json\/wp\/v2\/comments?post=8322"}],"version-history":[{"count":10,"href":"https:\/\/www.cafedelhomme.com\/pt-br\/wp-json\/wp\/v2\/posts\/8322\/revisions"}],"predecessor-version":[{"id":8356,"href":"https:\/\/www.cafedelhomme.com\/pt-br\/wp-json\/wp\/v2\/posts\/8322\/revisions\/8356"}],"wp:featuredmedia":[{"embeddable":true,"href":"https:\/\/www.cafedelhomme.com\/pt-br\/wp-json\/wp\/v2\/media\/8325"}],"wp:attachment":[{"href":"https:\/\/www.cafedelhomme.com\/pt-br\/wp-json\/wp\/v2\/media?parent=8322"}],"wp:term":[{"taxonomy":"category","embeddable":true,"href":"https:\/\/www.cafedelhomme.com\/pt-br\/wp-json\/wp\/v2\/categories?post=8322"},{"taxonomy":"post_tag","embeddable":true,"href":"https:\/\/www.cafedelhomme.com\/pt-br\/wp-json\/wp\/v2\/tags?post=8322"}],"curies":[{"name":"wp","href":"https:\/\/api.w.org\/{rel}","templated":true}]}}