{"id":8323,"date":"2020-12-14T15:00:08","date_gmt":"2020-12-14T14:00:08","guid":{"rendered":"https:\/\/www.cafedelhomme.com\/a-historia-gastronomica-do-cafe-de-lhomme-por-gala"},"modified":"2025-03-18T09:54:39","modified_gmt":"2025-03-18T08:54:39","slug":"a-historia-gastronomica-do-cafe-de-lhomme-por-gala","status":"publish","type":"post","link":"https:\/\/www.cafedelhomme.com\/pt-br\/a-historia-gastronomica-do-cafe-de-lhomme-por-gala","title":{"rendered":"A hist\u00f3ria gastron\u00f4mica do Caf\u00e9 de l&#8217;Homme por Gala"},"content":{"rendered":"<div class=\"wpb-content-wrapper\"><p>[vc_row responsive_css=&#8221;padding_top_large:40px|padding_bottom_large:80px&#8221; css=&#8221;.vc_custom_1686584535940{padding-top: 40px !important;padding-bottom: 40px !important;}&#8221; el_class=&#8221;main_food-story&#8221;][vc_column][vc_column_text]Junte-se a n\u00f3s na edi\u00e7\u00e3o de novembro da <b>revista Gala<\/b> para descobrir a hist\u00f3ria gastron\u00f4mica do Caf\u00e9 de l&#8217;Homme e os segredos por tr\u00e1s de nossas <b>receitas <\/b>famosas, revelados por nosso <b>chef Jimmy Elisabeth<\/b>.<\/p>\n<p>Os produtos, sublimados pelo <b>chef<\/b>, s\u00e3o colocados no centro dos pratos dos clientes. \u00c9 por isso que damos tanta import\u00e2ncia \u00e0 sele\u00e7\u00e3o de <b>fornecedores <\/b>nos quais podemos confiar. <\/p>\n<p>No <b>Caf\u00e9 de l&#8217;<\/b>Homme, nossos produtos sazonais s\u00e3o principalmente da <b>Fran\u00e7a<\/b>, selecionados com paix\u00e3o e rigor. Aqui est\u00e3o apenas alguns deles&#8230; <\/p>\n<p>Os frutos do mar v\u00eam de <b>JEGO<\/b>, um peixeiro bret\u00e3o que respeita o meio ambiente e busca incansavelmente os melhores produtos. Todos os dias, ele compra <b>peixes<\/b> e <b>mariscos<\/b> pescados no dia anterior diretamente dos leil\u00f5es de peixe na Bretanha. Ele prefere barcos que n\u00e3o partem por mais de um dia, por isso prefere o <b>curto-circuito<\/b>, que \u00e9 essencial para garantir<b> o frescor ideal<\/b> para seus clientes.  <\/p>\n<p>No que diz respeito \u00e0 terra, o restaurante conta com Les <b>Halles Trottemant<\/b>, que \u00e9 apaixonado pela terra e por aqueles que a trabalham. Eles ap\u00f3iam <b>os pequenos produtores<\/b> e <b>o know-how<\/b> <b>agr\u00edcola<\/b> <b>franc\u00eas<\/b>, e est\u00e3o empenhados em promover o territ\u00f3rio nacional, apoiar m\u00e9todos agr\u00edcolas sustent\u00e1veis e <b>proteger o meio ambiente<\/b>. \u00c9 isso que lhes permite obter <b>frutas e legumes excepcionais<\/b> produzidos em um raio de 200 km de Paris. Eles abastecem os chefs e varejistas mais exigentes.   <\/p>\n<p>Tamb\u00e9m temos,<a href=\"https:\/\/www.foiegrasmaisonparis.com\/\"><b> Maison Paris<\/b><\/a>que combina a <b>experi\u00eancia<\/b> de seus produtores com <b>tradi\u00e7\u00f5es <\/b>familiares transmitidas por quatro gera\u00e7\u00f5es<b>,<\/b> para produzir <b>foies gras<\/b> premiados.<\/p>\n<p>No cora\u00e7\u00e3o da regi\u00e3o de <b>Landes<\/b>, a busca constante pela <b>qualidade <\/b>est\u00e1 em nosso DNA desde 1907.<\/p>\n<p>Uma heran\u00e7a gastron\u00f4mica que a marca compartilha com <b>respeito \u00e0 <\/b> <b>tradi\u00e7\u00e3o <\/b>e<b> autenticidade<\/b> sem remorso.<\/p>\n<p>Para garantir <b>a excel\u00eancia de <\/b>seus produtos, <b>a Maison Paris<\/b> <b>&#8220;d\u00e1 <\/b>tempo ao tempo<b> &#8220;<\/b> e defende que, para um produto ser bom, o animal deve ser bem tratado e respeitado. Uma regra que eles imp\u00f5em a si mesmos, mas tamb\u00e9m a seus produtores. <\/p>\n<p>No Caf\u00e9 de l&#8217;Homme, nosso <b>chef <\/b>oferece um card\u00e1pio variado, cuidadosamente pensado para satisfazer os gostos de uma clientela <b>ecl\u00e9tica<\/b>, <b>gourmet <\/b>e <b>fiel<\/b>, tudo em um ambiente bem <b>parisiense<\/b>.[\/vc_column_text]<a href=\"#\" class=\"btn btn-naked btn_underline ld_button_69f20bb4703ca vc_custom_1686584096268\">\n\t<span>\n\t\t\n\t\t\t\t\t<span class=\"btn-txt\">r\u00e9server une exp\u00e9rience.<\/span>\n\t\t\t\n\t\t\t\t<\/span>\n<\/a>\n[vc_column_text]14 DE DEZEMBRO DE 2020,[\/vc_column_text][\/vc_column][\/vc_row]<\/p>\n<\/div>","protected":false},"excerpt":{"rendered":"<p>[vc_row responsive_css=&#8221;padding_top_large:40px|padding_bottom_large:80px&#8221; css=&#8221;.vc_custom_1686584535940{padding-top: 40px !important;padding-bottom: 40px !important;}&#8221; el_class=&#8221;main_food-story&#8221;][vc_column][vc_column_text]Junte-se a n\u00f3s na edi\u00e7\u00e3o de novembro da revista Gala para descobrir a hist\u00f3ria gastron\u00f4mica do Caf\u00e9 de l&#8217;Homme e os segredos por tr\u00e1s de nossas receitas famosas, revelados por nosso chef Jimmy Elisabeth. Os produtos, sublimados pelo&#8230;<\/p>\n","protected":false},"author":1,"featured_media":8324,"comment_status":"closed","ping_status":"open","sticky":false,"template":"","format":"standard","meta":{"_acf_changed":false,"footnotes":""},"categories":[113],"tags":[],"class_list":["post-8323","post","type-post","status-publish","format-standard","has-post-thumbnail","hentry","category-noticias"],"acf":[],"yoast_head":"<!-- This site is optimized with the Yoast SEO Premium plugin v20.10 (Yoast SEO v27.0) - https:\/\/yoast.com\/product\/yoast-seo-premium-wordpress\/ -->\n<title>A hist\u00f3ria gastron\u00f4mica do Caf\u00e9 de l&#039;Homme por Gala - Caf\u00e9 de l&#039;Homme<\/title>\n<meta name=\"robots\" content=\"index, follow, max-snippet:-1, max-image-preview:large, max-video-preview:-1\" \/>\n<link rel=\"canonical\" href=\"https:\/\/www.cafedelhomme.com\/pt-br\/a-historia-gastronomica-do-cafe-de-lhomme-por-gala\" \/>\n<meta property=\"og:locale\" content=\"pt_BR\" \/>\n<meta property=\"og:type\" content=\"article\" \/>\n<meta property=\"og:title\" content=\"A hist\u00f3ria gastron\u00f4mica do Caf\u00e9 de l&#039;Homme por Gala - Caf\u00e9 de l&#039;Homme\" \/>\n<meta property=\"og:description\" content=\"[vc_row responsive_css=&#8221;padding_top_large:40px|padding_bottom_large:80px&#8221; css=&#8221;.vc_custom_1686584535940{padding-top: 40px !important;padding-bottom: 40px !important;}&#8221; el_class=&#8221;main_food-story&#8221;][vc_column][vc_column_text]Junte-se a n\u00f3s na edi\u00e7\u00e3o de novembro da revista Gala para descobrir a hist\u00f3ria gastron\u00f4mica do Caf\u00e9 de l&#8217;Homme e os segredos por tr\u00e1s de nossas receitas famosas, revelados por nosso chef Jimmy Elisabeth. Os produtos, sublimados pelo...\" \/>\n<meta property=\"og:url\" content=\"https:\/\/www.cafedelhomme.com\/pt-br\/a-historia-gastronomica-do-cafe-de-lhomme-por-gala\" \/>\n<meta property=\"og:site_name\" content=\"Caf\u00e9 de l&#039;Homme\" \/>\n<meta property=\"article:publisher\" content=\"https:\/\/www.facebook.com\/cafedelhomme\" \/>\n<meta property=\"article:published_time\" content=\"2020-12-14T14:00:08+00:00\" \/>\n<meta property=\"article:modified_time\" content=\"2025-03-18T08:54:39+00:00\" \/>\n<meta property=\"og:image\" content=\"https:\/\/www.cafedelhomme.com\/wp-content\/uploads\/2023\/06\/cafe-de-lhomme-food-story.jpeg\" \/>\n\t<meta property=\"og:image:width\" content=\"1150\" \/>\n\t<meta property=\"og:image:height\" content=\"768\" \/>\n\t<meta property=\"og:image:type\" content=\"image\/jpeg\" \/>\n<meta name=\"author\" content=\"Getup\" \/>\n<meta name=\"twitter:card\" content=\"summary_large_image\" \/>\n<meta name=\"twitter:label1\" content=\"Escrito por\" \/>\n\t<meta name=\"twitter:data1\" content=\"Getup\" \/>\n\t<meta name=\"twitter:label2\" content=\"Est. tempo de leitura\" \/>\n\t<meta name=\"twitter:data2\" content=\"2 minutos\" \/>\n<script type=\"application\/ld+json\" class=\"yoast-schema-graph\">{\"@context\":\"https:\/\/schema.org\",\"@graph\":[{\"@type\":\"Article\",\"@id\":\"https:\/\/www.cafedelhomme.com\/pt-br\/a-historia-gastronomica-do-cafe-de-lhomme-por-gala#article\",\"isPartOf\":{\"@id\":\"https:\/\/www.cafedelhomme.com\/pt-br\/a-historia-gastronomica-do-cafe-de-lhomme-por-gala\"},\"author\":{\"name\":\"Getup\",\"@id\":\"https:\/\/www.cafedelhomme.com\/pt-br#\/schema\/person\/55c660f885a3bf3b1d08ae502bd6850f\"},\"headline\":\"A hist\u00f3ria gastron\u00f4mica do Caf\u00e9 de l&#8217;Homme por Gala\",\"datePublished\":\"2020-12-14T14:00:08+00:00\",\"dateModified\":\"2025-03-18T08:54:39+00:00\",\"mainEntityOfPage\":{\"@id\":\"https:\/\/www.cafedelhomme.com\/pt-br\/a-historia-gastronomica-do-cafe-de-lhomme-por-gala\"},\"wordCount\":468,\"publisher\":{\"@id\":\"https:\/\/www.cafedelhomme.com\/pt-br#organization\"},\"image\":{\"@id\":\"https:\/\/www.cafedelhomme.com\/pt-br\/a-historia-gastronomica-do-cafe-de-lhomme-por-gala#primaryimage\"},\"thumbnailUrl\":\"https:\/\/www.cafedelhomme.com\/wp-content\/uploads\/2023\/06\/cafe-de-lhomme-food-story.jpeg\",\"articleSection\":[\"Not\u00edcias\"],\"inLanguage\":\"pt-BR\"},{\"@type\":\"WebPage\",\"@id\":\"https:\/\/www.cafedelhomme.com\/pt-br\/a-historia-gastronomica-do-cafe-de-lhomme-por-gala\",\"url\":\"https:\/\/www.cafedelhomme.com\/pt-br\/a-historia-gastronomica-do-cafe-de-lhomme-por-gala\",\"name\":\"A hist\u00f3ria gastron\u00f4mica do Caf\u00e9 de l'Homme por Gala - Caf\u00e9 de l'Homme\",\"isPartOf\":{\"@id\":\"https:\/\/www.cafedelhomme.com\/pt-br#website\"},\"primaryImageOfPage\":{\"@id\":\"https:\/\/www.cafedelhomme.com\/pt-br\/a-historia-gastronomica-do-cafe-de-lhomme-por-gala#primaryimage\"},\"image\":{\"@id\":\"https:\/\/www.cafedelhomme.com\/pt-br\/a-historia-gastronomica-do-cafe-de-lhomme-por-gala#primaryimage\"},\"thumbnailUrl\":\"https:\/\/www.cafedelhomme.com\/wp-content\/uploads\/2023\/06\/cafe-de-lhomme-food-story.jpeg\",\"datePublished\":\"2020-12-14T14:00:08+00:00\",\"dateModified\":\"2025-03-18T08:54:39+00:00\",\"inLanguage\":\"pt-BR\",\"potentialAction\":[{\"@type\":\"ReadAction\",\"target\":[\"https:\/\/www.cafedelhomme.com\/pt-br\/a-historia-gastronomica-do-cafe-de-lhomme-por-gala\"]}]},{\"@type\":\"ImageObject\",\"inLanguage\":\"pt-BR\",\"@id\":\"https:\/\/www.cafedelhomme.com\/pt-br\/a-historia-gastronomica-do-cafe-de-lhomme-por-gala#primaryimage\",\"url\":\"https:\/\/www.cafedelhomme.com\/wp-content\/uploads\/2023\/06\/cafe-de-lhomme-food-story.jpeg\",\"contentUrl\":\"https:\/\/www.cafedelhomme.com\/wp-content\/uploads\/2023\/06\/cafe-de-lhomme-food-story.jpeg\",\"width\":1150,\"height\":768},{\"@type\":\"WebSite\",\"@id\":\"https:\/\/www.cafedelhomme.com\/pt-br#website\",\"url\":\"https:\/\/www.cafedelhomme.com\/pt-br\",\"name\":\"Caf\u00e9 de l'Homme\",\"description\":\"\",\"publisher\":{\"@id\":\"https:\/\/www.cafedelhomme.com\/pt-br#organization\"},\"potentialAction\":[{\"@type\":\"SearchAction\",\"target\":{\"@type\":\"EntryPoint\",\"urlTemplate\":\"https:\/\/www.cafedelhomme.com\/pt-br?s={search_term_string}\"},\"query-input\":{\"@type\":\"PropertyValueSpecification\",\"valueRequired\":true,\"valueName\":\"search_term_string\"}}],\"inLanguage\":\"pt-BR\"},{\"@type\":\"Organization\",\"@id\":\"https:\/\/www.cafedelhomme.com\/pt-br#organization\",\"name\":\"Caf\u00e9 de l'Homme\",\"url\":\"https:\/\/www.cafedelhomme.com\/pt-br\",\"logo\":{\"@type\":\"ImageObject\",\"inLanguage\":\"pt-BR\",\"@id\":\"https:\/\/www.cafedelhomme.com\/pt-br#\/schema\/logo\/image\/\",\"url\":\"https:\/\/www.cafedelhomme.com\/wp-content\/uploads\/2023\/04\/big-logo-300x163-1.png\",\"contentUrl\":\"https:\/\/www.cafedelhomme.com\/wp-content\/uploads\/2023\/04\/big-logo-300x163-1.png\",\"width\":300,\"height\":163,\"caption\":\"Caf\u00e9 de l'Homme\"},\"image\":{\"@id\":\"https:\/\/www.cafedelhomme.com\/pt-br#\/schema\/logo\/image\/\"},\"sameAs\":[\"https:\/\/www.facebook.com\/cafedelhomme\",\"https:\/\/www.instagram.com\/cafedelhomme\/\"]},{\"@type\":\"Person\",\"@id\":\"https:\/\/www.cafedelhomme.com\/pt-br#\/schema\/person\/55c660f885a3bf3b1d08ae502bd6850f\",\"name\":\"Getup\",\"image\":{\"@type\":\"ImageObject\",\"inLanguage\":\"pt-BR\",\"@id\":\"https:\/\/www.cafedelhomme.com\/pt-br#\/schema\/person\/image\/\",\"url\":\"https:\/\/secure.gravatar.com\/avatar\/5e19627732ce1f7366d35b250158e58668ab387bcef3219ee7bba031ec656192?s=96&d=mm&r=g\",\"contentUrl\":\"https:\/\/secure.gravatar.com\/avatar\/5e19627732ce1f7366d35b250158e58668ab387bcef3219ee7bba031ec656192?s=96&d=mm&r=g\",\"caption\":\"Getup\"},\"sameAs\":[\"https:\/\/www.cafedelhomme.com\"]}]}<\/script>\n<!-- \/ Yoast SEO Premium plugin. -->","yoast_head_json":{"title":"A hist\u00f3ria gastron\u00f4mica do Caf\u00e9 de l'Homme por Gala - Caf\u00e9 de l'Homme","robots":{"index":"index","follow":"follow","max-snippet":"max-snippet:-1","max-image-preview":"max-image-preview:large","max-video-preview":"max-video-preview:-1"},"canonical":"https:\/\/www.cafedelhomme.com\/pt-br\/a-historia-gastronomica-do-cafe-de-lhomme-por-gala","og_locale":"pt_BR","og_type":"article","og_title":"A hist\u00f3ria gastron\u00f4mica do Caf\u00e9 de l'Homme por Gala - Caf\u00e9 de l'Homme","og_description":"[vc_row responsive_css=&#8221;padding_top_large:40px|padding_bottom_large:80px&#8221; css=&#8221;.vc_custom_1686584535940{padding-top: 40px !important;padding-bottom: 40px !important;}&#8221; el_class=&#8221;main_food-story&#8221;][vc_column][vc_column_text]Junte-se a n\u00f3s na edi\u00e7\u00e3o de novembro da revista Gala para descobrir a hist\u00f3ria gastron\u00f4mica do Caf\u00e9 de l&#8217;Homme e os segredos por tr\u00e1s de nossas receitas famosas, revelados por nosso chef Jimmy Elisabeth. Os produtos, sublimados pelo...","og_url":"https:\/\/www.cafedelhomme.com\/pt-br\/a-historia-gastronomica-do-cafe-de-lhomme-por-gala","og_site_name":"Caf\u00e9 de l'Homme","article_publisher":"https:\/\/www.facebook.com\/cafedelhomme","article_published_time":"2020-12-14T14:00:08+00:00","article_modified_time":"2025-03-18T08:54:39+00:00","og_image":[{"width":1150,"height":768,"url":"https:\/\/www.cafedelhomme.com\/wp-content\/uploads\/2023\/06\/cafe-de-lhomme-food-story.jpeg","type":"image\/jpeg"}],"author":"Getup","twitter_card":"summary_large_image","twitter_misc":{"Escrito por":"Getup","Est. tempo de leitura":"2 minutos"},"schema":{"@context":"https:\/\/schema.org","@graph":[{"@type":"Article","@id":"https:\/\/www.cafedelhomme.com\/pt-br\/a-historia-gastronomica-do-cafe-de-lhomme-por-gala#article","isPartOf":{"@id":"https:\/\/www.cafedelhomme.com\/pt-br\/a-historia-gastronomica-do-cafe-de-lhomme-por-gala"},"author":{"name":"Getup","@id":"https:\/\/www.cafedelhomme.com\/pt-br#\/schema\/person\/55c660f885a3bf3b1d08ae502bd6850f"},"headline":"A hist\u00f3ria gastron\u00f4mica do Caf\u00e9 de l&#8217;Homme por Gala","datePublished":"2020-12-14T14:00:08+00:00","dateModified":"2025-03-18T08:54:39+00:00","mainEntityOfPage":{"@id":"https:\/\/www.cafedelhomme.com\/pt-br\/a-historia-gastronomica-do-cafe-de-lhomme-por-gala"},"wordCount":468,"publisher":{"@id":"https:\/\/www.cafedelhomme.com\/pt-br#organization"},"image":{"@id":"https:\/\/www.cafedelhomme.com\/pt-br\/a-historia-gastronomica-do-cafe-de-lhomme-por-gala#primaryimage"},"thumbnailUrl":"https:\/\/www.cafedelhomme.com\/wp-content\/uploads\/2023\/06\/cafe-de-lhomme-food-story.jpeg","articleSection":["Not\u00edcias"],"inLanguage":"pt-BR"},{"@type":"WebPage","@id":"https:\/\/www.cafedelhomme.com\/pt-br\/a-historia-gastronomica-do-cafe-de-lhomme-por-gala","url":"https:\/\/www.cafedelhomme.com\/pt-br\/a-historia-gastronomica-do-cafe-de-lhomme-por-gala","name":"A hist\u00f3ria gastron\u00f4mica do Caf\u00e9 de l'Homme por Gala - Caf\u00e9 de l'Homme","isPartOf":{"@id":"https:\/\/www.cafedelhomme.com\/pt-br#website"},"primaryImageOfPage":{"@id":"https:\/\/www.cafedelhomme.com\/pt-br\/a-historia-gastronomica-do-cafe-de-lhomme-por-gala#primaryimage"},"image":{"@id":"https:\/\/www.cafedelhomme.com\/pt-br\/a-historia-gastronomica-do-cafe-de-lhomme-por-gala#primaryimage"},"thumbnailUrl":"https:\/\/www.cafedelhomme.com\/wp-content\/uploads\/2023\/06\/cafe-de-lhomme-food-story.jpeg","datePublished":"2020-12-14T14:00:08+00:00","dateModified":"2025-03-18T08:54:39+00:00","inLanguage":"pt-BR","potentialAction":[{"@type":"ReadAction","target":["https:\/\/www.cafedelhomme.com\/pt-br\/a-historia-gastronomica-do-cafe-de-lhomme-por-gala"]}]},{"@type":"ImageObject","inLanguage":"pt-BR","@id":"https:\/\/www.cafedelhomme.com\/pt-br\/a-historia-gastronomica-do-cafe-de-lhomme-por-gala#primaryimage","url":"https:\/\/www.cafedelhomme.com\/wp-content\/uploads\/2023\/06\/cafe-de-lhomme-food-story.jpeg","contentUrl":"https:\/\/www.cafedelhomme.com\/wp-content\/uploads\/2023\/06\/cafe-de-lhomme-food-story.jpeg","width":1150,"height":768},{"@type":"WebSite","@id":"https:\/\/www.cafedelhomme.com\/pt-br#website","url":"https:\/\/www.cafedelhomme.com\/pt-br","name":"Caf\u00e9 de l'Homme","description":"","publisher":{"@id":"https:\/\/www.cafedelhomme.com\/pt-br#organization"},"potentialAction":[{"@type":"SearchAction","target":{"@type":"EntryPoint","urlTemplate":"https:\/\/www.cafedelhomme.com\/pt-br?s={search_term_string}"},"query-input":{"@type":"PropertyValueSpecification","valueRequired":true,"valueName":"search_term_string"}}],"inLanguage":"pt-BR"},{"@type":"Organization","@id":"https:\/\/www.cafedelhomme.com\/pt-br#organization","name":"Caf\u00e9 de l'Homme","url":"https:\/\/www.cafedelhomme.com\/pt-br","logo":{"@type":"ImageObject","inLanguage":"pt-BR","@id":"https:\/\/www.cafedelhomme.com\/pt-br#\/schema\/logo\/image\/","url":"https:\/\/www.cafedelhomme.com\/wp-content\/uploads\/2023\/04\/big-logo-300x163-1.png","contentUrl":"https:\/\/www.cafedelhomme.com\/wp-content\/uploads\/2023\/04\/big-logo-300x163-1.png","width":300,"height":163,"caption":"Caf\u00e9 de l'Homme"},"image":{"@id":"https:\/\/www.cafedelhomme.com\/pt-br#\/schema\/logo\/image\/"},"sameAs":["https:\/\/www.facebook.com\/cafedelhomme","https:\/\/www.instagram.com\/cafedelhomme\/"]},{"@type":"Person","@id":"https:\/\/www.cafedelhomme.com\/pt-br#\/schema\/person\/55c660f885a3bf3b1d08ae502bd6850f","name":"Getup","image":{"@type":"ImageObject","inLanguage":"pt-BR","@id":"https:\/\/www.cafedelhomme.com\/pt-br#\/schema\/person\/image\/","url":"https:\/\/secure.gravatar.com\/avatar\/5e19627732ce1f7366d35b250158e58668ab387bcef3219ee7bba031ec656192?s=96&d=mm&r=g","contentUrl":"https:\/\/secure.gravatar.com\/avatar\/5e19627732ce1f7366d35b250158e58668ab387bcef3219ee7bba031ec656192?s=96&d=mm&r=g","caption":"Getup"},"sameAs":["https:\/\/www.cafedelhomme.com"]}]}},"_links":{"self":[{"href":"https:\/\/www.cafedelhomme.com\/pt-br\/wp-json\/wp\/v2\/posts\/8323","targetHints":{"allow":["GET"]}}],"collection":[{"href":"https:\/\/www.cafedelhomme.com\/pt-br\/wp-json\/wp\/v2\/posts"}],"about":[{"href":"https:\/\/www.cafedelhomme.com\/pt-br\/wp-json\/wp\/v2\/types\/post"}],"author":[{"embeddable":true,"href":"https:\/\/www.cafedelhomme.com\/pt-br\/wp-json\/wp\/v2\/users\/1"}],"replies":[{"embeddable":true,"href":"https:\/\/www.cafedelhomme.com\/pt-br\/wp-json\/wp\/v2\/comments?post=8323"}],"version-history":[{"count":4,"href":"https:\/\/www.cafedelhomme.com\/pt-br\/wp-json\/wp\/v2\/posts\/8323\/revisions"}],"predecessor-version":[{"id":8335,"href":"https:\/\/www.cafedelhomme.com\/pt-br\/wp-json\/wp\/v2\/posts\/8323\/revisions\/8335"}],"wp:featuredmedia":[{"embeddable":true,"href":"https:\/\/www.cafedelhomme.com\/pt-br\/wp-json\/wp\/v2\/media\/8324"}],"wp:attachment":[{"href":"https:\/\/www.cafedelhomme.com\/pt-br\/wp-json\/wp\/v2\/media?parent=8323"}],"wp:term":[{"taxonomy":"category","embeddable":true,"href":"https:\/\/www.cafedelhomme.com\/pt-br\/wp-json\/wp\/v2\/categories?post=8323"},{"taxonomy":"post_tag","embeddable":true,"href":"https:\/\/www.cafedelhomme.com\/pt-br\/wp-json\/wp\/v2\/tags?post=8323"}],"curies":[{"name":"wp","href":"https:\/\/api.w.org\/{rel}","templated":true}]}}