{"id":8330,"date":"2020-10-01T15:11:04","date_gmt":"2020-10-01T13:11:04","guid":{"rendered":"https:\/\/www.cafedelhomme.com\/a-torre-eiffel-se-iluminou-de-rosa-para-o-outubro-rosa"},"modified":"2025-03-18T09:54:39","modified_gmt":"2025-03-18T08:54:39","slug":"a-torre-eiffel-se-iluminou-de-rosa-para-o-outubro-rosa","status":"publish","type":"post","link":"https:\/\/www.cafedelhomme.com\/pt-br\/a-torre-eiffel-se-iluminou-de-rosa-para-o-outubro-rosa","title":{"rendered":"A Torre Eiffel se iluminou de rosa para o Outubro Rosa"},"content":{"rendered":"<div class=\"wpb-content-wrapper\"><p>[vc_row responsive_css=&#8221;padding_top_large:40px|padding_bottom_large:80px&#8221; css=&#8221;.vc_custom_1686583072230{padding-top: 40px !important;padding-bottom: 40px !important;}&#8221; el_class=&#8221;main_octobre-rose&#8221;][vc_column][vc_custom_heading text=&#8221;Para marcar o lan\u00e7amento do evento &quot;Outubro Rosa&quot; de 2020, a Torre Eiffel ser\u00e1 iluminada de rosa \u00e0s 20h20 da quinta-feira, 1\u00ba de outubro. Haver\u00e1 tamb\u00e9m uma exibi\u00e7\u00e3o pirot\u00e9cnica na Bacia do Trocad\u00e9ro. &#8220;][vc_column_text]Venha admirar e fotografar a Torre Eiffel do terra\u00e7o do Caf\u00e9 de l&#8217;Homme.<\/p>\n<p>A Association <a href=\"http:\/\/www.cancerdusein.org\/association\/\">Ruban Rose<\/a> est\u00e1 lutando contra o c\u00e2ncer de mama, conscientizando o p\u00fablico por meio de campanhas como o Outubro Rosa.<br \/>\nEste evento \u00e9 uma forte mensagem de apoio \u00e0s pessoas com c\u00e2ncer de mama, dando pleno significado ao slogan &#8220;Todos unidos pela mesma cor&#8221;.<\/p>\n<p>Desfrute de um momento \u00fanico no terra\u00e7o* do <a href=\"https:\/\/www.cafedelhomme.com\/pt-br\/privatizar\">Caf\u00e9 de l&#8217;Homme<\/a>, na primeira fila, de frente para a Torre Eiffel.<\/p>\n<p>* As mesas no terra\u00e7o s\u00e3o reservadas para as experi\u00eancias Diamond, Eiffel e Paris.[\/vc_column_text]<a href=\"https:\/\/www.cafedelhomme.com\/privatiser\/admirez-la-tour-eiffel-vetue-de-rose-depuis-le-cafe-de-lhomme\/#\" class=\"btn btn-naked btn_underline sr-res-root vc_custom_1686582743777\">\n\t<span>\n\t\t\n\t\t\t\t\t<span class=\"btn-txt\">R\u00e9server une exp\u00e9rience<\/span>\n\t\t\t\n\t\t\t\t<\/span>\n<\/a>\n[\/vc_column][\/vc_row]<\/p>\n<\/div>","protected":false},"excerpt":{"rendered":"<p>[vc_row responsive_css=&#8221;padding_top_large:40px|padding_bottom_large:80px&#8221; css=&#8221;.vc_custom_1686583072230{padding-top: 40px !important;padding-bottom: 40px !important;}&#8221; el_class=&#8221;main_octobre-rose&#8221;][vc_column][vc_custom_heading text=&#8221;Para marcar o lan\u00e7amento do evento &quot;Outubro Rosa&quot; de 2020, a Torre Eiffel ser\u00e1 iluminada de rosa \u00e0s 20h20 da quinta-feira, 1\u00ba de outubro. Haver\u00e1 tamb\u00e9m uma exibi\u00e7\u00e3o pirot\u00e9cnica na Bacia do Trocad\u00e9ro. &#8220;][vc_column_text]Venha admirar e fotografar&#8230;<\/p>\n","protected":false},"author":1,"featured_media":8305,"comment_status":"closed","ping_status":"open","sticky":false,"template":"","format":"standard","meta":{"_acf_changed":false,"footnotes":""},"categories":[113],"tags":[],"class_list":["post-8330","post","type-post","status-publish","format-standard","has-post-thumbnail","hentry","category-noticias"],"acf":[],"yoast_head":"<!-- This site is optimized with the Yoast SEO Premium plugin v20.10 (Yoast SEO v27.0) - https:\/\/yoast.com\/product\/yoast-seo-premium-wordpress\/ -->\n<title>A Torre Eiffel se iluminou de rosa para o Outubro Rosa - Caf\u00e9 de l&#039;Homme<\/title>\n<meta name=\"robots\" content=\"index, follow, max-snippet:-1, max-image-preview:large, max-video-preview:-1\" \/>\n<link rel=\"canonical\" href=\"https:\/\/www.cafedelhomme.com\/pt-br\/a-torre-eiffel-se-iluminou-de-rosa-para-o-outubro-rosa\" \/>\n<meta property=\"og:locale\" content=\"pt_BR\" \/>\n<meta property=\"og:type\" content=\"article\" \/>\n<meta property=\"og:title\" content=\"A Torre Eiffel se iluminou de rosa para o Outubro Rosa - Caf\u00e9 de l&#039;Homme\" \/>\n<meta property=\"og:description\" content=\"[vc_row responsive_css=&#8221;padding_top_large:40px|padding_bottom_large:80px&#8221; css=&#8221;.vc_custom_1686583072230{padding-top: 40px !important;padding-bottom: 40px !important;}&#8221; el_class=&#8221;main_octobre-rose&#8221;][vc_column][vc_custom_heading text=&#8221;Para marcar o lan\u00e7amento do evento &quot;Outubro Rosa&quot; de 2020, a Torre Eiffel ser\u00e1 iluminada de rosa \u00e0s 20h20 da quinta-feira, 1\u00ba de outubro. Haver\u00e1 tamb\u00e9m uma exibi\u00e7\u00e3o pirot\u00e9cnica na Bacia do Trocad\u00e9ro. &#8220;][vc_column_text]Venha admirar e fotografar...\" \/>\n<meta property=\"og:url\" content=\"https:\/\/www.cafedelhomme.com\/pt-br\/a-torre-eiffel-se-iluminou-de-rosa-para-o-outubro-rosa\" \/>\n<meta property=\"og:site_name\" content=\"Caf\u00e9 de l&#039;Homme\" \/>\n<meta property=\"article:publisher\" content=\"https:\/\/www.facebook.com\/cafedelhomme\" \/>\n<meta property=\"article:published_time\" content=\"2020-10-01T13:11:04+00:00\" \/>\n<meta property=\"article:modified_time\" content=\"2025-03-18T08:54:39+00:00\" \/>\n<meta property=\"og:image\" content=\"https:\/\/www.cafedelhomme.com\/wp-content\/uploads\/2023\/06\/tour-Eiffel-Octobre-Rose-CDH.jpg\" \/>\n\t<meta property=\"og:image:width\" content=\"1303\" \/>\n\t<meta property=\"og:image:height\" content=\"727\" \/>\n\t<meta property=\"og:image:type\" content=\"image\/jpeg\" \/>\n<meta name=\"author\" content=\"Getup\" \/>\n<meta name=\"twitter:card\" content=\"summary_large_image\" \/>\n<meta name=\"twitter:label1\" content=\"Escrito por\" \/>\n\t<meta name=\"twitter:data1\" content=\"Getup\" \/>\n\t<meta name=\"twitter:label2\" content=\"Est. tempo de leitura\" \/>\n\t<meta name=\"twitter:data2\" content=\"1 minuto\" \/>\n<script type=\"application\/ld+json\" class=\"yoast-schema-graph\">{\"@context\":\"https:\/\/schema.org\",\"@graph\":[{\"@type\":\"Article\",\"@id\":\"https:\/\/www.cafedelhomme.com\/pt-br\/a-torre-eiffel-se-iluminou-de-rosa-para-o-outubro-rosa#article\",\"isPartOf\":{\"@id\":\"https:\/\/www.cafedelhomme.com\/pt-br\/a-torre-eiffel-se-iluminou-de-rosa-para-o-outubro-rosa\"},\"author\":{\"name\":\"Getup\",\"@id\":\"https:\/\/www.cafedelhomme.com\/pt-br#\/schema\/person\/55c660f885a3bf3b1d08ae502bd6850f\"},\"headline\":\"A Torre Eiffel se iluminou de rosa para o Outubro Rosa\",\"datePublished\":\"2020-10-01T13:11:04+00:00\",\"dateModified\":\"2025-03-18T08:54:39+00:00\",\"mainEntityOfPage\":{\"@id\":\"https:\/\/www.cafedelhomme.com\/pt-br\/a-torre-eiffel-se-iluminou-de-rosa-para-o-outubro-rosa\"},\"wordCount\":225,\"publisher\":{\"@id\":\"https:\/\/www.cafedelhomme.com\/pt-br#organization\"},\"image\":{\"@id\":\"https:\/\/www.cafedelhomme.com\/pt-br\/a-torre-eiffel-se-iluminou-de-rosa-para-o-outubro-rosa#primaryimage\"},\"thumbnailUrl\":\"https:\/\/www.cafedelhomme.com\/wp-content\/uploads\/2023\/06\/tour-Eiffel-Octobre-Rose-CDH.jpg\",\"articleSection\":[\"Not\u00edcias\"],\"inLanguage\":\"pt-BR\"},{\"@type\":\"WebPage\",\"@id\":\"https:\/\/www.cafedelhomme.com\/pt-br\/a-torre-eiffel-se-iluminou-de-rosa-para-o-outubro-rosa\",\"url\":\"https:\/\/www.cafedelhomme.com\/pt-br\/a-torre-eiffel-se-iluminou-de-rosa-para-o-outubro-rosa\",\"name\":\"A Torre Eiffel se iluminou de rosa para o Outubro Rosa - Caf\u00e9 de l'Homme\",\"isPartOf\":{\"@id\":\"https:\/\/www.cafedelhomme.com\/pt-br#website\"},\"primaryImageOfPage\":{\"@id\":\"https:\/\/www.cafedelhomme.com\/pt-br\/a-torre-eiffel-se-iluminou-de-rosa-para-o-outubro-rosa#primaryimage\"},\"image\":{\"@id\":\"https:\/\/www.cafedelhomme.com\/pt-br\/a-torre-eiffel-se-iluminou-de-rosa-para-o-outubro-rosa#primaryimage\"},\"thumbnailUrl\":\"https:\/\/www.cafedelhomme.com\/wp-content\/uploads\/2023\/06\/tour-Eiffel-Octobre-Rose-CDH.jpg\",\"datePublished\":\"2020-10-01T13:11:04+00:00\",\"dateModified\":\"2025-03-18T08:54:39+00:00\",\"inLanguage\":\"pt-BR\",\"potentialAction\":[{\"@type\":\"ReadAction\",\"target\":[\"https:\/\/www.cafedelhomme.com\/pt-br\/a-torre-eiffel-se-iluminou-de-rosa-para-o-outubro-rosa\"]}]},{\"@type\":\"ImageObject\",\"inLanguage\":\"pt-BR\",\"@id\":\"https:\/\/www.cafedelhomme.com\/pt-br\/a-torre-eiffel-se-iluminou-de-rosa-para-o-outubro-rosa#primaryimage\",\"url\":\"https:\/\/www.cafedelhomme.com\/wp-content\/uploads\/2023\/06\/tour-Eiffel-Octobre-Rose-CDH.jpg\",\"contentUrl\":\"https:\/\/www.cafedelhomme.com\/wp-content\/uploads\/2023\/06\/tour-Eiffel-Octobre-Rose-CDH.jpg\",\"width\":1303,\"height\":727},{\"@type\":\"WebSite\",\"@id\":\"https:\/\/www.cafedelhomme.com\/pt-br#website\",\"url\":\"https:\/\/www.cafedelhomme.com\/pt-br\",\"name\":\"Caf\u00e9 de l'Homme\",\"description\":\"\",\"publisher\":{\"@id\":\"https:\/\/www.cafedelhomme.com\/pt-br#organization\"},\"potentialAction\":[{\"@type\":\"SearchAction\",\"target\":{\"@type\":\"EntryPoint\",\"urlTemplate\":\"https:\/\/www.cafedelhomme.com\/pt-br?s={search_term_string}\"},\"query-input\":{\"@type\":\"PropertyValueSpecification\",\"valueRequired\":true,\"valueName\":\"search_term_string\"}}],\"inLanguage\":\"pt-BR\"},{\"@type\":\"Organization\",\"@id\":\"https:\/\/www.cafedelhomme.com\/pt-br#organization\",\"name\":\"Caf\u00e9 de l'Homme\",\"url\":\"https:\/\/www.cafedelhomme.com\/pt-br\",\"logo\":{\"@type\":\"ImageObject\",\"inLanguage\":\"pt-BR\",\"@id\":\"https:\/\/www.cafedelhomme.com\/pt-br#\/schema\/logo\/image\/\",\"url\":\"https:\/\/www.cafedelhomme.com\/wp-content\/uploads\/2023\/04\/big-logo-300x163-1.png\",\"contentUrl\":\"https:\/\/www.cafedelhomme.com\/wp-content\/uploads\/2023\/04\/big-logo-300x163-1.png\",\"width\":300,\"height\":163,\"caption\":\"Caf\u00e9 de l'Homme\"},\"image\":{\"@id\":\"https:\/\/www.cafedelhomme.com\/pt-br#\/schema\/logo\/image\/\"},\"sameAs\":[\"https:\/\/www.facebook.com\/cafedelhomme\",\"https:\/\/www.instagram.com\/cafedelhomme\/\"]},{\"@type\":\"Person\",\"@id\":\"https:\/\/www.cafedelhomme.com\/pt-br#\/schema\/person\/55c660f885a3bf3b1d08ae502bd6850f\",\"name\":\"Getup\",\"image\":{\"@type\":\"ImageObject\",\"inLanguage\":\"pt-BR\",\"@id\":\"https:\/\/www.cafedelhomme.com\/pt-br#\/schema\/person\/image\/\",\"url\":\"https:\/\/secure.gravatar.com\/avatar\/5e19627732ce1f7366d35b250158e58668ab387bcef3219ee7bba031ec656192?s=96&d=mm&r=g\",\"contentUrl\":\"https:\/\/secure.gravatar.com\/avatar\/5e19627732ce1f7366d35b250158e58668ab387bcef3219ee7bba031ec656192?s=96&d=mm&r=g\",\"caption\":\"Getup\"},\"sameAs\":[\"https:\/\/www.cafedelhomme.com\"]}]}<\/script>\n<!-- \/ Yoast SEO Premium plugin. -->","yoast_head_json":{"title":"A Torre Eiffel se iluminou de rosa para o Outubro Rosa - Caf\u00e9 de l'Homme","robots":{"index":"index","follow":"follow","max-snippet":"max-snippet:-1","max-image-preview":"max-image-preview:large","max-video-preview":"max-video-preview:-1"},"canonical":"https:\/\/www.cafedelhomme.com\/pt-br\/a-torre-eiffel-se-iluminou-de-rosa-para-o-outubro-rosa","og_locale":"pt_BR","og_type":"article","og_title":"A Torre Eiffel se iluminou de rosa para o Outubro Rosa - Caf\u00e9 de l'Homme","og_description":"[vc_row responsive_css=&#8221;padding_top_large:40px|padding_bottom_large:80px&#8221; css=&#8221;.vc_custom_1686583072230{padding-top: 40px !important;padding-bottom: 40px !important;}&#8221; el_class=&#8221;main_octobre-rose&#8221;][vc_column][vc_custom_heading text=&#8221;Para marcar o lan\u00e7amento do evento &quot;Outubro Rosa&quot; de 2020, a Torre Eiffel ser\u00e1 iluminada de rosa \u00e0s 20h20 da quinta-feira, 1\u00ba de outubro. Haver\u00e1 tamb\u00e9m uma exibi\u00e7\u00e3o pirot\u00e9cnica na Bacia do Trocad\u00e9ro. &#8220;][vc_column_text]Venha admirar e fotografar...","og_url":"https:\/\/www.cafedelhomme.com\/pt-br\/a-torre-eiffel-se-iluminou-de-rosa-para-o-outubro-rosa","og_site_name":"Caf\u00e9 de l'Homme","article_publisher":"https:\/\/www.facebook.com\/cafedelhomme","article_published_time":"2020-10-01T13:11:04+00:00","article_modified_time":"2025-03-18T08:54:39+00:00","og_image":[{"width":1303,"height":727,"url":"https:\/\/www.cafedelhomme.com\/wp-content\/uploads\/2023\/06\/tour-Eiffel-Octobre-Rose-CDH.jpg","type":"image\/jpeg"}],"author":"Getup","twitter_card":"summary_large_image","twitter_misc":{"Escrito por":"Getup","Est. tempo de leitura":"1 minuto"},"schema":{"@context":"https:\/\/schema.org","@graph":[{"@type":"Article","@id":"https:\/\/www.cafedelhomme.com\/pt-br\/a-torre-eiffel-se-iluminou-de-rosa-para-o-outubro-rosa#article","isPartOf":{"@id":"https:\/\/www.cafedelhomme.com\/pt-br\/a-torre-eiffel-se-iluminou-de-rosa-para-o-outubro-rosa"},"author":{"name":"Getup","@id":"https:\/\/www.cafedelhomme.com\/pt-br#\/schema\/person\/55c660f885a3bf3b1d08ae502bd6850f"},"headline":"A Torre Eiffel se iluminou de rosa para o Outubro Rosa","datePublished":"2020-10-01T13:11:04+00:00","dateModified":"2025-03-18T08:54:39+00:00","mainEntityOfPage":{"@id":"https:\/\/www.cafedelhomme.com\/pt-br\/a-torre-eiffel-se-iluminou-de-rosa-para-o-outubro-rosa"},"wordCount":225,"publisher":{"@id":"https:\/\/www.cafedelhomme.com\/pt-br#organization"},"image":{"@id":"https:\/\/www.cafedelhomme.com\/pt-br\/a-torre-eiffel-se-iluminou-de-rosa-para-o-outubro-rosa#primaryimage"},"thumbnailUrl":"https:\/\/www.cafedelhomme.com\/wp-content\/uploads\/2023\/06\/tour-Eiffel-Octobre-Rose-CDH.jpg","articleSection":["Not\u00edcias"],"inLanguage":"pt-BR"},{"@type":"WebPage","@id":"https:\/\/www.cafedelhomme.com\/pt-br\/a-torre-eiffel-se-iluminou-de-rosa-para-o-outubro-rosa","url":"https:\/\/www.cafedelhomme.com\/pt-br\/a-torre-eiffel-se-iluminou-de-rosa-para-o-outubro-rosa","name":"A Torre Eiffel se iluminou de rosa para o Outubro Rosa - Caf\u00e9 de l'Homme","isPartOf":{"@id":"https:\/\/www.cafedelhomme.com\/pt-br#website"},"primaryImageOfPage":{"@id":"https:\/\/www.cafedelhomme.com\/pt-br\/a-torre-eiffel-se-iluminou-de-rosa-para-o-outubro-rosa#primaryimage"},"image":{"@id":"https:\/\/www.cafedelhomme.com\/pt-br\/a-torre-eiffel-se-iluminou-de-rosa-para-o-outubro-rosa#primaryimage"},"thumbnailUrl":"https:\/\/www.cafedelhomme.com\/wp-content\/uploads\/2023\/06\/tour-Eiffel-Octobre-Rose-CDH.jpg","datePublished":"2020-10-01T13:11:04+00:00","dateModified":"2025-03-18T08:54:39+00:00","inLanguage":"pt-BR","potentialAction":[{"@type":"ReadAction","target":["https:\/\/www.cafedelhomme.com\/pt-br\/a-torre-eiffel-se-iluminou-de-rosa-para-o-outubro-rosa"]}]},{"@type":"ImageObject","inLanguage":"pt-BR","@id":"https:\/\/www.cafedelhomme.com\/pt-br\/a-torre-eiffel-se-iluminou-de-rosa-para-o-outubro-rosa#primaryimage","url":"https:\/\/www.cafedelhomme.com\/wp-content\/uploads\/2023\/06\/tour-Eiffel-Octobre-Rose-CDH.jpg","contentUrl":"https:\/\/www.cafedelhomme.com\/wp-content\/uploads\/2023\/06\/tour-Eiffel-Octobre-Rose-CDH.jpg","width":1303,"height":727},{"@type":"WebSite","@id":"https:\/\/www.cafedelhomme.com\/pt-br#website","url":"https:\/\/www.cafedelhomme.com\/pt-br","name":"Caf\u00e9 de l'Homme","description":"","publisher":{"@id":"https:\/\/www.cafedelhomme.com\/pt-br#organization"},"potentialAction":[{"@type":"SearchAction","target":{"@type":"EntryPoint","urlTemplate":"https:\/\/www.cafedelhomme.com\/pt-br?s={search_term_string}"},"query-input":{"@type":"PropertyValueSpecification","valueRequired":true,"valueName":"search_term_string"}}],"inLanguage":"pt-BR"},{"@type":"Organization","@id":"https:\/\/www.cafedelhomme.com\/pt-br#organization","name":"Caf\u00e9 de l'Homme","url":"https:\/\/www.cafedelhomme.com\/pt-br","logo":{"@type":"ImageObject","inLanguage":"pt-BR","@id":"https:\/\/www.cafedelhomme.com\/pt-br#\/schema\/logo\/image\/","url":"https:\/\/www.cafedelhomme.com\/wp-content\/uploads\/2023\/04\/big-logo-300x163-1.png","contentUrl":"https:\/\/www.cafedelhomme.com\/wp-content\/uploads\/2023\/04\/big-logo-300x163-1.png","width":300,"height":163,"caption":"Caf\u00e9 de l'Homme"},"image":{"@id":"https:\/\/www.cafedelhomme.com\/pt-br#\/schema\/logo\/image\/"},"sameAs":["https:\/\/www.facebook.com\/cafedelhomme","https:\/\/www.instagram.com\/cafedelhomme\/"]},{"@type":"Person","@id":"https:\/\/www.cafedelhomme.com\/pt-br#\/schema\/person\/55c660f885a3bf3b1d08ae502bd6850f","name":"Getup","image":{"@type":"ImageObject","inLanguage":"pt-BR","@id":"https:\/\/www.cafedelhomme.com\/pt-br#\/schema\/person\/image\/","url":"https:\/\/secure.gravatar.com\/avatar\/5e19627732ce1f7366d35b250158e58668ab387bcef3219ee7bba031ec656192?s=96&d=mm&r=g","contentUrl":"https:\/\/secure.gravatar.com\/avatar\/5e19627732ce1f7366d35b250158e58668ab387bcef3219ee7bba031ec656192?s=96&d=mm&r=g","caption":"Getup"},"sameAs":["https:\/\/www.cafedelhomme.com"]}]}},"_links":{"self":[{"href":"https:\/\/www.cafedelhomme.com\/pt-br\/wp-json\/wp\/v2\/posts\/8330","targetHints":{"allow":["GET"]}}],"collection":[{"href":"https:\/\/www.cafedelhomme.com\/pt-br\/wp-json\/wp\/v2\/posts"}],"about":[{"href":"https:\/\/www.cafedelhomme.com\/pt-br\/wp-json\/wp\/v2\/types\/post"}],"author":[{"embeddable":true,"href":"https:\/\/www.cafedelhomme.com\/pt-br\/wp-json\/wp\/v2\/users\/1"}],"replies":[{"embeddable":true,"href":"https:\/\/www.cafedelhomme.com\/pt-br\/wp-json\/wp\/v2\/comments?post=8330"}],"version-history":[{"count":1,"href":"https:\/\/www.cafedelhomme.com\/pt-br\/wp-json\/wp\/v2\/posts\/8330\/revisions"}],"predecessor-version":[{"id":8338,"href":"https:\/\/www.cafedelhomme.com\/pt-br\/wp-json\/wp\/v2\/posts\/8330\/revisions\/8338"}],"wp:featuredmedia":[{"embeddable":true,"href":"https:\/\/www.cafedelhomme.com\/pt-br\/wp-json\/wp\/v2\/media\/8305"}],"wp:attachment":[{"href":"https:\/\/www.cafedelhomme.com\/pt-br\/wp-json\/wp\/v2\/media?parent=8330"}],"wp:term":[{"taxonomy":"category","embeddable":true,"href":"https:\/\/www.cafedelhomme.com\/pt-br\/wp-json\/wp\/v2\/categories?post=8330"},{"taxonomy":"post_tag","embeddable":true,"href":"https:\/\/www.cafedelhomme.com\/pt-br\/wp-json\/wp\/v2\/tags?post=8330"}],"curies":[{"name":"wp","href":"https:\/\/api.w.org\/{rel}","templated":true}]}}