{"id":8331,"date":"2019-12-10T16:43:21","date_gmt":"2019-12-10T15:43:21","guid":{"rendered":"https:\/\/www.cafedelhomme.com\/desfrute-de-um-momento-inesquecivel-no-restaurante-na-noite-de-24-e-25-de-dezembro"},"modified":"2025-03-18T09:54:41","modified_gmt":"2025-03-18T08:54:41","slug":"desfrute-de-um-momento-inesquecivel-no-restaurante-na-noite-de-24-e-25-de-dezembro","status":"publish","type":"post","link":"https:\/\/www.cafedelhomme.com\/pt-br\/desfrute-de-um-momento-inesquecivel-no-restaurante-na-noite-de-24-e-25-de-dezembro","title":{"rendered":"Desfrute de um momento inesquec\u00edvel no restaurante na noite de 24 e 25 de dezembro"},"content":{"rendered":"<div class=\"wpb-content-wrapper\"><p>[vc_row responsive_css=&#8221;padding_top_large:40px|padding_bottom_large:80px&#8221; css=&#8221;.vc_custom_1686582476286{padding-top: 40px !important;padding-bottom: 40px !important;}&#8221;][vc_column][vc_custom_heading text=&#8221;O Natal est\u00e1 chegando!&#8221;][vc_column_text]O Natal est\u00e1 chegando, ent\u00e3o aproveite ao m\u00e1ximo um momento inesquec\u00edvel no restaurante na noite de 24 e 25 de dezembro.<\/p>\n<p>O Caf\u00e9 de l&#8217;Homme antecipou o final de 2019 para mergulhar voc\u00ea nas festividades de Natal.<\/p>\n<p>Desfrute de uma experi\u00eancia personalizada criada por nosso Chef e sua brigada.[\/vc_column_text][\/vc_column][\/vc_row]<\/p>\n<\/div>","protected":false},"excerpt":{"rendered":"<p>[vc_row responsive_css=&#8221;padding_top_large:40px|padding_bottom_large:80px&#8221; css=&#8221;.vc_custom_1686582476286{padding-top: 40px !important;padding-bottom: 40px !important;}&#8221;][vc_column][vc_custom_heading text=&#8221;O Natal est\u00e1 chegando!&#8221;][vc_column_text]O Natal est\u00e1 chegando, ent\u00e3o aproveite ao m\u00e1ximo um momento inesquec\u00edvel no restaurante na noite de 24 e 25 de dezembro. O Caf\u00e9 de l&#8217;Homme antecipou o final de 2019 para mergulhar voc\u00ea nas festividades&#8230;<\/p>\n","protected":false},"author":1,"featured_media":8332,"comment_status":"closed","ping_status":"open","sticky":false,"template":"","format":"standard","meta":{"_acf_changed":false,"footnotes":""},"categories":[113],"tags":[],"class_list":["post-8331","post","type-post","status-publish","format-standard","has-post-thumbnail","hentry","category-noticias"],"acf":[],"yoast_head":"<!-- This site is optimized with the Yoast SEO Premium plugin v20.10 (Yoast SEO v27.0) - https:\/\/yoast.com\/product\/yoast-seo-premium-wordpress\/ -->\n<title>Desfrute de um momento inesquec\u00edvel no restaurante na noite de 24 e 25 de dezembro - Caf\u00e9 de l&#039;Homme<\/title>\n<meta name=\"robots\" content=\"index, follow, max-snippet:-1, max-image-preview:large, max-video-preview:-1\" \/>\n<link rel=\"canonical\" href=\"https:\/\/www.cafedelhomme.com\/pt-br\/desfrute-de-um-momento-inesquecivel-no-restaurante-na-noite-de-24-e-25-de-dezembro\" \/>\n<meta property=\"og:locale\" content=\"pt_BR\" \/>\n<meta property=\"og:type\" content=\"article\" \/>\n<meta property=\"og:title\" content=\"Desfrute de um momento inesquec\u00edvel no restaurante na noite de 24 e 25 de dezembro - Caf\u00e9 de l&#039;Homme\" \/>\n<meta property=\"og:description\" content=\"[vc_row responsive_css=&#8221;padding_top_large:40px|padding_bottom_large:80px&#8221; css=&#8221;.vc_custom_1686582476286{padding-top: 40px !important;padding-bottom: 40px !important;}&#8221;][vc_column][vc_custom_heading text=&#8221;O Natal est\u00e1 chegando!&#8221;][vc_column_text]O Natal est\u00e1 chegando, ent\u00e3o aproveite ao m\u00e1ximo um momento inesquec\u00edvel no restaurante na noite de 24 e 25 de dezembro. O Caf\u00e9 de l&#8217;Homme antecipou o final de 2019 para mergulhar voc\u00ea nas festividades...\" \/>\n<meta property=\"og:url\" content=\"https:\/\/www.cafedelhomme.com\/pt-br\/desfrute-de-um-momento-inesquecivel-no-restaurante-na-noite-de-24-e-25-de-dezembro\" \/>\n<meta property=\"og:site_name\" content=\"Caf\u00e9 de l&#039;Homme\" \/>\n<meta property=\"article:publisher\" content=\"https:\/\/www.facebook.com\/cafedelhomme\" \/>\n<meta property=\"article:published_time\" content=\"2019-12-10T15:43:21+00:00\" \/>\n<meta property=\"article:modified_time\" content=\"2025-03-18T08:54:41+00:00\" \/>\n<meta property=\"og:image\" content=\"https:\/\/www.cafedelhomme.com\/wp-content\/uploads\/2023\/06\/getThumb.php-3.jpeg\" \/>\n\t<meta property=\"og:image:width\" content=\"800\" \/>\n\t<meta property=\"og:image:height\" content=\"600\" \/>\n\t<meta property=\"og:image:type\" content=\"image\/jpeg\" \/>\n<meta name=\"author\" content=\"Getup\" \/>\n<meta name=\"twitter:card\" content=\"summary_large_image\" \/>\n<meta name=\"twitter:label1\" content=\"Escrito por\" \/>\n\t<meta name=\"twitter:data1\" content=\"Getup\" \/>\n<script type=\"application\/ld+json\" class=\"yoast-schema-graph\">{\"@context\":\"https:\/\/schema.org\",\"@graph\":[{\"@type\":\"Article\",\"@id\":\"https:\/\/www.cafedelhomme.com\/pt-br\/desfrute-de-um-momento-inesquecivel-no-restaurante-na-noite-de-24-e-25-de-dezembro#article\",\"isPartOf\":{\"@id\":\"https:\/\/www.cafedelhomme.com\/pt-br\/desfrute-de-um-momento-inesquecivel-no-restaurante-na-noite-de-24-e-25-de-dezembro\"},\"author\":{\"name\":\"Getup\",\"@id\":\"https:\/\/www.cafedelhomme.com\/pt-br#\/schema\/person\/55c660f885a3bf3b1d08ae502bd6850f\"},\"headline\":\"Desfrute de um momento inesquec\u00edvel no restaurante na noite de 24 e 25 de dezembro\",\"datePublished\":\"2019-12-10T15:43:21+00:00\",\"dateModified\":\"2025-03-18T08:54:41+00:00\",\"mainEntityOfPage\":{\"@id\":\"https:\/\/www.cafedelhomme.com\/pt-br\/desfrute-de-um-momento-inesquecivel-no-restaurante-na-noite-de-24-e-25-de-dezembro\"},\"wordCount\":106,\"publisher\":{\"@id\":\"https:\/\/www.cafedelhomme.com\/pt-br#organization\"},\"image\":{\"@id\":\"https:\/\/www.cafedelhomme.com\/pt-br\/desfrute-de-um-momento-inesquecivel-no-restaurante-na-noite-de-24-e-25-de-dezembro#primaryimage\"},\"thumbnailUrl\":\"https:\/\/www.cafedelhomme.com\/wp-content\/uploads\/2023\/06\/getThumb.php-3.jpeg\",\"articleSection\":[\"Not\u00edcias\"],\"inLanguage\":\"pt-BR\"},{\"@type\":\"WebPage\",\"@id\":\"https:\/\/www.cafedelhomme.com\/pt-br\/desfrute-de-um-momento-inesquecivel-no-restaurante-na-noite-de-24-e-25-de-dezembro\",\"url\":\"https:\/\/www.cafedelhomme.com\/pt-br\/desfrute-de-um-momento-inesquecivel-no-restaurante-na-noite-de-24-e-25-de-dezembro\",\"name\":\"Desfrute de um momento inesquec\u00edvel no restaurante na noite de 24 e 25 de dezembro - Caf\u00e9 de l'Homme\",\"isPartOf\":{\"@id\":\"https:\/\/www.cafedelhomme.com\/pt-br#website\"},\"primaryImageOfPage\":{\"@id\":\"https:\/\/www.cafedelhomme.com\/pt-br\/desfrute-de-um-momento-inesquecivel-no-restaurante-na-noite-de-24-e-25-de-dezembro#primaryimage\"},\"image\":{\"@id\":\"https:\/\/www.cafedelhomme.com\/pt-br\/desfrute-de-um-momento-inesquecivel-no-restaurante-na-noite-de-24-e-25-de-dezembro#primaryimage\"},\"thumbnailUrl\":\"https:\/\/www.cafedelhomme.com\/wp-content\/uploads\/2023\/06\/getThumb.php-3.jpeg\",\"datePublished\":\"2019-12-10T15:43:21+00:00\",\"dateModified\":\"2025-03-18T08:54:41+00:00\",\"inLanguage\":\"pt-BR\",\"potentialAction\":[{\"@type\":\"ReadAction\",\"target\":[\"https:\/\/www.cafedelhomme.com\/pt-br\/desfrute-de-um-momento-inesquecivel-no-restaurante-na-noite-de-24-e-25-de-dezembro\"]}]},{\"@type\":\"ImageObject\",\"inLanguage\":\"pt-BR\",\"@id\":\"https:\/\/www.cafedelhomme.com\/pt-br\/desfrute-de-um-momento-inesquecivel-no-restaurante-na-noite-de-24-e-25-de-dezembro#primaryimage\",\"url\":\"https:\/\/www.cafedelhomme.com\/wp-content\/uploads\/2023\/06\/getThumb.php-3.jpeg\",\"contentUrl\":\"https:\/\/www.cafedelhomme.com\/wp-content\/uploads\/2023\/06\/getThumb.php-3.jpeg\",\"width\":800,\"height\":600},{\"@type\":\"WebSite\",\"@id\":\"https:\/\/www.cafedelhomme.com\/pt-br#website\",\"url\":\"https:\/\/www.cafedelhomme.com\/pt-br\",\"name\":\"Caf\u00e9 de l'Homme\",\"description\":\"\",\"publisher\":{\"@id\":\"https:\/\/www.cafedelhomme.com\/pt-br#organization\"},\"potentialAction\":[{\"@type\":\"SearchAction\",\"target\":{\"@type\":\"EntryPoint\",\"urlTemplate\":\"https:\/\/www.cafedelhomme.com\/pt-br?s={search_term_string}\"},\"query-input\":{\"@type\":\"PropertyValueSpecification\",\"valueRequired\":true,\"valueName\":\"search_term_string\"}}],\"inLanguage\":\"pt-BR\"},{\"@type\":\"Organization\",\"@id\":\"https:\/\/www.cafedelhomme.com\/pt-br#organization\",\"name\":\"Caf\u00e9 de l'Homme\",\"url\":\"https:\/\/www.cafedelhomme.com\/pt-br\",\"logo\":{\"@type\":\"ImageObject\",\"inLanguage\":\"pt-BR\",\"@id\":\"https:\/\/www.cafedelhomme.com\/pt-br#\/schema\/logo\/image\/\",\"url\":\"https:\/\/www.cafedelhomme.com\/wp-content\/uploads\/2023\/04\/big-logo-300x163-1.png\",\"contentUrl\":\"https:\/\/www.cafedelhomme.com\/wp-content\/uploads\/2023\/04\/big-logo-300x163-1.png\",\"width\":300,\"height\":163,\"caption\":\"Caf\u00e9 de l'Homme\"},\"image\":{\"@id\":\"https:\/\/www.cafedelhomme.com\/pt-br#\/schema\/logo\/image\/\"},\"sameAs\":[\"https:\/\/www.facebook.com\/cafedelhomme\",\"https:\/\/www.instagram.com\/cafedelhomme\/\"]},{\"@type\":\"Person\",\"@id\":\"https:\/\/www.cafedelhomme.com\/pt-br#\/schema\/person\/55c660f885a3bf3b1d08ae502bd6850f\",\"name\":\"Getup\",\"image\":{\"@type\":\"ImageObject\",\"inLanguage\":\"pt-BR\",\"@id\":\"https:\/\/www.cafedelhomme.com\/pt-br#\/schema\/person\/image\/\",\"url\":\"https:\/\/secure.gravatar.com\/avatar\/5e19627732ce1f7366d35b250158e58668ab387bcef3219ee7bba031ec656192?s=96&d=mm&r=g\",\"contentUrl\":\"https:\/\/secure.gravatar.com\/avatar\/5e19627732ce1f7366d35b250158e58668ab387bcef3219ee7bba031ec656192?s=96&d=mm&r=g\",\"caption\":\"Getup\"},\"sameAs\":[\"https:\/\/www.cafedelhomme.com\"]}]}<\/script>\n<!-- \/ Yoast SEO Premium plugin. -->","yoast_head_json":{"title":"Desfrute de um momento inesquec\u00edvel no restaurante na noite de 24 e 25 de dezembro - Caf\u00e9 de l'Homme","robots":{"index":"index","follow":"follow","max-snippet":"max-snippet:-1","max-image-preview":"max-image-preview:large","max-video-preview":"max-video-preview:-1"},"canonical":"https:\/\/www.cafedelhomme.com\/pt-br\/desfrute-de-um-momento-inesquecivel-no-restaurante-na-noite-de-24-e-25-de-dezembro","og_locale":"pt_BR","og_type":"article","og_title":"Desfrute de um momento inesquec\u00edvel no restaurante na noite de 24 e 25 de dezembro - Caf\u00e9 de l'Homme","og_description":"[vc_row responsive_css=&#8221;padding_top_large:40px|padding_bottom_large:80px&#8221; css=&#8221;.vc_custom_1686582476286{padding-top: 40px !important;padding-bottom: 40px !important;}&#8221;][vc_column][vc_custom_heading text=&#8221;O Natal est\u00e1 chegando!&#8221;][vc_column_text]O Natal est\u00e1 chegando, ent\u00e3o aproveite ao m\u00e1ximo um momento inesquec\u00edvel no restaurante na noite de 24 e 25 de dezembro. O Caf\u00e9 de l&#8217;Homme antecipou o final de 2019 para mergulhar voc\u00ea nas festividades...","og_url":"https:\/\/www.cafedelhomme.com\/pt-br\/desfrute-de-um-momento-inesquecivel-no-restaurante-na-noite-de-24-e-25-de-dezembro","og_site_name":"Caf\u00e9 de l'Homme","article_publisher":"https:\/\/www.facebook.com\/cafedelhomme","article_published_time":"2019-12-10T15:43:21+00:00","article_modified_time":"2025-03-18T08:54:41+00:00","og_image":[{"width":800,"height":600,"url":"https:\/\/www.cafedelhomme.com\/wp-content\/uploads\/2023\/06\/getThumb.php-3.jpeg","type":"image\/jpeg"}],"author":"Getup","twitter_card":"summary_large_image","twitter_misc":{"Escrito por":"Getup"},"schema":{"@context":"https:\/\/schema.org","@graph":[{"@type":"Article","@id":"https:\/\/www.cafedelhomme.com\/pt-br\/desfrute-de-um-momento-inesquecivel-no-restaurante-na-noite-de-24-e-25-de-dezembro#article","isPartOf":{"@id":"https:\/\/www.cafedelhomme.com\/pt-br\/desfrute-de-um-momento-inesquecivel-no-restaurante-na-noite-de-24-e-25-de-dezembro"},"author":{"name":"Getup","@id":"https:\/\/www.cafedelhomme.com\/pt-br#\/schema\/person\/55c660f885a3bf3b1d08ae502bd6850f"},"headline":"Desfrute de um momento inesquec\u00edvel no restaurante na noite de 24 e 25 de dezembro","datePublished":"2019-12-10T15:43:21+00:00","dateModified":"2025-03-18T08:54:41+00:00","mainEntityOfPage":{"@id":"https:\/\/www.cafedelhomme.com\/pt-br\/desfrute-de-um-momento-inesquecivel-no-restaurante-na-noite-de-24-e-25-de-dezembro"},"wordCount":106,"publisher":{"@id":"https:\/\/www.cafedelhomme.com\/pt-br#organization"},"image":{"@id":"https:\/\/www.cafedelhomme.com\/pt-br\/desfrute-de-um-momento-inesquecivel-no-restaurante-na-noite-de-24-e-25-de-dezembro#primaryimage"},"thumbnailUrl":"https:\/\/www.cafedelhomme.com\/wp-content\/uploads\/2023\/06\/getThumb.php-3.jpeg","articleSection":["Not\u00edcias"],"inLanguage":"pt-BR"},{"@type":"WebPage","@id":"https:\/\/www.cafedelhomme.com\/pt-br\/desfrute-de-um-momento-inesquecivel-no-restaurante-na-noite-de-24-e-25-de-dezembro","url":"https:\/\/www.cafedelhomme.com\/pt-br\/desfrute-de-um-momento-inesquecivel-no-restaurante-na-noite-de-24-e-25-de-dezembro","name":"Desfrute de um momento inesquec\u00edvel no restaurante na noite de 24 e 25 de dezembro - Caf\u00e9 de l'Homme","isPartOf":{"@id":"https:\/\/www.cafedelhomme.com\/pt-br#website"},"primaryImageOfPage":{"@id":"https:\/\/www.cafedelhomme.com\/pt-br\/desfrute-de-um-momento-inesquecivel-no-restaurante-na-noite-de-24-e-25-de-dezembro#primaryimage"},"image":{"@id":"https:\/\/www.cafedelhomme.com\/pt-br\/desfrute-de-um-momento-inesquecivel-no-restaurante-na-noite-de-24-e-25-de-dezembro#primaryimage"},"thumbnailUrl":"https:\/\/www.cafedelhomme.com\/wp-content\/uploads\/2023\/06\/getThumb.php-3.jpeg","datePublished":"2019-12-10T15:43:21+00:00","dateModified":"2025-03-18T08:54:41+00:00","inLanguage":"pt-BR","potentialAction":[{"@type":"ReadAction","target":["https:\/\/www.cafedelhomme.com\/pt-br\/desfrute-de-um-momento-inesquecivel-no-restaurante-na-noite-de-24-e-25-de-dezembro"]}]},{"@type":"ImageObject","inLanguage":"pt-BR","@id":"https:\/\/www.cafedelhomme.com\/pt-br\/desfrute-de-um-momento-inesquecivel-no-restaurante-na-noite-de-24-e-25-de-dezembro#primaryimage","url":"https:\/\/www.cafedelhomme.com\/wp-content\/uploads\/2023\/06\/getThumb.php-3.jpeg","contentUrl":"https:\/\/www.cafedelhomme.com\/wp-content\/uploads\/2023\/06\/getThumb.php-3.jpeg","width":800,"height":600},{"@type":"WebSite","@id":"https:\/\/www.cafedelhomme.com\/pt-br#website","url":"https:\/\/www.cafedelhomme.com\/pt-br","name":"Caf\u00e9 de l'Homme","description":"","publisher":{"@id":"https:\/\/www.cafedelhomme.com\/pt-br#organization"},"potentialAction":[{"@type":"SearchAction","target":{"@type":"EntryPoint","urlTemplate":"https:\/\/www.cafedelhomme.com\/pt-br?s={search_term_string}"},"query-input":{"@type":"PropertyValueSpecification","valueRequired":true,"valueName":"search_term_string"}}],"inLanguage":"pt-BR"},{"@type":"Organization","@id":"https:\/\/www.cafedelhomme.com\/pt-br#organization","name":"Caf\u00e9 de l'Homme","url":"https:\/\/www.cafedelhomme.com\/pt-br","logo":{"@type":"ImageObject","inLanguage":"pt-BR","@id":"https:\/\/www.cafedelhomme.com\/pt-br#\/schema\/logo\/image\/","url":"https:\/\/www.cafedelhomme.com\/wp-content\/uploads\/2023\/04\/big-logo-300x163-1.png","contentUrl":"https:\/\/www.cafedelhomme.com\/wp-content\/uploads\/2023\/04\/big-logo-300x163-1.png","width":300,"height":163,"caption":"Caf\u00e9 de l'Homme"},"image":{"@id":"https:\/\/www.cafedelhomme.com\/pt-br#\/schema\/logo\/image\/"},"sameAs":["https:\/\/www.facebook.com\/cafedelhomme","https:\/\/www.instagram.com\/cafedelhomme\/"]},{"@type":"Person","@id":"https:\/\/www.cafedelhomme.com\/pt-br#\/schema\/person\/55c660f885a3bf3b1d08ae502bd6850f","name":"Getup","image":{"@type":"ImageObject","inLanguage":"pt-BR","@id":"https:\/\/www.cafedelhomme.com\/pt-br#\/schema\/person\/image\/","url":"https:\/\/secure.gravatar.com\/avatar\/5e19627732ce1f7366d35b250158e58668ab387bcef3219ee7bba031ec656192?s=96&d=mm&r=g","contentUrl":"https:\/\/secure.gravatar.com\/avatar\/5e19627732ce1f7366d35b250158e58668ab387bcef3219ee7bba031ec656192?s=96&d=mm&r=g","caption":"Getup"},"sameAs":["https:\/\/www.cafedelhomme.com"]}]}},"_links":{"self":[{"href":"https:\/\/www.cafedelhomme.com\/pt-br\/wp-json\/wp\/v2\/posts\/8331","targetHints":{"allow":["GET"]}}],"collection":[{"href":"https:\/\/www.cafedelhomme.com\/pt-br\/wp-json\/wp\/v2\/posts"}],"about":[{"href":"https:\/\/www.cafedelhomme.com\/pt-br\/wp-json\/wp\/v2\/types\/post"}],"author":[{"embeddable":true,"href":"https:\/\/www.cafedelhomme.com\/pt-br\/wp-json\/wp\/v2\/users\/1"}],"replies":[{"embeddable":true,"href":"https:\/\/www.cafedelhomme.com\/pt-br\/wp-json\/wp\/v2\/comments?post=8331"}],"version-history":[{"count":1,"href":"https:\/\/www.cafedelhomme.com\/pt-br\/wp-json\/wp\/v2\/posts\/8331\/revisions"}],"predecessor-version":[{"id":8337,"href":"https:\/\/www.cafedelhomme.com\/pt-br\/wp-json\/wp\/v2\/posts\/8331\/revisions\/8337"}],"wp:featuredmedia":[{"embeddable":true,"href":"https:\/\/www.cafedelhomme.com\/pt-br\/wp-json\/wp\/v2\/media\/8332"}],"wp:attachment":[{"href":"https:\/\/www.cafedelhomme.com\/pt-br\/wp-json\/wp\/v2\/media?parent=8331"}],"wp:term":[{"taxonomy":"category","embeddable":true,"href":"https:\/\/www.cafedelhomme.com\/pt-br\/wp-json\/wp\/v2\/categories?post=8331"},{"taxonomy":"post_tag","embeddable":true,"href":"https:\/\/www.cafedelhomme.com\/pt-br\/wp-json\/wp\/v2\/tags?post=8331"}],"curies":[{"name":"wp","href":"https:\/\/api.w.org\/{rel}","templated":true}]}}