{"id":8393,"date":"2021-07-05T17:11:05","date_gmt":"2021-07-05T15:11:05","guid":{"rendered":"https:\/\/www.cafedelhomme.com\/a-exibicao-de-fogos-de-artificio-na-torre-eiffel-retorna-na-quarta-feira-14-de-julho-de-2021"},"modified":"2025-03-18T09:54:51","modified_gmt":"2025-03-18T08:54:51","slug":"a-exibicao-de-fogos-de-artificio-na-torre-eiffel-retorna-na-quarta-feira-14-de-julho-de-2021","status":"publish","type":"post","link":"https:\/\/www.cafedelhomme.com\/pt-br\/a-exibicao-de-fogos-de-artificio-na-torre-eiffel-retorna-na-quarta-feira-14-de-julho-de-2021","title":{"rendered":"A exibi\u00e7\u00e3o de fogos de artif\u00edcio na Torre Eiffel retorna na quarta-feira, 14 de julho de 2021"},"content":{"rendered":"<div class=\"wpb-content-wrapper\"><p>[vc_row el_id=&#8221;conte\u00fado-texto&#8221; responsive_css=&#8221;margin_top_large:160px|margin_bottom_large:160px&#8221;][vc_column][vc_column_text]<\/p>\n<div class=\"fusion-fullwidth fullwidth-box fusion-builder-row-1 nonhundred-percent-fullwidth non-hundred-percent-height-scrolling\">\n<div class=\"fusion-builder-row fusion-row\">\n<div class=\"fusion-layout-column fusion_builder_column fusion-builder-column-0 fusion_builder_column_1_1 1_1 fusion-one-full fusion-column-first fusion-column-last\">\n<div class=\"fusion-column-wrapper fusion-flex-column-wrapper-legacy\">\n<div class=\"fusion-text fusion-text-1\">\n<p>Como manda a tradi\u00e7\u00e3o, todos os anos <strong>Paris<\/strong> celebra <strong>seus feriados<\/strong> com dignidade, e o Caf\u00e9 de l&#8217;Homme oferece a voc\u00ea a chance de participar do evento exclusivamente em seu terra\u00e7o <strong>de frente para a Torre Eiffel.<\/strong><\/p>\n<p>Este ano, o show de fogos de artif\u00edcio ter\u00e1 como tema a <strong>Liberdade<\/strong>, para nosso deleite!<\/p>\n<p>Para colocar um sorriso em seu rosto, encantar seus olhos, inflamar suas paix\u00f5es, vamos fazer as estrelas dan\u00e7arem nos <strong>c\u00e9us de Paris<\/strong>.<\/p>\n<p>Esta suntuosa <strong>celebra\u00e7\u00e3o<\/strong> deixar\u00e1 uma impress\u00e3o duradoura.<\/p>\n<\/div>\n<div class=\"fusion-clearfix\"><\/div>\n<\/div>\n<\/div>\n<\/div>\n<\/div>\n<div class=\"fusion-fullwidth fullwidth-box fusion-builder-row-2 nonhundred-percent-fullwidth non-hundred-percent-height-scrolling\">\n<div class=\"fusion-builder-row fusion-row\">\n<div class=\"fusion-layout-column fusion_builder_column fusion-builder-column-1 fusion_builder_column_1_1 1_1 fusion-one-full fusion-column-first fusion-column-last\">\n<div class=\"fusion-column-wrapper fusion-flex-column-wrapper-legacy\">\n<div class=\"fusion-title title fusion-title-2 fusion-sep-none fusion-title-text fusion-title-size-four privatisez-section-title fusion-border-below-title\">\n<h4 class=\"title-heading-left fusion-responsive-typography-calculated\" data-fontsize=\"28\" data-lineheight=\"38.08px\">Condi\u00e7\u00f5es gerais de privatiza\u00e7\u00e3o<\/h4>\n<\/div>\n<div class=\"fusion-text fusion-text-2\">\n<p>Como o protocolo ainda n\u00e3o foi confirmado pela Pr\u00e9fecture de Police, <strong>o Caf\u00e9 de l&#8217;Homme<\/strong> est\u00e1 propondo a seguinte oferta:<\/p>\n<ul>\n<li>O <strong>contrato de aluguel total do<\/strong> Caf\u00e9 de l&#8217;Homme ser\u00e1 assinado com um \u00fanico cliente: uma pessoa f\u00edsica ou jur\u00eddica. O n\u00famero de h\u00f3spedes variar\u00e1 de <strong>2 a um m\u00e1ximo de 120<\/strong>.<\/li>\n<li>Os <strong>termos e condi\u00e7\u00f5es financeiros<\/strong> devem ser acordados com a Ger\u00eancia Geral.<\/li>\n<li>O Caf\u00e9 de l&#8217;Homme <strong>n\u00e3o <\/strong> <strong>aceitar\u00e1<\/strong> <strong>reservas individuais.<\/strong><\/li>\n<li>O <strong>contrato<\/strong> estar\u00e1 sujeito \u00e0 obten\u00e7\u00e3o de acesso da <strong>Pr\u00e9fecture de Police de Paris<\/strong> ao <strong>Palais de Chaillot<\/strong> como parte do protocolo <strong>da Mairie de Paris<\/strong>.<\/li>\n<li>Uma <strong>lista de espera<\/strong> com a primeira, segunda e terceira op\u00e7\u00f5es ser\u00e1 criada para acomodar <strong>um n\u00famero de clientes<\/strong> interessados.<\/li>\n<li>Assim que a Pr\u00e9fecture de Police <strong>confirmar isso<\/strong>, os clientes em potencial ser\u00e3o <strong>contatados para fechar o contrato.<\/strong><\/li>\n<\/ul>\n<\/div>\n<\/div>\n<\/div>\n<\/div>\n<\/div>\n<p>[\/vc_column_text][\/vc_column][\/vc_row]<\/p>\n<\/div>","protected":false},"excerpt":{"rendered":"<p>[vc_row el_id=&#8221;conte\u00fado-texto&#8221; responsive_css=&#8221;margin_top_large:160px|margin_bottom_large:160px&#8221;][vc_column][vc_column_text] Como manda a tradi\u00e7\u00e3o, todos os anos Paris celebra seus feriados com dignidade, e o Caf\u00e9 de l&#8217;Homme oferece a voc\u00ea a chance de participar do evento exclusivamente em seu terra\u00e7o de frente para a Torre Eiffel. Este ano, o show de&#8230;<\/p>\n","protected":false},"author":1,"featured_media":0,"comment_status":"closed","ping_status":"open","sticky":false,"template":"","format":"standard","meta":{"_acf_changed":false,"footnotes":""},"categories":[110,113],"tags":[],"class_list":["post-8393","post","type-post","status-publish","format-standard","hentry","category-historia","category-noticias"],"acf":[],"yoast_head":"<!-- This site is optimized with the Yoast SEO Premium plugin v20.10 (Yoast SEO v27.0) - https:\/\/yoast.com\/product\/yoast-seo-premium-wordpress\/ -->\n<title>A exibi\u00e7\u00e3o de fogos de artif\u00edcio na Torre Eiffel retorna na quarta-feira, 14 de julho de 2021 - Caf\u00e9 de l&#039;Homme<\/title>\n<meta name=\"robots\" content=\"index, follow, max-snippet:-1, max-image-preview:large, max-video-preview:-1\" \/>\n<link rel=\"canonical\" href=\"https:\/\/www.cafedelhomme.com\/pt-br\/a-exibicao-de-fogos-de-artificio-na-torre-eiffel-retorna-na-quarta-feira-14-de-julho-de-2021\" \/>\n<meta property=\"og:locale\" content=\"pt_BR\" \/>\n<meta property=\"og:type\" content=\"article\" \/>\n<meta property=\"og:title\" content=\"A exibi\u00e7\u00e3o de fogos de artif\u00edcio na Torre Eiffel retorna na quarta-feira, 14 de julho de 2021 - Caf\u00e9 de l&#039;Homme\" \/>\n<meta property=\"og:description\" content=\"[vc_row el_id=&#8221;conte\u00fado-texto&#8221; responsive_css=&#8221;margin_top_large:160px|margin_bottom_large:160px&#8221;][vc_column][vc_column_text] Como manda a tradi\u00e7\u00e3o, todos os anos Paris celebra seus feriados com dignidade, e o Caf\u00e9 de l&#8217;Homme oferece a voc\u00ea a chance de participar do evento exclusivamente em seu terra\u00e7o de frente para a Torre Eiffel. Este ano, o show de...\" \/>\n<meta property=\"og:url\" content=\"https:\/\/www.cafedelhomme.com\/pt-br\/a-exibicao-de-fogos-de-artificio-na-torre-eiffel-retorna-na-quarta-feira-14-de-julho-de-2021\" \/>\n<meta property=\"og:site_name\" content=\"Caf\u00e9 de l&#039;Homme\" \/>\n<meta property=\"article:publisher\" content=\"https:\/\/www.facebook.com\/cafedelhomme\" \/>\n<meta property=\"article:published_time\" content=\"2021-07-05T15:11:05+00:00\" \/>\n<meta property=\"article:modified_time\" content=\"2025-03-18T08:54:51+00:00\" \/>\n<meta name=\"author\" content=\"Getup\" \/>\n<meta name=\"twitter:card\" content=\"summary_large_image\" \/>\n<meta name=\"twitter:label1\" content=\"Escrito por\" \/>\n\t<meta name=\"twitter:data1\" content=\"Getup\" \/>\n\t<meta name=\"twitter:label2\" content=\"Est. tempo de leitura\" \/>\n\t<meta name=\"twitter:data2\" content=\"1 minuto\" \/>\n<script type=\"application\/ld+json\" class=\"yoast-schema-graph\">{\"@context\":\"https:\/\/schema.org\",\"@graph\":[{\"@type\":\"Article\",\"@id\":\"https:\/\/www.cafedelhomme.com\/pt-br\/a-exibicao-de-fogos-de-artificio-na-torre-eiffel-retorna-na-quarta-feira-14-de-julho-de-2021#article\",\"isPartOf\":{\"@id\":\"https:\/\/www.cafedelhomme.com\/pt-br\/a-exibicao-de-fogos-de-artificio-na-torre-eiffel-retorna-na-quarta-feira-14-de-julho-de-2021\"},\"author\":{\"name\":\"Getup\",\"@id\":\"https:\/\/www.cafedelhomme.com\/pt-br#\/schema\/person\/55c660f885a3bf3b1d08ae502bd6850f\"},\"headline\":\"A exibi\u00e7\u00e3o de fogos de artif\u00edcio na Torre Eiffel retorna na quarta-feira, 14 de julho de 2021\",\"datePublished\":\"2021-07-05T15:11:05+00:00\",\"dateModified\":\"2025-03-18T08:54:51+00:00\",\"mainEntityOfPage\":{\"@id\":\"https:\/\/www.cafedelhomme.com\/pt-br\/a-exibicao-de-fogos-de-artificio-na-torre-eiffel-retorna-na-quarta-feira-14-de-julho-de-2021\"},\"wordCount\":294,\"publisher\":{\"@id\":\"https:\/\/www.cafedelhomme.com\/pt-br#organization\"},\"articleSection\":[\"Hist\u00f3ria\",\"Not\u00edcias\"],\"inLanguage\":\"pt-BR\"},{\"@type\":\"WebPage\",\"@id\":\"https:\/\/www.cafedelhomme.com\/pt-br\/a-exibicao-de-fogos-de-artificio-na-torre-eiffel-retorna-na-quarta-feira-14-de-julho-de-2021\",\"url\":\"https:\/\/www.cafedelhomme.com\/pt-br\/a-exibicao-de-fogos-de-artificio-na-torre-eiffel-retorna-na-quarta-feira-14-de-julho-de-2021\",\"name\":\"A exibi\u00e7\u00e3o de fogos de artif\u00edcio na Torre Eiffel retorna na quarta-feira, 14 de julho de 2021 - Caf\u00e9 de l'Homme\",\"isPartOf\":{\"@id\":\"https:\/\/www.cafedelhomme.com\/pt-br#website\"},\"datePublished\":\"2021-07-05T15:11:05+00:00\",\"dateModified\":\"2025-03-18T08:54:51+00:00\",\"inLanguage\":\"pt-BR\",\"potentialAction\":[{\"@type\":\"ReadAction\",\"target\":[\"https:\/\/www.cafedelhomme.com\/pt-br\/a-exibicao-de-fogos-de-artificio-na-torre-eiffel-retorna-na-quarta-feira-14-de-julho-de-2021\"]}]},{\"@type\":\"WebSite\",\"@id\":\"https:\/\/www.cafedelhomme.com\/pt-br#website\",\"url\":\"https:\/\/www.cafedelhomme.com\/pt-br\",\"name\":\"Caf\u00e9 de l'Homme\",\"description\":\"\",\"publisher\":{\"@id\":\"https:\/\/www.cafedelhomme.com\/pt-br#organization\"},\"potentialAction\":[{\"@type\":\"SearchAction\",\"target\":{\"@type\":\"EntryPoint\",\"urlTemplate\":\"https:\/\/www.cafedelhomme.com\/pt-br?s={search_term_string}\"},\"query-input\":{\"@type\":\"PropertyValueSpecification\",\"valueRequired\":true,\"valueName\":\"search_term_string\"}}],\"inLanguage\":\"pt-BR\"},{\"@type\":\"Organization\",\"@id\":\"https:\/\/www.cafedelhomme.com\/pt-br#organization\",\"name\":\"Caf\u00e9 de l'Homme\",\"url\":\"https:\/\/www.cafedelhomme.com\/pt-br\",\"logo\":{\"@type\":\"ImageObject\",\"inLanguage\":\"pt-BR\",\"@id\":\"https:\/\/www.cafedelhomme.com\/pt-br#\/schema\/logo\/image\/\",\"url\":\"https:\/\/www.cafedelhomme.com\/wp-content\/uploads\/2023\/04\/big-logo-300x163-1.png\",\"contentUrl\":\"https:\/\/www.cafedelhomme.com\/wp-content\/uploads\/2023\/04\/big-logo-300x163-1.png\",\"width\":300,\"height\":163,\"caption\":\"Caf\u00e9 de l'Homme\"},\"image\":{\"@id\":\"https:\/\/www.cafedelhomme.com\/pt-br#\/schema\/logo\/image\/\"},\"sameAs\":[\"https:\/\/www.facebook.com\/cafedelhomme\",\"https:\/\/www.instagram.com\/cafedelhomme\/\"]},{\"@type\":\"Person\",\"@id\":\"https:\/\/www.cafedelhomme.com\/pt-br#\/schema\/person\/55c660f885a3bf3b1d08ae502bd6850f\",\"name\":\"Getup\",\"image\":{\"@type\":\"ImageObject\",\"inLanguage\":\"pt-BR\",\"@id\":\"https:\/\/www.cafedelhomme.com\/pt-br#\/schema\/person\/image\/\",\"url\":\"https:\/\/secure.gravatar.com\/avatar\/5e19627732ce1f7366d35b250158e58668ab387bcef3219ee7bba031ec656192?s=96&d=mm&r=g\",\"contentUrl\":\"https:\/\/secure.gravatar.com\/avatar\/5e19627732ce1f7366d35b250158e58668ab387bcef3219ee7bba031ec656192?s=96&d=mm&r=g\",\"caption\":\"Getup\"},\"sameAs\":[\"https:\/\/www.cafedelhomme.com\"]}]}<\/script>\n<!-- \/ Yoast SEO Premium plugin. -->","yoast_head_json":{"title":"A exibi\u00e7\u00e3o de fogos de artif\u00edcio na Torre Eiffel retorna na quarta-feira, 14 de julho de 2021 - Caf\u00e9 de l'Homme","robots":{"index":"index","follow":"follow","max-snippet":"max-snippet:-1","max-image-preview":"max-image-preview:large","max-video-preview":"max-video-preview:-1"},"canonical":"https:\/\/www.cafedelhomme.com\/pt-br\/a-exibicao-de-fogos-de-artificio-na-torre-eiffel-retorna-na-quarta-feira-14-de-julho-de-2021","og_locale":"pt_BR","og_type":"article","og_title":"A exibi\u00e7\u00e3o de fogos de artif\u00edcio na Torre Eiffel retorna na quarta-feira, 14 de julho de 2021 - Caf\u00e9 de l'Homme","og_description":"[vc_row el_id=&#8221;conte\u00fado-texto&#8221; responsive_css=&#8221;margin_top_large:160px|margin_bottom_large:160px&#8221;][vc_column][vc_column_text] Como manda a tradi\u00e7\u00e3o, todos os anos Paris celebra seus feriados com dignidade, e o Caf\u00e9 de l&#8217;Homme oferece a voc\u00ea a chance de participar do evento exclusivamente em seu terra\u00e7o de frente para a Torre Eiffel. Este ano, o show de...","og_url":"https:\/\/www.cafedelhomme.com\/pt-br\/a-exibicao-de-fogos-de-artificio-na-torre-eiffel-retorna-na-quarta-feira-14-de-julho-de-2021","og_site_name":"Caf\u00e9 de l'Homme","article_publisher":"https:\/\/www.facebook.com\/cafedelhomme","article_published_time":"2021-07-05T15:11:05+00:00","article_modified_time":"2025-03-18T08:54:51+00:00","author":"Getup","twitter_card":"summary_large_image","twitter_misc":{"Escrito por":"Getup","Est. tempo de leitura":"1 minuto"},"schema":{"@context":"https:\/\/schema.org","@graph":[{"@type":"Article","@id":"https:\/\/www.cafedelhomme.com\/pt-br\/a-exibicao-de-fogos-de-artificio-na-torre-eiffel-retorna-na-quarta-feira-14-de-julho-de-2021#article","isPartOf":{"@id":"https:\/\/www.cafedelhomme.com\/pt-br\/a-exibicao-de-fogos-de-artificio-na-torre-eiffel-retorna-na-quarta-feira-14-de-julho-de-2021"},"author":{"name":"Getup","@id":"https:\/\/www.cafedelhomme.com\/pt-br#\/schema\/person\/55c660f885a3bf3b1d08ae502bd6850f"},"headline":"A exibi\u00e7\u00e3o de fogos de artif\u00edcio na Torre Eiffel retorna na quarta-feira, 14 de julho de 2021","datePublished":"2021-07-05T15:11:05+00:00","dateModified":"2025-03-18T08:54:51+00:00","mainEntityOfPage":{"@id":"https:\/\/www.cafedelhomme.com\/pt-br\/a-exibicao-de-fogos-de-artificio-na-torre-eiffel-retorna-na-quarta-feira-14-de-julho-de-2021"},"wordCount":294,"publisher":{"@id":"https:\/\/www.cafedelhomme.com\/pt-br#organization"},"articleSection":["Hist\u00f3ria","Not\u00edcias"],"inLanguage":"pt-BR"},{"@type":"WebPage","@id":"https:\/\/www.cafedelhomme.com\/pt-br\/a-exibicao-de-fogos-de-artificio-na-torre-eiffel-retorna-na-quarta-feira-14-de-julho-de-2021","url":"https:\/\/www.cafedelhomme.com\/pt-br\/a-exibicao-de-fogos-de-artificio-na-torre-eiffel-retorna-na-quarta-feira-14-de-julho-de-2021","name":"A exibi\u00e7\u00e3o de fogos de artif\u00edcio na Torre Eiffel retorna na quarta-feira, 14 de julho de 2021 - Caf\u00e9 de l'Homme","isPartOf":{"@id":"https:\/\/www.cafedelhomme.com\/pt-br#website"},"datePublished":"2021-07-05T15:11:05+00:00","dateModified":"2025-03-18T08:54:51+00:00","inLanguage":"pt-BR","potentialAction":[{"@type":"ReadAction","target":["https:\/\/www.cafedelhomme.com\/pt-br\/a-exibicao-de-fogos-de-artificio-na-torre-eiffel-retorna-na-quarta-feira-14-de-julho-de-2021"]}]},{"@type":"WebSite","@id":"https:\/\/www.cafedelhomme.com\/pt-br#website","url":"https:\/\/www.cafedelhomme.com\/pt-br","name":"Caf\u00e9 de l'Homme","description":"","publisher":{"@id":"https:\/\/www.cafedelhomme.com\/pt-br#organization"},"potentialAction":[{"@type":"SearchAction","target":{"@type":"EntryPoint","urlTemplate":"https:\/\/www.cafedelhomme.com\/pt-br?s={search_term_string}"},"query-input":{"@type":"PropertyValueSpecification","valueRequired":true,"valueName":"search_term_string"}}],"inLanguage":"pt-BR"},{"@type":"Organization","@id":"https:\/\/www.cafedelhomme.com\/pt-br#organization","name":"Caf\u00e9 de l'Homme","url":"https:\/\/www.cafedelhomme.com\/pt-br","logo":{"@type":"ImageObject","inLanguage":"pt-BR","@id":"https:\/\/www.cafedelhomme.com\/pt-br#\/schema\/logo\/image\/","url":"https:\/\/www.cafedelhomme.com\/wp-content\/uploads\/2023\/04\/big-logo-300x163-1.png","contentUrl":"https:\/\/www.cafedelhomme.com\/wp-content\/uploads\/2023\/04\/big-logo-300x163-1.png","width":300,"height":163,"caption":"Caf\u00e9 de l'Homme"},"image":{"@id":"https:\/\/www.cafedelhomme.com\/pt-br#\/schema\/logo\/image\/"},"sameAs":["https:\/\/www.facebook.com\/cafedelhomme","https:\/\/www.instagram.com\/cafedelhomme\/"]},{"@type":"Person","@id":"https:\/\/www.cafedelhomme.com\/pt-br#\/schema\/person\/55c660f885a3bf3b1d08ae502bd6850f","name":"Getup","image":{"@type":"ImageObject","inLanguage":"pt-BR","@id":"https:\/\/www.cafedelhomme.com\/pt-br#\/schema\/person\/image\/","url":"https:\/\/secure.gravatar.com\/avatar\/5e19627732ce1f7366d35b250158e58668ab387bcef3219ee7bba031ec656192?s=96&d=mm&r=g","contentUrl":"https:\/\/secure.gravatar.com\/avatar\/5e19627732ce1f7366d35b250158e58668ab387bcef3219ee7bba031ec656192?s=96&d=mm&r=g","caption":"Getup"},"sameAs":["https:\/\/www.cafedelhomme.com"]}]}},"_links":{"self":[{"href":"https:\/\/www.cafedelhomme.com\/pt-br\/wp-json\/wp\/v2\/posts\/8393","targetHints":{"allow":["GET"]}}],"collection":[{"href":"https:\/\/www.cafedelhomme.com\/pt-br\/wp-json\/wp\/v2\/posts"}],"about":[{"href":"https:\/\/www.cafedelhomme.com\/pt-br\/wp-json\/wp\/v2\/types\/post"}],"author":[{"embeddable":true,"href":"https:\/\/www.cafedelhomme.com\/pt-br\/wp-json\/wp\/v2\/users\/1"}],"replies":[{"embeddable":true,"href":"https:\/\/www.cafedelhomme.com\/pt-br\/wp-json\/wp\/v2\/comments?post=8393"}],"version-history":[{"count":1,"href":"https:\/\/www.cafedelhomme.com\/pt-br\/wp-json\/wp\/v2\/posts\/8393\/revisions"}],"predecessor-version":[{"id":8398,"href":"https:\/\/www.cafedelhomme.com\/pt-br\/wp-json\/wp\/v2\/posts\/8393\/revisions\/8398"}],"wp:attachment":[{"href":"https:\/\/www.cafedelhomme.com\/pt-br\/wp-json\/wp\/v2\/media?parent=8393"}],"wp:term":[{"taxonomy":"category","embeddable":true,"href":"https:\/\/www.cafedelhomme.com\/pt-br\/wp-json\/wp\/v2\/categories?post=8393"},{"taxonomy":"post_tag","embeddable":true,"href":"https:\/\/www.cafedelhomme.com\/pt-br\/wp-json\/wp\/v2\/tags?post=8393"}],"curies":[{"name":"wp","href":"https:\/\/api.w.org\/{rel}","templated":true}]}}