{"id":8634,"date":"2024-12-02T16:05:49","date_gmt":"2024-12-02T15:05:49","guid":{"rendered":"https:\/\/www.cafedelhomme.com\/descubra-um-prato-exclusivo-do-menu-do-cafe-de-lhomme"},"modified":"2025-03-18T10:01:25","modified_gmt":"2025-03-18T09:01:25","slug":"descubra-um-prato-exclusivo-do-menu-do-cafe-de-lhomme","status":"publish","type":"post","link":"https:\/\/www.cafedelhomme.com\/pt-br\/descubra-um-prato-exclusivo-do-menu-do-cafe-de-lhomme","title":{"rendered":"Descubra um prato exclusivo do menu do Caf\u00e9 de l&#8217;Homme"},"content":{"rendered":"<div class=\"wpb-content-wrapper\"><p>[vc_row responsive_css=&#8221;margin_top_large:100px|margin_bottom_large:100px&#8221; css=&#8221;.vc_custom_1690902189577{margin-top: 100px !important;margin-bottom: 100px !important;}&#8221;][vc_column][vc_column_text css=&#8221;.vc_custom_1732115825138{margin-bottom: 40px !important;}&#8221;]<span style=\"font-weight: 400;\">No <\/span><b>Caf\u00e9 de l&#8217;Homme<\/b><span style=\"font-weight: 400;\">Cada prato \u00e9 uma obra de arte culin\u00e1ria. Entre as cria\u00e7\u00f5es emblem\u00e1ticas de nosso card\u00e1pio, o <\/span><b>peixe-espada selvagem<\/b><span style=\"font-weight: 400;\">A couve-flor grelhada com zaatar e beurre blanc com harissa defumada incorpora nossa filosofia de combinar <\/span><b>tradi\u00e7\u00e3o francesa<\/b><span style=\"font-weight: 400;\"> e <\/span><b>sabores ousados<\/b><span style=\"font-weight: 400;\"> para oferecer uma <\/span><b>experi\u00eancia inesquec\u00edvel<\/b><span style=\"font-weight: 400;\">.<\/span>[\/vc_column_text][vc_custom_heading text=&#8221;Uma composi\u00e7\u00e3o ousada e refinada&#8221; css=&#8221;.vc_custom_1732115833173{padding-top: 5px !important;}&#8221;][vc_column_text css=&#8221;&#8221;]<span style=\"font-weight: 400;\">Le <\/span><b>Chef Wilfried Graux<\/b><span style=\"font-weight: 400;\">  \u00e9 inspirada nos tesouros do mar e nas especiarias do mundo para reinventar os cl\u00e1ssicos com um toque contempor\u00e2neo. L&#8217; <\/span><b>peixe-espada selvagem<\/b><span style=\"font-weight: 400;\">A estrela deste prato \u00e9 cuidadosamente selecionada por sua qualidade excepcional e sabor sutil. Esse peixe nobre \u00e9 sublimado pelo cozimento perfeito, revelando uma textura macia e saborosa. <\/span><\/p>\n<p><span style=\"font-weight: 400;\">A <\/span><b>couve-flor grelhada com zaatar<\/b><span style=\"font-weight: 400;\">uma especiaria oriental que combina tomilho e gergelim, acrescenta uma nota crocante e perfumada. Esse toque ousado lembra a riqueza da culin\u00e1ria do Levante, mas se mistura harmoniosamente em um prato que voc\u00ea pode comer com um toque de sabor.   <\/span><b>Experi\u00eancia gastron\u00f4mica francesa<\/b><span style=\"font-weight: 400;\">.<\/span><span style=\"font-weight: 400;\"><br \/>\n<\/span><span style=\"font-weight: 400;\">Por fim, a <\/span><b>beurre blanc com harissa defumada<\/b><span style=\"font-weight: 400;\"> oferece um contraste surpreendente: um molho cremoso e levemente picante que equilibra perfeitamente os sabores delicados do peixe e os aromas torrados da couve-flor.<\/span>[\/vc_column_text][\/vc_column][\/vc_row][vc_row responsive_css=&#8221;margin_top_large:100px|margin_bottom_large:100px&#8221; css=&#8221;.vc_custom_1690902189577{margin-top: 100px !important;margin-bottom: 100px !important;}&#8221;][vc_column][vc_custom_heading text=&#8221;Uma experi\u00eancia gastron\u00f4mica com vista para a Torre Eiffel&#8221; css=&#8221;.vc_custom_1732115853988{padding-top: 5px !important;}&#8221;][vc_column_text css=&#8221;&#8221;]<span style=\"font-weight: 400;\">Saboreie o<\/span><b>peixe-espada selvagem<\/b><span style=\"font-weight: 400;\"> no <\/span><b>Caf\u00e9 de l&#8217;Homme<\/b><span style=\"font-weight: 400;\">Uma refei\u00e7\u00e3o \u00e9 muito mais do que um prato. \u00c9 um momento suspenso em frente a um dos   <\/span><b>as mais belas vistas de Paris<\/b><span style=\"font-weight: 400;\">onde a <\/span><b>Torre Eiffel<\/b><span style=\"font-weight: 400;\">  ilumina cada momento. Nosso   <\/span><b>terra\u00e7o elegante<\/b><span style=\"font-weight: 400;\">localizado no cora\u00e7\u00e3o do <\/span><b>Trocad\u00e9ro<\/b><span style=\"font-weight: 400;\">cria o cen\u00e1rio perfeito para voc\u00ea saborear esse prato excepcional, seja para um <\/span><b>jantar m\u00e1gico <\/b><span style=\"font-weight: 400;\">ou em um <\/span><b>almo\u00e7o ensolarado<\/b><span style=\"font-weight: 400;\">.<\/span><\/p>\n<p><span style=\"font-weight: 400;\">Mergulhe em nossas <\/span><a href=\"https:\/\/www.cafedelhomme.com\/pt-br\/nossa-experiencia\"><b>experi\u00eancias gastron\u00f4micas<\/b><\/a><span style=\"font-weight: 400;\"> para desfrutar de momentos excepcionais em um ambiente \u00fanico.<\/span>[\/vc_column_text][\/vc_column][\/vc_row][vc_row responsive_css=&#8221;margin_top_large:100px|margin_bottom_large:100px&#8221; css=&#8221;.vc_custom_1690902189577{margin-top: 100px !important;margin-bottom: 100px !important;}&#8221;][vc_column][vc_custom_heading text=&#8221;Um convite para uma viagem culin\u00e1ria&#8221; css=&#8221;.vc_custom_1732116013454{padding-top: 5px !important;}&#8221;][vc_column_text css=&#8221;&#8221;]<span style=\"font-weight: 400;\">Cada mordida desse <\/span><b>peixe-espada selvagem<\/b><span style=\"font-weight: 400;\">  conta uma hist\u00f3ria: a hist\u00f3ria de uma culin\u00e1ria que celebra os melhores produtos e temperos de todo o mundo. \u00c9 um convite para que voc\u00ea explore novos sabores, enquanto desfruta do conforto e do refinamento do que h\u00e1 de melhor.   <\/span><b>restaurante gastron\u00f4mico em Paris 16<\/b><span style=\"font-weight: 400;\">.<\/span><\/p>\n<p><span style=\"font-weight: 400;\">Descubra nossos outros pratos exclusivos explorando <\/span><a href=\"https:\/\/www.cafedelhomme.com\/pt-br\/la-carte\"><b>nosso card\u00e1pio<\/b><\/a><span style=\"font-weight: 400;\"> e seja tentado por nossas <\/span><b>experi\u00eancias exclusivas<\/b><span style=\"font-weight: 400;\"> no <\/span><b>Caf\u00e9 de l&#8217;Homme<\/b><span style=\"font-weight: 400;\">combinando <\/span><b>gastronomia<\/b><span style=\"font-weight: 400;\"> e vistas espetaculares.<\/span><\/p>\n<p><span style=\"font-weight: 400;\">Voc\u00ea est\u00e1 pronto para uma experi\u00eancia excepcional? Reserve sua mesa e venha saborear nosso   <\/span><b>peixe-espada selvagem<\/b><span style=\"font-weight: 400;\"> enquanto voc\u00ea admira uma vista de tirar o f\u00f4lego <\/span><b>vistas de tirar o f\u00f4lego da Dama de Ferro<\/b><span style=\"font-weight: 400;\">. <\/span>[\/vc_column_text]<a href=\"https:\/\/www.sevenrooms.com\/explore\/cafedelhomme\/reservations\/create\/search?tracking=seo-blog\" target=\"_blank\" class=\"btn btn-default btn-bordered border-thin btn btn-outline btn-outline-black ld_button_69f52f111a6b1\">\n\t<span>\n\t\t\n\t\t\t\t\t<span class=\"btn-txt\">r\u00e9server.<\/span>\n\t\t\t\n\t\t\t\t<\/span>\n<\/a>\n[\/vc_column][\/vc_row]<\/p>\n<\/div>","protected":false},"excerpt":{"rendered":"<p>[vc_row responsive_css=&#8221;margin_top_large:100px|margin_bottom_large:100px&#8221; css=&#8221;.vc_custom_1690902189577{margin-top: 100px !important;margin-bottom: 100px !important;}&#8221;][vc_column][vc_column_text css=&#8221;.vc_custom_1732115825138{margin-bottom: 40px !important;}&#8221;]No Caf\u00e9 de l&#8217;HommeCada prato \u00e9 uma obra de arte culin\u00e1ria. Entre as cria\u00e7\u00f5es emblem\u00e1ticas de nosso card\u00e1pio, o peixe-espada selvagemA couve-flor grelhada com zaatar e beurre blanc com harissa defumada incorpora nossa filosofia de combinar&#8230;<\/p>\n","protected":false},"author":1,"featured_media":8636,"comment_status":"closed","ping_status":"open","sticky":false,"template":"","format":"standard","meta":{"_acf_changed":false,"footnotes":""},"categories":[114,113],"tags":[],"class_list":["post-8634","post","type-post","status-publish","format-standard","has-post-thumbnail","hentry","category-apresentacao","category-noticias"],"acf":[],"yoast_head":"<!-- This site is optimized with the Yoast SEO Premium plugin v20.10 (Yoast SEO v27.0) - https:\/\/yoast.com\/product\/yoast-seo-premium-wordpress\/ -->\n<title>Descubra um prato exclusivo do menu do Caf\u00e9 de l&#039;Homme - Caf\u00e9 de l&#039;Homme<\/title>\n<meta name=\"description\" content=\"Reserve sua mesa no Caf\u00e9 de l&#039;Homme e venha descobrir um prato emblem\u00e1tico, combinando a tradi\u00e7\u00e3o francesa com sabores ousados.\" \/>\n<meta name=\"robots\" content=\"index, follow, max-snippet:-1, max-image-preview:large, max-video-preview:-1\" \/>\n<link rel=\"canonical\" href=\"https:\/\/www.cafedelhomme.com\/pt-br\/descubra-um-prato-exclusivo-do-menu-do-cafe-de-lhomme\" \/>\n<meta property=\"og:locale\" content=\"pt_BR\" \/>\n<meta property=\"og:type\" content=\"article\" \/>\n<meta property=\"og:title\" content=\"Descubra um prato exclusivo do menu do Caf\u00e9 de l&#039;Homme\" \/>\n<meta property=\"og:description\" content=\"Reserve sua mesa no Caf\u00e9 de l&#039;Homme e venha descobrir um prato emblem\u00e1tico, combinando a tradi\u00e7\u00e3o francesa com sabores ousados.\" \/>\n<meta property=\"og:url\" content=\"https:\/\/www.cafedelhomme.com\/pt-br\/descubra-um-prato-exclusivo-do-menu-do-cafe-de-lhomme\" \/>\n<meta property=\"og:site_name\" content=\"Caf\u00e9 de l&#039;Homme\" \/>\n<meta property=\"article:publisher\" content=\"https:\/\/www.facebook.com\/cafedelhomme\" \/>\n<meta property=\"article:published_time\" content=\"2024-12-02T15:05:49+00:00\" \/>\n<meta property=\"article:modified_time\" content=\"2025-03-18T09:01:25+00:00\" \/>\n<meta property=\"og:image\" content=\"https:\/\/www.cafedelhomme.com\/wp-content\/uploads\/2024\/11\/Article-espadon.jpg\" \/>\n\t<meta property=\"og:image:width\" content=\"1080\" \/>\n\t<meta property=\"og:image:height\" content=\"1350\" \/>\n\t<meta property=\"og:image:type\" content=\"image\/jpeg\" \/>\n<meta name=\"author\" content=\"Getup\" \/>\n<meta name=\"twitter:card\" content=\"summary_large_image\" \/>\n<meta name=\"twitter:label1\" content=\"Escrito por\" \/>\n\t<meta name=\"twitter:data1\" content=\"Getup\" \/>\n\t<meta name=\"twitter:label2\" content=\"Est. tempo de leitura\" \/>\n\t<meta name=\"twitter:data2\" content=\"3 minutos\" \/>\n<script type=\"application\/ld+json\" class=\"yoast-schema-graph\">{\"@context\":\"https:\/\/schema.org\",\"@graph\":[{\"@type\":\"Article\",\"@id\":\"https:\/\/www.cafedelhomme.com\/pt-br\/descubra-um-prato-exclusivo-do-menu-do-cafe-de-lhomme#article\",\"isPartOf\":{\"@id\":\"https:\/\/www.cafedelhomme.com\/pt-br\/descubra-um-prato-exclusivo-do-menu-do-cafe-de-lhomme\"},\"author\":{\"name\":\"Getup\",\"@id\":\"https:\/\/www.cafedelhomme.com\/pt-br#\/schema\/person\/55c660f885a3bf3b1d08ae502bd6850f\"},\"headline\":\"Descubra um prato exclusivo do menu do Caf\u00e9 de l&#8217;Homme\",\"datePublished\":\"2024-12-02T15:05:49+00:00\",\"dateModified\":\"2025-03-18T09:01:25+00:00\",\"mainEntityOfPage\":{\"@id\":\"https:\/\/www.cafedelhomme.com\/pt-br\/descubra-um-prato-exclusivo-do-menu-do-cafe-de-lhomme\"},\"wordCount\":604,\"publisher\":{\"@id\":\"https:\/\/www.cafedelhomme.com\/pt-br#organization\"},\"image\":{\"@id\":\"https:\/\/www.cafedelhomme.com\/pt-br\/descubra-um-prato-exclusivo-do-menu-do-cafe-de-lhomme#primaryimage\"},\"thumbnailUrl\":\"https:\/\/www.cafedelhomme.com\/wp-content\/uploads\/2024\/11\/Article-espadon.jpg\",\"articleSection\":[\"apresenta\u00e7\u00e3o\",\"Not\u00edcias\"],\"inLanguage\":\"pt-BR\"},{\"@type\":\"WebPage\",\"@id\":\"https:\/\/www.cafedelhomme.com\/pt-br\/descubra-um-prato-exclusivo-do-menu-do-cafe-de-lhomme\",\"url\":\"https:\/\/www.cafedelhomme.com\/pt-br\/descubra-um-prato-exclusivo-do-menu-do-cafe-de-lhomme\",\"name\":\"Descubra um prato exclusivo do menu do Caf\u00e9 de l'Homme - Caf\u00e9 de l'Homme\",\"isPartOf\":{\"@id\":\"https:\/\/www.cafedelhomme.com\/pt-br#website\"},\"primaryImageOfPage\":{\"@id\":\"https:\/\/www.cafedelhomme.com\/pt-br\/descubra-um-prato-exclusivo-do-menu-do-cafe-de-lhomme#primaryimage\"},\"image\":{\"@id\":\"https:\/\/www.cafedelhomme.com\/pt-br\/descubra-um-prato-exclusivo-do-menu-do-cafe-de-lhomme#primaryimage\"},\"thumbnailUrl\":\"https:\/\/www.cafedelhomme.com\/wp-content\/uploads\/2024\/11\/Article-espadon.jpg\",\"datePublished\":\"2024-12-02T15:05:49+00:00\",\"dateModified\":\"2025-03-18T09:01:25+00:00\",\"description\":\"Reserve sua mesa no Caf\u00e9 de l'Homme e venha descobrir um prato emblem\u00e1tico, combinando a tradi\u00e7\u00e3o francesa com sabores ousados.\",\"inLanguage\":\"pt-BR\",\"potentialAction\":[{\"@type\":\"ReadAction\",\"target\":[\"https:\/\/www.cafedelhomme.com\/pt-br\/descubra-um-prato-exclusivo-do-menu-do-cafe-de-lhomme\"]}]},{\"@type\":\"ImageObject\",\"inLanguage\":\"pt-BR\",\"@id\":\"https:\/\/www.cafedelhomme.com\/pt-br\/descubra-um-prato-exclusivo-do-menu-do-cafe-de-lhomme#primaryimage\",\"url\":\"https:\/\/www.cafedelhomme.com\/wp-content\/uploads\/2024\/11\/Article-espadon.jpg\",\"contentUrl\":\"https:\/\/www.cafedelhomme.com\/wp-content\/uploads\/2024\/11\/Article-espadon.jpg\",\"width\":1080,\"height\":1350},{\"@type\":\"WebSite\",\"@id\":\"https:\/\/www.cafedelhomme.com\/pt-br#website\",\"url\":\"https:\/\/www.cafedelhomme.com\/pt-br\",\"name\":\"Caf\u00e9 de l'Homme\",\"description\":\"\",\"publisher\":{\"@id\":\"https:\/\/www.cafedelhomme.com\/pt-br#organization\"},\"potentialAction\":[{\"@type\":\"SearchAction\",\"target\":{\"@type\":\"EntryPoint\",\"urlTemplate\":\"https:\/\/www.cafedelhomme.com\/pt-br?s={search_term_string}\"},\"query-input\":{\"@type\":\"PropertyValueSpecification\",\"valueRequired\":true,\"valueName\":\"search_term_string\"}}],\"inLanguage\":\"pt-BR\"},{\"@type\":\"Organization\",\"@id\":\"https:\/\/www.cafedelhomme.com\/pt-br#organization\",\"name\":\"Caf\u00e9 de l'Homme\",\"url\":\"https:\/\/www.cafedelhomme.com\/pt-br\",\"logo\":{\"@type\":\"ImageObject\",\"inLanguage\":\"pt-BR\",\"@id\":\"https:\/\/www.cafedelhomme.com\/pt-br#\/schema\/logo\/image\/\",\"url\":\"https:\/\/www.cafedelhomme.com\/wp-content\/uploads\/2023\/04\/big-logo-300x163-1.png\",\"contentUrl\":\"https:\/\/www.cafedelhomme.com\/wp-content\/uploads\/2023\/04\/big-logo-300x163-1.png\",\"width\":300,\"height\":163,\"caption\":\"Caf\u00e9 de l'Homme\"},\"image\":{\"@id\":\"https:\/\/www.cafedelhomme.com\/pt-br#\/schema\/logo\/image\/\"},\"sameAs\":[\"https:\/\/www.facebook.com\/cafedelhomme\",\"https:\/\/www.instagram.com\/cafedelhomme\/\"]},{\"@type\":\"Person\",\"@id\":\"https:\/\/www.cafedelhomme.com\/pt-br#\/schema\/person\/55c660f885a3bf3b1d08ae502bd6850f\",\"name\":\"Getup\",\"image\":{\"@type\":\"ImageObject\",\"inLanguage\":\"pt-BR\",\"@id\":\"https:\/\/www.cafedelhomme.com\/pt-br#\/schema\/person\/image\/\",\"url\":\"https:\/\/secure.gravatar.com\/avatar\/5e19627732ce1f7366d35b250158e58668ab387bcef3219ee7bba031ec656192?s=96&d=mm&r=g\",\"contentUrl\":\"https:\/\/secure.gravatar.com\/avatar\/5e19627732ce1f7366d35b250158e58668ab387bcef3219ee7bba031ec656192?s=96&d=mm&r=g\",\"caption\":\"Getup\"},\"sameAs\":[\"https:\/\/www.cafedelhomme.com\"]}]}<\/script>\n<!-- \/ Yoast SEO Premium plugin. -->","yoast_head_json":{"title":"Descubra um prato exclusivo do menu do Caf\u00e9 de l'Homme - Caf\u00e9 de l'Homme","description":"Reserve sua mesa no Caf\u00e9 de l'Homme e venha descobrir um prato emblem\u00e1tico, combinando a tradi\u00e7\u00e3o francesa com sabores ousados.","robots":{"index":"index","follow":"follow","max-snippet":"max-snippet:-1","max-image-preview":"max-image-preview:large","max-video-preview":"max-video-preview:-1"},"canonical":"https:\/\/www.cafedelhomme.com\/pt-br\/descubra-um-prato-exclusivo-do-menu-do-cafe-de-lhomme","og_locale":"pt_BR","og_type":"article","og_title":"Descubra um prato exclusivo do menu do Caf\u00e9 de l'Homme","og_description":"Reserve sua mesa no Caf\u00e9 de l'Homme e venha descobrir um prato emblem\u00e1tico, combinando a tradi\u00e7\u00e3o francesa com sabores ousados.","og_url":"https:\/\/www.cafedelhomme.com\/pt-br\/descubra-um-prato-exclusivo-do-menu-do-cafe-de-lhomme","og_site_name":"Caf\u00e9 de l'Homme","article_publisher":"https:\/\/www.facebook.com\/cafedelhomme","article_published_time":"2024-12-02T15:05:49+00:00","article_modified_time":"2025-03-18T09:01:25+00:00","og_image":[{"width":1080,"height":1350,"url":"https:\/\/www.cafedelhomme.com\/wp-content\/uploads\/2024\/11\/Article-espadon.jpg","type":"image\/jpeg"}],"author":"Getup","twitter_card":"summary_large_image","twitter_misc":{"Escrito por":"Getup","Est. tempo de leitura":"3 minutos"},"schema":{"@context":"https:\/\/schema.org","@graph":[{"@type":"Article","@id":"https:\/\/www.cafedelhomme.com\/pt-br\/descubra-um-prato-exclusivo-do-menu-do-cafe-de-lhomme#article","isPartOf":{"@id":"https:\/\/www.cafedelhomme.com\/pt-br\/descubra-um-prato-exclusivo-do-menu-do-cafe-de-lhomme"},"author":{"name":"Getup","@id":"https:\/\/www.cafedelhomme.com\/pt-br#\/schema\/person\/55c660f885a3bf3b1d08ae502bd6850f"},"headline":"Descubra um prato exclusivo do menu do Caf\u00e9 de l&#8217;Homme","datePublished":"2024-12-02T15:05:49+00:00","dateModified":"2025-03-18T09:01:25+00:00","mainEntityOfPage":{"@id":"https:\/\/www.cafedelhomme.com\/pt-br\/descubra-um-prato-exclusivo-do-menu-do-cafe-de-lhomme"},"wordCount":604,"publisher":{"@id":"https:\/\/www.cafedelhomme.com\/pt-br#organization"},"image":{"@id":"https:\/\/www.cafedelhomme.com\/pt-br\/descubra-um-prato-exclusivo-do-menu-do-cafe-de-lhomme#primaryimage"},"thumbnailUrl":"https:\/\/www.cafedelhomme.com\/wp-content\/uploads\/2024\/11\/Article-espadon.jpg","articleSection":["apresenta\u00e7\u00e3o","Not\u00edcias"],"inLanguage":"pt-BR"},{"@type":"WebPage","@id":"https:\/\/www.cafedelhomme.com\/pt-br\/descubra-um-prato-exclusivo-do-menu-do-cafe-de-lhomme","url":"https:\/\/www.cafedelhomme.com\/pt-br\/descubra-um-prato-exclusivo-do-menu-do-cafe-de-lhomme","name":"Descubra um prato exclusivo do menu do Caf\u00e9 de l'Homme - Caf\u00e9 de l'Homme","isPartOf":{"@id":"https:\/\/www.cafedelhomme.com\/pt-br#website"},"primaryImageOfPage":{"@id":"https:\/\/www.cafedelhomme.com\/pt-br\/descubra-um-prato-exclusivo-do-menu-do-cafe-de-lhomme#primaryimage"},"image":{"@id":"https:\/\/www.cafedelhomme.com\/pt-br\/descubra-um-prato-exclusivo-do-menu-do-cafe-de-lhomme#primaryimage"},"thumbnailUrl":"https:\/\/www.cafedelhomme.com\/wp-content\/uploads\/2024\/11\/Article-espadon.jpg","datePublished":"2024-12-02T15:05:49+00:00","dateModified":"2025-03-18T09:01:25+00:00","description":"Reserve sua mesa no Caf\u00e9 de l'Homme e venha descobrir um prato emblem\u00e1tico, combinando a tradi\u00e7\u00e3o francesa com sabores ousados.","inLanguage":"pt-BR","potentialAction":[{"@type":"ReadAction","target":["https:\/\/www.cafedelhomme.com\/pt-br\/descubra-um-prato-exclusivo-do-menu-do-cafe-de-lhomme"]}]},{"@type":"ImageObject","inLanguage":"pt-BR","@id":"https:\/\/www.cafedelhomme.com\/pt-br\/descubra-um-prato-exclusivo-do-menu-do-cafe-de-lhomme#primaryimage","url":"https:\/\/www.cafedelhomme.com\/wp-content\/uploads\/2024\/11\/Article-espadon.jpg","contentUrl":"https:\/\/www.cafedelhomme.com\/wp-content\/uploads\/2024\/11\/Article-espadon.jpg","width":1080,"height":1350},{"@type":"WebSite","@id":"https:\/\/www.cafedelhomme.com\/pt-br#website","url":"https:\/\/www.cafedelhomme.com\/pt-br","name":"Caf\u00e9 de l'Homme","description":"","publisher":{"@id":"https:\/\/www.cafedelhomme.com\/pt-br#organization"},"potentialAction":[{"@type":"SearchAction","target":{"@type":"EntryPoint","urlTemplate":"https:\/\/www.cafedelhomme.com\/pt-br?s={search_term_string}"},"query-input":{"@type":"PropertyValueSpecification","valueRequired":true,"valueName":"search_term_string"}}],"inLanguage":"pt-BR"},{"@type":"Organization","@id":"https:\/\/www.cafedelhomme.com\/pt-br#organization","name":"Caf\u00e9 de l'Homme","url":"https:\/\/www.cafedelhomme.com\/pt-br","logo":{"@type":"ImageObject","inLanguage":"pt-BR","@id":"https:\/\/www.cafedelhomme.com\/pt-br#\/schema\/logo\/image\/","url":"https:\/\/www.cafedelhomme.com\/wp-content\/uploads\/2023\/04\/big-logo-300x163-1.png","contentUrl":"https:\/\/www.cafedelhomme.com\/wp-content\/uploads\/2023\/04\/big-logo-300x163-1.png","width":300,"height":163,"caption":"Caf\u00e9 de l'Homme"},"image":{"@id":"https:\/\/www.cafedelhomme.com\/pt-br#\/schema\/logo\/image\/"},"sameAs":["https:\/\/www.facebook.com\/cafedelhomme","https:\/\/www.instagram.com\/cafedelhomme\/"]},{"@type":"Person","@id":"https:\/\/www.cafedelhomme.com\/pt-br#\/schema\/person\/55c660f885a3bf3b1d08ae502bd6850f","name":"Getup","image":{"@type":"ImageObject","inLanguage":"pt-BR","@id":"https:\/\/www.cafedelhomme.com\/pt-br#\/schema\/person\/image\/","url":"https:\/\/secure.gravatar.com\/avatar\/5e19627732ce1f7366d35b250158e58668ab387bcef3219ee7bba031ec656192?s=96&d=mm&r=g","contentUrl":"https:\/\/secure.gravatar.com\/avatar\/5e19627732ce1f7366d35b250158e58668ab387bcef3219ee7bba031ec656192?s=96&d=mm&r=g","caption":"Getup"},"sameAs":["https:\/\/www.cafedelhomme.com"]}]}},"_links":{"self":[{"href":"https:\/\/www.cafedelhomme.com\/pt-br\/wp-json\/wp\/v2\/posts\/8634","targetHints":{"allow":["GET"]}}],"collection":[{"href":"https:\/\/www.cafedelhomme.com\/pt-br\/wp-json\/wp\/v2\/posts"}],"about":[{"href":"https:\/\/www.cafedelhomme.com\/pt-br\/wp-json\/wp\/v2\/types\/post"}],"author":[{"embeddable":true,"href":"https:\/\/www.cafedelhomme.com\/pt-br\/wp-json\/wp\/v2\/users\/1"}],"replies":[{"embeddable":true,"href":"https:\/\/www.cafedelhomme.com\/pt-br\/wp-json\/wp\/v2\/comments?post=8634"}],"version-history":[{"count":10,"href":"https:\/\/www.cafedelhomme.com\/pt-br\/wp-json\/wp\/v2\/posts\/8634\/revisions"}],"predecessor-version":[{"id":8672,"href":"https:\/\/www.cafedelhomme.com\/pt-br\/wp-json\/wp\/v2\/posts\/8634\/revisions\/8672"}],"wp:featuredmedia":[{"embeddable":true,"href":"https:\/\/www.cafedelhomme.com\/pt-br\/wp-json\/wp\/v2\/media\/8636"}],"wp:attachment":[{"href":"https:\/\/www.cafedelhomme.com\/pt-br\/wp-json\/wp\/v2\/media?parent=8634"}],"wp:term":[{"taxonomy":"category","embeddable":true,"href":"https:\/\/www.cafedelhomme.com\/pt-br\/wp-json\/wp\/v2\/categories?post=8634"},{"taxonomy":"post_tag","embeddable":true,"href":"https:\/\/www.cafedelhomme.com\/pt-br\/wp-json\/wp\/v2\/tags?post=8634"}],"curies":[{"name":"wp","href":"https:\/\/api.w.org\/{rel}","templated":true}]}}