{"id":8651,"date":"2024-12-09T16:55:59","date_gmt":"2024-12-09T15:55:59","guid":{"rendered":"https:\/\/www.cafedelhomme.com\/a-la-carte-pratos-excepcionais-para-voce-saborear-em-nosso-restaurante-em-paris-16"},"modified":"2025-03-18T10:01:25","modified_gmt":"2025-03-18T09:01:25","slug":"a-la-carte-pratos-excepcionais-para-voce-saborear-em-nosso-restaurante-em-paris-16","status":"publish","type":"post","link":"https:\/\/www.cafedelhomme.com\/pt-br\/a-la-carte-pratos-excepcionais-para-voce-saborear-em-nosso-restaurante-em-paris-16","title":{"rendered":"\u00c0 la carte: pratos excepcionais para voc\u00ea saborear em nosso restaurante em Paris 16"},"content":{"rendered":"<div class=\"wpb-content-wrapper\"><p>[vc_row responsive_css=&#8221;margin_top_large:100px|margin_bottom_large:100px&#8221; css=&#8221;.vc_custom_1690902189577{margin-top: 100px !important;margin-bottom: 100px !important;}&#8221;][vc_column][vc_column_text css=&#8221;.vc_custom_1732118177718{margin-bottom: 40px !important;}&#8221;]<span style=\"font-weight: 400;\">No <\/span><b>Caf\u00e9 de l&#8217;Homme<\/b><span style=\"font-weight: 400;\">Cada refei\u00e7\u00e3o conta uma hist\u00f3ria, a hist\u00f3ria de um encontro entre tradi\u00e7\u00e3o e inova\u00e7\u00e3o. Localizado no cora\u00e7\u00e3o de   <\/span><b>Trocad\u00e9ro<\/b><span style=\"font-weight: 400;\">com uma <\/span><b>vista espetacular da Torre Eiffel<\/b><span style=\"font-weight: 400;\">Nosso restaurante oferece muito mais do que uma refei\u00e7\u00e3o: \u00e9 uma verdadeira experi\u00eancia sensorial.<\/span>[\/vc_column_text][vc_custom_heading text=&#8221;Um menu que celebra as esta\u00e7\u00f5es do ano e os terroirs da Fran\u00e7a&#8221; css=&#8221;.vc_custom_1732118185385{padding-top: 5px !important;}&#8221;][vc_column_text css=&#8221;&#8221;]<span style=\"font-weight: 400;\">O card\u00e1pio do <\/span><b>Caf\u00e9 de l&#8217;Homme<\/b><span style=\"font-weight: 400;\">  \u00e9 um tributo \u00e0 natureza e aos artes\u00e3os que lhe d\u00e3o vida. Cada produto \u00e9 cuidadosamente selecionado entre os melhores fornecedores, garantindo a mais alta qualidade.   <\/span><b>rastreabilidade impec\u00e1vel<\/b><span style=\"font-weight: 400;\">  e qualidade excepcional. Inspirado na diversidade dos terroirs da Fran\u00e7a, nosso   <\/span><b>O chef Wilfried Graux<\/b><span style=\"font-weight: 400;\"> cria pratos que combinam <\/span><b>autenticidade e modernidade<\/b><span style=\"font-weight: 400;\">em uma busca pela excel\u00eancia que se reflete em cada prato.<\/span><\/p>\n<p><span style=\"font-weight: 400;\">Explore sabores \u00fanicos e combina\u00e7\u00f5es ousadas, onde a tradicional culin\u00e1ria francesa encontra novas tend\u00eancias gastron\u00f4micas. <\/span><b>novas tend\u00eancias gastron\u00f4micas<\/b><span style=\"font-weight: 400;\">. Se voc\u00ea \u00e9 um amante da boa gastronomia ou est\u00e1 curioso para descobrir novos sabores, o   <\/span><b>\u00c0 la carte<\/b><span style=\"font-weight: 400;\"> certamente satisfar\u00e1 todos os seus desejos.<\/span>[\/vc_column_text][\/vc_column][\/vc_row][vc_row responsive_css=&#8221;margin_top_large:100px|margin_bottom_large:100px&#8221; css=&#8221;.vc_custom_1690902189577{margin-top: 100px !important;margin-bottom: 100px !important;}&#8221;][vc_column][vc_custom_heading text=&#8221;Um ambiente excepcional para aprimorar sua experi\u00eancia&#8221; css=&#8221;.vc_custom_1732118200318{padding-top: 5px !important;}&#8221;][vc_column_text css=&#8221;&#8221;]<b>Caf\u00e9 de l&#8217;Homme<\/b><span style=\"font-weight: 400;\">  n\u00e3o oferece apenas uma culin\u00e1ria extraordin\u00e1ria. Situado em uma das mais belas   <\/span><b>telhados de Paris<\/b><span style=\"font-weight: 400;\">nosso restaurante oferece uma vista de tirar o f\u00f4lego <\/span><b>vistas de tirar o f\u00f4lego da Torre Eiffel<\/b><span style=\"font-weight: 400;\">. Voc\u00ea pode jantar sob as estrelas ou almo\u00e7ar no terra\u00e7o, embalado pela magia do sol.   <\/span><b>Cidade da Luz<\/b><span style=\"font-weight: 400;\">.<\/span>[\/vc_column_text][\/vc_column][\/vc_row][vc_row responsive_css=&#8221;margin_top_large:100px|margin_bottom_large:100px&#8221; css=&#8221;.vc_custom_1690902189577{margin-top: 100px !important;margin-bottom: 100px !important;}&#8221;][vc_column][vc_custom_heading text=&#8221;Reserve sua mesa e deixe-se seduzir&#8221; css=&#8221;.vc_custom_1732118216566{padding-top: 5px !important;}&#8221;][vc_column_text css=&#8221;&#8221;]<span style=\"font-weight: 400;\">Voc\u00ea est\u00e1 pronto para viver um momento excepcional no <\/span><b>Caf\u00e9 de l&#8217;Homme<\/b><span style=\"font-weight: 400;\">  ? A experi\u00eancia   <\/span><b>\u00c0 la carte<\/b><span style=\"font-weight: 400;\"> promete uma experi\u00eancia inesquec\u00edvel. <\/span><b>Voc\u00ea pode descobrir <\/b><a href=\"https:\/\/www.cafedelhomme.com\/pt-br\/la-carte\"><b>nosso card\u00e1pio<\/b><\/a><span style=\"font-weight: 400;\"> e <\/span><a href=\"https:\/\/www.sevenrooms.com\/explore\/cafedelhomme\/reservations\/create\/search?tracking=seo-blog\"><b>reserve sua mesa<\/b><\/a><span style=\"font-weight: 400;\"> hoje mesmo para desfrutar de uma refei\u00e7\u00e3o \u00fanica com vista para a <\/span><b>Torre Eiffel<\/b><span style=\"font-weight: 400;\">.<\/span>[\/vc_column_text]<a href=\"https:\/\/www.sevenrooms.com\/experiences\/cafedelhomme\/exp-rience-la-carte-5441280260538368?tracking=seo-blog\" target=\"_blank\" class=\"btn btn-default btn-bordered border-thin btn btn-outline btn-outline-black ld_button_69f2a70574b10\">\n\t<span>\n\t\t\n\t\t\t\t\t<span class=\"btn-txt\">r\u00e9server.<\/span>\n\t\t\t\n\t\t\t\t<\/span>\n<\/a>\n[\/vc_column][\/vc_row]<\/p>\n<\/div>","protected":false},"excerpt":{"rendered":"<p>[vc_row responsive_css=&#8221;margin_top_large:100px|margin_bottom_large:100px&#8221; css=&#8221;.vc_custom_1690902189577{margin-top: 100px !important;margin-bottom: 100px !important;}&#8221;][vc_column][vc_column_text css=&#8221;.vc_custom_1732118177718{margin-bottom: 40px !important;}&#8221;]No Caf\u00e9 de l&#8217;HommeCada refei\u00e7\u00e3o conta uma hist\u00f3ria, a hist\u00f3ria de um encontro entre tradi\u00e7\u00e3o e inova\u00e7\u00e3o. Localizado no cora\u00e7\u00e3o de Trocad\u00e9rocom uma vista espetacular da Torre EiffelNosso restaurante oferece muito mais do que uma refei\u00e7\u00e3o:&#8230;<\/p>\n","protected":false},"author":1,"featured_media":8457,"comment_status":"closed","ping_status":"open","sticky":false,"template":"","format":"standard","meta":{"_acf_changed":false,"footnotes":""},"categories":[114,113],"tags":[],"class_list":["post-8651","post","type-post","status-publish","format-standard","has-post-thumbnail","hentry","category-apresentacao","category-noticias"],"acf":[],"yoast_head":"<!-- This site is optimized with the Yoast SEO Premium plugin v20.10 (Yoast SEO v27.0) - https:\/\/yoast.com\/product\/yoast-seo-premium-wordpress\/ -->\n<title>\u00c0 la carte: pratos excepcionais para voc\u00ea saborear em nosso restaurante em Paris 16 - Caf\u00e9 de l&#039;Homme<\/title>\n<meta name=\"description\" content=\"Desfrute de uma experi\u00eancia \u00fanica no Caf\u00e9 de l&#039;Homme: pratos excepcionais \u00e0 la carte, culin\u00e1ria refinada e uma vista \u00fanica da Torre Eiffel.\" \/>\n<meta name=\"robots\" content=\"index, follow, max-snippet:-1, max-image-preview:large, max-video-preview:-1\" \/>\n<link rel=\"canonical\" href=\"https:\/\/www.cafedelhomme.com\/pt-br\/a-la-carte-pratos-excepcionais-para-voce-saborear-em-nosso-restaurante-em-paris-16\" \/>\n<meta property=\"og:locale\" content=\"pt_BR\" \/>\n<meta property=\"og:type\" content=\"article\" \/>\n<meta property=\"og:title\" content=\"\u00c0 la carte: pratos excepcionais para voc\u00ea saborear em nosso restaurante em Paris 16\" \/>\n<meta property=\"og:description\" content=\"Desfrute de uma experi\u00eancia \u00fanica no Caf\u00e9 de l&#039;Homme: pratos excepcionais \u00e0 la carte, culin\u00e1ria refinada e uma vista \u00fanica da Torre Eiffel.\" \/>\n<meta property=\"og:url\" content=\"https:\/\/www.cafedelhomme.com\/pt-br\/a-la-carte-pratos-excepcionais-para-voce-saborear-em-nosso-restaurante-em-paris-16\" \/>\n<meta property=\"og:site_name\" content=\"Caf\u00e9 de l&#039;Homme\" \/>\n<meta property=\"article:publisher\" content=\"https:\/\/www.facebook.com\/cafedelhomme\" \/>\n<meta property=\"article:published_time\" content=\"2024-12-09T15:55:59+00:00\" \/>\n<meta property=\"article:modified_time\" content=\"2025-03-18T09:01:25+00:00\" \/>\n<meta property=\"og:image\" content=\"https:\/\/www.cafedelhomme.com\/wp-content\/uploads\/2024\/11\/vue-tour-eiffel.jpg\" \/>\n\t<meta property=\"og:image:width\" content=\"1076\" \/>\n\t<meta property=\"og:image:height\" content=\"1626\" \/>\n\t<meta property=\"og:image:type\" content=\"image\/jpeg\" \/>\n<meta name=\"author\" content=\"Getup\" \/>\n<meta name=\"twitter:card\" content=\"summary_large_image\" \/>\n<meta name=\"twitter:label1\" content=\"Escrito por\" \/>\n\t<meta name=\"twitter:data1\" content=\"Getup\" \/>\n\t<meta name=\"twitter:label2\" content=\"Est. tempo de leitura\" \/>\n\t<meta name=\"twitter:data2\" content=\"2 minutos\" \/>\n<script type=\"application\/ld+json\" class=\"yoast-schema-graph\">{\"@context\":\"https:\/\/schema.org\",\"@graph\":[{\"@type\":\"Article\",\"@id\":\"https:\/\/www.cafedelhomme.com\/pt-br\/a-la-carte-pratos-excepcionais-para-voce-saborear-em-nosso-restaurante-em-paris-16#article\",\"isPartOf\":{\"@id\":\"https:\/\/www.cafedelhomme.com\/pt-br\/a-la-carte-pratos-excepcionais-para-voce-saborear-em-nosso-restaurante-em-paris-16\"},\"author\":{\"name\":\"Getup\",\"@id\":\"https:\/\/www.cafedelhomme.com\/pt-br#\/schema\/person\/55c660f885a3bf3b1d08ae502bd6850f\"},\"headline\":\"\u00c0 la carte: pratos excepcionais para voc\u00ea saborear em nosso restaurante em Paris 16\",\"datePublished\":\"2024-12-09T15:55:59+00:00\",\"dateModified\":\"2025-03-18T09:01:25+00:00\",\"mainEntityOfPage\":{\"@id\":\"https:\/\/www.cafedelhomme.com\/pt-br\/a-la-carte-pratos-excepcionais-para-voce-saborear-em-nosso-restaurante-em-paris-16\"},\"wordCount\":493,\"publisher\":{\"@id\":\"https:\/\/www.cafedelhomme.com\/pt-br#organization\"},\"image\":{\"@id\":\"https:\/\/www.cafedelhomme.com\/pt-br\/a-la-carte-pratos-excepcionais-para-voce-saborear-em-nosso-restaurante-em-paris-16#primaryimage\"},\"thumbnailUrl\":\"https:\/\/www.cafedelhomme.com\/wp-content\/uploads\/2024\/11\/vue-tour-eiffel.jpg\",\"articleSection\":[\"apresenta\u00e7\u00e3o\",\"Not\u00edcias\"],\"inLanguage\":\"pt-BR\"},{\"@type\":\"WebPage\",\"@id\":\"https:\/\/www.cafedelhomme.com\/pt-br\/a-la-carte-pratos-excepcionais-para-voce-saborear-em-nosso-restaurante-em-paris-16\",\"url\":\"https:\/\/www.cafedelhomme.com\/pt-br\/a-la-carte-pratos-excepcionais-para-voce-saborear-em-nosso-restaurante-em-paris-16\",\"name\":\"\u00c0 la carte: pratos excepcionais para voc\u00ea saborear em nosso restaurante em Paris 16 - Caf\u00e9 de l'Homme\",\"isPartOf\":{\"@id\":\"https:\/\/www.cafedelhomme.com\/pt-br#website\"},\"primaryImageOfPage\":{\"@id\":\"https:\/\/www.cafedelhomme.com\/pt-br\/a-la-carte-pratos-excepcionais-para-voce-saborear-em-nosso-restaurante-em-paris-16#primaryimage\"},\"image\":{\"@id\":\"https:\/\/www.cafedelhomme.com\/pt-br\/a-la-carte-pratos-excepcionais-para-voce-saborear-em-nosso-restaurante-em-paris-16#primaryimage\"},\"thumbnailUrl\":\"https:\/\/www.cafedelhomme.com\/wp-content\/uploads\/2024\/11\/vue-tour-eiffel.jpg\",\"datePublished\":\"2024-12-09T15:55:59+00:00\",\"dateModified\":\"2025-03-18T09:01:25+00:00\",\"description\":\"Desfrute de uma experi\u00eancia \u00fanica no Caf\u00e9 de l'Homme: pratos excepcionais \u00e0 la carte, culin\u00e1ria refinada e uma vista \u00fanica da Torre Eiffel.\",\"inLanguage\":\"pt-BR\",\"potentialAction\":[{\"@type\":\"ReadAction\",\"target\":[\"https:\/\/www.cafedelhomme.com\/pt-br\/a-la-carte-pratos-excepcionais-para-voce-saborear-em-nosso-restaurante-em-paris-16\"]}]},{\"@type\":\"ImageObject\",\"inLanguage\":\"pt-BR\",\"@id\":\"https:\/\/www.cafedelhomme.com\/pt-br\/a-la-carte-pratos-excepcionais-para-voce-saborear-em-nosso-restaurante-em-paris-16#primaryimage\",\"url\":\"https:\/\/www.cafedelhomme.com\/wp-content\/uploads\/2024\/11\/vue-tour-eiffel.jpg\",\"contentUrl\":\"https:\/\/www.cafedelhomme.com\/wp-content\/uploads\/2024\/11\/vue-tour-eiffel.jpg\",\"width\":1076,\"height\":1626},{\"@type\":\"WebSite\",\"@id\":\"https:\/\/www.cafedelhomme.com\/pt-br#website\",\"url\":\"https:\/\/www.cafedelhomme.com\/pt-br\",\"name\":\"Caf\u00e9 de l'Homme\",\"description\":\"\",\"publisher\":{\"@id\":\"https:\/\/www.cafedelhomme.com\/pt-br#organization\"},\"potentialAction\":[{\"@type\":\"SearchAction\",\"target\":{\"@type\":\"EntryPoint\",\"urlTemplate\":\"https:\/\/www.cafedelhomme.com\/pt-br?s={search_term_string}\"},\"query-input\":{\"@type\":\"PropertyValueSpecification\",\"valueRequired\":true,\"valueName\":\"search_term_string\"}}],\"inLanguage\":\"pt-BR\"},{\"@type\":\"Organization\",\"@id\":\"https:\/\/www.cafedelhomme.com\/pt-br#organization\",\"name\":\"Caf\u00e9 de l'Homme\",\"url\":\"https:\/\/www.cafedelhomme.com\/pt-br\",\"logo\":{\"@type\":\"ImageObject\",\"inLanguage\":\"pt-BR\",\"@id\":\"https:\/\/www.cafedelhomme.com\/pt-br#\/schema\/logo\/image\/\",\"url\":\"https:\/\/www.cafedelhomme.com\/wp-content\/uploads\/2023\/04\/big-logo-300x163-1.png\",\"contentUrl\":\"https:\/\/www.cafedelhomme.com\/wp-content\/uploads\/2023\/04\/big-logo-300x163-1.png\",\"width\":300,\"height\":163,\"caption\":\"Caf\u00e9 de l'Homme\"},\"image\":{\"@id\":\"https:\/\/www.cafedelhomme.com\/pt-br#\/schema\/logo\/image\/\"},\"sameAs\":[\"https:\/\/www.facebook.com\/cafedelhomme\",\"https:\/\/www.instagram.com\/cafedelhomme\/\"]},{\"@type\":\"Person\",\"@id\":\"https:\/\/www.cafedelhomme.com\/pt-br#\/schema\/person\/55c660f885a3bf3b1d08ae502bd6850f\",\"name\":\"Getup\",\"image\":{\"@type\":\"ImageObject\",\"inLanguage\":\"pt-BR\",\"@id\":\"https:\/\/www.cafedelhomme.com\/pt-br#\/schema\/person\/image\/\",\"url\":\"https:\/\/secure.gravatar.com\/avatar\/5e19627732ce1f7366d35b250158e58668ab387bcef3219ee7bba031ec656192?s=96&d=mm&r=g\",\"contentUrl\":\"https:\/\/secure.gravatar.com\/avatar\/5e19627732ce1f7366d35b250158e58668ab387bcef3219ee7bba031ec656192?s=96&d=mm&r=g\",\"caption\":\"Getup\"},\"sameAs\":[\"https:\/\/www.cafedelhomme.com\"]}]}<\/script>\n<!-- \/ Yoast SEO Premium plugin. -->","yoast_head_json":{"title":"\u00c0 la carte: pratos excepcionais para voc\u00ea saborear em nosso restaurante em Paris 16 - Caf\u00e9 de l'Homme","description":"Desfrute de uma experi\u00eancia \u00fanica no Caf\u00e9 de l'Homme: pratos excepcionais \u00e0 la carte, culin\u00e1ria refinada e uma vista \u00fanica da Torre Eiffel.","robots":{"index":"index","follow":"follow","max-snippet":"max-snippet:-1","max-image-preview":"max-image-preview:large","max-video-preview":"max-video-preview:-1"},"canonical":"https:\/\/www.cafedelhomme.com\/pt-br\/a-la-carte-pratos-excepcionais-para-voce-saborear-em-nosso-restaurante-em-paris-16","og_locale":"pt_BR","og_type":"article","og_title":"\u00c0 la carte: pratos excepcionais para voc\u00ea saborear em nosso restaurante em Paris 16","og_description":"Desfrute de uma experi\u00eancia \u00fanica no Caf\u00e9 de l'Homme: pratos excepcionais \u00e0 la carte, culin\u00e1ria refinada e uma vista \u00fanica da Torre Eiffel.","og_url":"https:\/\/www.cafedelhomme.com\/pt-br\/a-la-carte-pratos-excepcionais-para-voce-saborear-em-nosso-restaurante-em-paris-16","og_site_name":"Caf\u00e9 de l'Homme","article_publisher":"https:\/\/www.facebook.com\/cafedelhomme","article_published_time":"2024-12-09T15:55:59+00:00","article_modified_time":"2025-03-18T09:01:25+00:00","og_image":[{"width":1076,"height":1626,"url":"https:\/\/www.cafedelhomme.com\/wp-content\/uploads\/2024\/11\/vue-tour-eiffel.jpg","type":"image\/jpeg"}],"author":"Getup","twitter_card":"summary_large_image","twitter_misc":{"Escrito por":"Getup","Est. tempo de leitura":"2 minutos"},"schema":{"@context":"https:\/\/schema.org","@graph":[{"@type":"Article","@id":"https:\/\/www.cafedelhomme.com\/pt-br\/a-la-carte-pratos-excepcionais-para-voce-saborear-em-nosso-restaurante-em-paris-16#article","isPartOf":{"@id":"https:\/\/www.cafedelhomme.com\/pt-br\/a-la-carte-pratos-excepcionais-para-voce-saborear-em-nosso-restaurante-em-paris-16"},"author":{"name":"Getup","@id":"https:\/\/www.cafedelhomme.com\/pt-br#\/schema\/person\/55c660f885a3bf3b1d08ae502bd6850f"},"headline":"\u00c0 la carte: pratos excepcionais para voc\u00ea saborear em nosso restaurante em Paris 16","datePublished":"2024-12-09T15:55:59+00:00","dateModified":"2025-03-18T09:01:25+00:00","mainEntityOfPage":{"@id":"https:\/\/www.cafedelhomme.com\/pt-br\/a-la-carte-pratos-excepcionais-para-voce-saborear-em-nosso-restaurante-em-paris-16"},"wordCount":493,"publisher":{"@id":"https:\/\/www.cafedelhomme.com\/pt-br#organization"},"image":{"@id":"https:\/\/www.cafedelhomme.com\/pt-br\/a-la-carte-pratos-excepcionais-para-voce-saborear-em-nosso-restaurante-em-paris-16#primaryimage"},"thumbnailUrl":"https:\/\/www.cafedelhomme.com\/wp-content\/uploads\/2024\/11\/vue-tour-eiffel.jpg","articleSection":["apresenta\u00e7\u00e3o","Not\u00edcias"],"inLanguage":"pt-BR"},{"@type":"WebPage","@id":"https:\/\/www.cafedelhomme.com\/pt-br\/a-la-carte-pratos-excepcionais-para-voce-saborear-em-nosso-restaurante-em-paris-16","url":"https:\/\/www.cafedelhomme.com\/pt-br\/a-la-carte-pratos-excepcionais-para-voce-saborear-em-nosso-restaurante-em-paris-16","name":"\u00c0 la carte: pratos excepcionais para voc\u00ea saborear em nosso restaurante em Paris 16 - Caf\u00e9 de l'Homme","isPartOf":{"@id":"https:\/\/www.cafedelhomme.com\/pt-br#website"},"primaryImageOfPage":{"@id":"https:\/\/www.cafedelhomme.com\/pt-br\/a-la-carte-pratos-excepcionais-para-voce-saborear-em-nosso-restaurante-em-paris-16#primaryimage"},"image":{"@id":"https:\/\/www.cafedelhomme.com\/pt-br\/a-la-carte-pratos-excepcionais-para-voce-saborear-em-nosso-restaurante-em-paris-16#primaryimage"},"thumbnailUrl":"https:\/\/www.cafedelhomme.com\/wp-content\/uploads\/2024\/11\/vue-tour-eiffel.jpg","datePublished":"2024-12-09T15:55:59+00:00","dateModified":"2025-03-18T09:01:25+00:00","description":"Desfrute de uma experi\u00eancia \u00fanica no Caf\u00e9 de l'Homme: pratos excepcionais \u00e0 la carte, culin\u00e1ria refinada e uma vista \u00fanica da Torre Eiffel.","inLanguage":"pt-BR","potentialAction":[{"@type":"ReadAction","target":["https:\/\/www.cafedelhomme.com\/pt-br\/a-la-carte-pratos-excepcionais-para-voce-saborear-em-nosso-restaurante-em-paris-16"]}]},{"@type":"ImageObject","inLanguage":"pt-BR","@id":"https:\/\/www.cafedelhomme.com\/pt-br\/a-la-carte-pratos-excepcionais-para-voce-saborear-em-nosso-restaurante-em-paris-16#primaryimage","url":"https:\/\/www.cafedelhomme.com\/wp-content\/uploads\/2024\/11\/vue-tour-eiffel.jpg","contentUrl":"https:\/\/www.cafedelhomme.com\/wp-content\/uploads\/2024\/11\/vue-tour-eiffel.jpg","width":1076,"height":1626},{"@type":"WebSite","@id":"https:\/\/www.cafedelhomme.com\/pt-br#website","url":"https:\/\/www.cafedelhomme.com\/pt-br","name":"Caf\u00e9 de l'Homme","description":"","publisher":{"@id":"https:\/\/www.cafedelhomme.com\/pt-br#organization"},"potentialAction":[{"@type":"SearchAction","target":{"@type":"EntryPoint","urlTemplate":"https:\/\/www.cafedelhomme.com\/pt-br?s={search_term_string}"},"query-input":{"@type":"PropertyValueSpecification","valueRequired":true,"valueName":"search_term_string"}}],"inLanguage":"pt-BR"},{"@type":"Organization","@id":"https:\/\/www.cafedelhomme.com\/pt-br#organization","name":"Caf\u00e9 de l'Homme","url":"https:\/\/www.cafedelhomme.com\/pt-br","logo":{"@type":"ImageObject","inLanguage":"pt-BR","@id":"https:\/\/www.cafedelhomme.com\/pt-br#\/schema\/logo\/image\/","url":"https:\/\/www.cafedelhomme.com\/wp-content\/uploads\/2023\/04\/big-logo-300x163-1.png","contentUrl":"https:\/\/www.cafedelhomme.com\/wp-content\/uploads\/2023\/04\/big-logo-300x163-1.png","width":300,"height":163,"caption":"Caf\u00e9 de l'Homme"},"image":{"@id":"https:\/\/www.cafedelhomme.com\/pt-br#\/schema\/logo\/image\/"},"sameAs":["https:\/\/www.facebook.com\/cafedelhomme","https:\/\/www.instagram.com\/cafedelhomme\/"]},{"@type":"Person","@id":"https:\/\/www.cafedelhomme.com\/pt-br#\/schema\/person\/55c660f885a3bf3b1d08ae502bd6850f","name":"Getup","image":{"@type":"ImageObject","inLanguage":"pt-BR","@id":"https:\/\/www.cafedelhomme.com\/pt-br#\/schema\/person\/image\/","url":"https:\/\/secure.gravatar.com\/avatar\/5e19627732ce1f7366d35b250158e58668ab387bcef3219ee7bba031ec656192?s=96&d=mm&r=g","contentUrl":"https:\/\/secure.gravatar.com\/avatar\/5e19627732ce1f7366d35b250158e58668ab387bcef3219ee7bba031ec656192?s=96&d=mm&r=g","caption":"Getup"},"sameAs":["https:\/\/www.cafedelhomme.com"]}]}},"_links":{"self":[{"href":"https:\/\/www.cafedelhomme.com\/pt-br\/wp-json\/wp\/v2\/posts\/8651","targetHints":{"allow":["GET"]}}],"collection":[{"href":"https:\/\/www.cafedelhomme.com\/pt-br\/wp-json\/wp\/v2\/posts"}],"about":[{"href":"https:\/\/www.cafedelhomme.com\/pt-br\/wp-json\/wp\/v2\/types\/post"}],"author":[{"embeddable":true,"href":"https:\/\/www.cafedelhomme.com\/pt-br\/wp-json\/wp\/v2\/users\/1"}],"replies":[{"embeddable":true,"href":"https:\/\/www.cafedelhomme.com\/pt-br\/wp-json\/wp\/v2\/comments?post=8651"}],"version-history":[{"count":1,"href":"https:\/\/www.cafedelhomme.com\/pt-br\/wp-json\/wp\/v2\/posts\/8651\/revisions"}],"predecessor-version":[{"id":8657,"href":"https:\/\/www.cafedelhomme.com\/pt-br\/wp-json\/wp\/v2\/posts\/8651\/revisions\/8657"}],"wp:featuredmedia":[{"embeddable":true,"href":"https:\/\/www.cafedelhomme.com\/pt-br\/wp-json\/wp\/v2\/media\/8457"}],"wp:attachment":[{"href":"https:\/\/www.cafedelhomme.com\/pt-br\/wp-json\/wp\/v2\/media?parent=8651"}],"wp:term":[{"taxonomy":"category","embeddable":true,"href":"https:\/\/www.cafedelhomme.com\/pt-br\/wp-json\/wp\/v2\/categories?post=8651"},{"taxonomy":"post_tag","embeddable":true,"href":"https:\/\/www.cafedelhomme.com\/pt-br\/wp-json\/wp\/v2\/tags?post=8651"}],"curies":[{"name":"wp","href":"https:\/\/api.w.org\/{rel}","templated":true}]}}