{"id":8659,"date":"2024-12-05T10:00:00","date_gmt":"2024-12-05T09:00:00","guid":{"rendered":"https:\/\/www.cafedelhomme.com\/um-jantar-gourmet-com-vista-para-a-torre-eiffel-por-que-escolher-o-restaurante-cafe-de-lhomme"},"modified":"2025-03-18T10:01:25","modified_gmt":"2025-03-18T09:01:25","slug":"um-jantar-gourmet-com-vista-para-a-torre-eiffel-por-que-escolher-o-restaurante-cafe-de-lhomme","status":"publish","type":"post","link":"https:\/\/www.cafedelhomme.com\/pt-br\/um-jantar-gourmet-com-vista-para-a-torre-eiffel-por-que-escolher-o-restaurante-cafe-de-lhomme","title":{"rendered":"Um jantar gourmet com vista para a Torre Eiffel: Por que escolher o restaurante Caf\u00e9 de l&#8217;Homme?"},"content":{"rendered":"<div class=\"wpb-content-wrapper\"><p>[vc_row responsive_css=&#8221;margin_top_large:100px|margin_bottom_large:100px&#8221; css=&#8221;.vc_custom_1690902189577{margin-top: 100px !important;margin-bottom: 100px !important;}&#8221;][vc_column][vc_column_text css=&#8221;.vc_custom_1732117343711{margin-bottom: 40px !important;}&#8221;]<b>Voc\u00ea quer um jantar inesquec\u00edvel com uma vista de tirar o f\u00f4lego da Torre Eiffel? Caf\u00e9 de l&#8217;Homme <\/b><span style=\"font-weight: 400;\">localizado na prestigiosa Place du <\/span><b>Trocad\u00e9ro<\/b><span style=\"font-weight: 400;\">abre suas portas para voc\u00ea para uma <\/span><b>experi\u00eancia gastron\u00f4mica<\/b><span style=\"font-weight: 400;\">  em Paris. Em um ambiente encantador, onde cada detalhe conta, o restaurante convida voc\u00ea a saborear cria\u00e7\u00f5es culin\u00e1rias refinadas enquanto admira o mais belo panorama da capital. <\/span>[\/vc_column_text][vc_custom_heading text=&#8221;Um restaurante com vistas espetaculares da Torre Eiffel&#8221; css=&#8221;.vc_custom_1732117352978{padding-top: 5px !important;}&#8221;][vc_column_text css=&#8221;&#8221;]<span style=\"font-weight: 400;\">Oferecendo uma <\/span><b>vista direta da Torre Eiffel<\/b><span style=\"font-weight: 400;\">\u00e9 o que define o <\/span><b>Caf\u00e9 de l&#8217;Homme<\/b><span style=\"font-weight: 400;\">. Instalado em   <\/span><b>Trocadero<\/b><span style=\"font-weight: 400;\">O restaurante garante um ambiente de tirar o f\u00f4lego. Durante o dia, aproveite ao m\u00e1ximo a \u00e1rea externa e sua vista desobstru\u00edda para uma refei\u00e7\u00e3o deliciosa.   <\/span><b>almo\u00e7o ao ar livre<\/b><span style=\"font-weight: 400;\">  em nosso terra\u00e7o. \u00c0 noite, o cintilar da Dama de Ferro e as luzes do   <\/span><b>Cidade da Luz<\/b><span style=\"font-weight: 400;\">  Transforme a atmosfera em uma experi\u00eancia m\u00e1gica. Cada refei\u00e7\u00e3o se torna um momento especial. <\/span>[\/vc_column_text][\/vc_column][\/vc_row][vc_row responsive_css=&#8221;margin_top_large:100px|margin_bottom_large:100px&#8221; css=&#8221;.vc_custom_1690902189577{margin-top: 100px !important;margin-bottom: 100px !important;}&#8221;][vc_column][vc_custom_heading text=&#8221;Uma experi\u00eancia gastron\u00f4mica \u00fanica em Paris 16&#8243; css=&#8221;.vc_custom_1732117369878{padding-top: 5px !important;}&#8221;][vc_column_text css=&#8221;&#8221;]<span style=\"font-weight: 400;\">Mas o que faz com que voc\u00ea visite o <\/span><b>Caf\u00e9 de l&#8217;Homme<\/b><span style=\"font-weight: 400;\"> inesquec\u00edvel \u00e9, acima de tudo, a <\/span><b>gastronomia francesa<\/b><span style=\"font-weight: 400;\">. Sob a dire\u00e7\u00e3o do Chef Wilfried Graux, cada prato destaca o sabor e a qualidade dos alimentos.   <\/span><b>Terroir franc\u00eas<\/b><span style=\"font-weight: 400;\"> e <\/span><b>produtos sazonais<\/b><span style=\"font-weight: 400;\">. Um card\u00e1pio cuidadosamente preparado, no qual voc\u00ea pode encontrar   <\/span><b>criatividade<\/b><span style=\"font-weight: 400;\"> e <\/span><b>eleg\u00e2ncia<\/b><span style=\"font-weight: 400;\"> se entrela\u00e7am, convidando voc\u00ea para uma verdadeira <\/span><b>jornada gastron\u00f4mica<\/b><span style=\"font-weight: 400;\">. <\/span><b>Consulte <a href=\"https:\/\/www.cafedelhomme.com\/pt-br\/la-carte\">nosso card\u00e1pio<\/a><\/b><span style=\"font-weight: 400;\"> para voc\u00ea conhecer nossas cria\u00e7\u00f5es.<\/span>[\/vc_column_text][\/vc_column][\/vc_row][vc_row responsive_css=&#8221;margin_top_large:100px|margin_bottom_large:100px&#8221; css=&#8221;.vc_custom_1690902189577{margin-top: 100px !important;margin-bottom: 100px !important;}&#8221;][vc_column][vc_custom_heading text=&#8221;Um ambiente excepcional no Trocad\u00e9ro&#8221; css=&#8221;.vc_custom_1732117406694{padding-top: 5px !important;}&#8221;][vc_column_text css=&#8221;&#8221;]<span style=\"font-weight: 400;\">E o que voc\u00ea acha do cen\u00e1rio? Localizado na prestigiada   <\/span><b>16\u00ba arrondissement<\/b><span style=\"font-weight: 400;\">, <\/span><b>Caf\u00e9 de l&#8217;Homme<\/b><span style=\"font-weight: 400;\">  \u00e9 uma verdadeira vitrine de modernidade e requinte. A decora\u00e7\u00e3o elegante combina perfeitamente com o ambiente chique do local, criando uma atmosfera prop\u00edcia para todos os seus momentos especiais: seja uma festa de casamento ou um jantar.   <\/span><b>almo\u00e7o<\/b><span style=\"font-weight: 400;\">almo\u00e7o <\/span><b>jantar<\/b><span style=\"font-weight: 400;\">  ou em uma comemora\u00e7\u00e3o especial. Voc\u00ea gostaria de viver essa experi\u00eancia ao m\u00e1ximo?   <\/span><b>Descubra nossas <\/b><a href=\"https:\/\/www.cafedelhomme.com\/pt-br\/nossa-experiencia\"><b>experi\u00eancias gastron\u00f4micas<\/b><\/a><span style=\"font-weight: 400;\"> e deixe-se encantar.<\/span><\/p>\n<p><span style=\"font-weight: 400;\">Reserve sua mesa agora e prepare-se para viver um momento \u00fanico em um dos lugares mais emblem\u00e1ticos da cidade de Paris. <\/span><b>Paris 16<\/b><span style=\"font-weight: 400;\">.<\/span>[\/vc_column_text]<a href=\"https:\/\/www.sevenrooms.com\/explore\/cafedelhomme\/reservations\/create\/search?tracking=seo-blog\" target=\"_blank\" class=\"btn btn-default btn-bordered border-thin btn btn-outline btn-outline-black ld_button_69f1beef75d56\">\n\t<span>\n\t\t\n\t\t\t\t\t<span class=\"btn-txt\">r\u00e9server.<\/span>\n\t\t\t\n\t\t\t\t<\/span>\n<\/a>\n[\/vc_column][\/vc_row]<\/p>\n<\/div>","protected":false},"excerpt":{"rendered":"<p>[vc_row responsive_css=&#8221;margin_top_large:100px|margin_bottom_large:100px&#8221; css=&#8221;.vc_custom_1690902189577{margin-top: 100px !important;margin-bottom: 100px !important;}&#8221;][vc_column][vc_column_text css=&#8221;.vc_custom_1732117343711{margin-bottom: 40px !important;}&#8221;]Voc\u00ea quer um jantar inesquec\u00edvel com uma vista de tirar o f\u00f4lego da Torre Eiffel? Caf\u00e9 de l&#8217;Homme localizado na prestigiosa Place du Trocad\u00e9roabre suas portas para voc\u00ea para uma experi\u00eancia gastron\u00f4mica em Paris. Em um&#8230;<\/p>\n","protected":false},"author":1,"featured_media":8661,"comment_status":"closed","ping_status":"open","sticky":false,"template":"","format":"standard","meta":{"_acf_changed":false,"footnotes":""},"categories":[114,113],"tags":[],"class_list":["post-8659","post","type-post","status-publish","format-standard","has-post-thumbnail","hentry","category-apresentacao","category-noticias"],"acf":[],"yoast_head":"<!-- This site is optimized with the Yoast SEO Premium plugin v20.10 (Yoast SEO v27.0) - https:\/\/yoast.com\/product\/yoast-seo-premium-wordpress\/ -->\n<title>Um jantar gourmet com vista para a Torre Eiffel: Por que escolher o restaurante Caf\u00e9 de l&#039;Homme? - Caf\u00e9 de l&#039;Homme<\/title>\n<meta name=\"description\" content=\"Uma experi\u00eancia \u00fanica no Caf\u00e9 de l&#039;Homme: gastronomia refinada, vistas de tirar o f\u00f4lego da Torre Eiffel e um cen\u00e1rio encantador no Trocadero.\" \/>\n<meta name=\"robots\" content=\"index, follow, max-snippet:-1, max-image-preview:large, max-video-preview:-1\" \/>\n<link rel=\"canonical\" href=\"https:\/\/www.cafedelhomme.com\/pt-br\/um-jantar-gourmet-com-vista-para-a-torre-eiffel-por-que-escolher-o-restaurante-cafe-de-lhomme\" \/>\n<meta property=\"og:locale\" content=\"pt_BR\" \/>\n<meta property=\"og:type\" content=\"article\" \/>\n<meta property=\"og:title\" content=\"Um jantar gourmet com vista para a Torre Eiffel: Por que escolher o restaurante Caf\u00e9 de l&#039;Homme?\" \/>\n<meta property=\"og:description\" content=\"Uma experi\u00eancia \u00fanica no Caf\u00e9 de l&#039;Homme: gastronomia refinada, vistas de tirar o f\u00f4lego da Torre Eiffel e um cen\u00e1rio encantador no Trocadero.\" \/>\n<meta property=\"og:url\" content=\"https:\/\/www.cafedelhomme.com\/pt-br\/um-jantar-gourmet-com-vista-para-a-torre-eiffel-por-que-escolher-o-restaurante-cafe-de-lhomme\" \/>\n<meta property=\"og:site_name\" content=\"Caf\u00e9 de l&#039;Homme\" \/>\n<meta property=\"article:publisher\" content=\"https:\/\/www.facebook.com\/cafedelhomme\" \/>\n<meta property=\"article:published_time\" content=\"2024-12-05T09:00:00+00:00\" \/>\n<meta property=\"article:modified_time\" content=\"2025-03-18T09:01:25+00:00\" \/>\n<meta property=\"og:image\" content=\"https:\/\/www.cafedelhomme.com\/wp-content\/uploads\/2024\/06\/picture-14-juillet-2.jpg\" \/>\n\t<meta property=\"og:image:width\" content=\"1032\" \/>\n\t<meta property=\"og:image:height\" content=\"1290\" \/>\n\t<meta property=\"og:image:type\" content=\"image\/jpeg\" \/>\n<meta name=\"author\" content=\"Getup\" \/>\n<meta name=\"twitter:card\" content=\"summary_large_image\" \/>\n<meta name=\"twitter:label1\" content=\"Escrito por\" \/>\n\t<meta name=\"twitter:data1\" content=\"Getup\" \/>\n\t<meta name=\"twitter:label2\" content=\"Est. tempo de leitura\" \/>\n\t<meta name=\"twitter:data2\" content=\"3 minutos\" \/>\n<script type=\"application\/ld+json\" class=\"yoast-schema-graph\">{\"@context\":\"https:\/\/schema.org\",\"@graph\":[{\"@type\":\"Article\",\"@id\":\"https:\/\/www.cafedelhomme.com\/pt-br\/um-jantar-gourmet-com-vista-para-a-torre-eiffel-por-que-escolher-o-restaurante-cafe-de-lhomme#article\",\"isPartOf\":{\"@id\":\"https:\/\/www.cafedelhomme.com\/pt-br\/um-jantar-gourmet-com-vista-para-a-torre-eiffel-por-que-escolher-o-restaurante-cafe-de-lhomme\"},\"author\":{\"name\":\"Getup\",\"@id\":\"https:\/\/www.cafedelhomme.com\/pt-br#\/schema\/person\/55c660f885a3bf3b1d08ae502bd6850f\"},\"headline\":\"Um jantar gourmet com vista para a Torre Eiffel: Por que escolher o restaurante Caf\u00e9 de l&#8217;Homme?\",\"datePublished\":\"2024-12-05T09:00:00+00:00\",\"dateModified\":\"2025-03-18T09:01:25+00:00\",\"mainEntityOfPage\":{\"@id\":\"https:\/\/www.cafedelhomme.com\/pt-br\/um-jantar-gourmet-com-vista-para-a-torre-eiffel-por-que-escolher-o-restaurante-cafe-de-lhomme\"},\"wordCount\":556,\"publisher\":{\"@id\":\"https:\/\/www.cafedelhomme.com\/pt-br#organization\"},\"image\":{\"@id\":\"https:\/\/www.cafedelhomme.com\/pt-br\/um-jantar-gourmet-com-vista-para-a-torre-eiffel-por-que-escolher-o-restaurante-cafe-de-lhomme#primaryimage\"},\"thumbnailUrl\":\"https:\/\/www.cafedelhomme.com\/wp-content\/uploads\/2024\/06\/picture-14-juillet-2.jpg\",\"articleSection\":[\"apresenta\u00e7\u00e3o\",\"Not\u00edcias\"],\"inLanguage\":\"pt-BR\"},{\"@type\":\"WebPage\",\"@id\":\"https:\/\/www.cafedelhomme.com\/pt-br\/um-jantar-gourmet-com-vista-para-a-torre-eiffel-por-que-escolher-o-restaurante-cafe-de-lhomme\",\"url\":\"https:\/\/www.cafedelhomme.com\/pt-br\/um-jantar-gourmet-com-vista-para-a-torre-eiffel-por-que-escolher-o-restaurante-cafe-de-lhomme\",\"name\":\"Um jantar gourmet com vista para a Torre Eiffel: Por que escolher o restaurante Caf\u00e9 de l'Homme? - Caf\u00e9 de l'Homme\",\"isPartOf\":{\"@id\":\"https:\/\/www.cafedelhomme.com\/pt-br#website\"},\"primaryImageOfPage\":{\"@id\":\"https:\/\/www.cafedelhomme.com\/pt-br\/um-jantar-gourmet-com-vista-para-a-torre-eiffel-por-que-escolher-o-restaurante-cafe-de-lhomme#primaryimage\"},\"image\":{\"@id\":\"https:\/\/www.cafedelhomme.com\/pt-br\/um-jantar-gourmet-com-vista-para-a-torre-eiffel-por-que-escolher-o-restaurante-cafe-de-lhomme#primaryimage\"},\"thumbnailUrl\":\"https:\/\/www.cafedelhomme.com\/wp-content\/uploads\/2024\/06\/picture-14-juillet-2.jpg\",\"datePublished\":\"2024-12-05T09:00:00+00:00\",\"dateModified\":\"2025-03-18T09:01:25+00:00\",\"description\":\"Uma experi\u00eancia \u00fanica no Caf\u00e9 de l'Homme: gastronomia refinada, vistas de tirar o f\u00f4lego da Torre Eiffel e um cen\u00e1rio encantador no Trocadero.\",\"inLanguage\":\"pt-BR\",\"potentialAction\":[{\"@type\":\"ReadAction\",\"target\":[\"https:\/\/www.cafedelhomme.com\/pt-br\/um-jantar-gourmet-com-vista-para-a-torre-eiffel-por-que-escolher-o-restaurante-cafe-de-lhomme\"]}]},{\"@type\":\"ImageObject\",\"inLanguage\":\"pt-BR\",\"@id\":\"https:\/\/www.cafedelhomme.com\/pt-br\/um-jantar-gourmet-com-vista-para-a-torre-eiffel-por-que-escolher-o-restaurante-cafe-de-lhomme#primaryimage\",\"url\":\"https:\/\/www.cafedelhomme.com\/wp-content\/uploads\/2024\/06\/picture-14-juillet-2.jpg\",\"contentUrl\":\"https:\/\/www.cafedelhomme.com\/wp-content\/uploads\/2024\/06\/picture-14-juillet-2.jpg\",\"width\":1032,\"height\":1290},{\"@type\":\"WebSite\",\"@id\":\"https:\/\/www.cafedelhomme.com\/pt-br#website\",\"url\":\"https:\/\/www.cafedelhomme.com\/pt-br\",\"name\":\"Caf\u00e9 de l'Homme\",\"description\":\"\",\"publisher\":{\"@id\":\"https:\/\/www.cafedelhomme.com\/pt-br#organization\"},\"potentialAction\":[{\"@type\":\"SearchAction\",\"target\":{\"@type\":\"EntryPoint\",\"urlTemplate\":\"https:\/\/www.cafedelhomme.com\/pt-br?s={search_term_string}\"},\"query-input\":{\"@type\":\"PropertyValueSpecification\",\"valueRequired\":true,\"valueName\":\"search_term_string\"}}],\"inLanguage\":\"pt-BR\"},{\"@type\":\"Organization\",\"@id\":\"https:\/\/www.cafedelhomme.com\/pt-br#organization\",\"name\":\"Caf\u00e9 de l'Homme\",\"url\":\"https:\/\/www.cafedelhomme.com\/pt-br\",\"logo\":{\"@type\":\"ImageObject\",\"inLanguage\":\"pt-BR\",\"@id\":\"https:\/\/www.cafedelhomme.com\/pt-br#\/schema\/logo\/image\/\",\"url\":\"https:\/\/www.cafedelhomme.com\/wp-content\/uploads\/2023\/04\/big-logo-300x163-1.png\",\"contentUrl\":\"https:\/\/www.cafedelhomme.com\/wp-content\/uploads\/2023\/04\/big-logo-300x163-1.png\",\"width\":300,\"height\":163,\"caption\":\"Caf\u00e9 de l'Homme\"},\"image\":{\"@id\":\"https:\/\/www.cafedelhomme.com\/pt-br#\/schema\/logo\/image\/\"},\"sameAs\":[\"https:\/\/www.facebook.com\/cafedelhomme\",\"https:\/\/www.instagram.com\/cafedelhomme\/\"]},{\"@type\":\"Person\",\"@id\":\"https:\/\/www.cafedelhomme.com\/pt-br#\/schema\/person\/55c660f885a3bf3b1d08ae502bd6850f\",\"name\":\"Getup\",\"image\":{\"@type\":\"ImageObject\",\"inLanguage\":\"pt-BR\",\"@id\":\"https:\/\/www.cafedelhomme.com\/pt-br#\/schema\/person\/image\/\",\"url\":\"https:\/\/secure.gravatar.com\/avatar\/5e19627732ce1f7366d35b250158e58668ab387bcef3219ee7bba031ec656192?s=96&d=mm&r=g\",\"contentUrl\":\"https:\/\/secure.gravatar.com\/avatar\/5e19627732ce1f7366d35b250158e58668ab387bcef3219ee7bba031ec656192?s=96&d=mm&r=g\",\"caption\":\"Getup\"},\"sameAs\":[\"https:\/\/www.cafedelhomme.com\"]}]}<\/script>\n<!-- \/ Yoast SEO Premium plugin. -->","yoast_head_json":{"title":"Um jantar gourmet com vista para a Torre Eiffel: Por que escolher o restaurante Caf\u00e9 de l'Homme? - Caf\u00e9 de l'Homme","description":"Uma experi\u00eancia \u00fanica no Caf\u00e9 de l'Homme: gastronomia refinada, vistas de tirar o f\u00f4lego da Torre Eiffel e um cen\u00e1rio encantador no Trocadero.","robots":{"index":"index","follow":"follow","max-snippet":"max-snippet:-1","max-image-preview":"max-image-preview:large","max-video-preview":"max-video-preview:-1"},"canonical":"https:\/\/www.cafedelhomme.com\/pt-br\/um-jantar-gourmet-com-vista-para-a-torre-eiffel-por-que-escolher-o-restaurante-cafe-de-lhomme","og_locale":"pt_BR","og_type":"article","og_title":"Um jantar gourmet com vista para a Torre Eiffel: Por que escolher o restaurante Caf\u00e9 de l'Homme?","og_description":"Uma experi\u00eancia \u00fanica no Caf\u00e9 de l'Homme: gastronomia refinada, vistas de tirar o f\u00f4lego da Torre Eiffel e um cen\u00e1rio encantador no Trocadero.","og_url":"https:\/\/www.cafedelhomme.com\/pt-br\/um-jantar-gourmet-com-vista-para-a-torre-eiffel-por-que-escolher-o-restaurante-cafe-de-lhomme","og_site_name":"Caf\u00e9 de l'Homme","article_publisher":"https:\/\/www.facebook.com\/cafedelhomme","article_published_time":"2024-12-05T09:00:00+00:00","article_modified_time":"2025-03-18T09:01:25+00:00","og_image":[{"width":1032,"height":1290,"url":"https:\/\/www.cafedelhomme.com\/wp-content\/uploads\/2024\/06\/picture-14-juillet-2.jpg","type":"image\/jpeg"}],"author":"Getup","twitter_card":"summary_large_image","twitter_misc":{"Escrito por":"Getup","Est. tempo de leitura":"3 minutos"},"schema":{"@context":"https:\/\/schema.org","@graph":[{"@type":"Article","@id":"https:\/\/www.cafedelhomme.com\/pt-br\/um-jantar-gourmet-com-vista-para-a-torre-eiffel-por-que-escolher-o-restaurante-cafe-de-lhomme#article","isPartOf":{"@id":"https:\/\/www.cafedelhomme.com\/pt-br\/um-jantar-gourmet-com-vista-para-a-torre-eiffel-por-que-escolher-o-restaurante-cafe-de-lhomme"},"author":{"name":"Getup","@id":"https:\/\/www.cafedelhomme.com\/pt-br#\/schema\/person\/55c660f885a3bf3b1d08ae502bd6850f"},"headline":"Um jantar gourmet com vista para a Torre Eiffel: Por que escolher o restaurante Caf\u00e9 de l&#8217;Homme?","datePublished":"2024-12-05T09:00:00+00:00","dateModified":"2025-03-18T09:01:25+00:00","mainEntityOfPage":{"@id":"https:\/\/www.cafedelhomme.com\/pt-br\/um-jantar-gourmet-com-vista-para-a-torre-eiffel-por-que-escolher-o-restaurante-cafe-de-lhomme"},"wordCount":556,"publisher":{"@id":"https:\/\/www.cafedelhomme.com\/pt-br#organization"},"image":{"@id":"https:\/\/www.cafedelhomme.com\/pt-br\/um-jantar-gourmet-com-vista-para-a-torre-eiffel-por-que-escolher-o-restaurante-cafe-de-lhomme#primaryimage"},"thumbnailUrl":"https:\/\/www.cafedelhomme.com\/wp-content\/uploads\/2024\/06\/picture-14-juillet-2.jpg","articleSection":["apresenta\u00e7\u00e3o","Not\u00edcias"],"inLanguage":"pt-BR"},{"@type":"WebPage","@id":"https:\/\/www.cafedelhomme.com\/pt-br\/um-jantar-gourmet-com-vista-para-a-torre-eiffel-por-que-escolher-o-restaurante-cafe-de-lhomme","url":"https:\/\/www.cafedelhomme.com\/pt-br\/um-jantar-gourmet-com-vista-para-a-torre-eiffel-por-que-escolher-o-restaurante-cafe-de-lhomme","name":"Um jantar gourmet com vista para a Torre Eiffel: Por que escolher o restaurante Caf\u00e9 de l'Homme? - Caf\u00e9 de l'Homme","isPartOf":{"@id":"https:\/\/www.cafedelhomme.com\/pt-br#website"},"primaryImageOfPage":{"@id":"https:\/\/www.cafedelhomme.com\/pt-br\/um-jantar-gourmet-com-vista-para-a-torre-eiffel-por-que-escolher-o-restaurante-cafe-de-lhomme#primaryimage"},"image":{"@id":"https:\/\/www.cafedelhomme.com\/pt-br\/um-jantar-gourmet-com-vista-para-a-torre-eiffel-por-que-escolher-o-restaurante-cafe-de-lhomme#primaryimage"},"thumbnailUrl":"https:\/\/www.cafedelhomme.com\/wp-content\/uploads\/2024\/06\/picture-14-juillet-2.jpg","datePublished":"2024-12-05T09:00:00+00:00","dateModified":"2025-03-18T09:01:25+00:00","description":"Uma experi\u00eancia \u00fanica no Caf\u00e9 de l'Homme: gastronomia refinada, vistas de tirar o f\u00f4lego da Torre Eiffel e um cen\u00e1rio encantador no Trocadero.","inLanguage":"pt-BR","potentialAction":[{"@type":"ReadAction","target":["https:\/\/www.cafedelhomme.com\/pt-br\/um-jantar-gourmet-com-vista-para-a-torre-eiffel-por-que-escolher-o-restaurante-cafe-de-lhomme"]}]},{"@type":"ImageObject","inLanguage":"pt-BR","@id":"https:\/\/www.cafedelhomme.com\/pt-br\/um-jantar-gourmet-com-vista-para-a-torre-eiffel-por-que-escolher-o-restaurante-cafe-de-lhomme#primaryimage","url":"https:\/\/www.cafedelhomme.com\/wp-content\/uploads\/2024\/06\/picture-14-juillet-2.jpg","contentUrl":"https:\/\/www.cafedelhomme.com\/wp-content\/uploads\/2024\/06\/picture-14-juillet-2.jpg","width":1032,"height":1290},{"@type":"WebSite","@id":"https:\/\/www.cafedelhomme.com\/pt-br#website","url":"https:\/\/www.cafedelhomme.com\/pt-br","name":"Caf\u00e9 de l'Homme","description":"","publisher":{"@id":"https:\/\/www.cafedelhomme.com\/pt-br#organization"},"potentialAction":[{"@type":"SearchAction","target":{"@type":"EntryPoint","urlTemplate":"https:\/\/www.cafedelhomme.com\/pt-br?s={search_term_string}"},"query-input":{"@type":"PropertyValueSpecification","valueRequired":true,"valueName":"search_term_string"}}],"inLanguage":"pt-BR"},{"@type":"Organization","@id":"https:\/\/www.cafedelhomme.com\/pt-br#organization","name":"Caf\u00e9 de l'Homme","url":"https:\/\/www.cafedelhomme.com\/pt-br","logo":{"@type":"ImageObject","inLanguage":"pt-BR","@id":"https:\/\/www.cafedelhomme.com\/pt-br#\/schema\/logo\/image\/","url":"https:\/\/www.cafedelhomme.com\/wp-content\/uploads\/2023\/04\/big-logo-300x163-1.png","contentUrl":"https:\/\/www.cafedelhomme.com\/wp-content\/uploads\/2023\/04\/big-logo-300x163-1.png","width":300,"height":163,"caption":"Caf\u00e9 de l'Homme"},"image":{"@id":"https:\/\/www.cafedelhomme.com\/pt-br#\/schema\/logo\/image\/"},"sameAs":["https:\/\/www.facebook.com\/cafedelhomme","https:\/\/www.instagram.com\/cafedelhomme\/"]},{"@type":"Person","@id":"https:\/\/www.cafedelhomme.com\/pt-br#\/schema\/person\/55c660f885a3bf3b1d08ae502bd6850f","name":"Getup","image":{"@type":"ImageObject","inLanguage":"pt-BR","@id":"https:\/\/www.cafedelhomme.com\/pt-br#\/schema\/person\/image\/","url":"https:\/\/secure.gravatar.com\/avatar\/5e19627732ce1f7366d35b250158e58668ab387bcef3219ee7bba031ec656192?s=96&d=mm&r=g","contentUrl":"https:\/\/secure.gravatar.com\/avatar\/5e19627732ce1f7366d35b250158e58668ab387bcef3219ee7bba031ec656192?s=96&d=mm&r=g","caption":"Getup"},"sameAs":["https:\/\/www.cafedelhomme.com"]}]}},"_links":{"self":[{"href":"https:\/\/www.cafedelhomme.com\/pt-br\/wp-json\/wp\/v2\/posts\/8659","targetHints":{"allow":["GET"]}}],"collection":[{"href":"https:\/\/www.cafedelhomme.com\/pt-br\/wp-json\/wp\/v2\/posts"}],"about":[{"href":"https:\/\/www.cafedelhomme.com\/pt-br\/wp-json\/wp\/v2\/types\/post"}],"author":[{"embeddable":true,"href":"https:\/\/www.cafedelhomme.com\/pt-br\/wp-json\/wp\/v2\/users\/1"}],"replies":[{"embeddable":true,"href":"https:\/\/www.cafedelhomme.com\/pt-br\/wp-json\/wp\/v2\/comments?post=8659"}],"version-history":[{"count":1,"href":"https:\/\/www.cafedelhomme.com\/pt-br\/wp-json\/wp\/v2\/posts\/8659\/revisions"}],"predecessor-version":[{"id":8667,"href":"https:\/\/www.cafedelhomme.com\/pt-br\/wp-json\/wp\/v2\/posts\/8659\/revisions\/8667"}],"wp:featuredmedia":[{"embeddable":true,"href":"https:\/\/www.cafedelhomme.com\/pt-br\/wp-json\/wp\/v2\/media\/8661"}],"wp:attachment":[{"href":"https:\/\/www.cafedelhomme.com\/pt-br\/wp-json\/wp\/v2\/media?parent=8659"}],"wp:term":[{"taxonomy":"category","embeddable":true,"href":"https:\/\/www.cafedelhomme.com\/pt-br\/wp-json\/wp\/v2\/categories?post=8659"},{"taxonomy":"post_tag","embeddable":true,"href":"https:\/\/www.cafedelhomme.com\/pt-br\/wp-json\/wp\/v2\/tags?post=8659"}],"curies":[{"name":"wp","href":"https:\/\/api.w.org\/{rel}","templated":true}]}}