{"id":8674,"date":"2024-10-17T10:00:51","date_gmt":"2024-10-17T08:00:51","guid":{"rendered":"https:\/\/www.cafedelhomme.com\/cozinha-sazonal-no-cafe-de-lhomme-restaurante-no-coracao-de-paris-16"},"modified":"2025-03-18T10:01:32","modified_gmt":"2025-03-18T09:01:32","slug":"cozinha-sazonal-no-cafe-de-lhomme-restaurante-no-coracao-de-paris-16","status":"publish","type":"post","link":"https:\/\/www.cafedelhomme.com\/pt-br\/cozinha-sazonal-no-cafe-de-lhomme-restaurante-no-coracao-de-paris-16","title":{"rendered":"Cozinha sazonal no Caf\u00e9 de l&#8217;Homme: restaurante no cora\u00e7\u00e3o de Paris 16"},"content":{"rendered":"<div class=\"wpb-content-wrapper\"><p>[vc_row responsive_css=&#8221;margin_top_large:100px|margin_bottom_large:100px&#8221; css=&#8221;.vc_custom_1690902189577{margin-top: 100px !important;margin-bottom: 100px !important;}&#8221;][vc_column][vc_column_text css=&#8221;.vc_custom_1729502883770{margin-bottom: 40px !important;}&#8221;]<span style=\"font-weight: 400;\">O outono chega ao <\/span><b>Caf\u00e9 de l&#8217;Homme<\/b><span style=\"font-weight: 400;\">, <\/span><b>um restaurante gourmet<\/b><span style=\"font-weight: 400;\"> no cora\u00e7\u00e3o de <\/span><b>Paris 16<\/b><span style=\"font-weight: 400;\">Com um card\u00e1pio aprimorado pelos tesouros que esta esta\u00e7\u00e3o tem a oferecer. Le   <\/span><b>Chef Wilfried Graux<\/b><span style=\"font-weight: 400;\">  O restaurante &#8220;A&#8221;, que \u00e9 um dos mais famosos do mundo, enaltece produtos nobres, cuidadosamente selecionados por seu frescor, em uma harmonia de sabores delicados e refinados. De frente para o majestoso   <\/span><b>Torre Eiffel<\/b><span style=\"font-weight: 400;\">cada prato oferece os c\u00f3digos da <\/span><b>gastronomia francesa<\/b><span style=\"font-weight: 400;\"> em todo o seu esplendor.<\/span>[\/vc_column_text][vc_custom_heading text=&#8221;A arte da culin\u00e1ria sazonal em um restaurante ic\u00f4nico de Paris&#8221; css=&#8221;.vc_custom_1729502896756{padding-top: 5px !important;}&#8221;][vc_column_text css=&#8221;&#8221;]<span style=\"font-weight: 400;\">Conforme as esta\u00e7\u00f5es mudam, a natureza revela sabores poderosos e reconfortantes. Visite   <\/span><b>Caf\u00e9 de l&#8217;Homme<\/b><span style=\"font-weight: 400;\">estamos celebrando essa riqueza para oferecer a voc\u00ea uma <\/span><b>experi\u00eancia gastron\u00f4mica<\/b><span style=\"font-weight: 400;\">  em cada mordida. La   <\/span><b>culin\u00e1ria sazonal<\/b><span style=\"font-weight: 400;\">a assinatura do nosso <\/span><b>restaurante parisiense<\/b><span style=\"font-weight: 400;\">baseia-se no respeito \u00e0 natureza, com produtos no auge do sabor.<\/span><\/p>\n<p><span style=\"font-weight: 400;\">A culin\u00e1ria sazonal n\u00e3o \u00e9 apenas uma tend\u00eancia, \u00e9 um compromisso com a qualidade, o sabor e a autenticidade. Descubra <a href=\"https:\/\/www.cafedelhomme.com\/pt-br\/la-carte\"><strong>nosso card\u00e1pio atual <\/strong><\/a>  <\/span><span style=\"font-weight: 400;\">e inspire-se com cria\u00e7\u00f5es que combinam tradi\u00e7\u00e3o e inova\u00e7\u00e3o.<\/span>[\/vc_column_text][\/vc_column][\/vc_row][vc_row responsive_css=&#8221;margin_top_large:100px|margin_bottom_large:100px&#8221; css=&#8221;.vc_custom_1690902189577{margin-top: 100px !important;margin-bottom: 100px !important;}&#8221;][vc_column][vc_custom_heading text=&#8221;O refinado card\u00e1pio de outono do Caf\u00e9 de l&apos;Homme, um restaurante aos p\u00e9s do Trocad\u00e9ro&#8221; css=&#8221;.vc_custom_1729502963087{padding-top: 5px !important;}&#8221;][vc_column_text css=&#8221;&#8221;]<span style=\"font-weight: 400;\">Entre as cria\u00e7\u00f5es de outono do <\/span><b>Caf\u00e9 de l&#8217;Homme<\/b><span style=\"font-weight: 400;\">incluem <\/span><b>p\u00e3es doces gratinados com queijo Salers<\/b><span style=\"font-weight: 400;\">um queijo excepcional das montanhas da Fran\u00e7a. Esse prato, que derrete na boca e \u00e9 crocante, \u00e9 uma verdadeira ode ao terroir, refletindo o equil\u00edbrio perfeito entre delicadeza e finesse. <\/span><\/p>\n<p><span style=\"font-weight: 400;\">L&#8217;<\/span><b>cordeiro refogado<\/b><span style=\"font-weight: 400;\">\u00c9 o acompanhamento perfeito para um mil-folhas de batata e butternut. Acompanhado por um mil-folhas de batata e butternut e real\u00e7ado por um condimento com os sabores encantadores de damasco e tajine de t\u00e2maras, esse prato combina tradi\u00e7\u00e3o e criatividade. Ele transportar\u00e1 seus sentidos, mantendo-se enraizado na excel\u00eancia da culin\u00e1ria francesa.    <\/span><b>Gastronomia francesa<\/b><span style=\"font-weight: 400;\">.<\/span><\/p>\n<p><span style=\"font-weight: 400;\">Para os amantes de trufas, o <\/span><b>mariscos com trufas<\/b><span style=\"font-weight: 400;\">A trufa, a joia do outono, \u00e9 combinada com cogumelos selvagens para criar um prato rico em sabor e textura. As trufas, a joia do outono, combinam-se com cogumelos selvagens para criar um prato rico em sabor e textura, real\u00e7ado por um parmes\u00e3o derretido. Descubra essas cria\u00e7\u00f5es durante sua visita a S\u00e3o Paulo.    <\/span><a href=\"https:\/\/www.cafedelhomme.com\/pt-br\/nossa-experiencia\"><b>experimentos<\/b><\/a><span style=\"font-weight: 400;\"> no restaurante Caf\u00e9 de l&#8217;Homme, em Paris.<\/span>[\/vc_column_text][\/vc_column][\/vc_row][vc_row responsive_css=&#8221;margin_top_large:100px|margin_bottom_large:100px&#8221; css=&#8221;.vc_custom_1690902189577{margin-top: 100px !important;margin-bottom: 100px !important;}&#8221;][vc_column][vc_custom_heading text=&#8221;Uma experi\u00eancia gastron\u00f4mica inesquec\u00edvel com vista para a Torre Eiffel&#8221; css=&#8221;.vc_custom_1729503002987{padding-top: 5px !important;}&#8221;][vc_column_text css=&#8221;&#8221;]<span style=\"font-weight: 400;\">No <\/span><b>Caf\u00e9 de l&#8217;Homme<\/b><span style=\"font-weight: 400;\">A experi\u00eancia culin\u00e1ria vai muito al\u00e9m do prato. Sentado em nosso terra\u00e7o, com um   <\/span><b>vista direta da Torre Eiffel<\/b><span style=\"font-weight: 400;\">As paisagens outonais, os tons dourados das \u00e1rvores parisienses e o jogo de luzes criam uma atmosfera po\u00e9tica. As paisagens de outono, os tons dourados das \u00e1rvores parisienses e o jogo de luzes criam uma atmosfera po\u00e9tica. O    <\/span><b>Cidade da Luz<\/b><span style=\"font-weight: 400;\"> oferecem um cen\u00e1rio espetacular, fazendo com que cada <\/span><b>jantar ou almo\u00e7o<\/b><span style=\"font-weight: 400;\"> no <\/span><b>Caf\u00e9 de l&#8217;Homme<\/b><span style=\"font-weight: 400;\"> inesquec\u00edveis.<\/span>[\/vc_column_text][\/vc_column][\/vc_row][vc_row responsive_css=&#8221;margin_top_large:100px|margin_bottom_large:100px&#8221; css=&#8221;.vc_custom_1729003051235{margin-bottom: 100px !important;}&#8221;][vc_column][vc_custom_heading text=&#8221;Reserve sua mesa no Caf\u00e9 de l&apos;Homme, restaurante em Paris 16&#8243; css=&#8221;&#8221;][vc_column_text css=&#8221;&#8221;]<span style=\"font-weight: 400;\">Deixe-se tentar pelo <\/span><b>menu de outono<\/b><span style=\"font-weight: 400;\"> menu do <\/span><b>Caf\u00e9 de l&#8217;Homme<\/b><span style=\"font-weight: 400;\">e venha saborear pratos que sublimam os sabores da esta\u00e7\u00e3o <\/span><b>sabores da esta\u00e7\u00e3o<\/b><span style=\"font-weight: 400;\">  em um ambiente de prest\u00edgio. Localizado na   <\/span><b>Trocadero<\/b><span style=\"font-weight: 400;\">,<\/span><b> no 16\u00ba arrondissement<\/b><span style=\"font-weight: 400;\">nosso <\/span><b>restaurante parisiense<\/b><span style=\"font-weight: 400;\">  promete uma experi\u00eancia inesquec\u00edvel. Reserve sua mesa e descubra por que voc\u00ea est\u00e1 aqui.   <\/span><b>Caf\u00e9 de l&#8217;Homme<\/b><span style=\"font-weight: 400;\"> \u00e9 uma parada obrigat\u00f3ria para os amantes da gastronomia em Paris. <\/span><b>em Paris<\/b><span style=\"font-weight: 400;\">.<\/span>[\/vc_column_text]<a href=\"https:\/\/www.sevenrooms.com\/explore\/cafedelhomme\/reservations\/create\/search?tracking=seo-blog\" target=\"_blank\" class=\"btn btn-default btn-bordered border-thin btn btn-outline btn-outline-black ld_button_69f2165c40884\">\n\t<span>\n\t\t\n\t\t\t\t\t<span class=\"btn-txt\">r\u00e9server.<\/span>\n\t\t\t\n\t\t\t\t<\/span>\n<\/a>\n[\/vc_column][\/vc_row]<\/p>\n<\/div>","protected":false},"excerpt":{"rendered":"<p>[vc_row responsive_css=&#8221;margin_top_large:100px|margin_bottom_large:100px&#8221; css=&#8221;.vc_custom_1690902189577{margin-top: 100px !important;margin-bottom: 100px !important;}&#8221;][vc_column][vc_column_text css=&#8221;.vc_custom_1729502883770{margin-bottom: 40px !important;}&#8221;]O outono chega ao Caf\u00e9 de l&#8217;Homme, um restaurante gourmet no cora\u00e7\u00e3o de Paris 16Com um card\u00e1pio aprimorado pelos tesouros que esta esta\u00e7\u00e3o tem a oferecer. Le Chef Wilfried Graux O restaurante &#8220;A&#8221;, que \u00e9 um&#8230;<\/p>\n","protected":false},"author":1,"featured_media":8675,"comment_status":"closed","ping_status":"open","sticky":false,"template":"","format":"standard","meta":{"_acf_changed":false,"footnotes":""},"categories":[113],"tags":[],"class_list":["post-8674","post","type-post","status-publish","format-standard","has-post-thumbnail","hentry","category-noticias"],"acf":[],"yoast_head":"<!-- This site is optimized with the Yoast SEO Premium plugin v20.10 (Yoast SEO v27.0) - https:\/\/yoast.com\/product\/yoast-seo-premium-wordpress\/ -->\n<title>Cozinha sazonal no Caf\u00e9 de l&#039;Homme: restaurante no cora\u00e7\u00e3o de Paris 16 - Caf\u00e9 de l&#039;Homme<\/title>\n<meta name=\"description\" content=\"Descubra a culin\u00e1ria sazonal no Caf\u00e9 de l&#039;Homme, um restaurante gourmet em Paris 16, com uma vista de tirar o f\u00f4lego da Torre Eiffel.\" \/>\n<meta name=\"robots\" content=\"index, follow, max-snippet:-1, max-image-preview:large, max-video-preview:-1\" \/>\n<link rel=\"canonical\" href=\"https:\/\/www.cafedelhomme.com\/pt-br\/cozinha-sazonal-no-cafe-de-lhomme-restaurante-no-coracao-de-paris-16\" \/>\n<meta property=\"og:locale\" content=\"pt_BR\" \/>\n<meta property=\"og:type\" content=\"article\" \/>\n<meta property=\"og:title\" content=\"Cozinha sazonal no Caf\u00e9 de l&#039;Homme: mergulhe na eleg\u00e2ncia dos sabores do outono\" \/>\n<meta property=\"og:description\" content=\"Descubra a culin\u00e1ria sazonal no Caf\u00e9 de l&#039;Homme, um restaurante gourmet em Paris 16, com uma vista de tirar o f\u00f4lego da Torre Eiffel.\" \/>\n<meta property=\"og:url\" content=\"https:\/\/www.cafedelhomme.com\/pt-br\/cozinha-sazonal-no-cafe-de-lhomme-restaurante-no-coracao-de-paris-16\" \/>\n<meta property=\"og:site_name\" content=\"Caf\u00e9 de l&#039;Homme\" \/>\n<meta property=\"article:publisher\" content=\"https:\/\/www.facebook.com\/cafedelhomme\" \/>\n<meta property=\"article:published_time\" content=\"2024-10-17T08:00:51+00:00\" \/>\n<meta property=\"article:modified_time\" content=\"2025-03-18T09:01:32+00:00\" \/>\n<meta property=\"og:image\" content=\"https:\/\/www.cafedelhomme.com\/wp-content\/uploads\/2024\/10\/Plat-de-saison-CDH.jpg\" \/>\n\t<meta property=\"og:image:width\" content=\"1082\" \/>\n\t<meta property=\"og:image:height\" content=\"1560\" \/>\n\t<meta property=\"og:image:type\" content=\"image\/jpeg\" \/>\n<meta name=\"author\" content=\"Getup\" \/>\n<meta name=\"twitter:card\" content=\"summary_large_image\" \/>\n<meta name=\"twitter:label1\" content=\"Escrito por\" \/>\n\t<meta name=\"twitter:data1\" content=\"Getup\" \/>\n\t<meta name=\"twitter:label2\" content=\"Est. tempo de leitura\" \/>\n\t<meta name=\"twitter:data2\" content=\"4 minutos\" \/>\n<script type=\"application\/ld+json\" class=\"yoast-schema-graph\">{\"@context\":\"https:\/\/schema.org\",\"@graph\":[{\"@type\":\"Article\",\"@id\":\"https:\/\/www.cafedelhomme.com\/pt-br\/cozinha-sazonal-no-cafe-de-lhomme-restaurante-no-coracao-de-paris-16#article\",\"isPartOf\":{\"@id\":\"https:\/\/www.cafedelhomme.com\/pt-br\/cozinha-sazonal-no-cafe-de-lhomme-restaurante-no-coracao-de-paris-16\"},\"author\":{\"name\":\"Getup\",\"@id\":\"https:\/\/www.cafedelhomme.com\/pt-br#\/schema\/person\/55c660f885a3bf3b1d08ae502bd6850f\"},\"headline\":\"Cozinha sazonal no Caf\u00e9 de l&#8217;Homme: restaurante no cora\u00e7\u00e3o de Paris 16\",\"datePublished\":\"2024-10-17T08:00:51+00:00\",\"dateModified\":\"2025-03-18T09:01:32+00:00\",\"mainEntityOfPage\":{\"@id\":\"https:\/\/www.cafedelhomme.com\/pt-br\/cozinha-sazonal-no-cafe-de-lhomme-restaurante-no-coracao-de-paris-16\"},\"wordCount\":799,\"publisher\":{\"@id\":\"https:\/\/www.cafedelhomme.com\/pt-br#organization\"},\"image\":{\"@id\":\"https:\/\/www.cafedelhomme.com\/pt-br\/cozinha-sazonal-no-cafe-de-lhomme-restaurante-no-coracao-de-paris-16#primaryimage\"},\"thumbnailUrl\":\"https:\/\/www.cafedelhomme.com\/wp-content\/uploads\/2024\/10\/Plat-de-saison-CDH.jpg\",\"articleSection\":[\"Not\u00edcias\"],\"inLanguage\":\"pt-BR\"},{\"@type\":\"WebPage\",\"@id\":\"https:\/\/www.cafedelhomme.com\/pt-br\/cozinha-sazonal-no-cafe-de-lhomme-restaurante-no-coracao-de-paris-16\",\"url\":\"https:\/\/www.cafedelhomme.com\/pt-br\/cozinha-sazonal-no-cafe-de-lhomme-restaurante-no-coracao-de-paris-16\",\"name\":\"Cozinha sazonal no Caf\u00e9 de l'Homme: restaurante no cora\u00e7\u00e3o de Paris 16 - Caf\u00e9 de l'Homme\",\"isPartOf\":{\"@id\":\"https:\/\/www.cafedelhomme.com\/pt-br#website\"},\"primaryImageOfPage\":{\"@id\":\"https:\/\/www.cafedelhomme.com\/pt-br\/cozinha-sazonal-no-cafe-de-lhomme-restaurante-no-coracao-de-paris-16#primaryimage\"},\"image\":{\"@id\":\"https:\/\/www.cafedelhomme.com\/pt-br\/cozinha-sazonal-no-cafe-de-lhomme-restaurante-no-coracao-de-paris-16#primaryimage\"},\"thumbnailUrl\":\"https:\/\/www.cafedelhomme.com\/wp-content\/uploads\/2024\/10\/Plat-de-saison-CDH.jpg\",\"datePublished\":\"2024-10-17T08:00:51+00:00\",\"dateModified\":\"2025-03-18T09:01:32+00:00\",\"description\":\"Descubra a culin\u00e1ria sazonal no Caf\u00e9 de l'Homme, um restaurante gourmet em Paris 16, com uma vista de tirar o f\u00f4lego da Torre Eiffel.\",\"inLanguage\":\"pt-BR\",\"potentialAction\":[{\"@type\":\"ReadAction\",\"target\":[\"https:\/\/www.cafedelhomme.com\/pt-br\/cozinha-sazonal-no-cafe-de-lhomme-restaurante-no-coracao-de-paris-16\"]}]},{\"@type\":\"ImageObject\",\"inLanguage\":\"pt-BR\",\"@id\":\"https:\/\/www.cafedelhomme.com\/pt-br\/cozinha-sazonal-no-cafe-de-lhomme-restaurante-no-coracao-de-paris-16#primaryimage\",\"url\":\"https:\/\/www.cafedelhomme.com\/wp-content\/uploads\/2024\/10\/Plat-de-saison-CDH.jpg\",\"contentUrl\":\"https:\/\/www.cafedelhomme.com\/wp-content\/uploads\/2024\/10\/Plat-de-saison-CDH.jpg\",\"width\":1082,\"height\":1560},{\"@type\":\"WebSite\",\"@id\":\"https:\/\/www.cafedelhomme.com\/pt-br#website\",\"url\":\"https:\/\/www.cafedelhomme.com\/pt-br\",\"name\":\"Caf\u00e9 de l'Homme\",\"description\":\"\",\"publisher\":{\"@id\":\"https:\/\/www.cafedelhomme.com\/pt-br#organization\"},\"potentialAction\":[{\"@type\":\"SearchAction\",\"target\":{\"@type\":\"EntryPoint\",\"urlTemplate\":\"https:\/\/www.cafedelhomme.com\/pt-br?s={search_term_string}\"},\"query-input\":{\"@type\":\"PropertyValueSpecification\",\"valueRequired\":true,\"valueName\":\"search_term_string\"}}],\"inLanguage\":\"pt-BR\"},{\"@type\":\"Organization\",\"@id\":\"https:\/\/www.cafedelhomme.com\/pt-br#organization\",\"name\":\"Caf\u00e9 de l'Homme\",\"url\":\"https:\/\/www.cafedelhomme.com\/pt-br\",\"logo\":{\"@type\":\"ImageObject\",\"inLanguage\":\"pt-BR\",\"@id\":\"https:\/\/www.cafedelhomme.com\/pt-br#\/schema\/logo\/image\/\",\"url\":\"https:\/\/www.cafedelhomme.com\/wp-content\/uploads\/2023\/04\/big-logo-300x163-1.png\",\"contentUrl\":\"https:\/\/www.cafedelhomme.com\/wp-content\/uploads\/2023\/04\/big-logo-300x163-1.png\",\"width\":300,\"height\":163,\"caption\":\"Caf\u00e9 de l'Homme\"},\"image\":{\"@id\":\"https:\/\/www.cafedelhomme.com\/pt-br#\/schema\/logo\/image\/\"},\"sameAs\":[\"https:\/\/www.facebook.com\/cafedelhomme\",\"https:\/\/www.instagram.com\/cafedelhomme\/\"]},{\"@type\":\"Person\",\"@id\":\"https:\/\/www.cafedelhomme.com\/pt-br#\/schema\/person\/55c660f885a3bf3b1d08ae502bd6850f\",\"name\":\"Getup\",\"image\":{\"@type\":\"ImageObject\",\"inLanguage\":\"pt-BR\",\"@id\":\"https:\/\/www.cafedelhomme.com\/pt-br#\/schema\/person\/image\/\",\"url\":\"https:\/\/secure.gravatar.com\/avatar\/5e19627732ce1f7366d35b250158e58668ab387bcef3219ee7bba031ec656192?s=96&d=mm&r=g\",\"contentUrl\":\"https:\/\/secure.gravatar.com\/avatar\/5e19627732ce1f7366d35b250158e58668ab387bcef3219ee7bba031ec656192?s=96&d=mm&r=g\",\"caption\":\"Getup\"},\"sameAs\":[\"https:\/\/www.cafedelhomme.com\"]}]}<\/script>\n<!-- \/ Yoast SEO Premium plugin. -->","yoast_head_json":{"title":"Cozinha sazonal no Caf\u00e9 de l'Homme: restaurante no cora\u00e7\u00e3o de Paris 16 - Caf\u00e9 de l'Homme","description":"Descubra a culin\u00e1ria sazonal no Caf\u00e9 de l'Homme, um restaurante gourmet em Paris 16, com uma vista de tirar o f\u00f4lego da Torre Eiffel.","robots":{"index":"index","follow":"follow","max-snippet":"max-snippet:-1","max-image-preview":"max-image-preview:large","max-video-preview":"max-video-preview:-1"},"canonical":"https:\/\/www.cafedelhomme.com\/pt-br\/cozinha-sazonal-no-cafe-de-lhomme-restaurante-no-coracao-de-paris-16","og_locale":"pt_BR","og_type":"article","og_title":"Cozinha sazonal no Caf\u00e9 de l'Homme: mergulhe na eleg\u00e2ncia dos sabores do outono","og_description":"Descubra a culin\u00e1ria sazonal no Caf\u00e9 de l'Homme, um restaurante gourmet em Paris 16, com uma vista de tirar o f\u00f4lego da Torre Eiffel.","og_url":"https:\/\/www.cafedelhomme.com\/pt-br\/cozinha-sazonal-no-cafe-de-lhomme-restaurante-no-coracao-de-paris-16","og_site_name":"Caf\u00e9 de l'Homme","article_publisher":"https:\/\/www.facebook.com\/cafedelhomme","article_published_time":"2024-10-17T08:00:51+00:00","article_modified_time":"2025-03-18T09:01:32+00:00","og_image":[{"width":1082,"height":1560,"url":"https:\/\/www.cafedelhomme.com\/wp-content\/uploads\/2024\/10\/Plat-de-saison-CDH.jpg","type":"image\/jpeg"}],"author":"Getup","twitter_card":"summary_large_image","twitter_misc":{"Escrito por":"Getup","Est. tempo de leitura":"4 minutos"},"schema":{"@context":"https:\/\/schema.org","@graph":[{"@type":"Article","@id":"https:\/\/www.cafedelhomme.com\/pt-br\/cozinha-sazonal-no-cafe-de-lhomme-restaurante-no-coracao-de-paris-16#article","isPartOf":{"@id":"https:\/\/www.cafedelhomme.com\/pt-br\/cozinha-sazonal-no-cafe-de-lhomme-restaurante-no-coracao-de-paris-16"},"author":{"name":"Getup","@id":"https:\/\/www.cafedelhomme.com\/pt-br#\/schema\/person\/55c660f885a3bf3b1d08ae502bd6850f"},"headline":"Cozinha sazonal no Caf\u00e9 de l&#8217;Homme: restaurante no cora\u00e7\u00e3o de Paris 16","datePublished":"2024-10-17T08:00:51+00:00","dateModified":"2025-03-18T09:01:32+00:00","mainEntityOfPage":{"@id":"https:\/\/www.cafedelhomme.com\/pt-br\/cozinha-sazonal-no-cafe-de-lhomme-restaurante-no-coracao-de-paris-16"},"wordCount":799,"publisher":{"@id":"https:\/\/www.cafedelhomme.com\/pt-br#organization"},"image":{"@id":"https:\/\/www.cafedelhomme.com\/pt-br\/cozinha-sazonal-no-cafe-de-lhomme-restaurante-no-coracao-de-paris-16#primaryimage"},"thumbnailUrl":"https:\/\/www.cafedelhomme.com\/wp-content\/uploads\/2024\/10\/Plat-de-saison-CDH.jpg","articleSection":["Not\u00edcias"],"inLanguage":"pt-BR"},{"@type":"WebPage","@id":"https:\/\/www.cafedelhomme.com\/pt-br\/cozinha-sazonal-no-cafe-de-lhomme-restaurante-no-coracao-de-paris-16","url":"https:\/\/www.cafedelhomme.com\/pt-br\/cozinha-sazonal-no-cafe-de-lhomme-restaurante-no-coracao-de-paris-16","name":"Cozinha sazonal no Caf\u00e9 de l'Homme: restaurante no cora\u00e7\u00e3o de Paris 16 - Caf\u00e9 de l'Homme","isPartOf":{"@id":"https:\/\/www.cafedelhomme.com\/pt-br#website"},"primaryImageOfPage":{"@id":"https:\/\/www.cafedelhomme.com\/pt-br\/cozinha-sazonal-no-cafe-de-lhomme-restaurante-no-coracao-de-paris-16#primaryimage"},"image":{"@id":"https:\/\/www.cafedelhomme.com\/pt-br\/cozinha-sazonal-no-cafe-de-lhomme-restaurante-no-coracao-de-paris-16#primaryimage"},"thumbnailUrl":"https:\/\/www.cafedelhomme.com\/wp-content\/uploads\/2024\/10\/Plat-de-saison-CDH.jpg","datePublished":"2024-10-17T08:00:51+00:00","dateModified":"2025-03-18T09:01:32+00:00","description":"Descubra a culin\u00e1ria sazonal no Caf\u00e9 de l'Homme, um restaurante gourmet em Paris 16, com uma vista de tirar o f\u00f4lego da Torre Eiffel.","inLanguage":"pt-BR","potentialAction":[{"@type":"ReadAction","target":["https:\/\/www.cafedelhomme.com\/pt-br\/cozinha-sazonal-no-cafe-de-lhomme-restaurante-no-coracao-de-paris-16"]}]},{"@type":"ImageObject","inLanguage":"pt-BR","@id":"https:\/\/www.cafedelhomme.com\/pt-br\/cozinha-sazonal-no-cafe-de-lhomme-restaurante-no-coracao-de-paris-16#primaryimage","url":"https:\/\/www.cafedelhomme.com\/wp-content\/uploads\/2024\/10\/Plat-de-saison-CDH.jpg","contentUrl":"https:\/\/www.cafedelhomme.com\/wp-content\/uploads\/2024\/10\/Plat-de-saison-CDH.jpg","width":1082,"height":1560},{"@type":"WebSite","@id":"https:\/\/www.cafedelhomme.com\/pt-br#website","url":"https:\/\/www.cafedelhomme.com\/pt-br","name":"Caf\u00e9 de l'Homme","description":"","publisher":{"@id":"https:\/\/www.cafedelhomme.com\/pt-br#organization"},"potentialAction":[{"@type":"SearchAction","target":{"@type":"EntryPoint","urlTemplate":"https:\/\/www.cafedelhomme.com\/pt-br?s={search_term_string}"},"query-input":{"@type":"PropertyValueSpecification","valueRequired":true,"valueName":"search_term_string"}}],"inLanguage":"pt-BR"},{"@type":"Organization","@id":"https:\/\/www.cafedelhomme.com\/pt-br#organization","name":"Caf\u00e9 de l'Homme","url":"https:\/\/www.cafedelhomme.com\/pt-br","logo":{"@type":"ImageObject","inLanguage":"pt-BR","@id":"https:\/\/www.cafedelhomme.com\/pt-br#\/schema\/logo\/image\/","url":"https:\/\/www.cafedelhomme.com\/wp-content\/uploads\/2023\/04\/big-logo-300x163-1.png","contentUrl":"https:\/\/www.cafedelhomme.com\/wp-content\/uploads\/2023\/04\/big-logo-300x163-1.png","width":300,"height":163,"caption":"Caf\u00e9 de l'Homme"},"image":{"@id":"https:\/\/www.cafedelhomme.com\/pt-br#\/schema\/logo\/image\/"},"sameAs":["https:\/\/www.facebook.com\/cafedelhomme","https:\/\/www.instagram.com\/cafedelhomme\/"]},{"@type":"Person","@id":"https:\/\/www.cafedelhomme.com\/pt-br#\/schema\/person\/55c660f885a3bf3b1d08ae502bd6850f","name":"Getup","image":{"@type":"ImageObject","inLanguage":"pt-BR","@id":"https:\/\/www.cafedelhomme.com\/pt-br#\/schema\/person\/image\/","url":"https:\/\/secure.gravatar.com\/avatar\/5e19627732ce1f7366d35b250158e58668ab387bcef3219ee7bba031ec656192?s=96&d=mm&r=g","contentUrl":"https:\/\/secure.gravatar.com\/avatar\/5e19627732ce1f7366d35b250158e58668ab387bcef3219ee7bba031ec656192?s=96&d=mm&r=g","caption":"Getup"},"sameAs":["https:\/\/www.cafedelhomme.com"]}]}},"_links":{"self":[{"href":"https:\/\/www.cafedelhomme.com\/pt-br\/wp-json\/wp\/v2\/posts\/8674","targetHints":{"allow":["GET"]}}],"collection":[{"href":"https:\/\/www.cafedelhomme.com\/pt-br\/wp-json\/wp\/v2\/posts"}],"about":[{"href":"https:\/\/www.cafedelhomme.com\/pt-br\/wp-json\/wp\/v2\/types\/post"}],"author":[{"embeddable":true,"href":"https:\/\/www.cafedelhomme.com\/pt-br\/wp-json\/wp\/v2\/users\/1"}],"replies":[{"embeddable":true,"href":"https:\/\/www.cafedelhomme.com\/pt-br\/wp-json\/wp\/v2\/comments?post=8674"}],"version-history":[{"count":10,"href":"https:\/\/www.cafedelhomme.com\/pt-br\/wp-json\/wp\/v2\/posts\/8674\/revisions"}],"predecessor-version":[{"id":8697,"href":"https:\/\/www.cafedelhomme.com\/pt-br\/wp-json\/wp\/v2\/posts\/8674\/revisions\/8697"}],"wp:featuredmedia":[{"embeddable":true,"href":"https:\/\/www.cafedelhomme.com\/pt-br\/wp-json\/wp\/v2\/media\/8675"}],"wp:attachment":[{"href":"https:\/\/www.cafedelhomme.com\/pt-br\/wp-json\/wp\/v2\/media?parent=8674"}],"wp:term":[{"taxonomy":"category","embeddable":true,"href":"https:\/\/www.cafedelhomme.com\/pt-br\/wp-json\/wp\/v2\/categories?post=8674"},{"taxonomy":"post_tag","embeddable":true,"href":"https:\/\/www.cafedelhomme.com\/pt-br\/wp-json\/wp\/v2\/tags?post=8674"}],"curies":[{"name":"wp","href":"https:\/\/api.w.org\/{rel}","templated":true}]}}