{"id":8688,"date":"2023-08-01T16:51:56","date_gmt":"2023-08-01T14:51:56","guid":{"rendered":"https:\/\/www.cafedelhomme.com\/o-cafe-de-lhomme-celebra-seus-produtores"},"modified":"2025-03-18T10:01:33","modified_gmt":"2025-03-18T09:01:33","slug":"o-cafe-de-lhomme-celebra-seus-produtores","status":"publish","type":"post","link":"https:\/\/www.cafedelhomme.com\/pt-br\/o-cafe-de-lhomme-celebra-seus-produtores","title":{"rendered":"O Caf\u00e9 de l&#8217;homme celebra seus produtores"},"content":{"rendered":"<div class=\"wpb-content-wrapper\"><p>[vc_row][vc_column][vc_row_inner equal_height=&#8221;yes&#8221; content_placement=&#8221;middle&#8221;][vc_column_inner width=&#8221;1\/3&#8243;][vc_column_text]Exclusivamente para o Gala, a Coco Coup\u00e9rie-Eiffel est\u00e1 reunindo em seu terra\u00e7o ic\u00f4nico, aos p\u00e9s da Torre Eiffel, todos os artes\u00e3os que criam a autenticidade \u00fanica dos pratos do Caf\u00e9 de l&#8217;Homme. Um encontro gustativo. <\/p>\n<p>fotos <strong>Martin Lagard\u00e8re<\/strong> \/ produzido por <strong>Ad\u00e8le Br\u00e9au<\/strong> e <strong>Lisa Hanoun<\/strong>[\/vc_column_text][\/vc_column_inner][vc_column_inner width=&#8221;1\/3&#8243;][vc_column_text]Em um dos museus mais bonitos da capital, o Mus\u00e9e de l&#8217;Homme, localizado no cora\u00e7\u00e3o do Palais de Chaillot, na famosa esplanada do Trocad\u00e9ro, o Caf\u00e9 de l&#8217;Homme acaba de reabrir suas portas sob a energia brilhante de sua fundadora, Coco Coup\u00e9rie-Eiffel. Juntamente com seu s\u00f3cio, Christophe Bonnat, a descendente de Gustave Eiffel redesenhou o local \u00e0 sua maneira, preservando sua serenidade: um refinado estilo Art D\u00e9co que permite acenos \u00e0 sua regi\u00e3o de Bordeaux, como os pinheiros plantados em frente \u00e0 adega aberta e a madeira bruta das mesas de jantar. Assim que voc\u00ea chega, j\u00e1 pode ver a enorme est\u00e1tua de H\u00e9rcules domando um bis\u00e3o, feita por Albert Pommier, com vista para o terra\u00e7o panor\u00e2mico. O dia amanhece sobre a Dama de Ferro, bem em frente. Essa vista de cart\u00e3o postal da Torre Eiffel sobre o Champ-de-Mars proporciona uma sensa\u00e7\u00e3o instant\u00e2nea de calma, como um interl\u00fadio encantado quando os turistas come\u00e7am a chegar.[\/vc_column_text][\/vc_column_inner][vc_column_inner width=&#8221;1\/3&#8243;][vc_column_text]para tirar sua famosa foto na pra\u00e7a mais famosa do mundo. \u00c9 nesse cen\u00e1rio suntuoso, rico em hist\u00f3ria, que Coco come\u00e7a a sublimar a riqueza dos terroirs da Fran\u00e7a. H\u00e1 muitos anos, o empres\u00e1rio vem trabalhando com produtores de todo o pa\u00eds, desde a regi\u00e3o de \u00cele-de-France at\u00e9 o sudoeste e sudeste&#8230; Os pratos criados pelo chef Fadi Frem refletem a riqueza e a diversidade dessas regi\u00f5es. &#8220;Criamos um card\u00e1pio sazonal, usando produtos frescos e crus, real\u00e7ados com temperos que me s\u00e3o caros, como sumar ou zaatar, que eu costumava apreciar<br \/>\nquando era crian\u00e7a no L\u00edbano&#8221;, explica ele. O resultado? Um ceviche de dourado com batata doce, leite de coco e pimenta doce defumada, ou um vol-au-vent de aves de fazenda da regi\u00e3o de Landes com molho de trufas. Mas, acima de tudo, trata-se de amizades e encontros que se desenvolvem ao longo do tempo, em que os pratos refletem a riqueza da experi\u00eancia humana. Destaque para uma grande equipe![\/vc_column_text][\/vc_column_inner][\/vc_row_inner][vc_custom_heading text=&#8221;No Caf\u00e9 de l&apos;Homme, a \u00eanfase est\u00e1 nos pratos feitos com ingredientes frescos e sazonais.&#8221;][\/vc_column][\/vc_row][vc_row el_id=&#8221;img-e-texto&#8221; responsive_css=&#8221;padding_top_large:160px|padding_bottom_large:80px&#8221; css=&#8221;.vc_custom_1682610552612{padding-bottom: 40px !important;}&#8221;][vc_column][vc_row_inner equal_height=&#8221;yes&#8221; content_placement=&#8221;middle&#8221;][vc_column_inner width=&#8221;1\/2&#8243; el_class=&#8221;picture_top&#8221;][vc_single_image image=&#8221;4137&#8243; img_size=&#8221;full&#8221;][\/vc_column_inner][vc_column_inner width=&#8221;1\/2&#8243; el_class=&#8221;text_right&#8221;][vc_custom_heading text=&#8221;CHEFE <strong>FADI FREM<\/strong> &#8221; font_container=&#8221;tag:h3|text_align:left&#8221;][vc_column_text]Ao chegar do L\u00edbano, o chef viu um an\u00fancio no LinkedIn. Dez minutos depois, ele respondeu \u00e0 liga\u00e7\u00e3o de Coco. Duas semanas depois, ele estava trabalhando no card\u00e1pio, na lou\u00e7a e na equipe para esse projeto &#8220;brilhante&#8221;. Desde ent\u00e3o, sua culin\u00e1ria, extra\u00edda do cora\u00e7\u00e3o dos sabores mediterr\u00e2neos, privilegiou os produtos e o esp\u00edrito de compartilhamento que emerge de um card\u00e1pio criado para refletir as esta\u00e7\u00f5es do ano.[\/vc_column_text][\/vc_column_inner][\/vc_row_inner][vc_row_inner equal_height=&#8221;yes&#8221; content_placement=&#8221;middle&#8221;][vc_column_inner width=&#8221;1\/2&#8243; el_class=&#8221;text_left&#8221;][vc_custom_heading text=&#8221;CHEF DE CONFEITARIA <strong>THOMAS GABRIEL<\/strong> &#8221; font_container=&#8221;tag:h3|text_align:left&#8221;][vc_column_text]Tendo trabalhado no Le Meurice, Le Crillon e Petit Nice Passedat, esse alsaciano foi seduzido pela experi\u00eancia desse estabelecimento ic\u00f4nico. No comando da confeitaria, ele criou um menu com oito sobremesas baseadas em produtos sazonais. Men\u00e7\u00e3o especial deve ser feita \u00e0 sua mais recente cria\u00e7\u00e3o, a torta de chocolate Uganda com 70% de pralin\u00e9 e manteiga defumada com cardamomo.[\/vc_column_text][\/vc_column_inner][vc_column_inner width=&#8221;1\/2&#8243; el_class=&#8221;picture_bottom&#8221;][vc_single_image image=&#8221;4151&#8243; img_size=&#8221;full&#8221;][\/vc_column_inner][\/vc_row_inner][\/vc_column][\/vc_row][vc_row responsive_css=&#8221;padding_top_large:160px|padding_bottom_large:80px&#8221; css=&#8221;.vc_custom_1682610552612{padding-bottom: 40px !important;}&#8221;][vc_column][vc_row_inner equal_height=&#8221;yes&#8221; content_placement=&#8221;middle&#8221;][vc_column_inner width=&#8221;1\/2&#8243; el_class=&#8221;picture_top&#8221;][vc_single_image image=&#8221;4135&#8243; img_size=&#8221;full&#8221;][\/vc_column_inner][vc_column_inner width=&#8221;1\/2&#8243; el_class=&#8221;text_right&#8221;][vc_custom_heading text=&#8221;EMPRES\u00c1RIO <strong>DA COCO COUP\u00c9RIE-EIFFEL<\/strong> &#8221; font_container=&#8221;tag:h3|text_align:left&#8221;][vc_column_text]Um dia, a descendente de Gustave Eiffel foi ver a torre de seu antepassado para se convencer de que tudo \u00e9 poss\u00edvel&#8230; e ela se deparou com a concess\u00e3o do Caf\u00e9 de l&#8217;Homme. Era um sinal. Desde ent\u00e3o, essa amante de Cap-Ferret quis promover as regi\u00f5es e seus produtores, e adotou o lema de sua fam\u00edlia de &#8220;lutar e brincar&#8221; em um lugar que ela considera &#8220;atemporal&#8221;.[\/vc_column_text][\/vc_column_inner][\/vc_row_inner][vc_row_inner equal_height=&#8221;yes&#8221; content_placement=&#8221;middle&#8221;][vc_column_inner width=&#8221;1\/2&#8243; el_class=&#8221;text_left&#8221;][vc_custom_heading text=&#8221;<strong>CHRISTOPHE BONNAT<\/strong> S\u00d3CIO DA COCO&#8221; font_container=&#8221;tag:h3|text_align:left&#8221;][vc_column_text]S\u00f3cio da Coco desde 2007, Christophe Bonnat faz quest\u00e3o de destacar a experi\u00eancia e a riqueza dos terroirs da Fran\u00e7a. &#8220;Aqui, o chef trabalha com produtos crus, frescos e sazonais. Para isso, fomos em busca de pequenos produtores que conhecem seus produtos por dentro e por fora&#8221;, diz o empres\u00e1rio, encantado por estar reunido com aqueles que se tornaram seus amigos.[\/vc_column_text][\/vc_column_inner][vc_column_inner width=&#8221;1\/2&#8243; el_class=&#8221;picture_bottom&#8221;][vc_single_image image=&#8221;4133&#8243; img_size=&#8221;full&#8221;][\/vc_column_inner][\/vc_row_inner][\/vc_column][\/vc_row]<\/p>\n<\/div>","protected":false},"excerpt":{"rendered":"<p>Exclusivamente para o Gala, a Coco Coup\u00e9rie-Eiffel est\u00e1 reunindo em seu terra\u00e7o ic\u00f4nico, aos p\u00e9s da Torre Eiffel, todos os artes\u00e3os que criam a autenticidade \u00fanica dos pratos do Caf\u00e9 de l&#8217;Homme. Um encontro gustativo. <\/p>\n<p>FOTOS MARTIN LAGARDERE \/ PRODU\u00c7\u00c3O ADELE BREAU E LISA HANOUN<\/p>\n","protected":false},"author":1,"featured_media":0,"comment_status":"closed","ping_status":"open","sticky":false,"template":"","format":"standard","meta":{"_acf_changed":false,"footnotes":""},"categories":[110,111],"tags":[],"class_list":["post-8688","post","type-post","status-publish","format-standard","hentry","category-historia","category-imprensa"],"acf":[],"yoast_head":"<!-- This site is optimized with the Yoast SEO Premium plugin v20.10 (Yoast SEO v27.0) - https:\/\/yoast.com\/product\/yoast-seo-premium-wordpress\/ -->\n<title>O Caf\u00e9 de l&#039;homme celebra seus produtores - Caf\u00e9 de l&#039;Homme<\/title>\n<meta name=\"robots\" content=\"index, follow, max-snippet:-1, max-image-preview:large, max-video-preview:-1\" \/>\n<link rel=\"canonical\" href=\"https:\/\/www.cafedelhomme.com\/pt-br\/o-cafe-de-lhomme-celebra-seus-produtores\" \/>\n<meta property=\"og:locale\" content=\"pt_BR\" \/>\n<meta property=\"og:type\" content=\"article\" \/>\n<meta property=\"og:title\" content=\"O Caf\u00e9 de l&#039;homme celebra seus produtores - Caf\u00e9 de l&#039;Homme\" \/>\n<meta property=\"og:description\" content=\"Exclusivamente para o Gala, a Coco Coup\u00e9rie-Eiffel est\u00e1 reunindo em seu terra\u00e7o ic\u00f4nico, aos p\u00e9s da Torre Eiffel, todos os artes\u00e3os que criam a autenticidade \u00fanica dos pratos do Caf\u00e9 de l&#039;Homme. Um encontro gustativo.  FOTOS MARTIN LAGARDERE \/ PRODU\u00c7\u00c3O ADELE BREAU E LISA HANOUN\" \/>\n<meta property=\"og:url\" content=\"https:\/\/www.cafedelhomme.com\/pt-br\/o-cafe-de-lhomme-celebra-seus-produtores\" \/>\n<meta property=\"og:site_name\" content=\"Caf\u00e9 de l&#039;Homme\" \/>\n<meta property=\"article:publisher\" content=\"https:\/\/www.facebook.com\/cafedelhomme\" \/>\n<meta property=\"article:published_time\" content=\"2023-08-01T14:51:56+00:00\" \/>\n<meta property=\"article:modified_time\" content=\"2025-03-18T09:01:33+00:00\" \/>\n<meta name=\"author\" content=\"Getup\" \/>\n<meta name=\"twitter:card\" content=\"summary_large_image\" \/>\n<meta name=\"twitter:label1\" content=\"Escrito por\" \/>\n\t<meta name=\"twitter:data1\" content=\"Getup\" \/>\n\t<meta name=\"twitter:label2\" content=\"Est. tempo de leitura\" \/>\n\t<meta name=\"twitter:data2\" content=\"5 minutos\" \/>\n<script type=\"application\/ld+json\" class=\"yoast-schema-graph\">{\"@context\":\"https:\/\/schema.org\",\"@graph\":[{\"@type\":\"Article\",\"@id\":\"https:\/\/www.cafedelhomme.com\/pt-br\/o-cafe-de-lhomme-celebra-seus-produtores#article\",\"isPartOf\":{\"@id\":\"https:\/\/www.cafedelhomme.com\/pt-br\/o-cafe-de-lhomme-celebra-seus-produtores\"},\"author\":{\"name\":\"Getup\",\"@id\":\"https:\/\/www.cafedelhomme.com\/pt-br#\/schema\/person\/55c660f885a3bf3b1d08ae502bd6850f\"},\"headline\":\"O Caf\u00e9 de l&#8217;homme celebra seus produtores\",\"datePublished\":\"2023-08-01T14:51:56+00:00\",\"dateModified\":\"2025-03-18T09:01:33+00:00\",\"mainEntityOfPage\":{\"@id\":\"https:\/\/www.cafedelhomme.com\/pt-br\/o-cafe-de-lhomme-celebra-seus-produtores\"},\"wordCount\":1068,\"publisher\":{\"@id\":\"https:\/\/www.cafedelhomme.com\/pt-br#organization\"},\"articleSection\":[\"Hist\u00f3ria\",\"Imprensa\"],\"inLanguage\":\"pt-BR\"},{\"@type\":\"WebPage\",\"@id\":\"https:\/\/www.cafedelhomme.com\/pt-br\/o-cafe-de-lhomme-celebra-seus-produtores\",\"url\":\"https:\/\/www.cafedelhomme.com\/pt-br\/o-cafe-de-lhomme-celebra-seus-produtores\",\"name\":\"O Caf\u00e9 de l'homme celebra seus produtores - Caf\u00e9 de l'Homme\",\"isPartOf\":{\"@id\":\"https:\/\/www.cafedelhomme.com\/pt-br#website\"},\"datePublished\":\"2023-08-01T14:51:56+00:00\",\"dateModified\":\"2025-03-18T09:01:33+00:00\",\"inLanguage\":\"pt-BR\",\"potentialAction\":[{\"@type\":\"ReadAction\",\"target\":[\"https:\/\/www.cafedelhomme.com\/pt-br\/o-cafe-de-lhomme-celebra-seus-produtores\"]}]},{\"@type\":\"WebSite\",\"@id\":\"https:\/\/www.cafedelhomme.com\/pt-br#website\",\"url\":\"https:\/\/www.cafedelhomme.com\/pt-br\",\"name\":\"Caf\u00e9 de l'Homme\",\"description\":\"\",\"publisher\":{\"@id\":\"https:\/\/www.cafedelhomme.com\/pt-br#organization\"},\"potentialAction\":[{\"@type\":\"SearchAction\",\"target\":{\"@type\":\"EntryPoint\",\"urlTemplate\":\"https:\/\/www.cafedelhomme.com\/pt-br?s={search_term_string}\"},\"query-input\":{\"@type\":\"PropertyValueSpecification\",\"valueRequired\":true,\"valueName\":\"search_term_string\"}}],\"inLanguage\":\"pt-BR\"},{\"@type\":\"Organization\",\"@id\":\"https:\/\/www.cafedelhomme.com\/pt-br#organization\",\"name\":\"Caf\u00e9 de l'Homme\",\"url\":\"https:\/\/www.cafedelhomme.com\/pt-br\",\"logo\":{\"@type\":\"ImageObject\",\"inLanguage\":\"pt-BR\",\"@id\":\"https:\/\/www.cafedelhomme.com\/pt-br#\/schema\/logo\/image\/\",\"url\":\"https:\/\/www.cafedelhomme.com\/wp-content\/uploads\/2023\/04\/big-logo-300x163-1.png\",\"contentUrl\":\"https:\/\/www.cafedelhomme.com\/wp-content\/uploads\/2023\/04\/big-logo-300x163-1.png\",\"width\":300,\"height\":163,\"caption\":\"Caf\u00e9 de l'Homme\"},\"image\":{\"@id\":\"https:\/\/www.cafedelhomme.com\/pt-br#\/schema\/logo\/image\/\"},\"sameAs\":[\"https:\/\/www.facebook.com\/cafedelhomme\",\"https:\/\/www.instagram.com\/cafedelhomme\/\"]},{\"@type\":\"Person\",\"@id\":\"https:\/\/www.cafedelhomme.com\/pt-br#\/schema\/person\/55c660f885a3bf3b1d08ae502bd6850f\",\"name\":\"Getup\",\"image\":{\"@type\":\"ImageObject\",\"inLanguage\":\"pt-BR\",\"@id\":\"https:\/\/www.cafedelhomme.com\/pt-br#\/schema\/person\/image\/\",\"url\":\"https:\/\/secure.gravatar.com\/avatar\/5e19627732ce1f7366d35b250158e58668ab387bcef3219ee7bba031ec656192?s=96&d=mm&r=g\",\"contentUrl\":\"https:\/\/secure.gravatar.com\/avatar\/5e19627732ce1f7366d35b250158e58668ab387bcef3219ee7bba031ec656192?s=96&d=mm&r=g\",\"caption\":\"Getup\"},\"sameAs\":[\"https:\/\/www.cafedelhomme.com\"]}]}<\/script>\n<!-- \/ Yoast SEO Premium plugin. -->","yoast_head_json":{"title":"O Caf\u00e9 de l'homme celebra seus produtores - Caf\u00e9 de l'Homme","robots":{"index":"index","follow":"follow","max-snippet":"max-snippet:-1","max-image-preview":"max-image-preview:large","max-video-preview":"max-video-preview:-1"},"canonical":"https:\/\/www.cafedelhomme.com\/pt-br\/o-cafe-de-lhomme-celebra-seus-produtores","og_locale":"pt_BR","og_type":"article","og_title":"O Caf\u00e9 de l'homme celebra seus produtores - Caf\u00e9 de l'Homme","og_description":"Exclusivamente para o Gala, a Coco Coup\u00e9rie-Eiffel est\u00e1 reunindo em seu terra\u00e7o ic\u00f4nico, aos p\u00e9s da Torre Eiffel, todos os artes\u00e3os que criam a autenticidade \u00fanica dos pratos do Caf\u00e9 de l'Homme. Um encontro gustativo.  FOTOS MARTIN LAGARDERE \/ PRODU\u00c7\u00c3O ADELE BREAU E LISA HANOUN","og_url":"https:\/\/www.cafedelhomme.com\/pt-br\/o-cafe-de-lhomme-celebra-seus-produtores","og_site_name":"Caf\u00e9 de l'Homme","article_publisher":"https:\/\/www.facebook.com\/cafedelhomme","article_published_time":"2023-08-01T14:51:56+00:00","article_modified_time":"2025-03-18T09:01:33+00:00","author":"Getup","twitter_card":"summary_large_image","twitter_misc":{"Escrito por":"Getup","Est. tempo de leitura":"5 minutos"},"schema":{"@context":"https:\/\/schema.org","@graph":[{"@type":"Article","@id":"https:\/\/www.cafedelhomme.com\/pt-br\/o-cafe-de-lhomme-celebra-seus-produtores#article","isPartOf":{"@id":"https:\/\/www.cafedelhomme.com\/pt-br\/o-cafe-de-lhomme-celebra-seus-produtores"},"author":{"name":"Getup","@id":"https:\/\/www.cafedelhomme.com\/pt-br#\/schema\/person\/55c660f885a3bf3b1d08ae502bd6850f"},"headline":"O Caf\u00e9 de l&#8217;homme celebra seus produtores","datePublished":"2023-08-01T14:51:56+00:00","dateModified":"2025-03-18T09:01:33+00:00","mainEntityOfPage":{"@id":"https:\/\/www.cafedelhomme.com\/pt-br\/o-cafe-de-lhomme-celebra-seus-produtores"},"wordCount":1068,"publisher":{"@id":"https:\/\/www.cafedelhomme.com\/pt-br#organization"},"articleSection":["Hist\u00f3ria","Imprensa"],"inLanguage":"pt-BR"},{"@type":"WebPage","@id":"https:\/\/www.cafedelhomme.com\/pt-br\/o-cafe-de-lhomme-celebra-seus-produtores","url":"https:\/\/www.cafedelhomme.com\/pt-br\/o-cafe-de-lhomme-celebra-seus-produtores","name":"O Caf\u00e9 de l'homme celebra seus produtores - Caf\u00e9 de l'Homme","isPartOf":{"@id":"https:\/\/www.cafedelhomme.com\/pt-br#website"},"datePublished":"2023-08-01T14:51:56+00:00","dateModified":"2025-03-18T09:01:33+00:00","inLanguage":"pt-BR","potentialAction":[{"@type":"ReadAction","target":["https:\/\/www.cafedelhomme.com\/pt-br\/o-cafe-de-lhomme-celebra-seus-produtores"]}]},{"@type":"WebSite","@id":"https:\/\/www.cafedelhomme.com\/pt-br#website","url":"https:\/\/www.cafedelhomme.com\/pt-br","name":"Caf\u00e9 de l'Homme","description":"","publisher":{"@id":"https:\/\/www.cafedelhomme.com\/pt-br#organization"},"potentialAction":[{"@type":"SearchAction","target":{"@type":"EntryPoint","urlTemplate":"https:\/\/www.cafedelhomme.com\/pt-br?s={search_term_string}"},"query-input":{"@type":"PropertyValueSpecification","valueRequired":true,"valueName":"search_term_string"}}],"inLanguage":"pt-BR"},{"@type":"Organization","@id":"https:\/\/www.cafedelhomme.com\/pt-br#organization","name":"Caf\u00e9 de l'Homme","url":"https:\/\/www.cafedelhomme.com\/pt-br","logo":{"@type":"ImageObject","inLanguage":"pt-BR","@id":"https:\/\/www.cafedelhomme.com\/pt-br#\/schema\/logo\/image\/","url":"https:\/\/www.cafedelhomme.com\/wp-content\/uploads\/2023\/04\/big-logo-300x163-1.png","contentUrl":"https:\/\/www.cafedelhomme.com\/wp-content\/uploads\/2023\/04\/big-logo-300x163-1.png","width":300,"height":163,"caption":"Caf\u00e9 de l'Homme"},"image":{"@id":"https:\/\/www.cafedelhomme.com\/pt-br#\/schema\/logo\/image\/"},"sameAs":["https:\/\/www.facebook.com\/cafedelhomme","https:\/\/www.instagram.com\/cafedelhomme\/"]},{"@type":"Person","@id":"https:\/\/www.cafedelhomme.com\/pt-br#\/schema\/person\/55c660f885a3bf3b1d08ae502bd6850f","name":"Getup","image":{"@type":"ImageObject","inLanguage":"pt-BR","@id":"https:\/\/www.cafedelhomme.com\/pt-br#\/schema\/person\/image\/","url":"https:\/\/secure.gravatar.com\/avatar\/5e19627732ce1f7366d35b250158e58668ab387bcef3219ee7bba031ec656192?s=96&d=mm&r=g","contentUrl":"https:\/\/secure.gravatar.com\/avatar\/5e19627732ce1f7366d35b250158e58668ab387bcef3219ee7bba031ec656192?s=96&d=mm&r=g","caption":"Getup"},"sameAs":["https:\/\/www.cafedelhomme.com"]}]}},"_links":{"self":[{"href":"https:\/\/www.cafedelhomme.com\/pt-br\/wp-json\/wp\/v2\/posts\/8688","targetHints":{"allow":["GET"]}}],"collection":[{"href":"https:\/\/www.cafedelhomme.com\/pt-br\/wp-json\/wp\/v2\/posts"}],"about":[{"href":"https:\/\/www.cafedelhomme.com\/pt-br\/wp-json\/wp\/v2\/types\/post"}],"author":[{"embeddable":true,"href":"https:\/\/www.cafedelhomme.com\/pt-br\/wp-json\/wp\/v2\/users\/1"}],"replies":[{"embeddable":true,"href":"https:\/\/www.cafedelhomme.com\/pt-br\/wp-json\/wp\/v2\/comments?post=8688"}],"version-history":[{"count":1,"href":"https:\/\/www.cafedelhomme.com\/pt-br\/wp-json\/wp\/v2\/posts\/8688\/revisions"}],"predecessor-version":[{"id":8693,"href":"https:\/\/www.cafedelhomme.com\/pt-br\/wp-json\/wp\/v2\/posts\/8688\/revisions\/8693"}],"wp:attachment":[{"href":"https:\/\/www.cafedelhomme.com\/pt-br\/wp-json\/wp\/v2\/media?parent=8688"}],"wp:term":[{"taxonomy":"category","embeddable":true,"href":"https:\/\/www.cafedelhomme.com\/pt-br\/wp-json\/wp\/v2\/categories?post=8688"},{"taxonomy":"post_tag","embeddable":true,"href":"https:\/\/www.cafedelhomme.com\/pt-br\/wp-json\/wp\/v2\/tags?post=8688"}],"curies":[{"name":"wp","href":"https:\/\/api.w.org\/{rel}","templated":true}]}}