{"id":8703,"date":"2025-03-11T10:00:33","date_gmt":"2025-03-11T09:00:33","guid":{"rendered":"https:\/\/www.cafedelhomme.com\/paixao-la-lova-uma-sobremesa-exclusiva-do-cafe-de-lhomme"},"modified":"2025-03-18T10:02:10","modified_gmt":"2025-03-18T09:02:10","slug":"paixao-la-lova-uma-sobremesa-exclusiva-do-cafe-de-lhomme","status":"publish","type":"post","link":"https:\/\/www.cafedelhomme.com\/pt-br\/paixao-la-lova-uma-sobremesa-exclusiva-do-cafe-de-lhomme","title":{"rendered":"Paix\u00e3o &#8220;La Lova&#8221;: uma sobremesa exclusiva do Caf\u00e9 de l&#8217;Homme"},"content":{"rendered":"<div class=\"wpb-content-wrapper\"><p>[vc_row responsive_css=&#8221;margin_top_large:100px|margin_bottom_large:100px&#8221; css=&#8221;.vc_custom_1690902189577{margin-top: 100px !important;margin-bottom: 100px !important;}&#8221;][vc_column][vc_column_text css=&#8221;.vc_custom_1739808555213{margin-bottom: 40px !important;}&#8221;]<span style=\"font-weight: 400;\">No <\/span><b>Caf\u00e9 de l&#8217;Homme<\/b><span style=\"font-weight: 400;\">Cada cria\u00e7\u00e3o doce \u00e9 uma ode \u00e0 delicadeza e \u00e0 eleg\u00e2ncia. Entre as <strong>sobremesas<\/strong> que sublimam nosso <strong><a href=\"https:\/\/www.cafedelhomme.com\/pt-br\/la-carte\">menu<\/a><\/strong>,   <\/span><b>&#8220;La Lova Passion<\/b><span style=\"font-weight: 400;\"> se distingue por seu perfeito equil\u00edbrio entre <\/span><b>leveza, frescor e intensidade<\/b><span style=\"font-weight: 400;\">. Um convite para uma viagem gustativa em que a do\u00e7ura do merengue encontra o exotismo do maracuj\u00e1. <\/span>[\/vc_column_text][vc_custom_heading text=&#8221;Um merengue arejado com um cora\u00e7\u00e3o generoso&#8221; css=&#8221;.vc_custom_1739808586845{padding-top: 5px !important;}&#8221;][vc_column_text css=&#8221;&#8221;]<span style=\"font-weight: 400;\">Por tr\u00e1s de seu nome fascinante, <\/span><b>&#8220;paix\u00e3o &#8220;La Lova<\/b><span style=\"font-weight: 400;\"> esconde um <\/span><b>merengue leve de lim\u00e3o<\/b><span style=\"font-weight: 400;\">lim\u00e3o, crocante por fora, que revela um <\/span><b>cora\u00e7\u00e3o de paix\u00e3o<\/b><span style=\"font-weight: 400;\">\u00c9 picante e ensolarado. Essa combina\u00e7\u00e3o sutil entre a do\u00e7ura do merengue e a vivacidade da fruta cria uma intera\u00e7\u00e3o irresist\u00edvel de texturas e sabores. <\/span>[\/vc_column_text][\/vc_column][\/vc_row][vc_row responsive_css=&#8221;margin_top_large:100px|margin_bottom_large:100px&#8221; css=&#8221;.vc_custom_1690902189577{margin-top: 100px !important;margin-bottom: 100px !important;}&#8221;][vc_column][vc_custom_heading text=&#8221;Um equil\u00edbrio perfeito entre do\u00e7ura e exotismo&#8221; css=&#8221;.vc_custom_1739808618813{padding-top: 5px !important;}&#8221;][vc_column_text css=&#8221;&#8221;]<span style=\"font-weight: 400;\">Deixe-se seduzir por essa <\/span><b>sobremesa <\/b> <span style=\"font-weight: 400;\">uma iguaria em que cada bocado ecoa a arte da confeitaria francesa, real\u00e7ada por um toque ex\u00f3tico. A acidez do maracuj\u00e1 vem de   <\/span><b>despertam as papilas gustativas<\/b><span style=\"font-weight: 400;\">enquanto a leveza do merengue proporciona um final <\/span><b>final suave para a refei\u00e7\u00e3o.<\/b><span style=\"font-weight: 400;\">.<\/span>[\/vc_column_text][\/vc_column][\/vc_row][vc_row responsive_css=&#8221;margin_top_large:100px|margin_bottom_large:100px&#8221; css=&#8221;.vc_custom_1690902189577{margin-top: 100px !important;margin-bottom: 100px !important;}&#8221;][vc_column][vc_custom_heading text=&#8221;Uma experi\u00eancia gourmet com vista para a Torre Eiffel&#8221; css=&#8221;.vc_custom_1739808635329{padding-top: 5px !important;}&#8221;][vc_column_text css=&#8221;&#8221;]<span style=\"font-weight: 400;\">Degusta\u00e7\u00e3o <\/span><b>&#8220;La Lova Passion<\/b><span style=\"font-weight: 400;\"> no <\/span><b>Caf\u00e9 de l&#8217;Homme<\/b><span style=\"font-weight: 400;\">\u00e9 saborear uma <\/span><b>sobremesa refinada<\/b><span style=\"font-weight: 400;\"> em um ambiente \u00fanico, com uma <\/span><b>vista para a Torre Eiffel<\/b><span style=\"font-weight: 400;\">. Ideal para   <\/span><b>o final perfeito para um jantar excepcional<\/b><span style=\"font-weight: 400;\">Esta sobremesa \u00e9 uma verdadeira assinatura que encantar\u00e1 os f\u00e3s de do\u00e7ura picante e texturas contrastantes.<\/span><\/p>\n<p><span style=\"font-weight: 400;\">Voc\u00ea gostaria de descobrir essa sobremesa imperd\u00edvel? <\/span><b>Reserve sua mesa<\/b><span style=\"font-weight: 400;\"> e deixe-se levar pela experi\u00eancia gastron\u00f4mica do <\/span><b>Caf\u00e9 de l&#8217;Homme<\/b><span style=\"font-weight: 400;\">.<\/span>[\/vc_column_text][\/vc_column][\/vc_row][vc_row responsive_css=&#8221;margin_top_large:100px|margin_bottom_large:100px&#8221; css=&#8221;.vc_custom_1690902189577{margin-top: 100px !important;margin-bottom: 100px !important;}&#8221;][vc_column width=&#8221;1\/2&#8243;]<a href=\"https:\/\/www.sevenrooms.com\/explore\/cafedelhomme\/reservations\/create\/search?lang=fr&#038;tracking=seo-blog\" target=\"_blank\" class=\"btn btn-default btn-bordered border-thin btn btn-outline btn-outline-black ld_button_69f1ffb79d4e3\">\n\t<span>\n\t\t\n\t\t\t\t\t<span class=\"btn-txt\">reservar uma mesa.<\/span>\n\t\t\t\n\t\t\t\t<\/span>\n<\/a>\n[\/vc_column][vc_column width=&#8221;1\/2&#8243;]<a href=\"https:\/\/www.instagram.com\/p\/DGVJstBIC9F\/\" target=\"_blank\" class=\"btn btn-default btn-bordered border-thin btn btn-outline btn-outline-black ld_button_69f1ffb79d6b9\">\n\t<span>\n\t\t\n\t\t\t\t\t<span class=\"btn-txt\">Assista ao v\u00eddeo.<\/span>\n\t\t\t\n\t\t\t\t<\/span>\n<\/a>\n[\/vc_column][\/vc_row]<\/p>\n<\/div>","protected":false},"excerpt":{"rendered":"<p>[vc_row responsive_css=&#8221;margin_top_large:100px|margin_bottom_large:100px&#8221; css=&#8221;.vc_custom_1690902189577{margin-top: 100px !important;margin-bottom: 100px !important;}&#8221;][vc_column][vc_column_text css=&#8221;.vc_custom_1739808555213{margin-bottom: 40px !important;}&#8221;]No Caf\u00e9 de l&#8217;HommeCada cria\u00e7\u00e3o doce \u00e9 uma ode \u00e0 delicadeza e \u00e0 eleg\u00e2ncia. Entre as sobremesas que sublimam nosso menu, &#8220;La Lova Passion se distingue por seu perfeito equil\u00edbrio entre leveza, frescor e intensidade. Um&#8230;<\/p>\n","protected":false},"author":9,"featured_media":8704,"comment_status":"closed","ping_status":"open","sticky":false,"template":"","format":"standard","meta":{"_acf_changed":false,"footnotes":""},"categories":[114,113],"tags":[],"class_list":["post-8703","post","type-post","status-publish","format-standard","has-post-thumbnail","hentry","category-apresentacao","category-noticias"],"acf":[],"yoast_head":"<!-- This site is optimized with the Yoast SEO Premium plugin v20.10 (Yoast SEO v27.0) - https:\/\/yoast.com\/product\/yoast-seo-premium-wordpress\/ -->\n<title>Paix\u00e3o &quot;La Lova&quot;: uma sobremesa exclusiva do Caf\u00e9 de l&#039;Homme - Caf\u00e9 de l&#039;Homme<\/title>\n<meta name=\"description\" content=\"Entre as sobremesas do nosso card\u00e1pio, a &quot;La Lova&quot; Passion se destaca por seu equil\u00edbrio perfeito de leveza, frescor e intensidade.\" \/>\n<meta name=\"robots\" content=\"index, follow, max-snippet:-1, max-image-preview:large, max-video-preview:-1\" \/>\n<link rel=\"canonical\" href=\"https:\/\/www.cafedelhomme.com\/pt-br\/paixao-la-lova-uma-sobremesa-exclusiva-do-cafe-de-lhomme\" \/>\n<meta property=\"og:locale\" content=\"pt_BR\" \/>\n<meta property=\"og:type\" content=\"article\" \/>\n<meta property=\"og:title\" content=\"Paix\u00e3o &quot;La Lova&quot;: uma sobremesa exclusiva do Caf\u00e9 de l&#039;Homme\" \/>\n<meta property=\"og:description\" content=\"Entre as sobremesas do nosso card\u00e1pio, a &quot;La Lova&quot; Passion se destaca por seu equil\u00edbrio perfeito de leveza, frescor e intensidade.\" \/>\n<meta property=\"og:url\" content=\"https:\/\/www.cafedelhomme.com\/pt-br\/paixao-la-lova-uma-sobremesa-exclusiva-do-cafe-de-lhomme\" \/>\n<meta property=\"og:site_name\" content=\"Caf\u00e9 de l&#039;Homme\" \/>\n<meta property=\"article:publisher\" content=\"https:\/\/www.facebook.com\/cafedelhomme\" \/>\n<meta property=\"article:published_time\" content=\"2025-03-11T09:00:33+00:00\" \/>\n<meta property=\"article:modified_time\" content=\"2025-03-18T09:02:10+00:00\" \/>\n<meta property=\"og:image\" content=\"https:\/\/www.cafedelhomme.com\/wp-content\/uploads\/2025\/02\/IMG_7301.jpg\" \/>\n\t<meta property=\"og:image:width\" content=\"1280\" \/>\n\t<meta property=\"og:image:height\" content=\"1920\" \/>\n\t<meta property=\"og:image:type\" content=\"image\/jpeg\" \/>\n<meta name=\"author\" content=\"Marketing\" \/>\n<meta name=\"twitter:card\" content=\"summary_large_image\" \/>\n<meta name=\"twitter:label1\" content=\"Escrito por\" \/>\n\t<meta name=\"twitter:data1\" content=\"Marketing\" \/>\n\t<meta name=\"twitter:label2\" content=\"Est. tempo de leitura\" \/>\n\t<meta name=\"twitter:data2\" content=\"2 minutos\" \/>\n<script type=\"application\/ld+json\" class=\"yoast-schema-graph\">{\"@context\":\"https:\/\/schema.org\",\"@graph\":[{\"@type\":\"Article\",\"@id\":\"https:\/\/www.cafedelhomme.com\/pt-br\/paixao-la-lova-uma-sobremesa-exclusiva-do-cafe-de-lhomme#article\",\"isPartOf\":{\"@id\":\"https:\/\/www.cafedelhomme.com\/pt-br\/paixao-la-lova-uma-sobremesa-exclusiva-do-cafe-de-lhomme\"},\"author\":{\"name\":\"Marketing\",\"@id\":\"https:\/\/www.cafedelhomme.com\/pt-br#\/schema\/person\/6e8511c8f2a5f67fe09441e43be583cf\"},\"headline\":\"Paix\u00e3o &#8220;La Lova&#8221;: uma sobremesa exclusiva do Caf\u00e9 de l&#8217;Homme\",\"datePublished\":\"2025-03-11T09:00:33+00:00\",\"dateModified\":\"2025-03-18T09:02:10+00:00\",\"mainEntityOfPage\":{\"@id\":\"https:\/\/www.cafedelhomme.com\/pt-br\/paixao-la-lova-uma-sobremesa-exclusiva-do-cafe-de-lhomme\"},\"wordCount\":513,\"publisher\":{\"@id\":\"https:\/\/www.cafedelhomme.com\/pt-br#organization\"},\"image\":{\"@id\":\"https:\/\/www.cafedelhomme.com\/pt-br\/paixao-la-lova-uma-sobremesa-exclusiva-do-cafe-de-lhomme#primaryimage\"},\"thumbnailUrl\":\"https:\/\/www.cafedelhomme.com\/wp-content\/uploads\/2025\/02\/IMG_7301.jpg\",\"articleSection\":[\"apresenta\u00e7\u00e3o\",\"Not\u00edcias\"],\"inLanguage\":\"pt-BR\"},{\"@type\":\"WebPage\",\"@id\":\"https:\/\/www.cafedelhomme.com\/pt-br\/paixao-la-lova-uma-sobremesa-exclusiva-do-cafe-de-lhomme\",\"url\":\"https:\/\/www.cafedelhomme.com\/pt-br\/paixao-la-lova-uma-sobremesa-exclusiva-do-cafe-de-lhomme\",\"name\":\"Paix\u00e3o \\\"La Lova\\\": uma sobremesa exclusiva do Caf\u00e9 de l'Homme - Caf\u00e9 de l'Homme\",\"isPartOf\":{\"@id\":\"https:\/\/www.cafedelhomme.com\/pt-br#website\"},\"primaryImageOfPage\":{\"@id\":\"https:\/\/www.cafedelhomme.com\/pt-br\/paixao-la-lova-uma-sobremesa-exclusiva-do-cafe-de-lhomme#primaryimage\"},\"image\":{\"@id\":\"https:\/\/www.cafedelhomme.com\/pt-br\/paixao-la-lova-uma-sobremesa-exclusiva-do-cafe-de-lhomme#primaryimage\"},\"thumbnailUrl\":\"https:\/\/www.cafedelhomme.com\/wp-content\/uploads\/2025\/02\/IMG_7301.jpg\",\"datePublished\":\"2025-03-11T09:00:33+00:00\",\"dateModified\":\"2025-03-18T09:02:10+00:00\",\"description\":\"Entre as sobremesas do nosso card\u00e1pio, a \\\"La Lova\\\" Passion se destaca por seu equil\u00edbrio perfeito de leveza, frescor e intensidade.\",\"inLanguage\":\"pt-BR\",\"potentialAction\":[{\"@type\":\"ReadAction\",\"target\":[\"https:\/\/www.cafedelhomme.com\/pt-br\/paixao-la-lova-uma-sobremesa-exclusiva-do-cafe-de-lhomme\"]}]},{\"@type\":\"ImageObject\",\"inLanguage\":\"pt-BR\",\"@id\":\"https:\/\/www.cafedelhomme.com\/pt-br\/paixao-la-lova-uma-sobremesa-exclusiva-do-cafe-de-lhomme#primaryimage\",\"url\":\"https:\/\/www.cafedelhomme.com\/wp-content\/uploads\/2025\/02\/IMG_7301.jpg\",\"contentUrl\":\"https:\/\/www.cafedelhomme.com\/wp-content\/uploads\/2025\/02\/IMG_7301.jpg\",\"width\":1280,\"height\":1920,\"caption\":\"{\\\"data\\\":{\\\"stickerId\\\":\\\"\\\",\\\"activityName\\\":\\\"\\\",\\\"playId\\\":\\\"\\\",\\\"imageEffectId\\\":\\\"\\\",\\\"filterId\\\":\\\"\\\",\\\"infoStickerId\\\":\\\"\\\",\\\"os\\\":\\\"ios\\\",\\\"pictureId\\\":\\\"A374F8F6-0929-4CCA-A840-8AD07472D78E\\\",\\\"appversion\\\":\\\"5.6.0\\\",\\\"enter_from\\\":\\\"enter_launch\\\",\\\"product\\\":\\\"retouch\\\"},\\\"tiktok_developers_3p_anchor_params\\\":\\\"{\\\"template_id\\\":\\\"\\\",\\\"client_key\\\":\\\"awgvo7gzpeas2ho6\\\",\\\"filter_id\\\":[]}\\\",\\\"source_type\\\":\\\"hypic\\\"}\"},{\"@type\":\"WebSite\",\"@id\":\"https:\/\/www.cafedelhomme.com\/pt-br#website\",\"url\":\"https:\/\/www.cafedelhomme.com\/pt-br\",\"name\":\"Caf\u00e9 de l'Homme\",\"description\":\"\",\"publisher\":{\"@id\":\"https:\/\/www.cafedelhomme.com\/pt-br#organization\"},\"potentialAction\":[{\"@type\":\"SearchAction\",\"target\":{\"@type\":\"EntryPoint\",\"urlTemplate\":\"https:\/\/www.cafedelhomme.com\/pt-br?s={search_term_string}\"},\"query-input\":{\"@type\":\"PropertyValueSpecification\",\"valueRequired\":true,\"valueName\":\"search_term_string\"}}],\"inLanguage\":\"pt-BR\"},{\"@type\":\"Organization\",\"@id\":\"https:\/\/www.cafedelhomme.com\/pt-br#organization\",\"name\":\"Caf\u00e9 de l'Homme\",\"url\":\"https:\/\/www.cafedelhomme.com\/pt-br\",\"logo\":{\"@type\":\"ImageObject\",\"inLanguage\":\"pt-BR\",\"@id\":\"https:\/\/www.cafedelhomme.com\/pt-br#\/schema\/logo\/image\/\",\"url\":\"https:\/\/www.cafedelhomme.com\/wp-content\/uploads\/2023\/04\/big-logo-300x163-1.png\",\"contentUrl\":\"https:\/\/www.cafedelhomme.com\/wp-content\/uploads\/2023\/04\/big-logo-300x163-1.png\",\"width\":300,\"height\":163,\"caption\":\"Caf\u00e9 de l'Homme\"},\"image\":{\"@id\":\"https:\/\/www.cafedelhomme.com\/pt-br#\/schema\/logo\/image\/\"},\"sameAs\":[\"https:\/\/www.facebook.com\/cafedelhomme\",\"https:\/\/www.instagram.com\/cafedelhomme\/\"]},{\"@type\":\"Person\",\"@id\":\"https:\/\/www.cafedelhomme.com\/pt-br#\/schema\/person\/6e8511c8f2a5f67fe09441e43be583cf\",\"name\":\"Marketing\",\"image\":{\"@type\":\"ImageObject\",\"inLanguage\":\"pt-BR\",\"@id\":\"https:\/\/www.cafedelhomme.com\/pt-br#\/schema\/person\/image\/\",\"url\":\"https:\/\/secure.gravatar.com\/avatar\/87ce55b262b05881147ff2405c09deba3304ca53053e2ddb7eddade60eafc929?s=96&d=mm&r=g\",\"contentUrl\":\"https:\/\/secure.gravatar.com\/avatar\/87ce55b262b05881147ff2405c09deba3304ca53053e2ddb7eddade60eafc929?s=96&d=mm&r=g\",\"caption\":\"Marketing\"}}]}<\/script>\n<!-- \/ Yoast SEO Premium plugin. -->","yoast_head_json":{"title":"Paix\u00e3o \"La Lova\": uma sobremesa exclusiva do Caf\u00e9 de l'Homme - Caf\u00e9 de l'Homme","description":"Entre as sobremesas do nosso card\u00e1pio, a \"La Lova\" Passion se destaca por seu equil\u00edbrio perfeito de leveza, frescor e intensidade.","robots":{"index":"index","follow":"follow","max-snippet":"max-snippet:-1","max-image-preview":"max-image-preview:large","max-video-preview":"max-video-preview:-1"},"canonical":"https:\/\/www.cafedelhomme.com\/pt-br\/paixao-la-lova-uma-sobremesa-exclusiva-do-cafe-de-lhomme","og_locale":"pt_BR","og_type":"article","og_title":"Paix\u00e3o \"La Lova\": uma sobremesa exclusiva do Caf\u00e9 de l'Homme","og_description":"Entre as sobremesas do nosso card\u00e1pio, a \"La Lova\" Passion se destaca por seu equil\u00edbrio perfeito de leveza, frescor e intensidade.","og_url":"https:\/\/www.cafedelhomme.com\/pt-br\/paixao-la-lova-uma-sobremesa-exclusiva-do-cafe-de-lhomme","og_site_name":"Caf\u00e9 de l'Homme","article_publisher":"https:\/\/www.facebook.com\/cafedelhomme","article_published_time":"2025-03-11T09:00:33+00:00","article_modified_time":"2025-03-18T09:02:10+00:00","og_image":[{"width":1280,"height":1920,"url":"https:\/\/www.cafedelhomme.com\/wp-content\/uploads\/2025\/02\/IMG_7301.jpg","type":"image\/jpeg"}],"author":"Marketing","twitter_card":"summary_large_image","twitter_misc":{"Escrito por":"Marketing","Est. tempo de leitura":"2 minutos"},"schema":{"@context":"https:\/\/schema.org","@graph":[{"@type":"Article","@id":"https:\/\/www.cafedelhomme.com\/pt-br\/paixao-la-lova-uma-sobremesa-exclusiva-do-cafe-de-lhomme#article","isPartOf":{"@id":"https:\/\/www.cafedelhomme.com\/pt-br\/paixao-la-lova-uma-sobremesa-exclusiva-do-cafe-de-lhomme"},"author":{"name":"Marketing","@id":"https:\/\/www.cafedelhomme.com\/pt-br#\/schema\/person\/6e8511c8f2a5f67fe09441e43be583cf"},"headline":"Paix\u00e3o &#8220;La Lova&#8221;: uma sobremesa exclusiva do Caf\u00e9 de l&#8217;Homme","datePublished":"2025-03-11T09:00:33+00:00","dateModified":"2025-03-18T09:02:10+00:00","mainEntityOfPage":{"@id":"https:\/\/www.cafedelhomme.com\/pt-br\/paixao-la-lova-uma-sobremesa-exclusiva-do-cafe-de-lhomme"},"wordCount":513,"publisher":{"@id":"https:\/\/www.cafedelhomme.com\/pt-br#organization"},"image":{"@id":"https:\/\/www.cafedelhomme.com\/pt-br\/paixao-la-lova-uma-sobremesa-exclusiva-do-cafe-de-lhomme#primaryimage"},"thumbnailUrl":"https:\/\/www.cafedelhomme.com\/wp-content\/uploads\/2025\/02\/IMG_7301.jpg","articleSection":["apresenta\u00e7\u00e3o","Not\u00edcias"],"inLanguage":"pt-BR"},{"@type":"WebPage","@id":"https:\/\/www.cafedelhomme.com\/pt-br\/paixao-la-lova-uma-sobremesa-exclusiva-do-cafe-de-lhomme","url":"https:\/\/www.cafedelhomme.com\/pt-br\/paixao-la-lova-uma-sobremesa-exclusiva-do-cafe-de-lhomme","name":"Paix\u00e3o \"La Lova\": uma sobremesa exclusiva do Caf\u00e9 de l'Homme - Caf\u00e9 de l'Homme","isPartOf":{"@id":"https:\/\/www.cafedelhomme.com\/pt-br#website"},"primaryImageOfPage":{"@id":"https:\/\/www.cafedelhomme.com\/pt-br\/paixao-la-lova-uma-sobremesa-exclusiva-do-cafe-de-lhomme#primaryimage"},"image":{"@id":"https:\/\/www.cafedelhomme.com\/pt-br\/paixao-la-lova-uma-sobremesa-exclusiva-do-cafe-de-lhomme#primaryimage"},"thumbnailUrl":"https:\/\/www.cafedelhomme.com\/wp-content\/uploads\/2025\/02\/IMG_7301.jpg","datePublished":"2025-03-11T09:00:33+00:00","dateModified":"2025-03-18T09:02:10+00:00","description":"Entre as sobremesas do nosso card\u00e1pio, a \"La Lova\" Passion se destaca por seu equil\u00edbrio perfeito de leveza, frescor e intensidade.","inLanguage":"pt-BR","potentialAction":[{"@type":"ReadAction","target":["https:\/\/www.cafedelhomme.com\/pt-br\/paixao-la-lova-uma-sobremesa-exclusiva-do-cafe-de-lhomme"]}]},{"@type":"ImageObject","inLanguage":"pt-BR","@id":"https:\/\/www.cafedelhomme.com\/pt-br\/paixao-la-lova-uma-sobremesa-exclusiva-do-cafe-de-lhomme#primaryimage","url":"https:\/\/www.cafedelhomme.com\/wp-content\/uploads\/2025\/02\/IMG_7301.jpg","contentUrl":"https:\/\/www.cafedelhomme.com\/wp-content\/uploads\/2025\/02\/IMG_7301.jpg","width":1280,"height":1920,"caption":"{\"data\":{\"stickerId\":\"\",\"activityName\":\"\",\"playId\":\"\",\"imageEffectId\":\"\",\"filterId\":\"\",\"infoStickerId\":\"\",\"os\":\"ios\",\"pictureId\":\"A374F8F6-0929-4CCA-A840-8AD07472D78E\",\"appversion\":\"5.6.0\",\"enter_from\":\"enter_launch\",\"product\":\"retouch\"},\"tiktok_developers_3p_anchor_params\":\"{\"template_id\":\"\",\"client_key\":\"awgvo7gzpeas2ho6\",\"filter_id\":[]}\",\"source_type\":\"hypic\"}"},{"@type":"WebSite","@id":"https:\/\/www.cafedelhomme.com\/pt-br#website","url":"https:\/\/www.cafedelhomme.com\/pt-br","name":"Caf\u00e9 de l'Homme","description":"","publisher":{"@id":"https:\/\/www.cafedelhomme.com\/pt-br#organization"},"potentialAction":[{"@type":"SearchAction","target":{"@type":"EntryPoint","urlTemplate":"https:\/\/www.cafedelhomme.com\/pt-br?s={search_term_string}"},"query-input":{"@type":"PropertyValueSpecification","valueRequired":true,"valueName":"search_term_string"}}],"inLanguage":"pt-BR"},{"@type":"Organization","@id":"https:\/\/www.cafedelhomme.com\/pt-br#organization","name":"Caf\u00e9 de l'Homme","url":"https:\/\/www.cafedelhomme.com\/pt-br","logo":{"@type":"ImageObject","inLanguage":"pt-BR","@id":"https:\/\/www.cafedelhomme.com\/pt-br#\/schema\/logo\/image\/","url":"https:\/\/www.cafedelhomme.com\/wp-content\/uploads\/2023\/04\/big-logo-300x163-1.png","contentUrl":"https:\/\/www.cafedelhomme.com\/wp-content\/uploads\/2023\/04\/big-logo-300x163-1.png","width":300,"height":163,"caption":"Caf\u00e9 de l'Homme"},"image":{"@id":"https:\/\/www.cafedelhomme.com\/pt-br#\/schema\/logo\/image\/"},"sameAs":["https:\/\/www.facebook.com\/cafedelhomme","https:\/\/www.instagram.com\/cafedelhomme\/"]},{"@type":"Person","@id":"https:\/\/www.cafedelhomme.com\/pt-br#\/schema\/person\/6e8511c8f2a5f67fe09441e43be583cf","name":"Marketing","image":{"@type":"ImageObject","inLanguage":"pt-BR","@id":"https:\/\/www.cafedelhomme.com\/pt-br#\/schema\/person\/image\/","url":"https:\/\/secure.gravatar.com\/avatar\/87ce55b262b05881147ff2405c09deba3304ca53053e2ddb7eddade60eafc929?s=96&d=mm&r=g","contentUrl":"https:\/\/secure.gravatar.com\/avatar\/87ce55b262b05881147ff2405c09deba3304ca53053e2ddb7eddade60eafc929?s=96&d=mm&r=g","caption":"Marketing"}}]}},"_links":{"self":[{"href":"https:\/\/www.cafedelhomme.com\/pt-br\/wp-json\/wp\/v2\/posts\/8703","targetHints":{"allow":["GET"]}}],"collection":[{"href":"https:\/\/www.cafedelhomme.com\/pt-br\/wp-json\/wp\/v2\/posts"}],"about":[{"href":"https:\/\/www.cafedelhomme.com\/pt-br\/wp-json\/wp\/v2\/types\/post"}],"author":[{"embeddable":true,"href":"https:\/\/www.cafedelhomme.com\/pt-br\/wp-json\/wp\/v2\/users\/9"}],"replies":[{"embeddable":true,"href":"https:\/\/www.cafedelhomme.com\/pt-br\/wp-json\/wp\/v2\/comments?post=8703"}],"version-history":[{"count":10,"href":"https:\/\/www.cafedelhomme.com\/pt-br\/wp-json\/wp\/v2\/posts\/8703\/revisions"}],"predecessor-version":[{"id":8746,"href":"https:\/\/www.cafedelhomme.com\/pt-br\/wp-json\/wp\/v2\/posts\/8703\/revisions\/8746"}],"wp:featuredmedia":[{"embeddable":true,"href":"https:\/\/www.cafedelhomme.com\/pt-br\/wp-json\/wp\/v2\/media\/8704"}],"wp:attachment":[{"href":"https:\/\/www.cafedelhomme.com\/pt-br\/wp-json\/wp\/v2\/media?parent=8703"}],"wp:term":[{"taxonomy":"category","embeddable":true,"href":"https:\/\/www.cafedelhomme.com\/pt-br\/wp-json\/wp\/v2\/categories?post=8703"},{"taxonomy":"post_tag","embeddable":true,"href":"https:\/\/www.cafedelhomme.com\/pt-br\/wp-json\/wp\/v2\/tags?post=8703"}],"curies":[{"name":"wp","href":"https:\/\/api.w.org\/{rel}","templated":true}]}}