{"id":8754,"date":"2025-03-06T16:16:31","date_gmt":"2025-03-06T15:16:31","guid":{"rendered":"https:\/\/www.cafedelhomme.com\/cafe-de-lhomme-o-local-ideal-para-jantares-em-grupo"},"modified":"2025-03-18T10:02:16","modified_gmt":"2025-03-18T09:02:16","slug":"cafe-de-lhomme-o-local-ideal-para-jantares-em-grupo","status":"publish","type":"post","link":"https:\/\/www.cafedelhomme.com\/pt-br\/cafe-de-lhomme-o-local-ideal-para-jantares-em-grupo","title":{"rendered":"Caf\u00e9 de l&#8217;Homme, o local ideal para jantares em grupo"},"content":{"rendered":"<div class=\"wpb-content-wrapper\"><p>[vc_row responsive_css=&#8221;margin_top_large:100px|margin_bottom_large:100px&#8221; css=&#8221;.vc_custom_1690902189577{margin-top: 100px !important;margin-bottom: 100px !important;}&#8221;][vc_column][vc_column_text css=&#8221;.vc_custom_1739805741076{margin-bottom: 40px !important;}&#8221;]<span style=\"font-weight: 400;\">Organizar uma <\/span><a href=\"https:\/\/www.cafedelhomme.com\/pt-br\/privatizar\"><b>refei\u00e7\u00e3o em grupo<\/b><\/a><span style=\"font-weight: 400;\">  em um ambiente acolhedor e de prest\u00edgio nunca foi t\u00e3o f\u00e1cil. Seja para um   <\/span><b>almo\u00e7o de neg\u00f3cios<\/b><span style=\"font-weight: 400;\">a <\/span><b>jantar com amigos<\/b><span style=\"font-weight: 400;\">a <\/span><b>almo\u00e7o de neg\u00f3cios<\/b><span style=\"font-weight: 400;\">ou um <\/span><b>anivers\u00e1rio<\/b><span style=\"font-weight: 400;\">, <\/span><b>Caf\u00e9 de l&#8217;Homme<\/b><span style=\"font-weight: 400;\"> recebe voc\u00ea no cora\u00e7\u00e3o do <\/span><b>Trocadero<\/b><span style=\"font-weight: 400;\">com uma vista de tirar o f\u00f4lego da <\/span><b>Torre Eiffel<\/b><span style=\"font-weight: 400;\">.<\/span>[\/vc_column_text][vc_custom_heading text=&#8221;Um cen\u00e1rio excepcional para momentos memor\u00e1veis&#8221; css=&#8221;.vc_custom_1739805062241{padding-top: 5px !important;}&#8221;][vc_column_text css=&#8221;&#8221;]<span style=\"font-weight: 400;\">Situado em um dos locais mais emblem\u00e1ticos de <\/span><b>Paris<\/b><span style=\"font-weight: 400;\">, <\/span><b>Caf\u00e9 de l&#8217;Homme<\/b><span style=\"font-weight: 400;\"> transforma cada <\/span><b>evento<\/b><span style=\"font-weight: 400;\"> em uma <\/span><b>experi\u00eancia inesquec\u00edvel<\/b><span style=\"font-weight: 400;\">. Com sua atmosfera elegante e   <\/span><b>panorama espetacular<\/b><span style=\"font-weight: 400;\">o restaurante \u00e9 a escolha ideal para que voc\u00ea possa desfrutar de <\/span><b>momentos compartilhados<\/b><span style=\"font-weight: 400;\">.<\/span><\/p>\n<p><span style=\"font-weight: 400;\">Seja para um <\/span><b>forma\u00e7\u00e3o de equipe<\/b><span style=\"font-weight: 400;\">a <\/span><b>reuni\u00e3o de equipe<\/b><span style=\"font-weight: 400;\">ou uma <\/span><b>comemora\u00e7\u00e3o familiar<\/b><span style=\"font-weight: 400;\">nossa equipe estar\u00e1 com voc\u00ea a cada passo do caminho para que sua refei\u00e7\u00e3o seja um sucesso.<\/span>[\/vc_column_text][\/vc_column][\/vc_row][vc_row responsive_css=&#8221;margin_top_large:100px|margin_bottom_large:100px&#8221; css=&#8221;.vc_custom_1690902189577{margin-top: 100px !important;margin-bottom: 100px !important;}&#8221;][vc_column][vc_custom_heading text=&#8221;Por que escolher o Caf\u00e9 de l&apos;Homme para suas refei\u00e7\u00f5es em grupo?&#8221; css=&#8221;.vc_custom_1739805160009{padding-top: 5px !important;}&#8221;][vc_column_text css=&#8221;&#8221;]<\/p>\n<ul>\n<li style=\"font-weight: 400;\" aria-level=\"1\"><b>Um local ic\u00f4nico<\/b><span style=\"font-weight: 400;\"> Localizado no Trocadero, o restaurante oferece um ambiente de prest\u00edgio e uma vista espetacular da Dama de Ferro.<\/span><\/li>\n<li style=\"font-weight: 400;\" aria-level=\"1\"><b>Cozinha excepcional<\/b><span style=\"font-weight: 400;\"> Descubra a culin\u00e1ria francesa contempor\u00e2nea, com produtos sazonais frescos, aprimorada pela criatividade de nosso chef Wilfried Graux.<\/span><\/li>\n<li style=\"font-weight: 400;\" aria-level=\"1\"><b>Um servi\u00e7o personalizado<\/b><span style=\"font-weight: 400;\"> Nossas equipes dedicadas organizam cada detalhe para garantir um servi\u00e7o sob medida, adaptado \u00e0s suas expectativas e \u00e0s dos seus convidados.<\/span><\/li>\n<li style=\"font-weight: 400;\" aria-level=\"1\"><b>Espa\u00e7os adaptados<\/b>: Se voc\u00ea estiver realizando uma pequena reuni\u00e3o ou um grande encontro, oferecemos solu\u00e7\u00f5es modulares para atender \u00e0s suas necessidades e criar a atmosfera ideal.<\/li>\n<\/ul>\n<p>[\/vc_column_text][\/vc_column][\/vc_row][vc_row responsive_css=&#8221;margin_top_large:100px|margin_bottom_large:100px&#8221; css=&#8221;.vc_custom_1690902189577{margin-top: 100px !important;margin-bottom: 100px !important;}&#8221;][vc_column][vc_custom_heading text=&#8221;Ofere\u00e7a a seus convidados uma experi\u00eancia \u00fanica&#8221; css=&#8221;.vc_custom_1739805255041{padding-top: 5px !important;}&#8221;][vc_column_text css=&#8221;&#8221;]<span style=\"font-weight: 400;\">Ao escolher <\/span><b>Caf\u00e9 de l&#8217;Homme<\/b><span style=\"font-weight: 400;\"> para sua <\/span><b>refei\u00e7\u00e3o em grupo<\/b><span style=\"font-weight: 400;\">Em nosso restaurante, voc\u00ea pode oferecer aos seus convidados uma experi\u00eancia culin\u00e1ria refinada em um ambiente majestoso. Voc\u00ea pode desfrutar de um   <\/span><b>momento de compartilhar <\/b><span style=\"font-weight: 400;\">um momento \u00fanico de compartilhamento, combinando gastronomia de primeira linha e conv\u00edvio, tudo em frente a um dos monumentos mais famosos do mundo.<\/span><\/p>\n<p><b>Reserve agora <\/b><span style=\"font-weight: 400;\">e deixe-nos oferecer a voc\u00ea um evento sob medida <\/span><b>evento feito sob medida<\/b><span style=\"font-weight: 400;\"> para voc\u00ea e seus convidados.<\/span>[\/vc_column_text]<a href=\"https:\/\/www.sevenrooms.com\/explore\/cafedelhomme\/reservations\/create\/search?tracking=seo-blog\" target=\"_blank\" class=\"btn btn-default btn-bordered border-thin btn btn-outline btn-outline-black ld_button_69f54684d4bcd\">\n\t<span>\n\t\t\n\t\t\t\t\t<span class=\"btn-txt\">r\u00e9server.<\/span>\n\t\t\t\n\t\t\t\t<\/span>\n<\/a>\n[\/vc_column][\/vc_row]<\/p>\n<\/div>","protected":false},"excerpt":{"rendered":"<p>[vc_row responsive_css=&#8221;margin_top_large:100px|margin_bottom_large:100px&#8221; css=&#8221;.vc_custom_1690902189577{margin-top: 100px !important;margin-bottom: 100px !important;}&#8221;][vc_column][vc_column_text css=&#8221;.vc_custom_1739805741076{margin-bottom: 40px !important;}&#8221;]Organizar uma refei\u00e7\u00e3o em grupo em um ambiente acolhedor e de prest\u00edgio nunca foi t\u00e3o f\u00e1cil. Seja para um almo\u00e7o de neg\u00f3ciosa jantar com amigosa almo\u00e7o de neg\u00f3ciosou um anivers\u00e1rio, Caf\u00e9 de l&#8217;Homme recebe voc\u00ea no&#8230;<\/p>\n","protected":false},"author":9,"featured_media":8755,"comment_status":"closed","ping_status":"open","sticky":false,"template":"","format":"standard","meta":{"_acf_changed":false,"footnotes":""},"categories":[115,114,107,113],"tags":[],"class_list":["post-8754","post","type-post","status-publish","format-standard","has-post-thumbnail","hentry","category-a-noite","category-apresentacao","category-eventos","category-noticias"],"acf":[],"yoast_head":"<!-- This site is optimized with the Yoast SEO Premium plugin v20.10 (Yoast SEO v27.0) - https:\/\/yoast.com\/product\/yoast-seo-premium-wordpress\/ -->\n<title>Caf\u00e9 de l&#039;Homme, o local ideal para jantares em grupo - Caf\u00e9 de l&#039;Homme<\/title>\n<meta name=\"description\" content=\"Organize uma refei\u00e7\u00e3o em grupo em um ambiente de prest\u00edgio. Para um almo\u00e7o de neg\u00f3cios ou jantar com amigos, damos as boas-vindas a voc\u00ea no Trocad\u00e9ro.\" \/>\n<meta name=\"robots\" content=\"index, follow, max-snippet:-1, max-image-preview:large, max-video-preview:-1\" \/>\n<link rel=\"canonical\" href=\"https:\/\/www.cafedelhomme.com\/pt-br\/cafe-de-lhomme-o-local-ideal-para-jantares-em-grupo\" \/>\n<meta property=\"og:locale\" content=\"pt_BR\" \/>\n<meta property=\"og:type\" content=\"article\" \/>\n<meta property=\"og:title\" content=\"Caf\u00e9 de l&#039;Homme, o local ideal para jantares em grupo\" \/>\n<meta property=\"og:description\" content=\"Organize uma refei\u00e7\u00e3o em grupo em um ambiente de prest\u00edgio. Para um almo\u00e7o de neg\u00f3cios ou jantar com amigos, damos as boas-vindas a voc\u00ea no Trocad\u00e9ro.\" \/>\n<meta property=\"og:url\" content=\"https:\/\/www.cafedelhomme.com\/pt-br\/cafe-de-lhomme-o-local-ideal-para-jantares-em-grupo\" \/>\n<meta property=\"og:site_name\" content=\"Caf\u00e9 de l&#039;Homme\" \/>\n<meta property=\"article:publisher\" content=\"https:\/\/www.facebook.com\/cafedelhomme\" \/>\n<meta property=\"article:published_time\" content=\"2025-03-06T15:16:31+00:00\" \/>\n<meta property=\"article:modified_time\" content=\"2025-03-18T09:02:16+00:00\" \/>\n<meta property=\"og:image\" content=\"https:\/\/www.cafedelhomme.com\/wp-content\/uploads\/2025\/02\/Groupe-1.jpg\" \/>\n\t<meta property=\"og:image:width\" content=\"1086\" \/>\n\t<meta property=\"og:image:height\" content=\"1630\" \/>\n\t<meta property=\"og:image:type\" content=\"image\/jpeg\" \/>\n<meta name=\"author\" content=\"Marketing\" \/>\n<meta name=\"twitter:card\" content=\"summary_large_image\" \/>\n<meta name=\"twitter:label1\" content=\"Escrito por\" \/>\n\t<meta name=\"twitter:data1\" content=\"Marketing\" \/>\n\t<meta name=\"twitter:label2\" content=\"Est. tempo de leitura\" \/>\n\t<meta name=\"twitter:data2\" content=\"3 minutos\" \/>\n<script type=\"application\/ld+json\" class=\"yoast-schema-graph\">{\"@context\":\"https:\/\/schema.org\",\"@graph\":[{\"@type\":\"Article\",\"@id\":\"https:\/\/www.cafedelhomme.com\/pt-br\/cafe-de-lhomme-o-local-ideal-para-jantares-em-grupo#article\",\"isPartOf\":{\"@id\":\"https:\/\/www.cafedelhomme.com\/pt-br\/cafe-de-lhomme-o-local-ideal-para-jantares-em-grupo\"},\"author\":{\"name\":\"Marketing\",\"@id\":\"https:\/\/www.cafedelhomme.com\/pt-br#\/schema\/person\/6e8511c8f2a5f67fe09441e43be583cf\"},\"headline\":\"Caf\u00e9 de l&#8217;Homme, o local ideal para jantares em grupo\",\"datePublished\":\"2025-03-06T15:16:31+00:00\",\"dateModified\":\"2025-03-18T09:02:16+00:00\",\"mainEntityOfPage\":{\"@id\":\"https:\/\/www.cafedelhomme.com\/pt-br\/cafe-de-lhomme-o-local-ideal-para-jantares-em-grupo\"},\"wordCount\":540,\"publisher\":{\"@id\":\"https:\/\/www.cafedelhomme.com\/pt-br#organization\"},\"image\":{\"@id\":\"https:\/\/www.cafedelhomme.com\/pt-br\/cafe-de-lhomme-o-local-ideal-para-jantares-em-grupo#primaryimage\"},\"thumbnailUrl\":\"https:\/\/www.cafedelhomme.com\/wp-content\/uploads\/2025\/02\/Groupe-1.jpg\",\"articleSection\":[\"\u00c0 noite\",\"apresenta\u00e7\u00e3o\",\"Eventos\",\"Not\u00edcias\"],\"inLanguage\":\"pt-BR\"},{\"@type\":\"WebPage\",\"@id\":\"https:\/\/www.cafedelhomme.com\/pt-br\/cafe-de-lhomme-o-local-ideal-para-jantares-em-grupo\",\"url\":\"https:\/\/www.cafedelhomme.com\/pt-br\/cafe-de-lhomme-o-local-ideal-para-jantares-em-grupo\",\"name\":\"Caf\u00e9 de l'Homme, o local ideal para jantares em grupo - Caf\u00e9 de l'Homme\",\"isPartOf\":{\"@id\":\"https:\/\/www.cafedelhomme.com\/pt-br#website\"},\"primaryImageOfPage\":{\"@id\":\"https:\/\/www.cafedelhomme.com\/pt-br\/cafe-de-lhomme-o-local-ideal-para-jantares-em-grupo#primaryimage\"},\"image\":{\"@id\":\"https:\/\/www.cafedelhomme.com\/pt-br\/cafe-de-lhomme-o-local-ideal-para-jantares-em-grupo#primaryimage\"},\"thumbnailUrl\":\"https:\/\/www.cafedelhomme.com\/wp-content\/uploads\/2025\/02\/Groupe-1.jpg\",\"datePublished\":\"2025-03-06T15:16:31+00:00\",\"dateModified\":\"2025-03-18T09:02:16+00:00\",\"description\":\"Organize uma refei\u00e7\u00e3o em grupo em um ambiente de prest\u00edgio. Para um almo\u00e7o de neg\u00f3cios ou jantar com amigos, damos as boas-vindas a voc\u00ea no Trocad\u00e9ro.\",\"inLanguage\":\"pt-BR\",\"potentialAction\":[{\"@type\":\"ReadAction\",\"target\":[\"https:\/\/www.cafedelhomme.com\/pt-br\/cafe-de-lhomme-o-local-ideal-para-jantares-em-grupo\"]}]},{\"@type\":\"ImageObject\",\"inLanguage\":\"pt-BR\",\"@id\":\"https:\/\/www.cafedelhomme.com\/pt-br\/cafe-de-lhomme-o-local-ideal-para-jantares-em-grupo#primaryimage\",\"url\":\"https:\/\/www.cafedelhomme.com\/wp-content\/uploads\/2025\/02\/Groupe-1.jpg\",\"contentUrl\":\"https:\/\/www.cafedelhomme.com\/wp-content\/uploads\/2025\/02\/Groupe-1.jpg\",\"width\":1086,\"height\":1630},{\"@type\":\"WebSite\",\"@id\":\"https:\/\/www.cafedelhomme.com\/pt-br#website\",\"url\":\"https:\/\/www.cafedelhomme.com\/pt-br\",\"name\":\"Caf\u00e9 de l'Homme\",\"description\":\"\",\"publisher\":{\"@id\":\"https:\/\/www.cafedelhomme.com\/pt-br#organization\"},\"potentialAction\":[{\"@type\":\"SearchAction\",\"target\":{\"@type\":\"EntryPoint\",\"urlTemplate\":\"https:\/\/www.cafedelhomme.com\/pt-br?s={search_term_string}\"},\"query-input\":{\"@type\":\"PropertyValueSpecification\",\"valueRequired\":true,\"valueName\":\"search_term_string\"}}],\"inLanguage\":\"pt-BR\"},{\"@type\":\"Organization\",\"@id\":\"https:\/\/www.cafedelhomme.com\/pt-br#organization\",\"name\":\"Caf\u00e9 de l'Homme\",\"url\":\"https:\/\/www.cafedelhomme.com\/pt-br\",\"logo\":{\"@type\":\"ImageObject\",\"inLanguage\":\"pt-BR\",\"@id\":\"https:\/\/www.cafedelhomme.com\/pt-br#\/schema\/logo\/image\/\",\"url\":\"https:\/\/www.cafedelhomme.com\/wp-content\/uploads\/2023\/04\/big-logo-300x163-1.png\",\"contentUrl\":\"https:\/\/www.cafedelhomme.com\/wp-content\/uploads\/2023\/04\/big-logo-300x163-1.png\",\"width\":300,\"height\":163,\"caption\":\"Caf\u00e9 de l'Homme\"},\"image\":{\"@id\":\"https:\/\/www.cafedelhomme.com\/pt-br#\/schema\/logo\/image\/\"},\"sameAs\":[\"https:\/\/www.facebook.com\/cafedelhomme\",\"https:\/\/www.instagram.com\/cafedelhomme\/\"]},{\"@type\":\"Person\",\"@id\":\"https:\/\/www.cafedelhomme.com\/pt-br#\/schema\/person\/6e8511c8f2a5f67fe09441e43be583cf\",\"name\":\"Marketing\",\"image\":{\"@type\":\"ImageObject\",\"inLanguage\":\"pt-BR\",\"@id\":\"https:\/\/www.cafedelhomme.com\/pt-br#\/schema\/person\/image\/\",\"url\":\"https:\/\/secure.gravatar.com\/avatar\/87ce55b262b05881147ff2405c09deba3304ca53053e2ddb7eddade60eafc929?s=96&d=mm&r=g\",\"contentUrl\":\"https:\/\/secure.gravatar.com\/avatar\/87ce55b262b05881147ff2405c09deba3304ca53053e2ddb7eddade60eafc929?s=96&d=mm&r=g\",\"caption\":\"Marketing\"}}]}<\/script>\n<!-- \/ Yoast SEO Premium plugin. -->","yoast_head_json":{"title":"Caf\u00e9 de l'Homme, o local ideal para jantares em grupo - Caf\u00e9 de l'Homme","description":"Organize uma refei\u00e7\u00e3o em grupo em um ambiente de prest\u00edgio. Para um almo\u00e7o de neg\u00f3cios ou jantar com amigos, damos as boas-vindas a voc\u00ea no Trocad\u00e9ro.","robots":{"index":"index","follow":"follow","max-snippet":"max-snippet:-1","max-image-preview":"max-image-preview:large","max-video-preview":"max-video-preview:-1"},"canonical":"https:\/\/www.cafedelhomme.com\/pt-br\/cafe-de-lhomme-o-local-ideal-para-jantares-em-grupo","og_locale":"pt_BR","og_type":"article","og_title":"Caf\u00e9 de l'Homme, o local ideal para jantares em grupo","og_description":"Organize uma refei\u00e7\u00e3o em grupo em um ambiente de prest\u00edgio. Para um almo\u00e7o de neg\u00f3cios ou jantar com amigos, damos as boas-vindas a voc\u00ea no Trocad\u00e9ro.","og_url":"https:\/\/www.cafedelhomme.com\/pt-br\/cafe-de-lhomme-o-local-ideal-para-jantares-em-grupo","og_site_name":"Caf\u00e9 de l'Homme","article_publisher":"https:\/\/www.facebook.com\/cafedelhomme","article_published_time":"2025-03-06T15:16:31+00:00","article_modified_time":"2025-03-18T09:02:16+00:00","og_image":[{"width":1086,"height":1630,"url":"https:\/\/www.cafedelhomme.com\/wp-content\/uploads\/2025\/02\/Groupe-1.jpg","type":"image\/jpeg"}],"author":"Marketing","twitter_card":"summary_large_image","twitter_misc":{"Escrito por":"Marketing","Est. tempo de leitura":"3 minutos"},"schema":{"@context":"https:\/\/schema.org","@graph":[{"@type":"Article","@id":"https:\/\/www.cafedelhomme.com\/pt-br\/cafe-de-lhomme-o-local-ideal-para-jantares-em-grupo#article","isPartOf":{"@id":"https:\/\/www.cafedelhomme.com\/pt-br\/cafe-de-lhomme-o-local-ideal-para-jantares-em-grupo"},"author":{"name":"Marketing","@id":"https:\/\/www.cafedelhomme.com\/pt-br#\/schema\/person\/6e8511c8f2a5f67fe09441e43be583cf"},"headline":"Caf\u00e9 de l&#8217;Homme, o local ideal para jantares em grupo","datePublished":"2025-03-06T15:16:31+00:00","dateModified":"2025-03-18T09:02:16+00:00","mainEntityOfPage":{"@id":"https:\/\/www.cafedelhomme.com\/pt-br\/cafe-de-lhomme-o-local-ideal-para-jantares-em-grupo"},"wordCount":540,"publisher":{"@id":"https:\/\/www.cafedelhomme.com\/pt-br#organization"},"image":{"@id":"https:\/\/www.cafedelhomme.com\/pt-br\/cafe-de-lhomme-o-local-ideal-para-jantares-em-grupo#primaryimage"},"thumbnailUrl":"https:\/\/www.cafedelhomme.com\/wp-content\/uploads\/2025\/02\/Groupe-1.jpg","articleSection":["\u00c0 noite","apresenta\u00e7\u00e3o","Eventos","Not\u00edcias"],"inLanguage":"pt-BR"},{"@type":"WebPage","@id":"https:\/\/www.cafedelhomme.com\/pt-br\/cafe-de-lhomme-o-local-ideal-para-jantares-em-grupo","url":"https:\/\/www.cafedelhomme.com\/pt-br\/cafe-de-lhomme-o-local-ideal-para-jantares-em-grupo","name":"Caf\u00e9 de l'Homme, o local ideal para jantares em grupo - Caf\u00e9 de l'Homme","isPartOf":{"@id":"https:\/\/www.cafedelhomme.com\/pt-br#website"},"primaryImageOfPage":{"@id":"https:\/\/www.cafedelhomme.com\/pt-br\/cafe-de-lhomme-o-local-ideal-para-jantares-em-grupo#primaryimage"},"image":{"@id":"https:\/\/www.cafedelhomme.com\/pt-br\/cafe-de-lhomme-o-local-ideal-para-jantares-em-grupo#primaryimage"},"thumbnailUrl":"https:\/\/www.cafedelhomme.com\/wp-content\/uploads\/2025\/02\/Groupe-1.jpg","datePublished":"2025-03-06T15:16:31+00:00","dateModified":"2025-03-18T09:02:16+00:00","description":"Organize uma refei\u00e7\u00e3o em grupo em um ambiente de prest\u00edgio. Para um almo\u00e7o de neg\u00f3cios ou jantar com amigos, damos as boas-vindas a voc\u00ea no Trocad\u00e9ro.","inLanguage":"pt-BR","potentialAction":[{"@type":"ReadAction","target":["https:\/\/www.cafedelhomme.com\/pt-br\/cafe-de-lhomme-o-local-ideal-para-jantares-em-grupo"]}]},{"@type":"ImageObject","inLanguage":"pt-BR","@id":"https:\/\/www.cafedelhomme.com\/pt-br\/cafe-de-lhomme-o-local-ideal-para-jantares-em-grupo#primaryimage","url":"https:\/\/www.cafedelhomme.com\/wp-content\/uploads\/2025\/02\/Groupe-1.jpg","contentUrl":"https:\/\/www.cafedelhomme.com\/wp-content\/uploads\/2025\/02\/Groupe-1.jpg","width":1086,"height":1630},{"@type":"WebSite","@id":"https:\/\/www.cafedelhomme.com\/pt-br#website","url":"https:\/\/www.cafedelhomme.com\/pt-br","name":"Caf\u00e9 de l'Homme","description":"","publisher":{"@id":"https:\/\/www.cafedelhomme.com\/pt-br#organization"},"potentialAction":[{"@type":"SearchAction","target":{"@type":"EntryPoint","urlTemplate":"https:\/\/www.cafedelhomme.com\/pt-br?s={search_term_string}"},"query-input":{"@type":"PropertyValueSpecification","valueRequired":true,"valueName":"search_term_string"}}],"inLanguage":"pt-BR"},{"@type":"Organization","@id":"https:\/\/www.cafedelhomme.com\/pt-br#organization","name":"Caf\u00e9 de l'Homme","url":"https:\/\/www.cafedelhomme.com\/pt-br","logo":{"@type":"ImageObject","inLanguage":"pt-BR","@id":"https:\/\/www.cafedelhomme.com\/pt-br#\/schema\/logo\/image\/","url":"https:\/\/www.cafedelhomme.com\/wp-content\/uploads\/2023\/04\/big-logo-300x163-1.png","contentUrl":"https:\/\/www.cafedelhomme.com\/wp-content\/uploads\/2023\/04\/big-logo-300x163-1.png","width":300,"height":163,"caption":"Caf\u00e9 de l'Homme"},"image":{"@id":"https:\/\/www.cafedelhomme.com\/pt-br#\/schema\/logo\/image\/"},"sameAs":["https:\/\/www.facebook.com\/cafedelhomme","https:\/\/www.instagram.com\/cafedelhomme\/"]},{"@type":"Person","@id":"https:\/\/www.cafedelhomme.com\/pt-br#\/schema\/person\/6e8511c8f2a5f67fe09441e43be583cf","name":"Marketing","image":{"@type":"ImageObject","inLanguage":"pt-BR","@id":"https:\/\/www.cafedelhomme.com\/pt-br#\/schema\/person\/image\/","url":"https:\/\/secure.gravatar.com\/avatar\/87ce55b262b05881147ff2405c09deba3304ca53053e2ddb7eddade60eafc929?s=96&d=mm&r=g","contentUrl":"https:\/\/secure.gravatar.com\/avatar\/87ce55b262b05881147ff2405c09deba3304ca53053e2ddb7eddade60eafc929?s=96&d=mm&r=g","caption":"Marketing"}}]}},"_links":{"self":[{"href":"https:\/\/www.cafedelhomme.com\/pt-br\/wp-json\/wp\/v2\/posts\/8754","targetHints":{"allow":["GET"]}}],"collection":[{"href":"https:\/\/www.cafedelhomme.com\/pt-br\/wp-json\/wp\/v2\/posts"}],"about":[{"href":"https:\/\/www.cafedelhomme.com\/pt-br\/wp-json\/wp\/v2\/types\/post"}],"author":[{"embeddable":true,"href":"https:\/\/www.cafedelhomme.com\/pt-br\/wp-json\/wp\/v2\/users\/9"}],"replies":[{"embeddable":true,"href":"https:\/\/www.cafedelhomme.com\/pt-br\/wp-json\/wp\/v2\/comments?post=8754"}],"version-history":[{"count":1,"href":"https:\/\/www.cafedelhomme.com\/pt-br\/wp-json\/wp\/v2\/posts\/8754\/revisions"}],"predecessor-version":[{"id":8758,"href":"https:\/\/www.cafedelhomme.com\/pt-br\/wp-json\/wp\/v2\/posts\/8754\/revisions\/8758"}],"wp:featuredmedia":[{"embeddable":true,"href":"https:\/\/www.cafedelhomme.com\/pt-br\/wp-json\/wp\/v2\/media\/8755"}],"wp:attachment":[{"href":"https:\/\/www.cafedelhomme.com\/pt-br\/wp-json\/wp\/v2\/media?parent=8754"}],"wp:term":[{"taxonomy":"category","embeddable":true,"href":"https:\/\/www.cafedelhomme.com\/pt-br\/wp-json\/wp\/v2\/categories?post=8754"},{"taxonomy":"post_tag","embeddable":true,"href":"https:\/\/www.cafedelhomme.com\/pt-br\/wp-json\/wp\/v2\/tags?post=8754"}],"curies":[{"name":"wp","href":"https:\/\/api.w.org\/{rel}","templated":true}]}}