{"id":9023,"date":"2025-03-03T15:29:27","date_gmt":"2025-03-03T14:29:27","guid":{"rendered":"https:\/\/www.cafedelhomme.com\/blanquette-de-vitela-com-misso-a-receita-favorita-do-chef"},"modified":"2025-03-18T10:04:48","modified_gmt":"2025-03-18T09:04:48","slug":"blanquette-de-vitela-com-misso-a-receita-favorita-do-chef","status":"publish","type":"post","link":"https:\/\/www.cafedelhomme.com\/pt-br\/blanquette-de-vitela-com-misso-a-receita-favorita-do-chef","title":{"rendered":"Blanquette de vitela com miss\u00f4: a receita favorita do chef"},"content":{"rendered":"<div class=\"wpb-content-wrapper\"><p>[vc_row responsive_css=&#8221;margin_top_large:100px|margin_bottom_large:100px&#8221; css=&#8221;.vc_custom_1690902189577{margin-top: 100px !important;margin-bottom: 100px !important;}&#8221;][vc_column][vc_column_text css=&#8221;.vc_custom_1739802856767{margin-bottom: 40px !important;}&#8221;]<span style=\"font-weight: 400;\">Com a chegada do <a href=\"https:\/\/www.cafedelhomme.com\/pt-br\/la-carte\"><strong>novo cart\u00e3o<\/strong><\/a>,<\/span><b> Caf\u00e9 de l&#8217;Homme<\/b><span style=\"font-weight: 400;\"> est\u00e1 dando lugar de destaque a uma receita emblem\u00e1tica da gastronomia francesa, revisitada com sutileza e ousadia pelo <\/span><b>Chef<\/b> <b>Wilfried Graux<\/b><span style=\"font-weight: 400;\"> o <\/span><b>blanquette de vitela com miss\u00f4<\/b><span style=\"font-weight: 400;\">. Uma combina\u00e7\u00e3o perfeita de tradi\u00e7\u00e3o e modernidade com sabores reconfortantes. <\/span>[\/vc_column_text][vc_custom_heading text=&#8221;Uma blanqueta reinventada com eleg\u00e2ncia&#8221; css=&#8221;.vc_custom_1739802618234{padding-top: 5px !important;}&#8221;][vc_column_text css=&#8221;&#8221;]<span style=\"font-weight: 400;\">Uma reinterpreta\u00e7\u00e3o sutil de um grande cl\u00e1ssico, o <\/span><b>blanquette<\/b> <b>de<\/b> <b>blanquette de vitela<\/b><span style=\"font-weight: 400;\"> do <\/span><b>chef Wilfried Graux<\/b><span style=\"font-weight: 400;\"> combina a tradi\u00e7\u00e3o francesa com influ\u00eancias japonesas gra\u00e7as \u00e0 adi\u00e7\u00e3o de <\/span><b>miso<\/b><span style=\"font-weight: 400;\">. Essa nota levemente salgada acrescenta uma nova profundidade ao molho, preservando a cremosidade e o tom perolado. O molho    <\/span><b>peda\u00e7os de carne<\/b><span style=\"font-weight: 400;\">macios e suculentos, que se desfazem facilmente com o garfo, enquanto os <\/span><b>vegetais<\/b> <b>derretendo<\/b><span style=\"font-weight: 400;\"> - Os legumes que derretem na boca - batata, cenoura e cebolinha - liberam seus sabores doces e salgados.<\/span><\/p>\n<p><span style=\"font-weight: 400;\">O resultado \u00e9 um prato<\/span><b> prato reconfortante <\/b><span style=\"font-weight: 400;\">e refinado, com o equil\u00edbrio perfeito: nem muito pesado nem muito gorduroso, com sabores doces harmoniosamente combinados para uma <\/span><b>experi\u00eancia gustativa<\/b><span style=\"font-weight: 400;\"> t\u00e3o delicada quanto inesquec\u00edvel.<\/span>[\/vc_column_text][\/vc_column][\/vc_row][vc_row responsive_css=&#8221;margin_top_large:100px|margin_bottom_large:100px&#8221; css=&#8221;.vc_custom_1690902189577{margin-top: 100px !important;margin-bottom: 100px !important;}&#8221;][vc_column][vc_custom_heading text=&#8221;Um convite para viajar&#8221; css=&#8221;.vc_custom_1739802634886{padding-top: 5px !important;}&#8221;][vc_column_text css=&#8221;&#8221;]<span style=\"font-weight: 400;\">Este<\/span><b> blanquette de vitela com miss\u00f4<\/b><span style=\"font-weight: 400;\"> ilustra perfeitamente o<\/span><b> Caf\u00e9 de l&#8217;Homme <\/b> <span style=\"font-weight: 400;\">para oferecer uma culin\u00e1ria emocional que respeite o terroir e, ao mesmo tempo, incorpore influ\u00eancias de todo o mundo. O   <\/span><b>miso<\/b><span style=\"font-weight: 400;\">\u00e9 rico em sabor, combinando perfeitamente com a maciez da vitela e a redondeza do molho tradicional.<\/span><\/p>\n<p><span style=\"font-weight: 400;\">A escolha de produtos sazonais e as t\u00e9cnicas de cozimento magistral fazem deste prato um verdadeiro tributo aos sabores aut\u00eanticos, revisitados com um toque moderno.<\/span>[\/vc_column_text][\/vc_column][\/vc_row][vc_row responsive_css=&#8221;margin_top_large:100px|margin_bottom_large:100px&#8221; css=&#8221;.vc_custom_1690902189577{margin-top: 100px !important;margin-bottom: 100px !important;}&#8221;][vc_column][vc_custom_heading text=&#8221;Um prato exclusivo para voc\u00ea descobrir logo de cara&#8221; css=&#8221;.vc_custom_1739802649852{padding-top: 5px !important;}&#8221;][vc_column_text css=&#8221;&#8221;]<span style=\"font-weight: 400;\">Dispon\u00edvel agora, este <\/span><b>blanquette de vitela com miss\u00f4 <\/b> <span style=\"font-weight: 400;\">promete uma experi\u00eancia culin\u00e1ria \u00fanica, combinando a tradi\u00e7\u00e3o francesa com a inspira\u00e7\u00e3o japonesa. Servido em um ambiente excepcional, de frente para a   <\/span><b>Torre Eiffel<\/b><span style=\"font-weight: 400;\"> \u00e0 <\/span><b>Paris<\/b><span style=\"font-weight: 400;\">Uma pausa gourmet refinada, onde cada detalhe foi pensado para sublimar o momento.<\/span><\/p>\n<p><span style=\"font-weight: 400;\">Venha experimentar esta receita e surpreenda-se com a ousadia de um prato revisitado com paix\u00e3o e criatividade. <\/span><b>Reserve sua mesa <\/b><span style=\"font-weight: 400;\">agora e mergulhe em uma experi\u00eancia gastron\u00f4mica \u00fanica no Caf\u00e9 de l&#8217;Homme.<\/span>[\/vc_column_text]<a href=\"https:\/\/www.sevenrooms.com\/explore\/cafedelhomme\/reservations\/create\/search?tracking=seo-blog\" target=\"_blank\" class=\"btn btn-default btn-bordered border-thin btn btn-outline btn-outline-black ld_button_69eda9e10827f\">\n\t<span>\n\t\t\n\t\t\t\t\t<span class=\"btn-txt\">r\u00e9server.<\/span>\n\t\t\t\n\t\t\t\t<\/span>\n<\/a>\n[\/vc_column][\/vc_row]<\/p>\n<\/div>","protected":false},"excerpt":{"rendered":"<p>[vc_row responsive_css=&#8221;margin_top_large:100px|margin_bottom_large:100px&#8221; css=&#8221;.vc_custom_1690902189577{margin-top: 100px !important;margin-bottom: 100px !important;}&#8221;][vc_column][vc_column_text css=&#8221;.vc_custom_1739802856767{margin-bottom: 40px !important;}&#8221;]Com a chegada do novo cart\u00e3o, Caf\u00e9 de l&#8217;Homme est\u00e1 dando lugar de destaque a uma receita emblem\u00e1tica da gastronomia francesa, revisitada com sutileza e ousadia pelo Chef Wilfried Graux o blanquette de vitela com miss\u00f4&#8230;.<\/p>\n","protected":false},"author":9,"featured_media":0,"comment_status":"closed","ping_status":"open","sticky":false,"template":"","format":"standard","meta":{"_acf_changed":false,"footnotes":""},"categories":[114,113],"tags":[],"class_list":["post-9023","post","type-post","status-publish","format-standard","hentry","category-apresentacao","category-noticias"],"acf":[],"yoast_head":"<!-- This site is optimized with the Yoast SEO Premium plugin v20.10 (Yoast SEO v27.0) - https:\/\/yoast.com\/product\/yoast-seo-premium-wordpress\/ -->\n<title>Blanquette de vitela com miss\u00f4: a receita favorita do chef - Caf\u00e9 de l&#039;Homme<\/title>\n<meta name=\"description\" content=\"O Caf\u00e9 de l&#039;Homme celebra uma receita emblem\u00e1tica da gastronomia francesa, revisitada pelo chef Wilfried Graux: blanquette de veau au miso.\" \/>\n<meta name=\"robots\" content=\"index, follow, max-snippet:-1, max-image-preview:large, max-video-preview:-1\" \/>\n<link rel=\"canonical\" href=\"https:\/\/www.cafedelhomme.com\/pt-br\/blanquette-de-vitela-com-misso-a-receita-favorita-do-chef\" \/>\n<meta property=\"og:locale\" content=\"pt_BR\" \/>\n<meta property=\"og:type\" content=\"article\" \/>\n<meta property=\"og:title\" content=\"Blanquette de vitela com miss\u00f4: a receita favorita do chef\" \/>\n<meta property=\"og:description\" content=\"O Caf\u00e9 de l&#039;Homme celebra uma receita emblem\u00e1tica da gastronomia francesa, revisitada pelo chef Wilfried Graux: blanquette de veau au miso.\" \/>\n<meta property=\"og:url\" content=\"https:\/\/www.cafedelhomme.com\/pt-br\/blanquette-de-vitela-com-misso-a-receita-favorita-do-chef\" \/>\n<meta property=\"og:site_name\" content=\"Caf\u00e9 de l&#039;Homme\" \/>\n<meta property=\"article:publisher\" content=\"https:\/\/www.facebook.com\/cafedelhomme\" \/>\n<meta property=\"article:published_time\" content=\"2025-03-03T14:29:27+00:00\" \/>\n<meta property=\"article:modified_time\" content=\"2025-03-18T09:04:48+00:00\" \/>\n<meta name=\"author\" content=\"Marketing\" \/>\n<meta name=\"twitter:card\" content=\"summary_large_image\" \/>\n<meta name=\"twitter:label1\" content=\"Escrito por\" \/>\n\t<meta name=\"twitter:data1\" content=\"Marketing\" \/>\n\t<meta name=\"twitter:label2\" content=\"Est. tempo de leitura\" \/>\n\t<meta name=\"twitter:data2\" content=\"3 minutos\" \/>\n<script type=\"application\/ld+json\" class=\"yoast-schema-graph\">{\"@context\":\"https:\/\/schema.org\",\"@graph\":[{\"@type\":\"Article\",\"@id\":\"https:\/\/www.cafedelhomme.com\/pt-br\/blanquette-de-vitela-com-misso-a-receita-favorita-do-chef#article\",\"isPartOf\":{\"@id\":\"https:\/\/www.cafedelhomme.com\/pt-br\/blanquette-de-vitela-com-misso-a-receita-favorita-do-chef\"},\"author\":{\"name\":\"Marketing\",\"@id\":\"https:\/\/www.cafedelhomme.com\/pt-br#\/schema\/person\/6e8511c8f2a5f67fe09441e43be583cf\"},\"headline\":\"Blanquette de vitela com miss\u00f4: a receita favorita do chef\",\"datePublished\":\"2025-03-03T14:29:27+00:00\",\"dateModified\":\"2025-03-18T09:04:48+00:00\",\"mainEntityOfPage\":{\"@id\":\"https:\/\/www.cafedelhomme.com\/pt-br\/blanquette-de-vitela-com-misso-a-receita-favorita-do-chef\"},\"wordCount\":544,\"publisher\":{\"@id\":\"https:\/\/www.cafedelhomme.com\/pt-br#organization\"},\"articleSection\":[\"apresenta\u00e7\u00e3o\",\"Not\u00edcias\"],\"inLanguage\":\"pt-BR\"},{\"@type\":\"WebPage\",\"@id\":\"https:\/\/www.cafedelhomme.com\/pt-br\/blanquette-de-vitela-com-misso-a-receita-favorita-do-chef\",\"url\":\"https:\/\/www.cafedelhomme.com\/pt-br\/blanquette-de-vitela-com-misso-a-receita-favorita-do-chef\",\"name\":\"Blanquette de vitela com miss\u00f4: a receita favorita do chef - Caf\u00e9 de l'Homme\",\"isPartOf\":{\"@id\":\"https:\/\/www.cafedelhomme.com\/pt-br#website\"},\"datePublished\":\"2025-03-03T14:29:27+00:00\",\"dateModified\":\"2025-03-18T09:04:48+00:00\",\"description\":\"O Caf\u00e9 de l'Homme celebra uma receita emblem\u00e1tica da gastronomia francesa, revisitada pelo chef Wilfried Graux: blanquette de veau au miso.\",\"inLanguage\":\"pt-BR\",\"potentialAction\":[{\"@type\":\"ReadAction\",\"target\":[\"https:\/\/www.cafedelhomme.com\/pt-br\/blanquette-de-vitela-com-misso-a-receita-favorita-do-chef\"]}]},{\"@type\":\"WebSite\",\"@id\":\"https:\/\/www.cafedelhomme.com\/pt-br#website\",\"url\":\"https:\/\/www.cafedelhomme.com\/pt-br\",\"name\":\"Caf\u00e9 de l'Homme\",\"description\":\"\",\"publisher\":{\"@id\":\"https:\/\/www.cafedelhomme.com\/pt-br#organization\"},\"potentialAction\":[{\"@type\":\"SearchAction\",\"target\":{\"@type\":\"EntryPoint\",\"urlTemplate\":\"https:\/\/www.cafedelhomme.com\/pt-br?s={search_term_string}\"},\"query-input\":{\"@type\":\"PropertyValueSpecification\",\"valueRequired\":true,\"valueName\":\"search_term_string\"}}],\"inLanguage\":\"pt-BR\"},{\"@type\":\"Organization\",\"@id\":\"https:\/\/www.cafedelhomme.com\/pt-br#organization\",\"name\":\"Caf\u00e9 de l'Homme\",\"url\":\"https:\/\/www.cafedelhomme.com\/pt-br\",\"logo\":{\"@type\":\"ImageObject\",\"inLanguage\":\"pt-BR\",\"@id\":\"https:\/\/www.cafedelhomme.com\/pt-br#\/schema\/logo\/image\/\",\"url\":\"https:\/\/www.cafedelhomme.com\/wp-content\/uploads\/2023\/04\/big-logo-300x163-1.png\",\"contentUrl\":\"https:\/\/www.cafedelhomme.com\/wp-content\/uploads\/2023\/04\/big-logo-300x163-1.png\",\"width\":300,\"height\":163,\"caption\":\"Caf\u00e9 de l'Homme\"},\"image\":{\"@id\":\"https:\/\/www.cafedelhomme.com\/pt-br#\/schema\/logo\/image\/\"},\"sameAs\":[\"https:\/\/www.facebook.com\/cafedelhomme\",\"https:\/\/www.instagram.com\/cafedelhomme\/\"]},{\"@type\":\"Person\",\"@id\":\"https:\/\/www.cafedelhomme.com\/pt-br#\/schema\/person\/6e8511c8f2a5f67fe09441e43be583cf\",\"name\":\"Marketing\",\"image\":{\"@type\":\"ImageObject\",\"inLanguage\":\"pt-BR\",\"@id\":\"https:\/\/www.cafedelhomme.com\/pt-br#\/schema\/person\/image\/\",\"url\":\"https:\/\/secure.gravatar.com\/avatar\/87ce55b262b05881147ff2405c09deba3304ca53053e2ddb7eddade60eafc929?s=96&d=mm&r=g\",\"contentUrl\":\"https:\/\/secure.gravatar.com\/avatar\/87ce55b262b05881147ff2405c09deba3304ca53053e2ddb7eddade60eafc929?s=96&d=mm&r=g\",\"caption\":\"Marketing\"}}]}<\/script>\n<!-- \/ Yoast SEO Premium plugin. -->","yoast_head_json":{"title":"Blanquette de vitela com miss\u00f4: a receita favorita do chef - Caf\u00e9 de l'Homme","description":"O Caf\u00e9 de l'Homme celebra uma receita emblem\u00e1tica da gastronomia francesa, revisitada pelo chef Wilfried Graux: blanquette de veau au miso.","robots":{"index":"index","follow":"follow","max-snippet":"max-snippet:-1","max-image-preview":"max-image-preview:large","max-video-preview":"max-video-preview:-1"},"canonical":"https:\/\/www.cafedelhomme.com\/pt-br\/blanquette-de-vitela-com-misso-a-receita-favorita-do-chef","og_locale":"pt_BR","og_type":"article","og_title":"Blanquette de vitela com miss\u00f4: a receita favorita do chef","og_description":"O Caf\u00e9 de l'Homme celebra uma receita emblem\u00e1tica da gastronomia francesa, revisitada pelo chef Wilfried Graux: blanquette de veau au miso.","og_url":"https:\/\/www.cafedelhomme.com\/pt-br\/blanquette-de-vitela-com-misso-a-receita-favorita-do-chef","og_site_name":"Caf\u00e9 de l'Homme","article_publisher":"https:\/\/www.facebook.com\/cafedelhomme","article_published_time":"2025-03-03T14:29:27+00:00","article_modified_time":"2025-03-18T09:04:48+00:00","author":"Marketing","twitter_card":"summary_large_image","twitter_misc":{"Escrito por":"Marketing","Est. tempo de leitura":"3 minutos"},"schema":{"@context":"https:\/\/schema.org","@graph":[{"@type":"Article","@id":"https:\/\/www.cafedelhomme.com\/pt-br\/blanquette-de-vitela-com-misso-a-receita-favorita-do-chef#article","isPartOf":{"@id":"https:\/\/www.cafedelhomme.com\/pt-br\/blanquette-de-vitela-com-misso-a-receita-favorita-do-chef"},"author":{"name":"Marketing","@id":"https:\/\/www.cafedelhomme.com\/pt-br#\/schema\/person\/6e8511c8f2a5f67fe09441e43be583cf"},"headline":"Blanquette de vitela com miss\u00f4: a receita favorita do chef","datePublished":"2025-03-03T14:29:27+00:00","dateModified":"2025-03-18T09:04:48+00:00","mainEntityOfPage":{"@id":"https:\/\/www.cafedelhomme.com\/pt-br\/blanquette-de-vitela-com-misso-a-receita-favorita-do-chef"},"wordCount":544,"publisher":{"@id":"https:\/\/www.cafedelhomme.com\/pt-br#organization"},"articleSection":["apresenta\u00e7\u00e3o","Not\u00edcias"],"inLanguage":"pt-BR"},{"@type":"WebPage","@id":"https:\/\/www.cafedelhomme.com\/pt-br\/blanquette-de-vitela-com-misso-a-receita-favorita-do-chef","url":"https:\/\/www.cafedelhomme.com\/pt-br\/blanquette-de-vitela-com-misso-a-receita-favorita-do-chef","name":"Blanquette de vitela com miss\u00f4: a receita favorita do chef - Caf\u00e9 de l'Homme","isPartOf":{"@id":"https:\/\/www.cafedelhomme.com\/pt-br#website"},"datePublished":"2025-03-03T14:29:27+00:00","dateModified":"2025-03-18T09:04:48+00:00","description":"O Caf\u00e9 de l'Homme celebra uma receita emblem\u00e1tica da gastronomia francesa, revisitada pelo chef Wilfried Graux: blanquette de veau au miso.","inLanguage":"pt-BR","potentialAction":[{"@type":"ReadAction","target":["https:\/\/www.cafedelhomme.com\/pt-br\/blanquette-de-vitela-com-misso-a-receita-favorita-do-chef"]}]},{"@type":"WebSite","@id":"https:\/\/www.cafedelhomme.com\/pt-br#website","url":"https:\/\/www.cafedelhomme.com\/pt-br","name":"Caf\u00e9 de l'Homme","description":"","publisher":{"@id":"https:\/\/www.cafedelhomme.com\/pt-br#organization"},"potentialAction":[{"@type":"SearchAction","target":{"@type":"EntryPoint","urlTemplate":"https:\/\/www.cafedelhomme.com\/pt-br?s={search_term_string}"},"query-input":{"@type":"PropertyValueSpecification","valueRequired":true,"valueName":"search_term_string"}}],"inLanguage":"pt-BR"},{"@type":"Organization","@id":"https:\/\/www.cafedelhomme.com\/pt-br#organization","name":"Caf\u00e9 de l'Homme","url":"https:\/\/www.cafedelhomme.com\/pt-br","logo":{"@type":"ImageObject","inLanguage":"pt-BR","@id":"https:\/\/www.cafedelhomme.com\/pt-br#\/schema\/logo\/image\/","url":"https:\/\/www.cafedelhomme.com\/wp-content\/uploads\/2023\/04\/big-logo-300x163-1.png","contentUrl":"https:\/\/www.cafedelhomme.com\/wp-content\/uploads\/2023\/04\/big-logo-300x163-1.png","width":300,"height":163,"caption":"Caf\u00e9 de l'Homme"},"image":{"@id":"https:\/\/www.cafedelhomme.com\/pt-br#\/schema\/logo\/image\/"},"sameAs":["https:\/\/www.facebook.com\/cafedelhomme","https:\/\/www.instagram.com\/cafedelhomme\/"]},{"@type":"Person","@id":"https:\/\/www.cafedelhomme.com\/pt-br#\/schema\/person\/6e8511c8f2a5f67fe09441e43be583cf","name":"Marketing","image":{"@type":"ImageObject","inLanguage":"pt-BR","@id":"https:\/\/www.cafedelhomme.com\/pt-br#\/schema\/person\/image\/","url":"https:\/\/secure.gravatar.com\/avatar\/87ce55b262b05881147ff2405c09deba3304ca53053e2ddb7eddade60eafc929?s=96&d=mm&r=g","contentUrl":"https:\/\/secure.gravatar.com\/avatar\/87ce55b262b05881147ff2405c09deba3304ca53053e2ddb7eddade60eafc929?s=96&d=mm&r=g","caption":"Marketing"}}]}},"_links":{"self":[{"href":"https:\/\/www.cafedelhomme.com\/pt-br\/wp-json\/wp\/v2\/posts\/9023","targetHints":{"allow":["GET"]}}],"collection":[{"href":"https:\/\/www.cafedelhomme.com\/pt-br\/wp-json\/wp\/v2\/posts"}],"about":[{"href":"https:\/\/www.cafedelhomme.com\/pt-br\/wp-json\/wp\/v2\/types\/post"}],"author":[{"embeddable":true,"href":"https:\/\/www.cafedelhomme.com\/pt-br\/wp-json\/wp\/v2\/users\/9"}],"replies":[{"embeddable":true,"href":"https:\/\/www.cafedelhomme.com\/pt-br\/wp-json\/wp\/v2\/comments?post=9023"}],"version-history":[{"count":6,"href":"https:\/\/www.cafedelhomme.com\/pt-br\/wp-json\/wp\/v2\/posts\/9023\/revisions"}],"predecessor-version":[{"id":9035,"href":"https:\/\/www.cafedelhomme.com\/pt-br\/wp-json\/wp\/v2\/posts\/9023\/revisions\/9035"}],"wp:attachment":[{"href":"https:\/\/www.cafedelhomme.com\/pt-br\/wp-json\/wp\/v2\/media?parent=9023"}],"wp:term":[{"taxonomy":"category","embeddable":true,"href":"https:\/\/www.cafedelhomme.com\/pt-br\/wp-json\/wp\/v2\/categories?post=9023"},{"taxonomy":"post_tag","embeddable":true,"href":"https:\/\/www.cafedelhomme.com\/pt-br\/wp-json\/wp\/v2\/tags?post=9023"}],"curies":[{"name":"wp","href":"https:\/\/api.w.org\/{rel}","templated":true}]}}