{"id":9033,"date":"2025-02-09T13:38:24","date_gmt":"2025-02-09T12:38:24","guid":{"rendered":"https:\/\/www.cafedelhomme.com\/descubra-o-mundo-do-le-cafe-de-lhomme-com-nosso-tour-virtual"},"modified":"2025-03-18T10:04:48","modified_gmt":"2025-03-18T09:04:48","slug":"descubra-o-mundo-do-le-cafe-de-lhomme-com-nosso-tour-virtual","status":"publish","type":"post","link":"https:\/\/www.cafedelhomme.com\/pt-br\/descubra-o-mundo-do-le-cafe-de-lhomme-com-nosso-tour-virtual","title":{"rendered":"Descubra o mundo do Le Caf\u00e9 de l&#8217;Homme com nosso tour virtual"},"content":{"rendered":"<div class=\"wpb-content-wrapper\"><p>[vc_row responsive_css=&#8221;margin_top_large:100px|margin_bottom_large:100px&#8221; css=&#8221;.vc_custom_1690902189577{margin-top: 100px !important;margin-bottom: 100px !important;}&#8221;][vc_column][vc_column_text css=&#8221;.vc_custom_1736426378819{margin-bottom: 40px !important;}&#8221;]<span style=\"font-weight: 400;\">E se voc\u00ea pudesse explorar o <\/span><b>Caf\u00e9 de l&#8217;Homme<\/b><span style=\"font-weight: 400;\">  mesmo antes de voc\u00ea entrar em suas portas? Com o nosso   <\/span><b>tour virtual imersivo<\/b><span style=\"font-weight: 400;\">Descubra cada uma das \u00e1reas emblem\u00e1ticas do nosso restaurante Trocadero. Mergulhe em um ambiente refinado e aconchegante, onde   <\/span><b>Eleg\u00e2ncia parisiense<\/b><span style=\"font-weight: 400;\"> com uma vista espetacular <\/span><b>vista espetacular da Torre Eiffel<\/b><span style=\"font-weight: 400;\">.<\/span>[\/vc_column_text][vc_custom_heading text=&#8221;Os interiores: uma vitrine de refinamento&#8221; css=&#8221;.vc_custom_1736426385868{padding-top: 5px !important;}&#8221;][vc_column_text css=&#8221;&#8221;]<b>Caf\u00e9 de l&#8217;Homme<\/b><span style=\"font-weight: 400;\"> oferece espa\u00e7os internos projetados para atender a todas as suas expectativas, seja para um momento \u00edntimo, um jantar profissional ou um evento particular.<\/span><\/p>\n<ul>\n<li style=\"font-weight: 400;\" aria-level=\"1\"><b>Corredor central<\/b><span style=\"font-weight: 400;\"> Uma recep\u00e7\u00e3o majestosa com suas linhas elegantes e decora\u00e7\u00e3o meticulosa, combinando materiais nobres e design contempor\u00e2neo. <\/span> <\/li>\n<li style=\"font-weight: 400;\" aria-level=\"1\"><b>Mesa do Chef<\/b><span style=\"font-weight: 400;\"> A Mesa do Chef: Este espa\u00e7o exclusivo convida voc\u00ea a desfrutar de uma atmosfera calorosa e amig\u00e1vel na companhia de seus convidados.<\/span><\/li>\n<li style=\"font-weight: 400;\" aria-level=\"1\"><b>Sala de jantar privativa<\/b><span style=\"font-weight: 400;\"> Seja para comemora\u00e7\u00f5es ou reuni\u00f5es de neg\u00f3cios, este espa\u00e7o garante discri\u00e7\u00e3o e sofistica\u00e7\u00e3o, em um ambiente fora do comum.<\/span><\/li>\n<\/ul>\n<p>[\/vc_column_text][\/vc_column][\/vc_row][vc_row responsive_css=&#8221;margin_top_large:100px|margin_bottom_large:100px&#8221; css=&#8221;.vc_custom_1690902189577{margin-top: 100px !important;margin-bottom: 100px !important;}&#8221;][vc_column][vc_custom_heading text=&#8221;O terra\u00e7o: vistas de tirar o f\u00f4lego da Torre Eiffel&#8221; css=&#8221;.vc_custom_1736426420820{padding-top: 5px !important;}&#8221;][vc_column_text css=&#8221;&#8221;]<span style=\"font-weight: 400;\">O terra\u00e7o do <\/span><b>Caf\u00e9 de l&#8217;Homme<\/b><span style=\"font-weight: 400;\"> \u00e9 a joia da coroa do nosso restaurante, oferecendo uma vista panor\u00e2mica excepcional da <\/span><b>Dama de Ferro<\/b><span style=\"font-weight: 400;\">. Dividido em v\u00e1rias \u00e1reas, ele pode ser adaptado para atender a todas as ocasi\u00f5es e todos os gostos. <\/span><\/p>\n<ul>\n<li style=\"font-weight: 400;\" aria-level=\"1\"><b>Terra\u00e7o Eiffel<\/b><span style=\"font-weight: 400;\"> Com a <\/span><b>Torre Eiffel<\/b><span style=\"font-weight: 400;\"> esse espa\u00e7o \u00e9 perfeito para jantares rom\u00e2nticos ou refei\u00e7\u00f5es inesquec\u00edveis.<\/span><\/li>\n<li style=\"font-weight: 400;\" aria-level=\"1\"><b>Terra\u00e7o central<\/b><span style=\"font-weight: 400;\">  O terra\u00e7o central tem localiza\u00e7\u00e3o ideal, combinando conv\u00edvio e eleg\u00e2ncia. Perfeito para grupos ou almo\u00e7os ensolarados, ele oferece uma atmosfera vibrante, preservando vistas espetaculares. <\/span><\/li>\n<li style=\"font-weight: 400;\" aria-level=\"1\"><b>Terra\u00e7o do jardim<\/b>: Para um momento de relaxamento ao ar livre, o terra\u00e7o do jardim oferece um ambiente relaxante, cercado por vegeta\u00e7\u00e3o.<\/li>\n<\/ul>\n<p>[\/vc_column_text][\/vc_column][\/vc_row][vc_row responsive_css=&#8221;margin_top_large:100px|margin_bottom_large:100px&#8221; css=&#8221;.vc_custom_1690902189577{margin-top: 100px !important;margin-bottom: 100px !important;}&#8221;][vc_column][vc_custom_heading text=&#8221;Planeje sua pr\u00f3xima experi\u00eancia inesquec\u00edvel&#8221; css=&#8221;.vc_custom_1736426451534{padding-top: 5px !important;}&#8221;][vc_column_text css=&#8221;&#8221;]<span style=\"font-weight: 400;\">Reserve um tempo para explorar nossos espa\u00e7os, visualizar sua mesa ideal e se inspirar para sua pr\u00f3xima aventura culin\u00e1ria.<\/span>[\/vc_column_text]<a href=\"https:\/\/www.visitme360.com\/visites\/CDH\/#43953669p&#038;132.6h&#038;87.47t\" target=\"_blank\" class=\"btn btn-default btn-bordered border-thin btn btn-outline btn-outline-black ld_button_69edaba37f519\">\n\t<span>\n\t\t\n\t\t\t\t\t<span class=\"btn-txt\">Visitez Caf\u00e9 de l\u2019Homme.<\/span>\n\t\t\t\n\t\t\t\t<\/span>\n<\/a>\n[\/vc_column][\/vc_row]<\/p>\n<\/div>","protected":false},"excerpt":{"rendered":"<p>[vc_row responsive_css=&#8221;margin_top_large:100px|margin_bottom_large:100px&#8221; css=&#8221;.vc_custom_1690902189577{margin-top: 100px !important;margin-bottom: 100px !important;}&#8221;][vc_column][vc_column_text css=&#8221;.vc_custom_1736426378819{margin-bottom: 40px !important;}&#8221;]E se voc\u00ea pudesse explorar o Caf\u00e9 de l&#8217;Homme mesmo antes de voc\u00ea entrar em suas portas? Com o nosso tour virtual imersivoDescubra cada uma das \u00e1reas emblem\u00e1ticas do nosso restaurante Trocadero. Mergulhe em um ambiente&#8230;<\/p>\n","protected":false},"author":9,"featured_media":0,"comment_status":"closed","ping_status":"open","sticky":false,"template":"","format":"standard","meta":{"_acf_changed":false,"footnotes":""},"categories":[114,113],"tags":[],"class_list":["post-9033","post","type-post","status-publish","format-standard","hentry","category-apresentacao","category-noticias"],"acf":[],"yoast_head":"<!-- This site is optimized with the Yoast SEO Premium plugin v20.10 (Yoast SEO v27.0) - https:\/\/yoast.com\/product\/yoast-seo-premium-wordpress\/ -->\n<title>Descubra o mundo do Le Caf\u00e9 de l&#039;Homme com nosso tour virtual - Caf\u00e9 de l&#039;Homme<\/title>\n<meta name=\"description\" content=\"Tour virtual imersivo do Caf\u00e9 de l&#039;Homme. Explore nossos espa\u00e7os, desde a sala de jantar privativa at\u00e9 o terra\u00e7o de frente para a Torre Eiffel.\" \/>\n<meta name=\"robots\" content=\"index, follow, max-snippet:-1, max-image-preview:large, max-video-preview:-1\" \/>\n<link rel=\"canonical\" href=\"https:\/\/www.cafedelhomme.com\/pt-br\/descubra-o-mundo-do-le-cafe-de-lhomme-com-nosso-tour-virtual\" \/>\n<meta property=\"og:locale\" content=\"pt_BR\" \/>\n<meta property=\"og:type\" content=\"article\" \/>\n<meta property=\"og:title\" content=\"Descubra o mundo do Le Caf\u00e9 de l&#039;Homme com nosso tour virtual\" \/>\n<meta property=\"og:description\" content=\"Tour virtual imersivo do Caf\u00e9 de l&#039;Homme. Explore nossos espa\u00e7os, desde a sala de jantar privativa at\u00e9 o terra\u00e7o de frente para a Torre Eiffel.\" \/>\n<meta property=\"og:url\" content=\"https:\/\/www.cafedelhomme.com\/pt-br\/descubra-o-mundo-do-le-cafe-de-lhomme-com-nosso-tour-virtual\" \/>\n<meta property=\"og:site_name\" content=\"Caf\u00e9 de l&#039;Homme\" \/>\n<meta property=\"article:publisher\" content=\"https:\/\/www.facebook.com\/cafedelhomme\" \/>\n<meta property=\"article:published_time\" content=\"2025-02-09T12:38:24+00:00\" \/>\n<meta property=\"article:modified_time\" content=\"2025-03-18T09:04:48+00:00\" \/>\n<meta name=\"author\" content=\"Marketing\" \/>\n<meta name=\"twitter:card\" content=\"summary_large_image\" \/>\n<meta name=\"twitter:label1\" content=\"Escrito por\" \/>\n\t<meta name=\"twitter:data1\" content=\"Marketing\" \/>\n\t<meta name=\"twitter:label2\" content=\"Est. tempo de leitura\" \/>\n\t<meta name=\"twitter:data2\" content=\"3 minutos\" \/>\n<script type=\"application\/ld+json\" class=\"yoast-schema-graph\">{\"@context\":\"https:\/\/schema.org\",\"@graph\":[{\"@type\":\"Article\",\"@id\":\"https:\/\/www.cafedelhomme.com\/pt-br\/descubra-o-mundo-do-le-cafe-de-lhomme-com-nosso-tour-virtual#article\",\"isPartOf\":{\"@id\":\"https:\/\/www.cafedelhomme.com\/pt-br\/descubra-o-mundo-do-le-cafe-de-lhomme-com-nosso-tour-virtual\"},\"author\":{\"name\":\"Marketing\",\"@id\":\"https:\/\/www.cafedelhomme.com\/pt-br#\/schema\/person\/6e8511c8f2a5f67fe09441e43be583cf\"},\"headline\":\"Descubra o mundo do Le Caf\u00e9 de l&#8217;Homme com nosso tour virtual\",\"datePublished\":\"2025-02-09T12:38:24+00:00\",\"dateModified\":\"2025-03-18T09:04:48+00:00\",\"mainEntityOfPage\":{\"@id\":\"https:\/\/www.cafedelhomme.com\/pt-br\/descubra-o-mundo-do-le-cafe-de-lhomme-com-nosso-tour-virtual\"},\"wordCount\":518,\"publisher\":{\"@id\":\"https:\/\/www.cafedelhomme.com\/pt-br#organization\"},\"articleSection\":[\"apresenta\u00e7\u00e3o\",\"Not\u00edcias\"],\"inLanguage\":\"pt-BR\"},{\"@type\":\"WebPage\",\"@id\":\"https:\/\/www.cafedelhomme.com\/pt-br\/descubra-o-mundo-do-le-cafe-de-lhomme-com-nosso-tour-virtual\",\"url\":\"https:\/\/www.cafedelhomme.com\/pt-br\/descubra-o-mundo-do-le-cafe-de-lhomme-com-nosso-tour-virtual\",\"name\":\"Descubra o mundo do Le Caf\u00e9 de l'Homme com nosso tour virtual - Caf\u00e9 de l'Homme\",\"isPartOf\":{\"@id\":\"https:\/\/www.cafedelhomme.com\/pt-br#website\"},\"datePublished\":\"2025-02-09T12:38:24+00:00\",\"dateModified\":\"2025-03-18T09:04:48+00:00\",\"description\":\"Tour virtual imersivo do Caf\u00e9 de l'Homme. Explore nossos espa\u00e7os, desde a sala de jantar privativa at\u00e9 o terra\u00e7o de frente para a Torre Eiffel.\",\"inLanguage\":\"pt-BR\",\"potentialAction\":[{\"@type\":\"ReadAction\",\"target\":[\"https:\/\/www.cafedelhomme.com\/pt-br\/descubra-o-mundo-do-le-cafe-de-lhomme-com-nosso-tour-virtual\"]}]},{\"@type\":\"WebSite\",\"@id\":\"https:\/\/www.cafedelhomme.com\/pt-br#website\",\"url\":\"https:\/\/www.cafedelhomme.com\/pt-br\",\"name\":\"Caf\u00e9 de l'Homme\",\"description\":\"\",\"publisher\":{\"@id\":\"https:\/\/www.cafedelhomme.com\/pt-br#organization\"},\"potentialAction\":[{\"@type\":\"SearchAction\",\"target\":{\"@type\":\"EntryPoint\",\"urlTemplate\":\"https:\/\/www.cafedelhomme.com\/pt-br?s={search_term_string}\"},\"query-input\":{\"@type\":\"PropertyValueSpecification\",\"valueRequired\":true,\"valueName\":\"search_term_string\"}}],\"inLanguage\":\"pt-BR\"},{\"@type\":\"Organization\",\"@id\":\"https:\/\/www.cafedelhomme.com\/pt-br#organization\",\"name\":\"Caf\u00e9 de l'Homme\",\"url\":\"https:\/\/www.cafedelhomme.com\/pt-br\",\"logo\":{\"@type\":\"ImageObject\",\"inLanguage\":\"pt-BR\",\"@id\":\"https:\/\/www.cafedelhomme.com\/pt-br#\/schema\/logo\/image\/\",\"url\":\"https:\/\/www.cafedelhomme.com\/wp-content\/uploads\/2023\/04\/big-logo-300x163-1.png\",\"contentUrl\":\"https:\/\/www.cafedelhomme.com\/wp-content\/uploads\/2023\/04\/big-logo-300x163-1.png\",\"width\":300,\"height\":163,\"caption\":\"Caf\u00e9 de l'Homme\"},\"image\":{\"@id\":\"https:\/\/www.cafedelhomme.com\/pt-br#\/schema\/logo\/image\/\"},\"sameAs\":[\"https:\/\/www.facebook.com\/cafedelhomme\",\"https:\/\/www.instagram.com\/cafedelhomme\/\"]},{\"@type\":\"Person\",\"@id\":\"https:\/\/www.cafedelhomme.com\/pt-br#\/schema\/person\/6e8511c8f2a5f67fe09441e43be583cf\",\"name\":\"Marketing\",\"image\":{\"@type\":\"ImageObject\",\"inLanguage\":\"pt-BR\",\"@id\":\"https:\/\/www.cafedelhomme.com\/pt-br#\/schema\/person\/image\/\",\"url\":\"https:\/\/secure.gravatar.com\/avatar\/87ce55b262b05881147ff2405c09deba3304ca53053e2ddb7eddade60eafc929?s=96&d=mm&r=g\",\"contentUrl\":\"https:\/\/secure.gravatar.com\/avatar\/87ce55b262b05881147ff2405c09deba3304ca53053e2ddb7eddade60eafc929?s=96&d=mm&r=g\",\"caption\":\"Marketing\"}}]}<\/script>\n<!-- \/ Yoast SEO Premium plugin. -->","yoast_head_json":{"title":"Descubra o mundo do Le Caf\u00e9 de l'Homme com nosso tour virtual - Caf\u00e9 de l'Homme","description":"Tour virtual imersivo do Caf\u00e9 de l'Homme. Explore nossos espa\u00e7os, desde a sala de jantar privativa at\u00e9 o terra\u00e7o de frente para a Torre Eiffel.","robots":{"index":"index","follow":"follow","max-snippet":"max-snippet:-1","max-image-preview":"max-image-preview:large","max-video-preview":"max-video-preview:-1"},"canonical":"https:\/\/www.cafedelhomme.com\/pt-br\/descubra-o-mundo-do-le-cafe-de-lhomme-com-nosso-tour-virtual","og_locale":"pt_BR","og_type":"article","og_title":"Descubra o mundo do Le Caf\u00e9 de l'Homme com nosso tour virtual","og_description":"Tour virtual imersivo do Caf\u00e9 de l'Homme. Explore nossos espa\u00e7os, desde a sala de jantar privativa at\u00e9 o terra\u00e7o de frente para a Torre Eiffel.","og_url":"https:\/\/www.cafedelhomme.com\/pt-br\/descubra-o-mundo-do-le-cafe-de-lhomme-com-nosso-tour-virtual","og_site_name":"Caf\u00e9 de l'Homme","article_publisher":"https:\/\/www.facebook.com\/cafedelhomme","article_published_time":"2025-02-09T12:38:24+00:00","article_modified_time":"2025-03-18T09:04:48+00:00","author":"Marketing","twitter_card":"summary_large_image","twitter_misc":{"Escrito por":"Marketing","Est. tempo de leitura":"3 minutos"},"schema":{"@context":"https:\/\/schema.org","@graph":[{"@type":"Article","@id":"https:\/\/www.cafedelhomme.com\/pt-br\/descubra-o-mundo-do-le-cafe-de-lhomme-com-nosso-tour-virtual#article","isPartOf":{"@id":"https:\/\/www.cafedelhomme.com\/pt-br\/descubra-o-mundo-do-le-cafe-de-lhomme-com-nosso-tour-virtual"},"author":{"name":"Marketing","@id":"https:\/\/www.cafedelhomme.com\/pt-br#\/schema\/person\/6e8511c8f2a5f67fe09441e43be583cf"},"headline":"Descubra o mundo do Le Caf\u00e9 de l&#8217;Homme com nosso tour virtual","datePublished":"2025-02-09T12:38:24+00:00","dateModified":"2025-03-18T09:04:48+00:00","mainEntityOfPage":{"@id":"https:\/\/www.cafedelhomme.com\/pt-br\/descubra-o-mundo-do-le-cafe-de-lhomme-com-nosso-tour-virtual"},"wordCount":518,"publisher":{"@id":"https:\/\/www.cafedelhomme.com\/pt-br#organization"},"articleSection":["apresenta\u00e7\u00e3o","Not\u00edcias"],"inLanguage":"pt-BR"},{"@type":"WebPage","@id":"https:\/\/www.cafedelhomme.com\/pt-br\/descubra-o-mundo-do-le-cafe-de-lhomme-com-nosso-tour-virtual","url":"https:\/\/www.cafedelhomme.com\/pt-br\/descubra-o-mundo-do-le-cafe-de-lhomme-com-nosso-tour-virtual","name":"Descubra o mundo do Le Caf\u00e9 de l'Homme com nosso tour virtual - Caf\u00e9 de l'Homme","isPartOf":{"@id":"https:\/\/www.cafedelhomme.com\/pt-br#website"},"datePublished":"2025-02-09T12:38:24+00:00","dateModified":"2025-03-18T09:04:48+00:00","description":"Tour virtual imersivo do Caf\u00e9 de l'Homme. Explore nossos espa\u00e7os, desde a sala de jantar privativa at\u00e9 o terra\u00e7o de frente para a Torre Eiffel.","inLanguage":"pt-BR","potentialAction":[{"@type":"ReadAction","target":["https:\/\/www.cafedelhomme.com\/pt-br\/descubra-o-mundo-do-le-cafe-de-lhomme-com-nosso-tour-virtual"]}]},{"@type":"WebSite","@id":"https:\/\/www.cafedelhomme.com\/pt-br#website","url":"https:\/\/www.cafedelhomme.com\/pt-br","name":"Caf\u00e9 de l'Homme","description":"","publisher":{"@id":"https:\/\/www.cafedelhomme.com\/pt-br#organization"},"potentialAction":[{"@type":"SearchAction","target":{"@type":"EntryPoint","urlTemplate":"https:\/\/www.cafedelhomme.com\/pt-br?s={search_term_string}"},"query-input":{"@type":"PropertyValueSpecification","valueRequired":true,"valueName":"search_term_string"}}],"inLanguage":"pt-BR"},{"@type":"Organization","@id":"https:\/\/www.cafedelhomme.com\/pt-br#organization","name":"Caf\u00e9 de l'Homme","url":"https:\/\/www.cafedelhomme.com\/pt-br","logo":{"@type":"ImageObject","inLanguage":"pt-BR","@id":"https:\/\/www.cafedelhomme.com\/pt-br#\/schema\/logo\/image\/","url":"https:\/\/www.cafedelhomme.com\/wp-content\/uploads\/2023\/04\/big-logo-300x163-1.png","contentUrl":"https:\/\/www.cafedelhomme.com\/wp-content\/uploads\/2023\/04\/big-logo-300x163-1.png","width":300,"height":163,"caption":"Caf\u00e9 de l'Homme"},"image":{"@id":"https:\/\/www.cafedelhomme.com\/pt-br#\/schema\/logo\/image\/"},"sameAs":["https:\/\/www.facebook.com\/cafedelhomme","https:\/\/www.instagram.com\/cafedelhomme\/"]},{"@type":"Person","@id":"https:\/\/www.cafedelhomme.com\/pt-br#\/schema\/person\/6e8511c8f2a5f67fe09441e43be583cf","name":"Marketing","image":{"@type":"ImageObject","inLanguage":"pt-BR","@id":"https:\/\/www.cafedelhomme.com\/pt-br#\/schema\/person\/image\/","url":"https:\/\/secure.gravatar.com\/avatar\/87ce55b262b05881147ff2405c09deba3304ca53053e2ddb7eddade60eafc929?s=96&d=mm&r=g","contentUrl":"https:\/\/secure.gravatar.com\/avatar\/87ce55b262b05881147ff2405c09deba3304ca53053e2ddb7eddade60eafc929?s=96&d=mm&r=g","caption":"Marketing"}}]}},"_links":{"self":[{"href":"https:\/\/www.cafedelhomme.com\/pt-br\/wp-json\/wp\/v2\/posts\/9033","targetHints":{"allow":["GET"]}}],"collection":[{"href":"https:\/\/www.cafedelhomme.com\/pt-br\/wp-json\/wp\/v2\/posts"}],"about":[{"href":"https:\/\/www.cafedelhomme.com\/pt-br\/wp-json\/wp\/v2\/types\/post"}],"author":[{"embeddable":true,"href":"https:\/\/www.cafedelhomme.com\/pt-br\/wp-json\/wp\/v2\/users\/9"}],"replies":[{"embeddable":true,"href":"https:\/\/www.cafedelhomme.com\/pt-br\/wp-json\/wp\/v2\/comments?post=9033"}],"version-history":[{"count":1,"href":"https:\/\/www.cafedelhomme.com\/pt-br\/wp-json\/wp\/v2\/posts\/9033\/revisions"}],"predecessor-version":[{"id":9036,"href":"https:\/\/www.cafedelhomme.com\/pt-br\/wp-json\/wp\/v2\/posts\/9033\/revisions\/9036"}],"wp:attachment":[{"href":"https:\/\/www.cafedelhomme.com\/pt-br\/wp-json\/wp\/v2\/media?parent=9033"}],"wp:term":[{"taxonomy":"category","embeddable":true,"href":"https:\/\/www.cafedelhomme.com\/pt-br\/wp-json\/wp\/v2\/categories?post=9033"},{"taxonomy":"post_tag","embeddable":true,"href":"https:\/\/www.cafedelhomme.com\/pt-br\/wp-json\/wp\/v2\/tags?post=9033"}],"curies":[{"name":"wp","href":"https:\/\/api.w.org\/{rel}","templated":true}]}}