{"id":9037,"date":"2025-02-02T09:00:02","date_gmt":"2025-02-02T08:00:02","guid":{"rendered":"https:\/\/www.cafedelhomme.com\/dia-dos-namorados-no-cafe-de-lhomme-uma-noite-magica-sob-as-estrelas-em-paris"},"modified":"2025-03-18T10:04:55","modified_gmt":"2025-03-18T09:04:55","slug":"dia-dos-namorados-no-cafe-de-lhomme-uma-noite-magica-sob-as-estrelas-em-paris","status":"publish","type":"post","link":"https:\/\/www.cafedelhomme.com\/pt-br\/dia-dos-namorados-no-cafe-de-lhomme-uma-noite-magica-sob-as-estrelas-em-paris","title":{"rendered":"Dia dos Namorados no Caf\u00e9 de l&#8217;Homme: uma noite m\u00e1gica sob as estrelas em Paris"},"content":{"rendered":"<div class=\"wpb-content-wrapper\"><p>[vc_row responsive_css=&#8221;margin_top_large:100px|margin_bottom_large:100px&#8221; css=&#8221;.vc_custom_1690902189577{margin-top: 100px !important;margin-bottom: 100px !important;}&#8221;][vc_column][vc_column_text css=&#8221;.vc_custom_1736419788802{margin-bottom: 40px !important;}&#8221;]Para o dia mais <strong>rom\u00e2ntico<\/strong> do ano, <strong>o Caf\u00e9 de l&#8217;Homme<\/strong> abre as portas de seu <strong>mundo encantador<\/strong>, de frente para a majestosa <strong>Torre Eiffel<\/strong>. Ofere\u00e7a \u00e0 sua cara-metade uma <strong>experi\u00eancia inesquec\u00edvel<\/strong>, onde cada momento \u00e9 uma declara\u00e7\u00e3o de amor, entre <strong>del\u00edcias gastron\u00f4micas<\/strong> e uma <strong>atmosfera encantadora<\/strong>.[\/vc_column_text][vc_custom_heading text=&#8221;Um jantar excepcional para celebrar o amor de voc\u00eas&#8221; css=&#8221;.vc_custom_1736419795086{padding-top: 5px !important;}&#8221;][vc_column_text css=&#8221;&#8221;]Nosso <strong>chef Wilfried Graux<\/strong> elaborou um <strong>menu gourmet<\/strong> <strong>de quatro pratos<\/strong> especialmente projetado para essa ocasi\u00e3o \u00fanica. Acompanhado de uma ta\u00e7a de <strong>champanhe Charles Heidsieck Blanc de Blancs<\/strong>, cada prato conta uma hist\u00f3ria. <\/p>\n<p><span style=\"text-decoration: underline;\"><strong>Servi\u00e7o 1 - \u20ac160<\/strong><\/span><\/p>\n<p>Das <strong>18h30 \u00e0s 21h<\/strong><br \/>\nDeixe-se encantar por um <strong>jantar ao entardecer<\/strong>, quando <strong>Paris se ilumina suavemente<\/strong> e a Torre <strong>Eiffel<\/strong> se torna o palco para a sua cumplicidade.<\/p>\n<p><a href=\"https:\/\/sevn.ly\/x7m2ggqv\">Reserve este servi\u00e7o &#8220;Early lovers<\/a><\/p>\n<p><span style=\"text-decoration: underline;\"><strong>Servi\u00e7o 2 - \u20ac180<\/strong><\/span><\/p>\n<p>A partir <strong>das 21h00<\/strong><br \/>\nUma noite de <strong>romance<\/strong>, prolongada pela <strong>magia da noite<\/strong> e pelas <strong>luzes brilhantes<\/strong> da Dama de Ferro.<\/p>\n<p><a href=\"https:\/\/sevn.ly\/xa1m1omR\">Reserve este servi\u00e7o &#8220;Late night&#8221;<\/a>[\/vc_column_text][\/vc_column][\/vc_row][vc_row responsive_css=&#8221;margin_top_large:100px|margin_bottom_large:100px&#8221; css=&#8221;.vc_custom_1690902189577{margin-top: 100px !important;margin-bottom: 100px !important;}&#8221;][vc_column][vc_custom_heading text=&#8221;Um cen\u00e1rio encantador, uma atmosfera m\u00e1gica&#8221; css=&#8221;.vc_custom_1736419830203{padding-top: 5px !important;}&#8221;][vc_column_text css=&#8221;&#8221;]Imagine voc\u00ea confortavelmente sentado, de <strong>m\u00e3os dadas<\/strong>, cercado pela<strong>eleg\u00e2ncia parisiense atemporal<\/strong>. O <strong>terra\u00e7o<\/strong>, banhado pela <strong>luz<\/strong> dourada das <strong>velas<\/strong> e pelo brilho da Torre <strong>Eiffel<\/strong>, cria uma atmosfera digna dos <strong>sonhos mais doces<\/strong>. Cada detalhe foi cuidadosamente pensado para transformar esta noite em um <strong>momento de eternidade<\/strong>.[\/vc_column_text][\/vc_column][\/vc_row][vc_row responsive_css=&#8221;margin_top_large:100px|margin_bottom_large:100px&#8221; css=&#8221;.vc_custom_1690902189577{margin-top: 100px !important;margin-bottom: 100px !important;}&#8221;][vc_column][vc_custom_heading text=&#8221;Um amor para celebrar, uma experi\u00eancia para compartilhar&#8221; css=&#8221;.vc_custom_1736419844887{padding-top: 5px !important;}&#8221;][vc_column_text css=&#8221;&#8221;]No <strong>Caf\u00e9 de l&#8217;<\/strong>Homme, sabemos que <strong>o Dia dos Namorados<\/strong> \u00e9 muito mais do que apenas um jantar. \u00c9 um momento para se reunir, dizer <strong>&#8220;eu te amo&#8221;<\/strong> e comemorar a<strong>aventura<\/strong> que voc\u00eas est\u00e3o escrevendo juntos. Nossa equipe est\u00e1 pronta para tornar essa noite <strong>inesquec\u00edvel<\/strong> para sempre.[\/vc_column_text][\/vc_column][\/vc_row][vc_row responsive_css=&#8221;margin_top_large:100px|margin_bottom_large:100px&#8221; css=&#8221;.vc_custom_1690902189577{margin-top: 100px !important;margin-bottom: 100px !important;}&#8221;][vc_column][vc_custom_heading text=&#8221;Reserve seu momento de exce\u00e7\u00e3o&#8221; css=&#8221;.vc_custom_1736419859803{padding-top: 5px !important;}&#8221;][vc_column_text css=&#8221;&#8221;]As vagas s\u00e3o limitadas para esta <strong>noite \u00fanica<\/strong>. N\u00e3o perca esta oportunidade de presentear sua alma g\u00eamea com um <strong>Dia dos Namorados inesquec\u00edvel<\/strong>.[\/vc_column_text][vc_row_inner][vc_column_inner width=&#8221;1\/2&#8243;]<a href=\"https:\/\/sevn.ly\/x7m2ggqv\" target=\"_blank\" class=\"btn btn-default btn-bordered border-thin btn btn-outline btn-outline-black ld_button_69edaae37d601\">\n\t<span>\n\t\t\n\t\t\t\t\t<span class=\"btn-txt\">livro \"Early lovers<\/span>\n\t\t\t\n\t\t\t\t<\/span>\n<\/a>\n[\/vc_column_inner][vc_column_inner width=&#8221;1\/2&#8243;]<a href=\"https:\/\/sevn.ly\/xa1m1omR\" target=\"_blank\" class=\"btn btn-default btn-bordered border-thin btn btn-outline btn-outline-black ld_button_69edaae37d7e2\">\n\t<span>\n\t\t\n\t\t\t\t\t<span class=\"btn-txt\">livro 'Late night<\/span>\n\t\t\t\n\t\t\t\t<\/span>\n<\/a>\n[\/vc_column_inner][\/vc_row_inner][\/vc_column][\/vc_row]<\/p>\n<\/div>","protected":false},"excerpt":{"rendered":"<p>[vc_row responsive_css=&#8221;margin_top_large:100px|margin_bottom_large:100px&#8221; css=&#8221;.vc_custom_1690902189577{margin-top: 100px !important;margin-bottom: 100px !important;}&#8221;][vc_column][vc_column_text css=&#8221;.vc_custom_1736419788802{margin-bottom: 40px !important;}&#8221;]Para o dia mais rom\u00e2ntico do ano, o Caf\u00e9 de l&#8217;Homme abre as portas de seu mundo encantador, de frente para a majestosa Torre Eiffel. Ofere\u00e7a \u00e0 sua cara-metade uma experi\u00eancia inesquec\u00edvel, onde cada momento \u00e9&#8230;<\/p>\n","protected":false},"author":9,"featured_media":9039,"comment_status":"closed","ping_status":"open","sticky":false,"template":"","format":"standard","meta":{"_acf_changed":false,"footnotes":""},"categories":[114,113],"tags":[],"class_list":["post-9037","post","type-post","status-publish","format-standard","has-post-thumbnail","hentry","category-apresentacao","category-noticias"],"acf":[],"yoast_head":"<!-- This site is optimized with the Yoast SEO Premium plugin v20.10 (Yoast SEO v27.0) - https:\/\/yoast.com\/product\/yoast-seo-premium-wordpress\/ -->\n<title>Dia dos Namorados no Caf\u00e9 de l&#039;Homme: uma noite m\u00e1gica sob as estrelas em Paris - Caf\u00e9 de l&#039;Homme<\/title>\n<meta name=\"description\" content=\"Comemore o Dia dos Namorados no Caf\u00e9 de l&#039;Homme com um jantar com vista para a Torre Eiffel. Um menu refinado e uma noite inesquec\u00edvel.\" \/>\n<meta name=\"robots\" content=\"index, follow, max-snippet:-1, max-image-preview:large, max-video-preview:-1\" \/>\n<link rel=\"canonical\" href=\"https:\/\/www.cafedelhomme.com\/pt-br\/dia-dos-namorados-no-cafe-de-lhomme-uma-noite-magica-sob-as-estrelas-em-paris\" \/>\n<meta property=\"og:locale\" content=\"pt_BR\" \/>\n<meta property=\"og:type\" content=\"article\" \/>\n<meta property=\"og:title\" content=\"Dia dos Namorados no Caf\u00e9 de l&#039;Homme: uma noite m\u00e1gica sob as estrelas em Paris\" \/>\n<meta property=\"og:description\" content=\"Comemore o Dia dos Namorados no Caf\u00e9 de l&#039;Homme com um jantar com vista para a Torre Eiffel. Um menu refinado e uma noite inesquec\u00edvel.\" \/>\n<meta property=\"og:url\" content=\"https:\/\/www.cafedelhomme.com\/pt-br\/dia-dos-namorados-no-cafe-de-lhomme-uma-noite-magica-sob-as-estrelas-em-paris\" \/>\n<meta property=\"og:site_name\" content=\"Caf\u00e9 de l&#039;Homme\" \/>\n<meta property=\"article:publisher\" content=\"https:\/\/www.facebook.com\/cafedelhomme\" \/>\n<meta property=\"article:published_time\" content=\"2025-02-02T08:00:02+00:00\" \/>\n<meta property=\"article:modified_time\" content=\"2025-03-18T09:04:55+00:00\" \/>\n<meta property=\"og:image\" content=\"https:\/\/www.cafedelhomme.com\/wp-content\/uploads\/2025\/01\/Article-St-Valentin.jpg\" \/>\n\t<meta property=\"og:image:width\" content=\"1742\" \/>\n\t<meta property=\"og:image:height\" content=\"2322\" \/>\n\t<meta property=\"og:image:type\" content=\"image\/jpeg\" \/>\n<meta name=\"author\" content=\"Marketing\" \/>\n<meta name=\"twitter:card\" content=\"summary_large_image\" \/>\n<meta name=\"twitter:label1\" content=\"Escrito por\" \/>\n\t<meta name=\"twitter:data1\" content=\"Marketing\" \/>\n\t<meta name=\"twitter:label2\" content=\"Est. tempo de leitura\" \/>\n\t<meta name=\"twitter:data2\" content=\"3 minutos\" \/>\n<script type=\"application\/ld+json\" class=\"yoast-schema-graph\">{\"@context\":\"https:\/\/schema.org\",\"@graph\":[{\"@type\":\"Article\",\"@id\":\"https:\/\/www.cafedelhomme.com\/pt-br\/dia-dos-namorados-no-cafe-de-lhomme-uma-noite-magica-sob-as-estrelas-em-paris#article\",\"isPartOf\":{\"@id\":\"https:\/\/www.cafedelhomme.com\/pt-br\/dia-dos-namorados-no-cafe-de-lhomme-uma-noite-magica-sob-as-estrelas-em-paris\"},\"author\":{\"name\":\"Marketing\",\"@id\":\"https:\/\/www.cafedelhomme.com\/pt-br#\/schema\/person\/6e8511c8f2a5f67fe09441e43be583cf\"},\"headline\":\"Dia dos Namorados no Caf\u00e9 de l&#8217;Homme: uma noite m\u00e1gica sob as estrelas em Paris\",\"datePublished\":\"2025-02-02T08:00:02+00:00\",\"dateModified\":\"2025-03-18T09:04:55+00:00\",\"mainEntityOfPage\":{\"@id\":\"https:\/\/www.cafedelhomme.com\/pt-br\/dia-dos-namorados-no-cafe-de-lhomme-uma-noite-magica-sob-as-estrelas-em-paris\"},\"wordCount\":590,\"publisher\":{\"@id\":\"https:\/\/www.cafedelhomme.com\/pt-br#organization\"},\"image\":{\"@id\":\"https:\/\/www.cafedelhomme.com\/pt-br\/dia-dos-namorados-no-cafe-de-lhomme-uma-noite-magica-sob-as-estrelas-em-paris#primaryimage\"},\"thumbnailUrl\":\"https:\/\/www.cafedelhomme.com\/wp-content\/uploads\/2025\/01\/Article-St-Valentin.jpg\",\"articleSection\":[\"apresenta\u00e7\u00e3o\",\"Not\u00edcias\"],\"inLanguage\":\"pt-BR\"},{\"@type\":\"WebPage\",\"@id\":\"https:\/\/www.cafedelhomme.com\/pt-br\/dia-dos-namorados-no-cafe-de-lhomme-uma-noite-magica-sob-as-estrelas-em-paris\",\"url\":\"https:\/\/www.cafedelhomme.com\/pt-br\/dia-dos-namorados-no-cafe-de-lhomme-uma-noite-magica-sob-as-estrelas-em-paris\",\"name\":\"Dia dos Namorados no Caf\u00e9 de l'Homme: uma noite m\u00e1gica sob as estrelas em Paris - Caf\u00e9 de l'Homme\",\"isPartOf\":{\"@id\":\"https:\/\/www.cafedelhomme.com\/pt-br#website\"},\"primaryImageOfPage\":{\"@id\":\"https:\/\/www.cafedelhomme.com\/pt-br\/dia-dos-namorados-no-cafe-de-lhomme-uma-noite-magica-sob-as-estrelas-em-paris#primaryimage\"},\"image\":{\"@id\":\"https:\/\/www.cafedelhomme.com\/pt-br\/dia-dos-namorados-no-cafe-de-lhomme-uma-noite-magica-sob-as-estrelas-em-paris#primaryimage\"},\"thumbnailUrl\":\"https:\/\/www.cafedelhomme.com\/wp-content\/uploads\/2025\/01\/Article-St-Valentin.jpg\",\"datePublished\":\"2025-02-02T08:00:02+00:00\",\"dateModified\":\"2025-03-18T09:04:55+00:00\",\"description\":\"Comemore o Dia dos Namorados no Caf\u00e9 de l'Homme com um jantar com vista para a Torre Eiffel. Um menu refinado e uma noite inesquec\u00edvel.\",\"inLanguage\":\"pt-BR\",\"potentialAction\":[{\"@type\":\"ReadAction\",\"target\":[\"https:\/\/www.cafedelhomme.com\/pt-br\/dia-dos-namorados-no-cafe-de-lhomme-uma-noite-magica-sob-as-estrelas-em-paris\"]}]},{\"@type\":\"ImageObject\",\"inLanguage\":\"pt-BR\",\"@id\":\"https:\/\/www.cafedelhomme.com\/pt-br\/dia-dos-namorados-no-cafe-de-lhomme-uma-noite-magica-sob-as-estrelas-em-paris#primaryimage\",\"url\":\"https:\/\/www.cafedelhomme.com\/wp-content\/uploads\/2025\/01\/Article-St-Valentin.jpg\",\"contentUrl\":\"https:\/\/www.cafedelhomme.com\/wp-content\/uploads\/2025\/01\/Article-St-Valentin.jpg\",\"width\":1742,\"height\":2322},{\"@type\":\"WebSite\",\"@id\":\"https:\/\/www.cafedelhomme.com\/pt-br#website\",\"url\":\"https:\/\/www.cafedelhomme.com\/pt-br\",\"name\":\"Caf\u00e9 de l'Homme\",\"description\":\"\",\"publisher\":{\"@id\":\"https:\/\/www.cafedelhomme.com\/pt-br#organization\"},\"potentialAction\":[{\"@type\":\"SearchAction\",\"target\":{\"@type\":\"EntryPoint\",\"urlTemplate\":\"https:\/\/www.cafedelhomme.com\/pt-br?s={search_term_string}\"},\"query-input\":{\"@type\":\"PropertyValueSpecification\",\"valueRequired\":true,\"valueName\":\"search_term_string\"}}],\"inLanguage\":\"pt-BR\"},{\"@type\":\"Organization\",\"@id\":\"https:\/\/www.cafedelhomme.com\/pt-br#organization\",\"name\":\"Caf\u00e9 de l'Homme\",\"url\":\"https:\/\/www.cafedelhomme.com\/pt-br\",\"logo\":{\"@type\":\"ImageObject\",\"inLanguage\":\"pt-BR\",\"@id\":\"https:\/\/www.cafedelhomme.com\/pt-br#\/schema\/logo\/image\/\",\"url\":\"https:\/\/www.cafedelhomme.com\/wp-content\/uploads\/2023\/04\/big-logo-300x163-1.png\",\"contentUrl\":\"https:\/\/www.cafedelhomme.com\/wp-content\/uploads\/2023\/04\/big-logo-300x163-1.png\",\"width\":300,\"height\":163,\"caption\":\"Caf\u00e9 de l'Homme\"},\"image\":{\"@id\":\"https:\/\/www.cafedelhomme.com\/pt-br#\/schema\/logo\/image\/\"},\"sameAs\":[\"https:\/\/www.facebook.com\/cafedelhomme\",\"https:\/\/www.instagram.com\/cafedelhomme\/\"]},{\"@type\":\"Person\",\"@id\":\"https:\/\/www.cafedelhomme.com\/pt-br#\/schema\/person\/6e8511c8f2a5f67fe09441e43be583cf\",\"name\":\"Marketing\",\"image\":{\"@type\":\"ImageObject\",\"inLanguage\":\"pt-BR\",\"@id\":\"https:\/\/www.cafedelhomme.com\/pt-br#\/schema\/person\/image\/\",\"url\":\"https:\/\/secure.gravatar.com\/avatar\/87ce55b262b05881147ff2405c09deba3304ca53053e2ddb7eddade60eafc929?s=96&d=mm&r=g\",\"contentUrl\":\"https:\/\/secure.gravatar.com\/avatar\/87ce55b262b05881147ff2405c09deba3304ca53053e2ddb7eddade60eafc929?s=96&d=mm&r=g\",\"caption\":\"Marketing\"}}]}<\/script>\n<!-- \/ Yoast SEO Premium plugin. -->","yoast_head_json":{"title":"Dia dos Namorados no Caf\u00e9 de l'Homme: uma noite m\u00e1gica sob as estrelas em Paris - Caf\u00e9 de l'Homme","description":"Comemore o Dia dos Namorados no Caf\u00e9 de l'Homme com um jantar com vista para a Torre Eiffel. Um menu refinado e uma noite inesquec\u00edvel.","robots":{"index":"index","follow":"follow","max-snippet":"max-snippet:-1","max-image-preview":"max-image-preview:large","max-video-preview":"max-video-preview:-1"},"canonical":"https:\/\/www.cafedelhomme.com\/pt-br\/dia-dos-namorados-no-cafe-de-lhomme-uma-noite-magica-sob-as-estrelas-em-paris","og_locale":"pt_BR","og_type":"article","og_title":"Dia dos Namorados no Caf\u00e9 de l'Homme: uma noite m\u00e1gica sob as estrelas em Paris","og_description":"Comemore o Dia dos Namorados no Caf\u00e9 de l'Homme com um jantar com vista para a Torre Eiffel. Um menu refinado e uma noite inesquec\u00edvel.","og_url":"https:\/\/www.cafedelhomme.com\/pt-br\/dia-dos-namorados-no-cafe-de-lhomme-uma-noite-magica-sob-as-estrelas-em-paris","og_site_name":"Caf\u00e9 de l'Homme","article_publisher":"https:\/\/www.facebook.com\/cafedelhomme","article_published_time":"2025-02-02T08:00:02+00:00","article_modified_time":"2025-03-18T09:04:55+00:00","og_image":[{"width":1742,"height":2322,"url":"https:\/\/www.cafedelhomme.com\/wp-content\/uploads\/2025\/01\/Article-St-Valentin.jpg","type":"image\/jpeg"}],"author":"Marketing","twitter_card":"summary_large_image","twitter_misc":{"Escrito por":"Marketing","Est. tempo de leitura":"3 minutos"},"schema":{"@context":"https:\/\/schema.org","@graph":[{"@type":"Article","@id":"https:\/\/www.cafedelhomme.com\/pt-br\/dia-dos-namorados-no-cafe-de-lhomme-uma-noite-magica-sob-as-estrelas-em-paris#article","isPartOf":{"@id":"https:\/\/www.cafedelhomme.com\/pt-br\/dia-dos-namorados-no-cafe-de-lhomme-uma-noite-magica-sob-as-estrelas-em-paris"},"author":{"name":"Marketing","@id":"https:\/\/www.cafedelhomme.com\/pt-br#\/schema\/person\/6e8511c8f2a5f67fe09441e43be583cf"},"headline":"Dia dos Namorados no Caf\u00e9 de l&#8217;Homme: uma noite m\u00e1gica sob as estrelas em Paris","datePublished":"2025-02-02T08:00:02+00:00","dateModified":"2025-03-18T09:04:55+00:00","mainEntityOfPage":{"@id":"https:\/\/www.cafedelhomme.com\/pt-br\/dia-dos-namorados-no-cafe-de-lhomme-uma-noite-magica-sob-as-estrelas-em-paris"},"wordCount":590,"publisher":{"@id":"https:\/\/www.cafedelhomme.com\/pt-br#organization"},"image":{"@id":"https:\/\/www.cafedelhomme.com\/pt-br\/dia-dos-namorados-no-cafe-de-lhomme-uma-noite-magica-sob-as-estrelas-em-paris#primaryimage"},"thumbnailUrl":"https:\/\/www.cafedelhomme.com\/wp-content\/uploads\/2025\/01\/Article-St-Valentin.jpg","articleSection":["apresenta\u00e7\u00e3o","Not\u00edcias"],"inLanguage":"pt-BR"},{"@type":"WebPage","@id":"https:\/\/www.cafedelhomme.com\/pt-br\/dia-dos-namorados-no-cafe-de-lhomme-uma-noite-magica-sob-as-estrelas-em-paris","url":"https:\/\/www.cafedelhomme.com\/pt-br\/dia-dos-namorados-no-cafe-de-lhomme-uma-noite-magica-sob-as-estrelas-em-paris","name":"Dia dos Namorados no Caf\u00e9 de l'Homme: uma noite m\u00e1gica sob as estrelas em Paris - Caf\u00e9 de l'Homme","isPartOf":{"@id":"https:\/\/www.cafedelhomme.com\/pt-br#website"},"primaryImageOfPage":{"@id":"https:\/\/www.cafedelhomme.com\/pt-br\/dia-dos-namorados-no-cafe-de-lhomme-uma-noite-magica-sob-as-estrelas-em-paris#primaryimage"},"image":{"@id":"https:\/\/www.cafedelhomme.com\/pt-br\/dia-dos-namorados-no-cafe-de-lhomme-uma-noite-magica-sob-as-estrelas-em-paris#primaryimage"},"thumbnailUrl":"https:\/\/www.cafedelhomme.com\/wp-content\/uploads\/2025\/01\/Article-St-Valentin.jpg","datePublished":"2025-02-02T08:00:02+00:00","dateModified":"2025-03-18T09:04:55+00:00","description":"Comemore o Dia dos Namorados no Caf\u00e9 de l'Homme com um jantar com vista para a Torre Eiffel. Um menu refinado e uma noite inesquec\u00edvel.","inLanguage":"pt-BR","potentialAction":[{"@type":"ReadAction","target":["https:\/\/www.cafedelhomme.com\/pt-br\/dia-dos-namorados-no-cafe-de-lhomme-uma-noite-magica-sob-as-estrelas-em-paris"]}]},{"@type":"ImageObject","inLanguage":"pt-BR","@id":"https:\/\/www.cafedelhomme.com\/pt-br\/dia-dos-namorados-no-cafe-de-lhomme-uma-noite-magica-sob-as-estrelas-em-paris#primaryimage","url":"https:\/\/www.cafedelhomme.com\/wp-content\/uploads\/2025\/01\/Article-St-Valentin.jpg","contentUrl":"https:\/\/www.cafedelhomme.com\/wp-content\/uploads\/2025\/01\/Article-St-Valentin.jpg","width":1742,"height":2322},{"@type":"WebSite","@id":"https:\/\/www.cafedelhomme.com\/pt-br#website","url":"https:\/\/www.cafedelhomme.com\/pt-br","name":"Caf\u00e9 de l'Homme","description":"","publisher":{"@id":"https:\/\/www.cafedelhomme.com\/pt-br#organization"},"potentialAction":[{"@type":"SearchAction","target":{"@type":"EntryPoint","urlTemplate":"https:\/\/www.cafedelhomme.com\/pt-br?s={search_term_string}"},"query-input":{"@type":"PropertyValueSpecification","valueRequired":true,"valueName":"search_term_string"}}],"inLanguage":"pt-BR"},{"@type":"Organization","@id":"https:\/\/www.cafedelhomme.com\/pt-br#organization","name":"Caf\u00e9 de l'Homme","url":"https:\/\/www.cafedelhomme.com\/pt-br","logo":{"@type":"ImageObject","inLanguage":"pt-BR","@id":"https:\/\/www.cafedelhomme.com\/pt-br#\/schema\/logo\/image\/","url":"https:\/\/www.cafedelhomme.com\/wp-content\/uploads\/2023\/04\/big-logo-300x163-1.png","contentUrl":"https:\/\/www.cafedelhomme.com\/wp-content\/uploads\/2023\/04\/big-logo-300x163-1.png","width":300,"height":163,"caption":"Caf\u00e9 de l'Homme"},"image":{"@id":"https:\/\/www.cafedelhomme.com\/pt-br#\/schema\/logo\/image\/"},"sameAs":["https:\/\/www.facebook.com\/cafedelhomme","https:\/\/www.instagram.com\/cafedelhomme\/"]},{"@type":"Person","@id":"https:\/\/www.cafedelhomme.com\/pt-br#\/schema\/person\/6e8511c8f2a5f67fe09441e43be583cf","name":"Marketing","image":{"@type":"ImageObject","inLanguage":"pt-BR","@id":"https:\/\/www.cafedelhomme.com\/pt-br#\/schema\/person\/image\/","url":"https:\/\/secure.gravatar.com\/avatar\/87ce55b262b05881147ff2405c09deba3304ca53053e2ddb7eddade60eafc929?s=96&d=mm&r=g","contentUrl":"https:\/\/secure.gravatar.com\/avatar\/87ce55b262b05881147ff2405c09deba3304ca53053e2ddb7eddade60eafc929?s=96&d=mm&r=g","caption":"Marketing"}}]}},"_links":{"self":[{"href":"https:\/\/www.cafedelhomme.com\/pt-br\/wp-json\/wp\/v2\/posts\/9037","targetHints":{"allow":["GET"]}}],"collection":[{"href":"https:\/\/www.cafedelhomme.com\/pt-br\/wp-json\/wp\/v2\/posts"}],"about":[{"href":"https:\/\/www.cafedelhomme.com\/pt-br\/wp-json\/wp\/v2\/types\/post"}],"author":[{"embeddable":true,"href":"https:\/\/www.cafedelhomme.com\/pt-br\/wp-json\/wp\/v2\/users\/9"}],"replies":[{"embeddable":true,"href":"https:\/\/www.cafedelhomme.com\/pt-br\/wp-json\/wp\/v2\/comments?post=9037"}],"version-history":[{"count":10,"href":"https:\/\/www.cafedelhomme.com\/pt-br\/wp-json\/wp\/v2\/posts\/9037\/revisions"}],"predecessor-version":[{"id":9070,"href":"https:\/\/www.cafedelhomme.com\/pt-br\/wp-json\/wp\/v2\/posts\/9037\/revisions\/9070"}],"wp:featuredmedia":[{"embeddable":true,"href":"https:\/\/www.cafedelhomme.com\/pt-br\/wp-json\/wp\/v2\/media\/9039"}],"wp:attachment":[{"href":"https:\/\/www.cafedelhomme.com\/pt-br\/wp-json\/wp\/v2\/media?parent=9037"}],"wp:term":[{"taxonomy":"category","embeddable":true,"href":"https:\/\/www.cafedelhomme.com\/pt-br\/wp-json\/wp\/v2\/categories?post=9037"},{"taxonomy":"post_tag","embeddable":true,"href":"https:\/\/www.cafedelhomme.com\/pt-br\/wp-json\/wp\/v2\/tags?post=9037"}],"curies":[{"name":"wp","href":"https:\/\/api.w.org\/{rel}","templated":true}]}}