{"id":9058,"date":"2024-12-13T09:37:45","date_gmt":"2024-12-13T08:37:45","guid":{"rendered":"https:\/\/www.cafedelhomme.com\/presentes-gourmet-presenteie-se-com-um-momento-excepcional-no-cafe-de-lhomme"},"modified":"2025-03-18T10:04:56","modified_gmt":"2025-03-18T09:04:56","slug":"presentes-gourmet-presenteie-se-com-um-momento-excepcional-no-cafe-de-lhomme","status":"publish","type":"post","link":"https:\/\/www.cafedelhomme.com\/pt-br\/presentes-gourmet-presenteie-se-com-um-momento-excepcional-no-cafe-de-lhomme","title":{"rendered":"Presentes gourmet: presenteie-se com um momento excepcional no Caf\u00e9 de l&#8217;Homme"},"content":{"rendered":"<div class=\"wpb-content-wrapper\"><p>[vc_row responsive_css=&#8221;margin_top_large:100px|margin_bottom_large:100px&#8221; css=&#8221;.vc_custom_1690902189577{margin-top: 100px !important;margin-bottom: 100px !important;}&#8221;][vc_column][vc_column_text css=&#8221;.vc_custom_1733819880014{margin-bottom: 40px !important;}&#8221;]<span style=\"font-weight: 400;\">Voc\u00ea est\u00e1 procurando o presente perfeito para surpreender seus entes queridos? Ofere\u00e7a um momento \u00fanico para voc\u00ea   <\/span><b>Caf\u00e9 de l&#8217;Homme<\/b><span style=\"font-weight: 400;\">\u00e9 muito mais do que apenas um presente. \u00c9 uma oportunidade para voc\u00ea compartilhar   <\/span><b>experi\u00eancia gastron\u00f4mica<\/b><span style=\"font-weight: 400;\"> em um ambiente de prest\u00edgio, de frente para a <\/span><b>Torre Eiffel<\/b><span style=\"font-weight: 400;\">no cora\u00e7\u00e3o do <\/span><b>Trocad\u00e9ro<\/b><span style=\"font-weight: 400;\">.<\/span>[\/vc_column_text][vc_custom_heading text=&#8221;Uma ideia de presente que combina eleg\u00e2ncia e gastronomia&#8221; css=&#8221;.vc_custom_1733819888664{padding-top: 5px !important;}&#8221;][vc_column_text css=&#8221;&#8221;]<span style=\"font-weight: 400;\">Nossas <\/span><b>caixas de presente gourmet<\/b><span style=\"font-weight: 400;\"> s\u00e3o projetadas para encantar os amantes da <\/span><b>culin\u00e1ria refinada<\/b><span style=\"font-weight: 400;\">  e momentos excepcionais. Seja para um   <\/span><b>almo\u00e7o<\/b><span style=\"font-weight: 400;\"> ou um <\/span><b>no cora\u00e7\u00e3o de Paris<\/b><span style=\"font-weight: 400;\">voc\u00ea pode desfrutar de uma <\/span><b>viagem gastron\u00f4mica<\/b><span style=\"font-weight: 400;\"> que deixar\u00e1 uma impress\u00e3o duradoura em voc\u00ea.<\/span>[\/vc_column_text][\/vc_column][\/vc_row][vc_row responsive_css=&#8221;margin_top_large:100px|margin_bottom_large:100px&#8221; css=&#8221;.vc_custom_1690902189577{margin-top: 100px !important;margin-bottom: 100px !important;}&#8221;][vc_column][vc_custom_heading text=&#8221;Um ambiente excepcional para uma experi\u00eancia inesquec\u00edvel&#8221; css=&#8221;.vc_custom_1733819903481{padding-top: 5px !important;}&#8221;][vc_column_text css=&#8221;&#8221;]<b>Caf\u00e9 de l&#8217;Homme<\/b><span style=\"font-weight: 400;\"> \u00e9 muito mais do que um <\/span><b>restaurante gastron\u00f4mico em Paris 16<\/b><span style=\"font-weight: 400;\">\u00c9 um lugar onde a eleg\u00e2ncia encontra o conv\u00edvio. Com seu   <\/span><b>terra\u00e7o com uma vista espetacular da Dama de Ferro<\/b><span style=\"font-weight: 400;\">Cada momento passado aqui se torna uma lembran\u00e7a preciosa.<\/span><\/p>\n<p><span style=\"font-weight: 400;\">Seja em ambientes fechados ou ao ar livre, nossos h\u00f3spedes desfrutam de um servi\u00e7o impec\u00e1vel e de uma atmosfera acolhedora. Ofere\u00e7a um   <\/span><b>presente gourmet<\/b><span style=\"font-weight: 400;\">Um presente gourmet \u00e9 uma experi\u00eancia \u00fanica e memor\u00e1vel para seus entes queridos.<\/span>[\/vc_column_text][\/vc_column][\/vc_row][vc_row responsive_css=&#8221;margin_top_large:100px|margin_bottom_large:100px&#8221; css=&#8221;.vc_custom_1690902189577{margin-top: 100px !important;margin-bottom: 100px !important;}&#8221;][vc_column][vc_custom_heading text=&#8221;Como dar um presente gourmet?&#8221; css=&#8221;.vc_custom_1733819917931{padding-top: 5px !important;}&#8221;][vc_column_text css=&#8221;&#8221;]<span style=\"font-weight: 400;\">N\u00e3o poderia ser mais f\u00e1cil! Visite nosso site <\/span> <a href=\"https:\/\/gift-cafedelhomme.com\/\"><b>site dedicado<\/b><\/a><span style=\"font-weight: 400;\">  para voc\u00ea escolher seu cart\u00e3o ou experi\u00eancia. Com apenas alguns cliques, selecione a oferta que inspira voc\u00ea e deixe que seus entes queridos descubram a magia do nosso   <\/span><b>restaurante<\/b><span style=\"font-weight: 400;\">.<\/span><\/p>\n<p><span style=\"font-weight: 400;\">Com presentes gourmet <\/span><b>presentes gourmet do Caf\u00e9 de l&#8217;Homme<\/b><span style=\"font-weight: 400;\">voc\u00ea est\u00e1 dando aos seus entes queridos a chance de saborear um momento \u00fanico em um <\/span><b>restaurante parisiense<\/b><span style=\"font-weight: 400;\"> restaurante.<\/span>[\/vc_column_text]<a href=\"https:\/\/gift-cafedelhomme.com\/\" target=\"_blank\" class=\"btn btn-default btn-bordered border-thin btn btn-outline btn-outline-black ld_button_69f4ae1938a3c\">\n\t<span>\n\t\t\n\t\t\t\t\t<span class=\"btn-txt\">voir les coffrets cadeaux.<\/span>\n\t\t\t\n\t\t\t\t<\/span>\n<\/a>\n[\/vc_column][\/vc_row]<\/p>\n<\/div>","protected":false},"excerpt":{"rendered":"<p>[vc_row responsive_css=&#8221;margin_top_large:100px|margin_bottom_large:100px&#8221; css=&#8221;.vc_custom_1690902189577{margin-top: 100px !important;margin-bottom: 100px !important;}&#8221;][vc_column][vc_column_text css=&#8221;.vc_custom_1733819880014{margin-bottom: 40px !important;}&#8221;]Voc\u00ea est\u00e1 procurando o presente perfeito para surpreender seus entes queridos? Ofere\u00e7a um momento \u00fanico para voc\u00ea Caf\u00e9 de l&#8217;Homme\u00e9 muito mais do que apenas um presente. \u00c9 uma oportunidade para voc\u00ea compartilhar experi\u00eancia gastron\u00f4mica em&#8230;<\/p>\n","protected":false},"author":1,"featured_media":0,"comment_status":"closed","ping_status":"open","sticky":false,"template":"","format":"standard","meta":{"_acf_changed":false,"footnotes":""},"categories":[114,113],"tags":[],"class_list":["post-9058","post","type-post","status-publish","format-standard","hentry","category-apresentacao","category-noticias"],"acf":[],"yoast_head":"<!-- This site is optimized with the Yoast SEO Premium plugin v20.10 (Yoast SEO v27.0) - https:\/\/yoast.com\/product\/yoast-seo-premium-wordpress\/ -->\n<title>Presentes gourmet: presenteie-se com um momento excepcional no Caf\u00e9 de l&#039;Homme - Caf\u00e9 de l&#039;Homme<\/title>\n<meta name=\"description\" content=\"Presenteie-se com uma experi\u00eancia inesquec\u00edvel no Caf\u00e9 de l&#039;Homme, um restaurante gourmet em Paris 16 com vista para a Torre Eiffel.\" \/>\n<meta name=\"robots\" content=\"index, follow, max-snippet:-1, max-image-preview:large, max-video-preview:-1\" \/>\n<link rel=\"canonical\" href=\"https:\/\/www.cafedelhomme.com\/pt-br\/presentes-gourmet-presenteie-se-com-um-momento-excepcional-no-cafe-de-lhomme\" \/>\n<meta property=\"og:locale\" content=\"pt_BR\" \/>\n<meta property=\"og:type\" content=\"article\" \/>\n<meta property=\"og:title\" content=\"Presentes gourmet: presenteie-se com um momento excepcional no Caf\u00e9 de l&#039;Homme\" \/>\n<meta property=\"og:description\" content=\"Presenteie-se com uma experi\u00eancia inesquec\u00edvel no Caf\u00e9 de l&#039;Homme, um restaurante gourmet em Paris 16 com vista para a Torre Eiffel.\" \/>\n<meta property=\"og:url\" content=\"https:\/\/www.cafedelhomme.com\/pt-br\/presentes-gourmet-presenteie-se-com-um-momento-excepcional-no-cafe-de-lhomme\" \/>\n<meta property=\"og:site_name\" content=\"Caf\u00e9 de l&#039;Homme\" \/>\n<meta property=\"article:publisher\" content=\"https:\/\/www.facebook.com\/cafedelhomme\" \/>\n<meta property=\"article:published_time\" content=\"2024-12-13T08:37:45+00:00\" \/>\n<meta property=\"article:modified_time\" content=\"2025-03-18T09:04:56+00:00\" \/>\n<meta name=\"author\" content=\"Getup\" \/>\n<meta name=\"twitter:card\" content=\"summary_large_image\" \/>\n<meta name=\"twitter:label1\" content=\"Escrito por\" \/>\n\t<meta name=\"twitter:data1\" content=\"Getup\" \/>\n\t<meta name=\"twitter:label2\" content=\"Est. tempo de leitura\" \/>\n\t<meta name=\"twitter:data2\" content=\"2 minutos\" \/>\n<script type=\"application\/ld+json\" class=\"yoast-schema-graph\">{\"@context\":\"https:\/\/schema.org\",\"@graph\":[{\"@type\":\"Article\",\"@id\":\"https:\/\/www.cafedelhomme.com\/pt-br\/presentes-gourmet-presenteie-se-com-um-momento-excepcional-no-cafe-de-lhomme#article\",\"isPartOf\":{\"@id\":\"https:\/\/www.cafedelhomme.com\/pt-br\/presentes-gourmet-presenteie-se-com-um-momento-excepcional-no-cafe-de-lhomme\"},\"author\":{\"name\":\"Getup\",\"@id\":\"https:\/\/www.cafedelhomme.com\/pt-br#\/schema\/person\/55c660f885a3bf3b1d08ae502bd6850f\"},\"headline\":\"Presentes gourmet: presenteie-se com um momento excepcional no Caf\u00e9 de l&#8217;Homme\",\"datePublished\":\"2024-12-13T08:37:45+00:00\",\"dateModified\":\"2025-03-18T09:04:56+00:00\",\"mainEntityOfPage\":{\"@id\":\"https:\/\/www.cafedelhomme.com\/pt-br\/presentes-gourmet-presenteie-se-com-um-momento-excepcional-no-cafe-de-lhomme\"},\"wordCount\":467,\"publisher\":{\"@id\":\"https:\/\/www.cafedelhomme.com\/pt-br#organization\"},\"articleSection\":[\"apresenta\u00e7\u00e3o\",\"Not\u00edcias\"],\"inLanguage\":\"pt-BR\"},{\"@type\":\"WebPage\",\"@id\":\"https:\/\/www.cafedelhomme.com\/pt-br\/presentes-gourmet-presenteie-se-com-um-momento-excepcional-no-cafe-de-lhomme\",\"url\":\"https:\/\/www.cafedelhomme.com\/pt-br\/presentes-gourmet-presenteie-se-com-um-momento-excepcional-no-cafe-de-lhomme\",\"name\":\"Presentes gourmet: presenteie-se com um momento excepcional no Caf\u00e9 de l'Homme - Caf\u00e9 de l'Homme\",\"isPartOf\":{\"@id\":\"https:\/\/www.cafedelhomme.com\/pt-br#website\"},\"datePublished\":\"2024-12-13T08:37:45+00:00\",\"dateModified\":\"2025-03-18T09:04:56+00:00\",\"description\":\"Presenteie-se com uma experi\u00eancia inesquec\u00edvel no Caf\u00e9 de l'Homme, um restaurante gourmet em Paris 16 com vista para a Torre Eiffel.\",\"inLanguage\":\"pt-BR\",\"potentialAction\":[{\"@type\":\"ReadAction\",\"target\":[\"https:\/\/www.cafedelhomme.com\/pt-br\/presentes-gourmet-presenteie-se-com-um-momento-excepcional-no-cafe-de-lhomme\"]}]},{\"@type\":\"WebSite\",\"@id\":\"https:\/\/www.cafedelhomme.com\/pt-br#website\",\"url\":\"https:\/\/www.cafedelhomme.com\/pt-br\",\"name\":\"Caf\u00e9 de l'Homme\",\"description\":\"\",\"publisher\":{\"@id\":\"https:\/\/www.cafedelhomme.com\/pt-br#organization\"},\"potentialAction\":[{\"@type\":\"SearchAction\",\"target\":{\"@type\":\"EntryPoint\",\"urlTemplate\":\"https:\/\/www.cafedelhomme.com\/pt-br?s={search_term_string}\"},\"query-input\":{\"@type\":\"PropertyValueSpecification\",\"valueRequired\":true,\"valueName\":\"search_term_string\"}}],\"inLanguage\":\"pt-BR\"},{\"@type\":\"Organization\",\"@id\":\"https:\/\/www.cafedelhomme.com\/pt-br#organization\",\"name\":\"Caf\u00e9 de l'Homme\",\"url\":\"https:\/\/www.cafedelhomme.com\/pt-br\",\"logo\":{\"@type\":\"ImageObject\",\"inLanguage\":\"pt-BR\",\"@id\":\"https:\/\/www.cafedelhomme.com\/pt-br#\/schema\/logo\/image\/\",\"url\":\"https:\/\/www.cafedelhomme.com\/wp-content\/uploads\/2023\/04\/big-logo-300x163-1.png\",\"contentUrl\":\"https:\/\/www.cafedelhomme.com\/wp-content\/uploads\/2023\/04\/big-logo-300x163-1.png\",\"width\":300,\"height\":163,\"caption\":\"Caf\u00e9 de l'Homme\"},\"image\":{\"@id\":\"https:\/\/www.cafedelhomme.com\/pt-br#\/schema\/logo\/image\/\"},\"sameAs\":[\"https:\/\/www.facebook.com\/cafedelhomme\",\"https:\/\/www.instagram.com\/cafedelhomme\/\"]},{\"@type\":\"Person\",\"@id\":\"https:\/\/www.cafedelhomme.com\/pt-br#\/schema\/person\/55c660f885a3bf3b1d08ae502bd6850f\",\"name\":\"Getup\",\"image\":{\"@type\":\"ImageObject\",\"inLanguage\":\"pt-BR\",\"@id\":\"https:\/\/www.cafedelhomme.com\/pt-br#\/schema\/person\/image\/\",\"url\":\"https:\/\/secure.gravatar.com\/avatar\/5e19627732ce1f7366d35b250158e58668ab387bcef3219ee7bba031ec656192?s=96&d=mm&r=g\",\"contentUrl\":\"https:\/\/secure.gravatar.com\/avatar\/5e19627732ce1f7366d35b250158e58668ab387bcef3219ee7bba031ec656192?s=96&d=mm&r=g\",\"caption\":\"Getup\"},\"sameAs\":[\"https:\/\/www.cafedelhomme.com\"]}]}<\/script>\n<!-- \/ Yoast SEO Premium plugin. -->","yoast_head_json":{"title":"Presentes gourmet: presenteie-se com um momento excepcional no Caf\u00e9 de l'Homme - Caf\u00e9 de l'Homme","description":"Presenteie-se com uma experi\u00eancia inesquec\u00edvel no Caf\u00e9 de l'Homme, um restaurante gourmet em Paris 16 com vista para a Torre Eiffel.","robots":{"index":"index","follow":"follow","max-snippet":"max-snippet:-1","max-image-preview":"max-image-preview:large","max-video-preview":"max-video-preview:-1"},"canonical":"https:\/\/www.cafedelhomme.com\/pt-br\/presentes-gourmet-presenteie-se-com-um-momento-excepcional-no-cafe-de-lhomme","og_locale":"pt_BR","og_type":"article","og_title":"Presentes gourmet: presenteie-se com um momento excepcional no Caf\u00e9 de l'Homme","og_description":"Presenteie-se com uma experi\u00eancia inesquec\u00edvel no Caf\u00e9 de l'Homme, um restaurante gourmet em Paris 16 com vista para a Torre Eiffel.","og_url":"https:\/\/www.cafedelhomme.com\/pt-br\/presentes-gourmet-presenteie-se-com-um-momento-excepcional-no-cafe-de-lhomme","og_site_name":"Caf\u00e9 de l'Homme","article_publisher":"https:\/\/www.facebook.com\/cafedelhomme","article_published_time":"2024-12-13T08:37:45+00:00","article_modified_time":"2025-03-18T09:04:56+00:00","author":"Getup","twitter_card":"summary_large_image","twitter_misc":{"Escrito por":"Getup","Est. tempo de leitura":"2 minutos"},"schema":{"@context":"https:\/\/schema.org","@graph":[{"@type":"Article","@id":"https:\/\/www.cafedelhomme.com\/pt-br\/presentes-gourmet-presenteie-se-com-um-momento-excepcional-no-cafe-de-lhomme#article","isPartOf":{"@id":"https:\/\/www.cafedelhomme.com\/pt-br\/presentes-gourmet-presenteie-se-com-um-momento-excepcional-no-cafe-de-lhomme"},"author":{"name":"Getup","@id":"https:\/\/www.cafedelhomme.com\/pt-br#\/schema\/person\/55c660f885a3bf3b1d08ae502bd6850f"},"headline":"Presentes gourmet: presenteie-se com um momento excepcional no Caf\u00e9 de l&#8217;Homme","datePublished":"2024-12-13T08:37:45+00:00","dateModified":"2025-03-18T09:04:56+00:00","mainEntityOfPage":{"@id":"https:\/\/www.cafedelhomme.com\/pt-br\/presentes-gourmet-presenteie-se-com-um-momento-excepcional-no-cafe-de-lhomme"},"wordCount":467,"publisher":{"@id":"https:\/\/www.cafedelhomme.com\/pt-br#organization"},"articleSection":["apresenta\u00e7\u00e3o","Not\u00edcias"],"inLanguage":"pt-BR"},{"@type":"WebPage","@id":"https:\/\/www.cafedelhomme.com\/pt-br\/presentes-gourmet-presenteie-se-com-um-momento-excepcional-no-cafe-de-lhomme","url":"https:\/\/www.cafedelhomme.com\/pt-br\/presentes-gourmet-presenteie-se-com-um-momento-excepcional-no-cafe-de-lhomme","name":"Presentes gourmet: presenteie-se com um momento excepcional no Caf\u00e9 de l'Homme - Caf\u00e9 de l'Homme","isPartOf":{"@id":"https:\/\/www.cafedelhomme.com\/pt-br#website"},"datePublished":"2024-12-13T08:37:45+00:00","dateModified":"2025-03-18T09:04:56+00:00","description":"Presenteie-se com uma experi\u00eancia inesquec\u00edvel no Caf\u00e9 de l'Homme, um restaurante gourmet em Paris 16 com vista para a Torre Eiffel.","inLanguage":"pt-BR","potentialAction":[{"@type":"ReadAction","target":["https:\/\/www.cafedelhomme.com\/pt-br\/presentes-gourmet-presenteie-se-com-um-momento-excepcional-no-cafe-de-lhomme"]}]},{"@type":"WebSite","@id":"https:\/\/www.cafedelhomme.com\/pt-br#website","url":"https:\/\/www.cafedelhomme.com\/pt-br","name":"Caf\u00e9 de l'Homme","description":"","publisher":{"@id":"https:\/\/www.cafedelhomme.com\/pt-br#organization"},"potentialAction":[{"@type":"SearchAction","target":{"@type":"EntryPoint","urlTemplate":"https:\/\/www.cafedelhomme.com\/pt-br?s={search_term_string}"},"query-input":{"@type":"PropertyValueSpecification","valueRequired":true,"valueName":"search_term_string"}}],"inLanguage":"pt-BR"},{"@type":"Organization","@id":"https:\/\/www.cafedelhomme.com\/pt-br#organization","name":"Caf\u00e9 de l'Homme","url":"https:\/\/www.cafedelhomme.com\/pt-br","logo":{"@type":"ImageObject","inLanguage":"pt-BR","@id":"https:\/\/www.cafedelhomme.com\/pt-br#\/schema\/logo\/image\/","url":"https:\/\/www.cafedelhomme.com\/wp-content\/uploads\/2023\/04\/big-logo-300x163-1.png","contentUrl":"https:\/\/www.cafedelhomme.com\/wp-content\/uploads\/2023\/04\/big-logo-300x163-1.png","width":300,"height":163,"caption":"Caf\u00e9 de l'Homme"},"image":{"@id":"https:\/\/www.cafedelhomme.com\/pt-br#\/schema\/logo\/image\/"},"sameAs":["https:\/\/www.facebook.com\/cafedelhomme","https:\/\/www.instagram.com\/cafedelhomme\/"]},{"@type":"Person","@id":"https:\/\/www.cafedelhomme.com\/pt-br#\/schema\/person\/55c660f885a3bf3b1d08ae502bd6850f","name":"Getup","image":{"@type":"ImageObject","inLanguage":"pt-BR","@id":"https:\/\/www.cafedelhomme.com\/pt-br#\/schema\/person\/image\/","url":"https:\/\/secure.gravatar.com\/avatar\/5e19627732ce1f7366d35b250158e58668ab387bcef3219ee7bba031ec656192?s=96&d=mm&r=g","contentUrl":"https:\/\/secure.gravatar.com\/avatar\/5e19627732ce1f7366d35b250158e58668ab387bcef3219ee7bba031ec656192?s=96&d=mm&r=g","caption":"Getup"},"sameAs":["https:\/\/www.cafedelhomme.com"]}]}},"_links":{"self":[{"href":"https:\/\/www.cafedelhomme.com\/pt-br\/wp-json\/wp\/v2\/posts\/9058","targetHints":{"allow":["GET"]}}],"collection":[{"href":"https:\/\/www.cafedelhomme.com\/pt-br\/wp-json\/wp\/v2\/posts"}],"about":[{"href":"https:\/\/www.cafedelhomme.com\/pt-br\/wp-json\/wp\/v2\/types\/post"}],"author":[{"embeddable":true,"href":"https:\/\/www.cafedelhomme.com\/pt-br\/wp-json\/wp\/v2\/users\/1"}],"replies":[{"embeddable":true,"href":"https:\/\/www.cafedelhomme.com\/pt-br\/wp-json\/wp\/v2\/comments?post=9058"}],"version-history":[{"count":1,"href":"https:\/\/www.cafedelhomme.com\/pt-br\/wp-json\/wp\/v2\/posts\/9058\/revisions"}],"predecessor-version":[{"id":9065,"href":"https:\/\/www.cafedelhomme.com\/pt-br\/wp-json\/wp\/v2\/posts\/9058\/revisions\/9065"}],"wp:attachment":[{"href":"https:\/\/www.cafedelhomme.com\/pt-br\/wp-json\/wp\/v2\/media?parent=9058"}],"wp:term":[{"taxonomy":"category","embeddable":true,"href":"https:\/\/www.cafedelhomme.com\/pt-br\/wp-json\/wp\/v2\/categories?post=9058"},{"taxonomy":"post_tag","embeddable":true,"href":"https:\/\/www.cafedelhomme.com\/pt-br\/wp-json\/wp\/v2\/tags?post=9058"}],"curies":[{"name":"wp","href":"https:\/\/api.w.org\/{rel}","templated":true}]}}