{"id":9138,"date":"2020-12-14T17:00:26","date_gmt":"2020-12-14T16:00:26","guid":{"rendered":"https:\/\/www.cafedelhomme.com\/?p=9138"},"modified":"2025-03-24T10:33:50","modified_gmt":"2025-03-24T09:33:50","slug":"o-chef-jimmy-elisabeth-revela-uma-receita-do-menu-do-cafe-de-lhomme","status":"publish","type":"post","link":"https:\/\/www.cafedelhomme.com\/pt-br\/o-chef-jimmy-elisabeth-revela-uma-receita-do-menu-do-cafe-de-lhomme","title":{"rendered":"O chef Jimmy Elisabeth revela uma receita do menu do Caf\u00e9 de l&#8217;Homme"},"content":{"rendered":"<div class=\"wpb-content-wrapper\"><p>[vc_row el_id=&#8221;conte\u00fado-texto&#8221; responsive_css=&#8221;margin_top_large:160px|margin_bottom_large:160px&#8221;][vc_column][vc_column_text]<\/p>\n<p style=\"text-align: left;\"><b>O Chef <\/b>Jimmy Elisabeth, chefe das <b>cozinhas <\/b>do<b> Caf\u00e9 de l&#8217;<\/b> Homme, compartilha os segredos de suas <b>receitas <\/b>para que voc\u00ea possa experimentar os sabores do nosso <b>restaurante parisiense <\/b>em casa. Hoje, o <b>Chef <\/b>apresenta um dos principais pratos do <b>Caf\u00e9 de l&#8217;<\/b> Homme: Stracciatella de Pugliese com lascas de trufas da esta\u00e7\u00e3o. <\/p>\n<p style=\"text-align: left;\">Uma oportunidade \u00fanica para voc\u00ea (re)descobrir o prazer de cozinhar pratos<b> gourmet<\/b> e <b>refinados<\/b> que tamb\u00e9m s\u00e3o f\u00e1ceis de preparar em casa.<\/p>\n<p style=\"text-align: left;\"><b>Stracciatella de Pugliese com lascas de trufas da esta\u00e7\u00e3o:  <\/b><\/p>\n<p style=\"text-align: left;\">Serve 4 pessoas<\/p>\n<p style=\"text-align: left;\">Tempo de prepara\u00e7\u00e3o: 10 minutos<\/p>\n<p style=\"text-align: left;\">N\u00edvel: muito f\u00e1cil<\/p>\n<ul style=\"text-align: left;\">\n<li>250 g de <b>stracciatella<\/b> (da Puglia ou de outro lugar)<\/li>\n<li>10 g de pinh\u00f5es<\/li>\n<li>2 fatias de p\u00e3o de fazenda<\/li>\n<li>flor de sal, pimenta do reino mo\u00edda na hora, azeite de oliva<\/li>\n<li>1 x 50g de trufa de outono (fresca ou em conserva)<\/li>\n<li>flores comest\u00edveis, brotos para salada.<\/li>\n<\/ul>\n<ol style=\"text-align: left;\">\n<li>Torre os pinh\u00f5es a seco por 2 minutos em uma frigideira. Corte o p\u00e3o em cubos e doure todos os lados em uma frigideira com azeite de oliva. Pincele a trufa e passe um pano \u00famido para limp\u00e1-la bem.  <\/li>\n<li>Tempere a <b>stracciatella<\/b> com sal e pimenta, divida entre 4 pratos de sopa, polvilhe com pinh\u00f5es torrados e alguns croutons de p\u00e3o de fazenda, adicione fatias de trufa, flores comest\u00edveis e brotos de alface. Regue com algumas gotas de azeite de oliva. <\/li>\n<li><b>O pequeno extra<\/b>: um bom \u00f3leo de trufas adicionar\u00e1 ainda mais del\u00edcias ao seu prato.<\/li>\n<\/ol>\n<p style=\"text-align: left;\">Compartilhe fotos de suas conquistas mencionando<b> @cafedelhomme <\/b>no Instagram e no Facebook.<\/p>\n<p>[\/vc_column_text][\/vc_column][\/vc_row]<\/p>\n<\/div>","protected":false},"excerpt":{"rendered":"<p>[vc_row el_id=&#8221;conte\u00fado-texto&#8221; responsive_css=&#8221;margin_top_large:160px|margin_bottom_large:160px&#8221;][vc_column][vc_column_text] O Chef Jimmy Elisabeth, chefe das cozinhas do Caf\u00e9 de l&#8217; Homme, compartilha os segredos de suas receitas para que voc\u00ea possa experimentar os sabores do nosso restaurante parisiense em casa. Hoje, o Chef apresenta um dos principais pratos do Caf\u00e9 de&#8230;<\/p>\n","protected":false},"author":1,"featured_media":9139,"comment_status":"closed","ping_status":"open","sticky":false,"template":"","format":"standard","meta":{"_acf_changed":false,"footnotes":""},"categories":[113],"tags":[],"class_list":["post-9138","post","type-post","status-publish","format-standard","has-post-thumbnail","hentry","category-noticias"],"acf":[],"yoast_head":"<!-- This site is optimized with the Yoast SEO Premium plugin v20.10 (Yoast SEO v27.0) - https:\/\/yoast.com\/product\/yoast-seo-premium-wordpress\/ -->\n<title>O chef Jimmy Elisabeth revela uma receita do menu do Caf\u00e9 de l&#039;Homme - Caf\u00e9 de l&#039;Homme<\/title>\n<meta name=\"robots\" content=\"noindex, nofollow\" \/>\n<meta property=\"og:locale\" content=\"pt_BR\" \/>\n<meta property=\"og:type\" content=\"article\" \/>\n<meta property=\"og:title\" content=\"O chef Jimmy Elisabeth revela uma receita do menu do Caf\u00e9 de l&#039;Homme - Caf\u00e9 de l&#039;Homme\" \/>\n<meta property=\"og:description\" content=\"[vc_row el_id=&#8221;conte\u00fado-texto&#8221; responsive_css=&#8221;margin_top_large:160px|margin_bottom_large:160px&#8221;][vc_column][vc_column_text] O Chef Jimmy Elisabeth, chefe das cozinhas do Caf\u00e9 de l&#8217; Homme, compartilha os segredos de suas receitas para que voc\u00ea possa experimentar os sabores do nosso restaurante parisiense em casa. Hoje, o Chef apresenta um dos principais pratos do Caf\u00e9 de...\" \/>\n<meta property=\"og:url\" content=\"https:\/\/www.cafedelhomme.com\/pt-br\/o-chef-jimmy-elisabeth-revela-uma-receita-do-menu-do-cafe-de-lhomme\" \/>\n<meta property=\"og:site_name\" content=\"Caf\u00e9 de l&#039;Homme\" \/>\n<meta property=\"article:publisher\" content=\"https:\/\/www.facebook.com\/cafedelhomme\" \/>\n<meta property=\"article:published_time\" content=\"2020-12-14T16:00:26+00:00\" \/>\n<meta property=\"article:modified_time\" content=\"2025-03-24T09:33:50+00:00\" \/>\n<meta property=\"og:image\" content=\"https:\/\/www.cafedelhomme.com\/wp-content\/uploads\/2023\/05\/actu10.jpeg\" \/>\n\t<meta property=\"og:image:width\" content=\"1146\" \/>\n\t<meta property=\"og:image:height\" content=\"766\" \/>\n\t<meta property=\"og:image:type\" content=\"image\/jpeg\" \/>\n<meta name=\"author\" content=\"Getup\" \/>\n<meta name=\"twitter:card\" content=\"summary_large_image\" \/>\n<meta name=\"twitter:label1\" content=\"Escrito por\" \/>\n\t<meta name=\"twitter:data1\" content=\"Getup\" \/>\n\t<meta name=\"twitter:label2\" content=\"Est. tempo de leitura\" \/>\n\t<meta name=\"twitter:data2\" content=\"1 minuto\" \/>\n<script type=\"application\/ld+json\" class=\"yoast-schema-graph\">{\"@context\":\"https:\/\/schema.org\",\"@graph\":[{\"@type\":\"Article\",\"@id\":\"https:\/\/www.cafedelhomme.com\/pt-br\/o-chef-jimmy-elisabeth-revela-uma-receita-do-menu-do-cafe-de-lhomme#article\",\"isPartOf\":{\"@id\":\"https:\/\/www.cafedelhomme.com\/pt-br\/o-chef-jimmy-elisabeth-revela-uma-receita-do-menu-do-cafe-de-lhomme\"},\"author\":{\"name\":\"Getup\",\"@id\":\"https:\/\/www.cafedelhomme.com\/pt-br#\/schema\/person\/55c660f885a3bf3b1d08ae502bd6850f\"},\"headline\":\"O chef Jimmy Elisabeth revela uma receita do menu do Caf\u00e9 de l&#8217;Homme\",\"datePublished\":\"2020-12-14T16:00:26+00:00\",\"dateModified\":\"2025-03-24T09:33:50+00:00\",\"mainEntityOfPage\":{\"@id\":\"https:\/\/www.cafedelhomme.com\/pt-br\/o-chef-jimmy-elisabeth-revela-uma-receita-do-menu-do-cafe-de-lhomme\"},\"wordCount\":305,\"publisher\":{\"@id\":\"https:\/\/www.cafedelhomme.com\/pt-br#organization\"},\"image\":{\"@id\":\"https:\/\/www.cafedelhomme.com\/pt-br\/o-chef-jimmy-elisabeth-revela-uma-receita-do-menu-do-cafe-de-lhomme#primaryimage\"},\"thumbnailUrl\":\"https:\/\/www.cafedelhomme.com\/wp-content\/uploads\/2023\/05\/actu10.jpeg\",\"articleSection\":[\"Not\u00edcias\"],\"inLanguage\":\"pt-BR\"},{\"@type\":\"WebPage\",\"@id\":\"https:\/\/www.cafedelhomme.com\/pt-br\/o-chef-jimmy-elisabeth-revela-uma-receita-do-menu-do-cafe-de-lhomme\",\"url\":\"https:\/\/www.cafedelhomme.com\/pt-br\/o-chef-jimmy-elisabeth-revela-uma-receita-do-menu-do-cafe-de-lhomme\",\"name\":\"O chef Jimmy Elisabeth revela uma receita do menu do Caf\u00e9 de l'Homme - Caf\u00e9 de l'Homme\",\"isPartOf\":{\"@id\":\"https:\/\/www.cafedelhomme.com\/pt-br#website\"},\"primaryImageOfPage\":{\"@id\":\"https:\/\/www.cafedelhomme.com\/pt-br\/o-chef-jimmy-elisabeth-revela-uma-receita-do-menu-do-cafe-de-lhomme#primaryimage\"},\"image\":{\"@id\":\"https:\/\/www.cafedelhomme.com\/pt-br\/o-chef-jimmy-elisabeth-revela-uma-receita-do-menu-do-cafe-de-lhomme#primaryimage\"},\"thumbnailUrl\":\"https:\/\/www.cafedelhomme.com\/wp-content\/uploads\/2023\/05\/actu10.jpeg\",\"datePublished\":\"2020-12-14T16:00:26+00:00\",\"dateModified\":\"2025-03-24T09:33:50+00:00\",\"inLanguage\":\"pt-BR\",\"potentialAction\":[{\"@type\":\"ReadAction\",\"target\":[\"https:\/\/www.cafedelhomme.com\/pt-br\/o-chef-jimmy-elisabeth-revela-uma-receita-do-menu-do-cafe-de-lhomme\"]}]},{\"@type\":\"ImageObject\",\"inLanguage\":\"pt-BR\",\"@id\":\"https:\/\/www.cafedelhomme.com\/pt-br\/o-chef-jimmy-elisabeth-revela-uma-receita-do-menu-do-cafe-de-lhomme#primaryimage\",\"url\":\"https:\/\/www.cafedelhomme.com\/wp-content\/uploads\/2023\/05\/actu10.jpeg\",\"contentUrl\":\"https:\/\/www.cafedelhomme.com\/wp-content\/uploads\/2023\/05\/actu10.jpeg\",\"width\":1146,\"height\":766},{\"@type\":\"WebSite\",\"@id\":\"https:\/\/www.cafedelhomme.com\/pt-br#website\",\"url\":\"https:\/\/www.cafedelhomme.com\/pt-br\",\"name\":\"Caf\u00e9 de l'Homme\",\"description\":\"\",\"publisher\":{\"@id\":\"https:\/\/www.cafedelhomme.com\/pt-br#organization\"},\"potentialAction\":[{\"@type\":\"SearchAction\",\"target\":{\"@type\":\"EntryPoint\",\"urlTemplate\":\"https:\/\/www.cafedelhomme.com\/pt-br?s={search_term_string}\"},\"query-input\":{\"@type\":\"PropertyValueSpecification\",\"valueRequired\":true,\"valueName\":\"search_term_string\"}}],\"inLanguage\":\"pt-BR\"},{\"@type\":\"Organization\",\"@id\":\"https:\/\/www.cafedelhomme.com\/pt-br#organization\",\"name\":\"Caf\u00e9 de l'Homme\",\"url\":\"https:\/\/www.cafedelhomme.com\/pt-br\",\"logo\":{\"@type\":\"ImageObject\",\"inLanguage\":\"pt-BR\",\"@id\":\"https:\/\/www.cafedelhomme.com\/pt-br#\/schema\/logo\/image\/\",\"url\":\"https:\/\/www.cafedelhomme.com\/wp-content\/uploads\/2023\/04\/big-logo-300x163-1.png\",\"contentUrl\":\"https:\/\/www.cafedelhomme.com\/wp-content\/uploads\/2023\/04\/big-logo-300x163-1.png\",\"width\":300,\"height\":163,\"caption\":\"Caf\u00e9 de l'Homme\"},\"image\":{\"@id\":\"https:\/\/www.cafedelhomme.com\/pt-br#\/schema\/logo\/image\/\"},\"sameAs\":[\"https:\/\/www.facebook.com\/cafedelhomme\",\"https:\/\/www.instagram.com\/cafedelhomme\/\"]},{\"@type\":\"Person\",\"@id\":\"https:\/\/www.cafedelhomme.com\/pt-br#\/schema\/person\/55c660f885a3bf3b1d08ae502bd6850f\",\"name\":\"Getup\",\"image\":{\"@type\":\"ImageObject\",\"inLanguage\":\"pt-BR\",\"@id\":\"https:\/\/www.cafedelhomme.com\/pt-br#\/schema\/person\/image\/\",\"url\":\"https:\/\/secure.gravatar.com\/avatar\/5e19627732ce1f7366d35b250158e58668ab387bcef3219ee7bba031ec656192?s=96&d=mm&r=g\",\"contentUrl\":\"https:\/\/secure.gravatar.com\/avatar\/5e19627732ce1f7366d35b250158e58668ab387bcef3219ee7bba031ec656192?s=96&d=mm&r=g\",\"caption\":\"Getup\"},\"sameAs\":[\"https:\/\/www.cafedelhomme.com\"]}]}<\/script>\n<!-- \/ Yoast SEO Premium plugin. -->","yoast_head_json":{"title":"O chef Jimmy Elisabeth revela uma receita do menu do Caf\u00e9 de l'Homme - Caf\u00e9 de l'Homme","robots":{"index":"noindex","follow":"nofollow"},"og_locale":"pt_BR","og_type":"article","og_title":"O chef Jimmy Elisabeth revela uma receita do menu do Caf\u00e9 de l'Homme - Caf\u00e9 de l'Homme","og_description":"[vc_row el_id=&#8221;conte\u00fado-texto&#8221; responsive_css=&#8221;margin_top_large:160px|margin_bottom_large:160px&#8221;][vc_column][vc_column_text] O Chef Jimmy Elisabeth, chefe das cozinhas do Caf\u00e9 de l&#8217; Homme, compartilha os segredos de suas receitas para que voc\u00ea possa experimentar os sabores do nosso restaurante parisiense em casa. Hoje, o Chef apresenta um dos principais pratos do Caf\u00e9 de...","og_url":"https:\/\/www.cafedelhomme.com\/pt-br\/o-chef-jimmy-elisabeth-revela-uma-receita-do-menu-do-cafe-de-lhomme","og_site_name":"Caf\u00e9 de l'Homme","article_publisher":"https:\/\/www.facebook.com\/cafedelhomme","article_published_time":"2020-12-14T16:00:26+00:00","article_modified_time":"2025-03-24T09:33:50+00:00","og_image":[{"width":1146,"height":766,"url":"https:\/\/www.cafedelhomme.com\/wp-content\/uploads\/2023\/05\/actu10.jpeg","type":"image\/jpeg"}],"author":"Getup","twitter_card":"summary_large_image","twitter_misc":{"Escrito por":"Getup","Est. tempo de leitura":"1 minuto"},"schema":{"@context":"https:\/\/schema.org","@graph":[{"@type":"Article","@id":"https:\/\/www.cafedelhomme.com\/pt-br\/o-chef-jimmy-elisabeth-revela-uma-receita-do-menu-do-cafe-de-lhomme#article","isPartOf":{"@id":"https:\/\/www.cafedelhomme.com\/pt-br\/o-chef-jimmy-elisabeth-revela-uma-receita-do-menu-do-cafe-de-lhomme"},"author":{"name":"Getup","@id":"https:\/\/www.cafedelhomme.com\/pt-br#\/schema\/person\/55c660f885a3bf3b1d08ae502bd6850f"},"headline":"O chef Jimmy Elisabeth revela uma receita do menu do Caf\u00e9 de l&#8217;Homme","datePublished":"2020-12-14T16:00:26+00:00","dateModified":"2025-03-24T09:33:50+00:00","mainEntityOfPage":{"@id":"https:\/\/www.cafedelhomme.com\/pt-br\/o-chef-jimmy-elisabeth-revela-uma-receita-do-menu-do-cafe-de-lhomme"},"wordCount":305,"publisher":{"@id":"https:\/\/www.cafedelhomme.com\/pt-br#organization"},"image":{"@id":"https:\/\/www.cafedelhomme.com\/pt-br\/o-chef-jimmy-elisabeth-revela-uma-receita-do-menu-do-cafe-de-lhomme#primaryimage"},"thumbnailUrl":"https:\/\/www.cafedelhomme.com\/wp-content\/uploads\/2023\/05\/actu10.jpeg","articleSection":["Not\u00edcias"],"inLanguage":"pt-BR"},{"@type":"WebPage","@id":"https:\/\/www.cafedelhomme.com\/pt-br\/o-chef-jimmy-elisabeth-revela-uma-receita-do-menu-do-cafe-de-lhomme","url":"https:\/\/www.cafedelhomme.com\/pt-br\/o-chef-jimmy-elisabeth-revela-uma-receita-do-menu-do-cafe-de-lhomme","name":"O chef Jimmy Elisabeth revela uma receita do menu do Caf\u00e9 de l'Homme - Caf\u00e9 de l'Homme","isPartOf":{"@id":"https:\/\/www.cafedelhomme.com\/pt-br#website"},"primaryImageOfPage":{"@id":"https:\/\/www.cafedelhomme.com\/pt-br\/o-chef-jimmy-elisabeth-revela-uma-receita-do-menu-do-cafe-de-lhomme#primaryimage"},"image":{"@id":"https:\/\/www.cafedelhomme.com\/pt-br\/o-chef-jimmy-elisabeth-revela-uma-receita-do-menu-do-cafe-de-lhomme#primaryimage"},"thumbnailUrl":"https:\/\/www.cafedelhomme.com\/wp-content\/uploads\/2023\/05\/actu10.jpeg","datePublished":"2020-12-14T16:00:26+00:00","dateModified":"2025-03-24T09:33:50+00:00","inLanguage":"pt-BR","potentialAction":[{"@type":"ReadAction","target":["https:\/\/www.cafedelhomme.com\/pt-br\/o-chef-jimmy-elisabeth-revela-uma-receita-do-menu-do-cafe-de-lhomme"]}]},{"@type":"ImageObject","inLanguage":"pt-BR","@id":"https:\/\/www.cafedelhomme.com\/pt-br\/o-chef-jimmy-elisabeth-revela-uma-receita-do-menu-do-cafe-de-lhomme#primaryimage","url":"https:\/\/www.cafedelhomme.com\/wp-content\/uploads\/2023\/05\/actu10.jpeg","contentUrl":"https:\/\/www.cafedelhomme.com\/wp-content\/uploads\/2023\/05\/actu10.jpeg","width":1146,"height":766},{"@type":"WebSite","@id":"https:\/\/www.cafedelhomme.com\/pt-br#website","url":"https:\/\/www.cafedelhomme.com\/pt-br","name":"Caf\u00e9 de l'Homme","description":"","publisher":{"@id":"https:\/\/www.cafedelhomme.com\/pt-br#organization"},"potentialAction":[{"@type":"SearchAction","target":{"@type":"EntryPoint","urlTemplate":"https:\/\/www.cafedelhomme.com\/pt-br?s={search_term_string}"},"query-input":{"@type":"PropertyValueSpecification","valueRequired":true,"valueName":"search_term_string"}}],"inLanguage":"pt-BR"},{"@type":"Organization","@id":"https:\/\/www.cafedelhomme.com\/pt-br#organization","name":"Caf\u00e9 de l'Homme","url":"https:\/\/www.cafedelhomme.com\/pt-br","logo":{"@type":"ImageObject","inLanguage":"pt-BR","@id":"https:\/\/www.cafedelhomme.com\/pt-br#\/schema\/logo\/image\/","url":"https:\/\/www.cafedelhomme.com\/wp-content\/uploads\/2023\/04\/big-logo-300x163-1.png","contentUrl":"https:\/\/www.cafedelhomme.com\/wp-content\/uploads\/2023\/04\/big-logo-300x163-1.png","width":300,"height":163,"caption":"Caf\u00e9 de l'Homme"},"image":{"@id":"https:\/\/www.cafedelhomme.com\/pt-br#\/schema\/logo\/image\/"},"sameAs":["https:\/\/www.facebook.com\/cafedelhomme","https:\/\/www.instagram.com\/cafedelhomme\/"]},{"@type":"Person","@id":"https:\/\/www.cafedelhomme.com\/pt-br#\/schema\/person\/55c660f885a3bf3b1d08ae502bd6850f","name":"Getup","image":{"@type":"ImageObject","inLanguage":"pt-BR","@id":"https:\/\/www.cafedelhomme.com\/pt-br#\/schema\/person\/image\/","url":"https:\/\/secure.gravatar.com\/avatar\/5e19627732ce1f7366d35b250158e58668ab387bcef3219ee7bba031ec656192?s=96&d=mm&r=g","contentUrl":"https:\/\/secure.gravatar.com\/avatar\/5e19627732ce1f7366d35b250158e58668ab387bcef3219ee7bba031ec656192?s=96&d=mm&r=g","caption":"Getup"},"sameAs":["https:\/\/www.cafedelhomme.com"]}]}},"_links":{"self":[{"href":"https:\/\/www.cafedelhomme.com\/pt-br\/wp-json\/wp\/v2\/posts\/9138","targetHints":{"allow":["GET"]}}],"collection":[{"href":"https:\/\/www.cafedelhomme.com\/pt-br\/wp-json\/wp\/v2\/posts"}],"about":[{"href":"https:\/\/www.cafedelhomme.com\/pt-br\/wp-json\/wp\/v2\/types\/post"}],"author":[{"embeddable":true,"href":"https:\/\/www.cafedelhomme.com\/pt-br\/wp-json\/wp\/v2\/users\/1"}],"replies":[{"embeddable":true,"href":"https:\/\/www.cafedelhomme.com\/pt-br\/wp-json\/wp\/v2\/comments?post=9138"}],"version-history":[{"count":2,"href":"https:\/\/www.cafedelhomme.com\/pt-br\/wp-json\/wp\/v2\/posts\/9138\/revisions"}],"predecessor-version":[{"id":9141,"href":"https:\/\/www.cafedelhomme.com\/pt-br\/wp-json\/wp\/v2\/posts\/9138\/revisions\/9141"}],"wp:featuredmedia":[{"embeddable":true,"href":"https:\/\/www.cafedelhomme.com\/pt-br\/wp-json\/wp\/v2\/media\/9139"}],"wp:attachment":[{"href":"https:\/\/www.cafedelhomme.com\/pt-br\/wp-json\/wp\/v2\/media?parent=9138"}],"wp:term":[{"taxonomy":"category","embeddable":true,"href":"https:\/\/www.cafedelhomme.com\/pt-br\/wp-json\/wp\/v2\/categories?post=9138"},{"taxonomy":"post_tag","embeddable":true,"href":"https:\/\/www.cafedelhomme.com\/pt-br\/wp-json\/wp\/v2\/tags?post=9138"}],"curies":[{"name":"wp","href":"https:\/\/api.w.org\/{rel}","templated":true}]}}