{"id":9219,"date":"2025-04-03T17:02:14","date_gmt":"2025-04-03T15:02:14","guid":{"rendered":"https:\/\/www.cafedelhomme.com\/?p=9219"},"modified":"2025-03-24T10:36:19","modified_gmt":"2025-03-24T09:36:19","slug":"polvo-grelhado-do-cafe-de-lhomme-uma-explosao-de-sabores","status":"publish","type":"post","link":"https:\/\/www.cafedelhomme.com\/pt-br\/polvo-grelhado-do-cafe-de-lhomme-uma-explosao-de-sabores","title":{"rendered":"Polvo grelhado do Caf\u00e9 de l&#8217;Homme: uma explos\u00e3o de sabores"},"content":{"rendered":"<div class=\"wpb-content-wrapper\"><p>[vc_row responsive_css=&#8221;margin_top_large:100px|margin_bottom_large:100px&#8221; css=&#8221;.vc_custom_1690902189577{margin-top: 100px !important;margin-bottom: 100px !important;}&#8221;][vc_column][vc_column_text css=&#8221;.vc_custom_1741104181817{margin-bottom: 40px !important;}&#8221;]<span style=\"font-weight: 400;\">No <\/span><b>Caf\u00e9 de l&#8217;Homme<\/b><span style=\"font-weight: 400;\">cada prato conta uma hist\u00f3ria, um equil\u00edbrio perfeito entre <\/span><b>tradi\u00e7\u00e3o e modernidade<\/b><span style=\"font-weight: 400;\">onde os sabores se encontram para melhorar o momento. Convidamos voc\u00ea a descobrir <strong><a href=\"https:\/\/www.cafedelhomme.com\/pt-br\/la-carte\">\u00e0 la carte<\/a><\/strong> uma ousada cria\u00e7\u00e3o culin\u00e1ria:   <\/span><b>polvo grelhado com molho kimchi, hummus cremoso de gr\u00e3o-de-bico e salada de rabanetes multicoloridos<\/b><span style=\"font-weight: 400;\">.<\/span>[\/vc_column_text][vc_custom_heading text=&#8221;Cozimento controlado para um polvo saboroso e derretido&#8221; css=&#8221;.vc_custom_1741104189414{padding-top: 5px !important;}&#8221;][vc_column_text css=&#8221;&#8221;]<span style=\"font-weight: 400;\">O polvo <\/span><b>polvo<\/b><span style=\"font-weight: 400;\">O polvo, um prato delicado e refinado, \u00e9 trabalhado aqui com precis\u00e3o para oferecer uma textura tenra e levemente crocante. <\/span><b>textura macia e levemente crocante<\/b><span style=\"font-weight: 400;\">. Grelhado \u00e0 perfei\u00e7\u00e3o, ele revela   <\/span><b>notas sutis de fuma\u00e7a<\/b><span style=\"font-weight: 400;\">contrastando com a do\u00e7ura de seu acompanhamento.<\/span><\/p>\n<p><span style=\"font-weight: 400;\">O segredo do polvo perfeito? <\/span><b>Cozimento controlado<\/b><span style=\"font-weight: 400;\">Isso preserva a maciez do polvo e, ao mesmo tempo, d\u00e1 a ele aquele toque levemente caramelizado que o torna t\u00e3o sublime para comer.<\/span>[\/vc_column_text][\/vc_column][\/vc_row][vc_row responsive_css=&#8221;margin_top_large:100px|margin_bottom_large:100px&#8221; css=&#8221;.vc_custom_1690902189577{margin-top: 100px !important;margin-bottom: 100px !important;}&#8221;][vc_column][vc_custom_heading text=&#8221;Uma explos\u00e3o de sabores com molho kimchi&#8221; css=&#8221;.vc_custom_1741104205180{padding-top: 5px !important;}&#8221;][vc_column_text css=&#8221;&#8221;]<span style=\"font-weight: 400;\">A originalidade desse prato est\u00e1 na combina\u00e7\u00e3o de <\/span><b>picante e gourmet<\/b><span style=\"font-weight: 400;\">. La   <\/span><b>molho kimchi<\/b><span style=\"font-weight: 400;\">emblem\u00e1tico da culin\u00e1ria coreana, acrescenta um toque de personalidade <\/span><b>um toque de personalidade e leve fermenta\u00e7\u00e3o<\/b><span style=\"font-weight: 400;\">equilibrando os sabores iodados do polvo. <\/span><b>A acidez controlada e os temperos sutilmente medidos despertam o paladar<\/b><span style=\"font-weight: 400;\">oferecendo uma experi\u00eancia de sabor ousada e memor\u00e1vel.<\/span>[\/vc_column_text][\/vc_column][\/vc_row][vc_row responsive_css=&#8221;margin_top_large:100px|margin_bottom_large:100px&#8221; css=&#8221;.vc_custom_1690902189577{margin-top: 100px !important;margin-bottom: 100px !important;}&#8221;][vc_column][vc_custom_heading text=&#8221;H\u00famus de gr\u00e3o-de-bico: um toque de do\u00e7ura&#8221; css=&#8221;.vc_custom_1741104221616{padding-top: 5px !important;}&#8221;][vc_column_text css=&#8221;&#8221;]<span style=\"font-weight: 400;\">Para ado\u00e7ar essa paleta de sabores intensos, o <\/span><b>hummus de gr\u00e3o de bico<\/b><span style=\"font-weight: 400;\"> acrescenta uma textura cremosa e reconfortante <\/span><b>e reconfortante<\/b><span style=\"font-weight: 400;\">. Isso cria um equil\u00edbrio perfeito entre a for\u00e7a do kimchi e a maciez do polvo. <\/span>[\/vc_column_text][\/vc_column][\/vc_row][vc_row responsive_css=&#8221;margin_top_large:100px|margin_bottom_large:100px&#8221; css=&#8221;.vc_custom_1690902189577{margin-top: 100px !important;margin-bottom: 100px !important;}&#8221;][vc_column][vc_custom_heading text=&#8221;Uma salada de rabanetes multicoloridos para dar um toque de frescor&#8221; css=&#8221;.vc_custom_1741104239350{padding-top: 5px !important;}&#8221;][vc_column_text css=&#8221;&#8221;]<span style=\"font-weight: 400;\">Os <\/span><b>rabanetes<\/b><span style=\"font-weight: 400;\"> acrescentam <\/span><b>croc\u00e2ncia e frescor<\/b><span style=\"font-weight: 400;\">O leve amargor e a textura contrastam com a cremosidade do homus e a riqueza do molho. Seu leve amargor e textura contrastam com a cremosidade do homus e a riqueza do molho. Uma verdadeira explos\u00e3o de cores no prato, elas transformam esse prato em uma verdadeira del\u00edcia.    <\/span><b>uma verdadeira obra de arte culin\u00e1ria<\/b><span style=\"font-weight: 400;\">.<\/span>[\/vc_column_text][\/vc_column][\/vc_row][vc_row responsive_css=&#8221;margin_top_large:100px|margin_bottom_large:100px&#8221; css=&#8221;.vc_custom_1690902189577{margin-top: 100px !important;margin-bottom: 100px !important;}&#8221;][vc_column][vc_custom_heading text=&#8221;Uma experi\u00eancia no Caf\u00e9 de l&apos;Homme&#8221; css=&#8221;.vc_custom_1741104253667{padding-top: 5px !important;}&#8221;][vc_column_text css=&#8221;&#8221;]<span style=\"font-weight: 400;\">Aproveite este <\/span><b>prato exclusivo<\/b><span style=\"font-weight: 400;\"> em um ambiente \u00fanico, de frente para a <\/span><b>Torre Eiffel<\/b><span style=\"font-weight: 400;\">Cada garfada \u00e9 real\u00e7ada pela magia do ambiente. A combina\u00e7\u00e3o de texturas e sabores faz deste prato um convite para viajar. <\/span><\/p>\n<p><span style=\"font-weight: 400;\">Venha e aproveite essa experi\u00eancia e deixe-se seduzir pelo polvo grelhado com molho kimchi, hummus de gr\u00e3o de bico e salada de rabanete multicolorida. <\/span><b>polvo grelhado, molho kimchi, homus de gr\u00e3o de bico e salada de rabanete multicolorida<\/b><span style=\"font-weight: 400;\">. Um prato para ser saboreado imediatamente, exclusivamente no   <\/span><b>Caf\u00e9 de l&#8217;Homme<\/b><span style=\"font-weight: 400;\">.<\/span>[\/vc_column_text][\/vc_column][\/vc_row][vc_row responsive_css=&#8221;margin_top_large:100px|margin_bottom_large:100px&#8221; css=&#8221;.vc_custom_1690902189577{margin-top: 100px !important;margin-bottom: 100px !important;}&#8221;][vc_column]<a href=\"https:\/\/www.sevenrooms.com\/explore\/cafedelhomme\/reservations\/create\/search?lang=fr&#038;tracking=seo-blog\" target=\"_blank\" class=\"btn btn-default btn-bordered border-thin btn btn-outline btn-outline-black ld_button_69edab94187f5\">\n\t<span>\n\t\t\n\t\t\t\t\t<span class=\"btn-txt\">reservar uma mesa.<\/span>\n\t\t\t\n\t\t\t\t<\/span>\n<\/a>\n[\/vc_column][\/vc_row]<\/p>\n<\/div>","protected":false},"excerpt":{"rendered":"<p>[vc_row responsive_css=&#8221;margin_top_large:100px|margin_bottom_large:100px&#8221; css=&#8221;.vc_custom_1690902189577{margin-top: 100px !important;margin-bottom: 100px !important;}&#8221;][vc_column][vc_column_text css=&#8221;.vc_custom_1741104181817{margin-bottom: 40px !important;}&#8221;]No Caf\u00e9 de l&#8217;Hommecada prato conta uma hist\u00f3ria, um equil\u00edbrio perfeito entre tradi\u00e7\u00e3o e modernidadeonde os sabores se encontram para melhorar o momento. Convidamos voc\u00ea a descobrir \u00e0 la carte uma ousada cria\u00e7\u00e3o culin\u00e1ria: polvo grelhado&#8230;<\/p>\n","protected":false},"author":9,"featured_media":9220,"comment_status":"closed","ping_status":"open","sticky":false,"template":"","format":"standard","meta":{"_acf_changed":false,"footnotes":""},"categories":[114,113],"tags":[],"class_list":["post-9219","post","type-post","status-publish","format-standard","has-post-thumbnail","hentry","category-apresentacao","category-noticias"],"acf":[],"yoast_head":"<!-- This site is optimized with the Yoast SEO Premium plugin v20.10 (Yoast SEO v27.0) - https:\/\/yoast.com\/product\/yoast-seo-premium-wordpress\/ -->\n<title>Polvo grelhado do Caf\u00e9 de l&#039;Homme: uma explos\u00e3o de sabores - Caf\u00e9 de l&#039;Homme<\/title>\n<meta name=\"description\" content=\"Descubra o polvo grelhado com molho kimchi, hummus cremoso e rabanetes crocantes no Caf\u00e9 de l&#039;Homme. Uma explos\u00e3o de sabores para voc\u00ea saborear em frente \u00e0 Torre Eiffel.\" \/>\n<meta name=\"robots\" content=\"index, follow, max-snippet:-1, max-image-preview:large, max-video-preview:-1\" \/>\n<link rel=\"canonical\" href=\"https:\/\/www.cafedelhomme.com\/pt-br\/polvo-grelhado-do-cafe-de-lhomme-uma-explosao-de-sabores\" \/>\n<meta property=\"og:locale\" content=\"pt_BR\" \/>\n<meta property=\"og:type\" content=\"article\" \/>\n<meta property=\"og:title\" content=\"Polvo grelhado do Caf\u00e9 de l&#039;Homme: uma explos\u00e3o de sabores\" \/>\n<meta property=\"og:description\" content=\"Descubra o polvo grelhado com molho kimchi, hummus cremoso e rabanetes crocantes no Caf\u00e9 de l&#039;Homme. Uma explos\u00e3o de sabores para voc\u00ea saborear em frente \u00e0 Torre Eiffel.\" \/>\n<meta property=\"og:url\" content=\"https:\/\/www.cafedelhomme.com\/pt-br\/polvo-grelhado-do-cafe-de-lhomme-uma-explosao-de-sabores\" \/>\n<meta property=\"og:site_name\" content=\"Caf\u00e9 de l&#039;Homme\" \/>\n<meta property=\"article:publisher\" content=\"https:\/\/www.facebook.com\/cafedelhomme\" \/>\n<meta property=\"article:published_time\" content=\"2025-04-03T15:02:14+00:00\" \/>\n<meta property=\"og:image\" content=\"https:\/\/www.cafedelhomme.com\/wp-content\/uploads\/2025\/02\/DSC01356.jpg\" \/>\n\t<meta property=\"og:image:width\" content=\"1280\" \/>\n\t<meta property=\"og:image:height\" content=\"1920\" \/>\n\t<meta property=\"og:image:type\" content=\"image\/jpeg\" \/>\n<meta name=\"author\" content=\"Marketing\" \/>\n<meta name=\"twitter:card\" content=\"summary_large_image\" \/>\n<meta name=\"twitter:label1\" content=\"Escrito por\" \/>\n\t<meta name=\"twitter:data1\" content=\"Marketing\" \/>\n\t<meta name=\"twitter:label2\" content=\"Est. tempo de leitura\" \/>\n\t<meta name=\"twitter:data2\" content=\"4 minutos\" \/>\n<script type=\"application\/ld+json\" class=\"yoast-schema-graph\">{\"@context\":\"https:\/\/schema.org\",\"@graph\":[{\"@type\":\"Article\",\"@id\":\"https:\/\/www.cafedelhomme.com\/pt-br\/polvo-grelhado-do-cafe-de-lhomme-uma-explosao-de-sabores#article\",\"isPartOf\":{\"@id\":\"https:\/\/www.cafedelhomme.com\/pt-br\/polvo-grelhado-do-cafe-de-lhomme-uma-explosao-de-sabores\"},\"author\":{\"name\":\"Marketing\",\"@id\":\"https:\/\/www.cafedelhomme.com\/pt-br#\/schema\/person\/6e8511c8f2a5f67fe09441e43be583cf\"},\"headline\":\"Polvo grelhado do Caf\u00e9 de l&#8217;Homme: uma explos\u00e3o de sabores\",\"datePublished\":\"2025-04-03T15:02:14+00:00\",\"mainEntityOfPage\":{\"@id\":\"https:\/\/www.cafedelhomme.com\/pt-br\/polvo-grelhado-do-cafe-de-lhomme-uma-explosao-de-sabores\"},\"wordCount\":737,\"publisher\":{\"@id\":\"https:\/\/www.cafedelhomme.com\/pt-br#organization\"},\"image\":{\"@id\":\"https:\/\/www.cafedelhomme.com\/pt-br\/polvo-grelhado-do-cafe-de-lhomme-uma-explosao-de-sabores#primaryimage\"},\"thumbnailUrl\":\"https:\/\/www.cafedelhomme.com\/wp-content\/uploads\/2025\/02\/DSC01356.jpg\",\"articleSection\":[\"apresenta\u00e7\u00e3o\",\"Not\u00edcias\"],\"inLanguage\":\"pt-BR\"},{\"@type\":\"WebPage\",\"@id\":\"https:\/\/www.cafedelhomme.com\/pt-br\/polvo-grelhado-do-cafe-de-lhomme-uma-explosao-de-sabores\",\"url\":\"https:\/\/www.cafedelhomme.com\/pt-br\/polvo-grelhado-do-cafe-de-lhomme-uma-explosao-de-sabores\",\"name\":\"Polvo grelhado do Caf\u00e9 de l'Homme: uma explos\u00e3o de sabores - Caf\u00e9 de l'Homme\",\"isPartOf\":{\"@id\":\"https:\/\/www.cafedelhomme.com\/pt-br#website\"},\"primaryImageOfPage\":{\"@id\":\"https:\/\/www.cafedelhomme.com\/pt-br\/polvo-grelhado-do-cafe-de-lhomme-uma-explosao-de-sabores#primaryimage\"},\"image\":{\"@id\":\"https:\/\/www.cafedelhomme.com\/pt-br\/polvo-grelhado-do-cafe-de-lhomme-uma-explosao-de-sabores#primaryimage\"},\"thumbnailUrl\":\"https:\/\/www.cafedelhomme.com\/wp-content\/uploads\/2025\/02\/DSC01356.jpg\",\"datePublished\":\"2025-04-03T15:02:14+00:00\",\"description\":\"Descubra o polvo grelhado com molho kimchi, hummus cremoso e rabanetes crocantes no Caf\u00e9 de l'Homme. Uma explos\u00e3o de sabores para voc\u00ea saborear em frente \u00e0 Torre Eiffel.\",\"inLanguage\":\"pt-BR\",\"potentialAction\":[{\"@type\":\"ReadAction\",\"target\":[\"https:\/\/www.cafedelhomme.com\/pt-br\/polvo-grelhado-do-cafe-de-lhomme-uma-explosao-de-sabores\"]}]},{\"@type\":\"ImageObject\",\"inLanguage\":\"pt-BR\",\"@id\":\"https:\/\/www.cafedelhomme.com\/pt-br\/polvo-grelhado-do-cafe-de-lhomme-uma-explosao-de-sabores#primaryimage\",\"url\":\"https:\/\/www.cafedelhomme.com\/wp-content\/uploads\/2025\/02\/DSC01356.jpg\",\"contentUrl\":\"https:\/\/www.cafedelhomme.com\/wp-content\/uploads\/2025\/02\/DSC01356.jpg\",\"width\":1280,\"height\":1920},{\"@type\":\"WebSite\",\"@id\":\"https:\/\/www.cafedelhomme.com\/pt-br#website\",\"url\":\"https:\/\/www.cafedelhomme.com\/pt-br\",\"name\":\"Caf\u00e9 de l'Homme\",\"description\":\"\",\"publisher\":{\"@id\":\"https:\/\/www.cafedelhomme.com\/pt-br#organization\"},\"potentialAction\":[{\"@type\":\"SearchAction\",\"target\":{\"@type\":\"EntryPoint\",\"urlTemplate\":\"https:\/\/www.cafedelhomme.com\/pt-br?s={search_term_string}\"},\"query-input\":{\"@type\":\"PropertyValueSpecification\",\"valueRequired\":true,\"valueName\":\"search_term_string\"}}],\"inLanguage\":\"pt-BR\"},{\"@type\":\"Organization\",\"@id\":\"https:\/\/www.cafedelhomme.com\/pt-br#organization\",\"name\":\"Caf\u00e9 de l'Homme\",\"url\":\"https:\/\/www.cafedelhomme.com\/pt-br\",\"logo\":{\"@type\":\"ImageObject\",\"inLanguage\":\"pt-BR\",\"@id\":\"https:\/\/www.cafedelhomme.com\/pt-br#\/schema\/logo\/image\/\",\"url\":\"https:\/\/www.cafedelhomme.com\/wp-content\/uploads\/2023\/04\/big-logo-300x163-1.png\",\"contentUrl\":\"https:\/\/www.cafedelhomme.com\/wp-content\/uploads\/2023\/04\/big-logo-300x163-1.png\",\"width\":300,\"height\":163,\"caption\":\"Caf\u00e9 de l'Homme\"},\"image\":{\"@id\":\"https:\/\/www.cafedelhomme.com\/pt-br#\/schema\/logo\/image\/\"},\"sameAs\":[\"https:\/\/www.facebook.com\/cafedelhomme\",\"https:\/\/www.instagram.com\/cafedelhomme\/\"]},{\"@type\":\"Person\",\"@id\":\"https:\/\/www.cafedelhomme.com\/pt-br#\/schema\/person\/6e8511c8f2a5f67fe09441e43be583cf\",\"name\":\"Marketing\",\"image\":{\"@type\":\"ImageObject\",\"inLanguage\":\"pt-BR\",\"@id\":\"https:\/\/www.cafedelhomme.com\/pt-br#\/schema\/person\/image\/\",\"url\":\"https:\/\/secure.gravatar.com\/avatar\/87ce55b262b05881147ff2405c09deba3304ca53053e2ddb7eddade60eafc929?s=96&d=mm&r=g\",\"contentUrl\":\"https:\/\/secure.gravatar.com\/avatar\/87ce55b262b05881147ff2405c09deba3304ca53053e2ddb7eddade60eafc929?s=96&d=mm&r=g\",\"caption\":\"Marketing\"}}]}<\/script>\n<!-- \/ Yoast SEO Premium plugin. -->","yoast_head_json":{"title":"Polvo grelhado do Caf\u00e9 de l'Homme: uma explos\u00e3o de sabores - Caf\u00e9 de l'Homme","description":"Descubra o polvo grelhado com molho kimchi, hummus cremoso e rabanetes crocantes no Caf\u00e9 de l'Homme. Uma explos\u00e3o de sabores para voc\u00ea saborear em frente \u00e0 Torre Eiffel.","robots":{"index":"index","follow":"follow","max-snippet":"max-snippet:-1","max-image-preview":"max-image-preview:large","max-video-preview":"max-video-preview:-1"},"canonical":"https:\/\/www.cafedelhomme.com\/pt-br\/polvo-grelhado-do-cafe-de-lhomme-uma-explosao-de-sabores","og_locale":"pt_BR","og_type":"article","og_title":"Polvo grelhado do Caf\u00e9 de l'Homme: uma explos\u00e3o de sabores","og_description":"Descubra o polvo grelhado com molho kimchi, hummus cremoso e rabanetes crocantes no Caf\u00e9 de l'Homme. Uma explos\u00e3o de sabores para voc\u00ea saborear em frente \u00e0 Torre Eiffel.","og_url":"https:\/\/www.cafedelhomme.com\/pt-br\/polvo-grelhado-do-cafe-de-lhomme-uma-explosao-de-sabores","og_site_name":"Caf\u00e9 de l'Homme","article_publisher":"https:\/\/www.facebook.com\/cafedelhomme","article_published_time":"2025-04-03T15:02:14+00:00","og_image":[{"width":1280,"height":1920,"url":"https:\/\/www.cafedelhomme.com\/wp-content\/uploads\/2025\/02\/DSC01356.jpg","type":"image\/jpeg"}],"author":"Marketing","twitter_card":"summary_large_image","twitter_misc":{"Escrito por":"Marketing","Est. tempo de leitura":"4 minutos"},"schema":{"@context":"https:\/\/schema.org","@graph":[{"@type":"Article","@id":"https:\/\/www.cafedelhomme.com\/pt-br\/polvo-grelhado-do-cafe-de-lhomme-uma-explosao-de-sabores#article","isPartOf":{"@id":"https:\/\/www.cafedelhomme.com\/pt-br\/polvo-grelhado-do-cafe-de-lhomme-uma-explosao-de-sabores"},"author":{"name":"Marketing","@id":"https:\/\/www.cafedelhomme.com\/pt-br#\/schema\/person\/6e8511c8f2a5f67fe09441e43be583cf"},"headline":"Polvo grelhado do Caf\u00e9 de l&#8217;Homme: uma explos\u00e3o de sabores","datePublished":"2025-04-03T15:02:14+00:00","mainEntityOfPage":{"@id":"https:\/\/www.cafedelhomme.com\/pt-br\/polvo-grelhado-do-cafe-de-lhomme-uma-explosao-de-sabores"},"wordCount":737,"publisher":{"@id":"https:\/\/www.cafedelhomme.com\/pt-br#organization"},"image":{"@id":"https:\/\/www.cafedelhomme.com\/pt-br\/polvo-grelhado-do-cafe-de-lhomme-uma-explosao-de-sabores#primaryimage"},"thumbnailUrl":"https:\/\/www.cafedelhomme.com\/wp-content\/uploads\/2025\/02\/DSC01356.jpg","articleSection":["apresenta\u00e7\u00e3o","Not\u00edcias"],"inLanguage":"pt-BR"},{"@type":"WebPage","@id":"https:\/\/www.cafedelhomme.com\/pt-br\/polvo-grelhado-do-cafe-de-lhomme-uma-explosao-de-sabores","url":"https:\/\/www.cafedelhomme.com\/pt-br\/polvo-grelhado-do-cafe-de-lhomme-uma-explosao-de-sabores","name":"Polvo grelhado do Caf\u00e9 de l'Homme: uma explos\u00e3o de sabores - Caf\u00e9 de l'Homme","isPartOf":{"@id":"https:\/\/www.cafedelhomme.com\/pt-br#website"},"primaryImageOfPage":{"@id":"https:\/\/www.cafedelhomme.com\/pt-br\/polvo-grelhado-do-cafe-de-lhomme-uma-explosao-de-sabores#primaryimage"},"image":{"@id":"https:\/\/www.cafedelhomme.com\/pt-br\/polvo-grelhado-do-cafe-de-lhomme-uma-explosao-de-sabores#primaryimage"},"thumbnailUrl":"https:\/\/www.cafedelhomme.com\/wp-content\/uploads\/2025\/02\/DSC01356.jpg","datePublished":"2025-04-03T15:02:14+00:00","description":"Descubra o polvo grelhado com molho kimchi, hummus cremoso e rabanetes crocantes no Caf\u00e9 de l'Homme. Uma explos\u00e3o de sabores para voc\u00ea saborear em frente \u00e0 Torre Eiffel.","inLanguage":"pt-BR","potentialAction":[{"@type":"ReadAction","target":["https:\/\/www.cafedelhomme.com\/pt-br\/polvo-grelhado-do-cafe-de-lhomme-uma-explosao-de-sabores"]}]},{"@type":"ImageObject","inLanguage":"pt-BR","@id":"https:\/\/www.cafedelhomme.com\/pt-br\/polvo-grelhado-do-cafe-de-lhomme-uma-explosao-de-sabores#primaryimage","url":"https:\/\/www.cafedelhomme.com\/wp-content\/uploads\/2025\/02\/DSC01356.jpg","contentUrl":"https:\/\/www.cafedelhomme.com\/wp-content\/uploads\/2025\/02\/DSC01356.jpg","width":1280,"height":1920},{"@type":"WebSite","@id":"https:\/\/www.cafedelhomme.com\/pt-br#website","url":"https:\/\/www.cafedelhomme.com\/pt-br","name":"Caf\u00e9 de l'Homme","description":"","publisher":{"@id":"https:\/\/www.cafedelhomme.com\/pt-br#organization"},"potentialAction":[{"@type":"SearchAction","target":{"@type":"EntryPoint","urlTemplate":"https:\/\/www.cafedelhomme.com\/pt-br?s={search_term_string}"},"query-input":{"@type":"PropertyValueSpecification","valueRequired":true,"valueName":"search_term_string"}}],"inLanguage":"pt-BR"},{"@type":"Organization","@id":"https:\/\/www.cafedelhomme.com\/pt-br#organization","name":"Caf\u00e9 de l'Homme","url":"https:\/\/www.cafedelhomme.com\/pt-br","logo":{"@type":"ImageObject","inLanguage":"pt-BR","@id":"https:\/\/www.cafedelhomme.com\/pt-br#\/schema\/logo\/image\/","url":"https:\/\/www.cafedelhomme.com\/wp-content\/uploads\/2023\/04\/big-logo-300x163-1.png","contentUrl":"https:\/\/www.cafedelhomme.com\/wp-content\/uploads\/2023\/04\/big-logo-300x163-1.png","width":300,"height":163,"caption":"Caf\u00e9 de l'Homme"},"image":{"@id":"https:\/\/www.cafedelhomme.com\/pt-br#\/schema\/logo\/image\/"},"sameAs":["https:\/\/www.facebook.com\/cafedelhomme","https:\/\/www.instagram.com\/cafedelhomme\/"]},{"@type":"Person","@id":"https:\/\/www.cafedelhomme.com\/pt-br#\/schema\/person\/6e8511c8f2a5f67fe09441e43be583cf","name":"Marketing","image":{"@type":"ImageObject","inLanguage":"pt-BR","@id":"https:\/\/www.cafedelhomme.com\/pt-br#\/schema\/person\/image\/","url":"https:\/\/secure.gravatar.com\/avatar\/87ce55b262b05881147ff2405c09deba3304ca53053e2ddb7eddade60eafc929?s=96&d=mm&r=g","contentUrl":"https:\/\/secure.gravatar.com\/avatar\/87ce55b262b05881147ff2405c09deba3304ca53053e2ddb7eddade60eafc929?s=96&d=mm&r=g","caption":"Marketing"}}]}},"_links":{"self":[{"href":"https:\/\/www.cafedelhomme.com\/pt-br\/wp-json\/wp\/v2\/posts\/9219","targetHints":{"allow":["GET"]}}],"collection":[{"href":"https:\/\/www.cafedelhomme.com\/pt-br\/wp-json\/wp\/v2\/posts"}],"about":[{"href":"https:\/\/www.cafedelhomme.com\/pt-br\/wp-json\/wp\/v2\/types\/post"}],"author":[{"embeddable":true,"href":"https:\/\/www.cafedelhomme.com\/pt-br\/wp-json\/wp\/v2\/users\/9"}],"replies":[{"embeddable":true,"href":"https:\/\/www.cafedelhomme.com\/pt-br\/wp-json\/wp\/v2\/comments?post=9219"}],"version-history":[{"count":1,"href":"https:\/\/www.cafedelhomme.com\/pt-br\/wp-json\/wp\/v2\/posts\/9219\/revisions"}],"predecessor-version":[{"id":9225,"href":"https:\/\/www.cafedelhomme.com\/pt-br\/wp-json\/wp\/v2\/posts\/9219\/revisions\/9225"}],"wp:featuredmedia":[{"embeddable":true,"href":"https:\/\/www.cafedelhomme.com\/pt-br\/wp-json\/wp\/v2\/media\/9220"}],"wp:attachment":[{"href":"https:\/\/www.cafedelhomme.com\/pt-br\/wp-json\/wp\/v2\/media?parent=9219"}],"wp:term":[{"taxonomy":"category","embeddable":true,"href":"https:\/\/www.cafedelhomme.com\/pt-br\/wp-json\/wp\/v2\/categories?post=9219"},{"taxonomy":"post_tag","embeddable":true,"href":"https:\/\/www.cafedelhomme.com\/pt-br\/wp-json\/wp\/v2\/tags?post=9219"}],"curies":[{"name":"wp","href":"https:\/\/api.w.org\/{rel}","templated":true}]}}