{"id":9228,"date":"2025-04-10T09:55:30","date_gmt":"2025-04-10T07:55:30","guid":{"rendered":"https:\/\/www.cafedelhomme.com\/?p=9228"},"modified":"2025-03-31T11:14:27","modified_gmt":"2025-03-31T09:14:27","slug":"antes-do-jantar-uma-pausa-gourmet-com-vista-para-a-torre-eiffel","status":"publish","type":"post","link":"https:\/\/www.cafedelhomme.com\/pt-br\/antes-do-jantar-uma-pausa-gourmet-com-vista-para-a-torre-eiffel","title":{"rendered":"Antes do jantar: uma pausa gourmet com vista para a Torre Eiffel"},"content":{"rendered":"<div class=\"wpb-content-wrapper\"><p>[vc_row responsive_css=&#8221;margin_top_large:100px|margin_bottom_large:100px&#8221; css=&#8221;.vc_custom_1690902189577{margin-top: 100px !important;margin-bottom: 100px !important;}&#8221;][vc_column][vc_column_text css=&#8221;.vc_custom_1741165428047{margin-bottom: 40px !important;}&#8221;]<span style=\"font-weight: 400;\">A tarde \u00e9 um momento privilegiado, um par\u00eantese em que voc\u00ea pode desacelerar, saborear e desfrutar de um momento suspenso. <\/span><b>O Caf\u00e9 de l&#8217;Homme convida voc\u00ea a descobrir a experi\u00eancia &#8220;Before Dinner&#8221; (Antes do Jantar)<\/b><span style=\"font-weight: 400;\">experi\u00eancia <\/span><b>pausa gourmet exclusiva<\/b><span style=\"font-weight: 400;\"> saboreada em frente \u00e0 majestosa <\/span><b>Torre Eiffel<\/b><span style=\"font-weight: 400;\"> De quinta a domingo, a partir das 14h45min.<\/span>[\/vc_column_text][vc_custom_heading text=&#8221;Uma experi\u00eancia gourmet no cora\u00e7\u00e3o de Paris&#8221; css=&#8221;.vc_custom_1741165437047{padding-top: 5px !important;}&#8221;][vc_column_text css=&#8221;&#8221;]<span style=\"font-weight: 400;\">Quando o sol ilumina suavemente os telhados de Paris e a cidade ganha vida com um leve burburinho, \u00e9 hora de voc\u00ea se entregar a um momento de prazer. <\/span><b>um momento de prazer<\/b><span style=\"font-weight: 400;\">. A experi\u00eancia   <\/span><b>&#8220;Antes do jantar<\/b><span style=\"font-weight: 400;\"> no <\/span><b>Caf\u00e9 de l&#8217;Homme<\/b><span style=\"font-weight: 400;\"> \u00e9 <\/span><b>\u00e9 a parada ideal para os amantes da eleg\u00e2ncia e dos doces.<\/b><\/p>\n<p><span style=\"font-weight: 400;\">Venha e aproveite em um ambiente id\u00edlico <\/span><b>cen\u00e1rio id\u00edlico<\/b><span style=\"font-weight: 400;\">onde a arte de viver parisiense \u00e9 revelada em um dos mais belos cen\u00e1rios da capital.<\/span>[\/vc_column_text][\/vc_column][\/vc_row][vc_row responsive_css=&#8221;margin_top_large:100px|margin_bottom_large:100px&#8221; css=&#8221;.vc_custom_1690902189577{margin-top: 100px !important;margin-bottom: 100px !important;}&#8221;][vc_column][vc_custom_heading text=&#8221;Uma sele\u00e7\u00e3o refinada de sabores para voc\u00ea saborear&#8221; css=&#8221;.vc_custom_1741165452046{padding-top: 5px !important;}&#8221;][vc_column_text css=&#8221;&#8221;]<span style=\"font-weight: 400;\">Projetado para satisfazer todos os gostos, o <\/span><b>&#8220;Antes do Jantar<\/b><span style=\"font-weight: 400;\"> apresenta uma <\/span><b>paleta de sabores requintados<\/b><span style=\"font-weight: 400;\">perfeita para uma pausa gourmet entre duas descobertas parisienses.<\/span><\/p>\n<p><b><a href=\"https:\/\/www.cafedelhomme.com\/pt-br\/la-carte\">\u00c0 la carte<\/a>:<\/b><\/p>\n<ul>\n<li style=\"font-weight: 400;\" aria-level=\"1\"><b>Lanches gourmet<\/b><span style=\"font-weight: 400;\">que trazem o melhor dos produtos sazonais.<\/span><\/li>\n<li style=\"font-weight: 400;\" aria-level=\"1\"><b>Doces refinados<\/b><span style=\"font-weight: 400;\">para um toque doce irresist\u00edvel.<\/span><\/li>\n<li style=\"font-weight: 400;\" aria-level=\"1\"><b>Uma combina\u00e7\u00e3o de comida e bebida<\/b><span style=\"font-weight: 400;\">Cada garfada \u00e9 combinada com uma bebida cuidadosamente selecionada.<\/span><\/li>\n<\/ul>\n<p><span style=\"font-weight: 400;\">Se voc\u00ea est\u00e1 procurando um momento <\/span><b>com os amigos<\/b><span style=\"font-weight: 400;\">um momento rom\u00e2ntico <\/span><b>escapada rom\u00e2ntica<\/b><span style=\"font-weight: 400;\"> ou um momento especial <\/span><b>um momento especial antes do jantar<\/b><span style=\"font-weight: 400;\">esta experi\u00eancia promete a voc\u00ea <\/span><b>uma fuga sensorial \u00fanica<\/b><span style=\"font-weight: 400;\">.<\/span>[\/vc_column_text][\/vc_column][\/vc_row][vc_row responsive_css=&#8221;margin_top_large:100px|margin_bottom_large:100px&#8221; css=&#8221;.vc_custom_1690902189577{margin-top: 100px !important;margin-bottom: 100px !important;}&#8221;][vc_column][vc_custom_heading text=&#8221;Um ambiente de prest\u00edgio para um descanso inesquec\u00edvel&#8221; css=&#8221;.vc_custom_1741165511093{padding-top: 5px !important;}&#8221;][vc_column_text css=&#8221;&#8221;]<span style=\"font-weight: 400;\">Instalado em <\/span><b>em um dos mais belos terra\u00e7os de Paris<\/b><span style=\"font-weight: 400;\">, <\/span><b>Caf\u00e9 de l&#8217;Homme<\/b><span style=\"font-weight: 400;\"> oferece a voc\u00ea <\/span><b>um ambiente de serenidade e requinte<\/b><span style=\"font-weight: 400;\">. <\/span><b>Com sua eleg\u00e2ncia atemporal e vista panor\u00e2mica da Torre Eiffel<\/b><span style=\"font-weight: 400;\">cada momento se torna uma experi\u00eancia memor\u00e1vel.<\/span><\/p>\n<p><span style=\"font-weight: 400;\">Por que escolher a experi\u00eancia Before Dinner?<\/span><\/p>\n<ul>\n<li style=\"font-weight: 400;\" aria-level=\"1\"><b>Um momento excepcional<\/b><span style=\"font-weight: 400;\">entre o prazer e o relaxamento.<\/span><\/li>\n<li style=\"font-weight: 400;\" aria-level=\"1\"><b>Um ambiente suntuoso<\/b><span style=\"font-weight: 400;\">com uma vista de tirar o f\u00f4lego da Cidade Luz.<\/span><\/li>\n<li style=\"font-weight: 400;\" aria-level=\"1\"><b>Servi\u00e7o atencioso e discreto<\/b><span style=\"font-weight: 400;\">para uma experi\u00eancia sob medida.<\/span><\/li>\n<\/ul>\n<p><b>Viva uma experi\u00eancia diferente em Paris<\/b><span style=\"font-weight: 400;\">Este \u00e9 um lugar onde o tempo parece ter parado, com seus sabores requintados e atmosfera encantadora.<\/span>[\/vc_column_text][\/vc_column][\/vc_row][vc_row responsive_css=&#8221;margin_top_large:100px|margin_bottom_large:100px&#8221; css=&#8221;.vc_custom_1690902189577{margin-top: 100px !important;margin-bottom: 100px !important;}&#8221;][vc_column]<a href=\"https:\/\/www.sevenrooms.com\/experiences\/cafedelhomme\/after-dinner-11246148465?tracking=seo-blog\" target=\"_blank\" class=\"btn btn-default btn-bordered border-thin btn btn-outline btn-outline-black ld_button_69f51a14e6e0d\">\n\t<span>\n\t\t\n\t\t\t\t\t<span class=\"btn-txt\">Reserve a experi\u00eancia.<\/span>\n\t\t\t\n\t\t\t\t<\/span>\n<\/a>\n[\/vc_column][\/vc_row]<\/p>\n<\/div>","protected":false},"excerpt":{"rendered":"<p>[vc_row responsive_css=&#8221;margin_top_large:100px|margin_bottom_large:100px&#8221; css=&#8221;.vc_custom_1690902189577{margin-top: 100px !important;margin-bottom: 100px !important;}&#8221;][vc_column][vc_column_text css=&#8221;.vc_custom_1741165428047{margin-bottom: 40px !important;}&#8221;]A tarde \u00e9 um momento privilegiado, um par\u00eantese em que voc\u00ea pode desacelerar, saborear e desfrutar de um momento suspenso. O Caf\u00e9 de l&#8217;Homme convida voc\u00ea a descobrir a experi\u00eancia &#8220;Before Dinner&#8221; (Antes do Jantar)experi\u00eancia pausa&#8230;<\/p>\n","protected":false},"author":9,"featured_media":9229,"comment_status":"closed","ping_status":"open","sticky":false,"template":"","format":"standard","meta":{"_acf_changed":false,"footnotes":""},"categories":[114,113],"tags":[],"class_list":["post-9228","post","type-post","status-publish","format-standard","has-post-thumbnail","hentry","category-apresentacao","category-noticias"],"acf":[],"yoast_head":"<!-- This site is optimized with the Yoast SEO Premium plugin v20.10 (Yoast SEO v27.0) - https:\/\/yoast.com\/product\/yoast-seo-premium-wordpress\/ -->\n<title>Antes do jantar: uma pausa gourmet com vista para a Torre Eiffel - Caf\u00e9 de l&#039;Homme<\/title>\n<meta name=\"description\" content=\"Presenteie-se com uma pausa gourmet com a experi\u00eancia &quot;Before Dinner&quot; no Caf\u00e9 de l&#039;Homme. De frente para a Torre Eiffel, saboreie doces requintados.\" \/>\n<meta name=\"robots\" content=\"index, follow, max-snippet:-1, max-image-preview:large, max-video-preview:-1\" \/>\n<link rel=\"canonical\" href=\"https:\/\/www.cafedelhomme.com\/pt-br\/antes-do-jantar-uma-pausa-gourmet-com-vista-para-a-torre-eiffel\" \/>\n<meta property=\"og:locale\" content=\"pt_BR\" \/>\n<meta property=\"og:type\" content=\"article\" \/>\n<meta property=\"og:title\" content=\"Antes do jantar: uma pausa gourmet com vista para a Torre Eiffel\" \/>\n<meta property=\"og:description\" content=\"Presenteie-se com uma pausa gourmet com a experi\u00eancia &quot;Before Dinner&quot; no Caf\u00e9 de l&#039;Homme. De frente para a Torre Eiffel, saboreie doces requintados.\" \/>\n<meta property=\"og:url\" content=\"https:\/\/www.cafedelhomme.com\/pt-br\/antes-do-jantar-uma-pausa-gourmet-com-vista-para-a-torre-eiffel\" \/>\n<meta property=\"og:site_name\" content=\"Caf\u00e9 de l&#039;Homme\" \/>\n<meta property=\"article:publisher\" content=\"https:\/\/www.facebook.com\/cafedelhomme\" \/>\n<meta property=\"article:published_time\" content=\"2025-04-10T07:55:30+00:00\" \/>\n<meta property=\"og:image\" content=\"https:\/\/www.cafedelhomme.com\/wp-content\/uploads\/2025\/03\/Before-dinner.jpg\" \/>\n\t<meta property=\"og:image:width\" content=\"1120\" \/>\n\t<meta property=\"og:image:height\" content=\"1400\" \/>\n\t<meta property=\"og:image:type\" content=\"image\/jpeg\" \/>\n<meta name=\"author\" content=\"Marketing\" \/>\n<meta name=\"twitter:card\" content=\"summary_large_image\" \/>\n<meta name=\"twitter:label1\" content=\"Escrito por\" \/>\n\t<meta name=\"twitter:data1\" content=\"Marketing\" \/>\n\t<meta name=\"twitter:label2\" content=\"Est. tempo de leitura\" \/>\n\t<meta name=\"twitter:data2\" content=\"3 minutos\" \/>\n<script type=\"application\/ld+json\" class=\"yoast-schema-graph\">{\"@context\":\"https:\/\/schema.org\",\"@graph\":[{\"@type\":\"Article\",\"@id\":\"https:\/\/www.cafedelhomme.com\/pt-br\/antes-do-jantar-uma-pausa-gourmet-com-vista-para-a-torre-eiffel#article\",\"isPartOf\":{\"@id\":\"https:\/\/www.cafedelhomme.com\/pt-br\/antes-do-jantar-uma-pausa-gourmet-com-vista-para-a-torre-eiffel\"},\"author\":{\"name\":\"Marketing\",\"@id\":\"https:\/\/www.cafedelhomme.com\/pt-br#\/schema\/person\/6e8511c8f2a5f67fe09441e43be583cf\"},\"headline\":\"Antes do jantar: uma pausa gourmet com vista para a Torre Eiffel\",\"datePublished\":\"2025-04-10T07:55:30+00:00\",\"mainEntityOfPage\":{\"@id\":\"https:\/\/www.cafedelhomme.com\/pt-br\/antes-do-jantar-uma-pausa-gourmet-com-vista-para-a-torre-eiffel\"},\"wordCount\":585,\"publisher\":{\"@id\":\"https:\/\/www.cafedelhomme.com\/pt-br#organization\"},\"image\":{\"@id\":\"https:\/\/www.cafedelhomme.com\/pt-br\/antes-do-jantar-uma-pausa-gourmet-com-vista-para-a-torre-eiffel#primaryimage\"},\"thumbnailUrl\":\"https:\/\/www.cafedelhomme.com\/wp-content\/uploads\/2025\/03\/Before-dinner.jpg\",\"articleSection\":[\"apresenta\u00e7\u00e3o\",\"Not\u00edcias\"],\"inLanguage\":\"pt-BR\"},{\"@type\":\"WebPage\",\"@id\":\"https:\/\/www.cafedelhomme.com\/pt-br\/antes-do-jantar-uma-pausa-gourmet-com-vista-para-a-torre-eiffel\",\"url\":\"https:\/\/www.cafedelhomme.com\/pt-br\/antes-do-jantar-uma-pausa-gourmet-com-vista-para-a-torre-eiffel\",\"name\":\"Antes do jantar: uma pausa gourmet com vista para a Torre Eiffel - Caf\u00e9 de l'Homme\",\"isPartOf\":{\"@id\":\"https:\/\/www.cafedelhomme.com\/pt-br#website\"},\"primaryImageOfPage\":{\"@id\":\"https:\/\/www.cafedelhomme.com\/pt-br\/antes-do-jantar-uma-pausa-gourmet-com-vista-para-a-torre-eiffel#primaryimage\"},\"image\":{\"@id\":\"https:\/\/www.cafedelhomme.com\/pt-br\/antes-do-jantar-uma-pausa-gourmet-com-vista-para-a-torre-eiffel#primaryimage\"},\"thumbnailUrl\":\"https:\/\/www.cafedelhomme.com\/wp-content\/uploads\/2025\/03\/Before-dinner.jpg\",\"datePublished\":\"2025-04-10T07:55:30+00:00\",\"description\":\"Presenteie-se com uma pausa gourmet com a experi\u00eancia \\\"Before Dinner\\\" no Caf\u00e9 de l'Homme. De frente para a Torre Eiffel, saboreie doces requintados.\",\"inLanguage\":\"pt-BR\",\"potentialAction\":[{\"@type\":\"ReadAction\",\"target\":[\"https:\/\/www.cafedelhomme.com\/pt-br\/antes-do-jantar-uma-pausa-gourmet-com-vista-para-a-torre-eiffel\"]}]},{\"@type\":\"ImageObject\",\"inLanguage\":\"pt-BR\",\"@id\":\"https:\/\/www.cafedelhomme.com\/pt-br\/antes-do-jantar-uma-pausa-gourmet-com-vista-para-a-torre-eiffel#primaryimage\",\"url\":\"https:\/\/www.cafedelhomme.com\/wp-content\/uploads\/2025\/03\/Before-dinner.jpg\",\"contentUrl\":\"https:\/\/www.cafedelhomme.com\/wp-content\/uploads\/2025\/03\/Before-dinner.jpg\",\"width\":1120,\"height\":1400},{\"@type\":\"WebSite\",\"@id\":\"https:\/\/www.cafedelhomme.com\/pt-br#website\",\"url\":\"https:\/\/www.cafedelhomme.com\/pt-br\",\"name\":\"Caf\u00e9 de l'Homme\",\"description\":\"\",\"publisher\":{\"@id\":\"https:\/\/www.cafedelhomme.com\/pt-br#organization\"},\"potentialAction\":[{\"@type\":\"SearchAction\",\"target\":{\"@type\":\"EntryPoint\",\"urlTemplate\":\"https:\/\/www.cafedelhomme.com\/pt-br?s={search_term_string}\"},\"query-input\":{\"@type\":\"PropertyValueSpecification\",\"valueRequired\":true,\"valueName\":\"search_term_string\"}}],\"inLanguage\":\"pt-BR\"},{\"@type\":\"Organization\",\"@id\":\"https:\/\/www.cafedelhomme.com\/pt-br#organization\",\"name\":\"Caf\u00e9 de l'Homme\",\"url\":\"https:\/\/www.cafedelhomme.com\/pt-br\",\"logo\":{\"@type\":\"ImageObject\",\"inLanguage\":\"pt-BR\",\"@id\":\"https:\/\/www.cafedelhomme.com\/pt-br#\/schema\/logo\/image\/\",\"url\":\"https:\/\/www.cafedelhomme.com\/wp-content\/uploads\/2023\/04\/big-logo-300x163-1.png\",\"contentUrl\":\"https:\/\/www.cafedelhomme.com\/wp-content\/uploads\/2023\/04\/big-logo-300x163-1.png\",\"width\":300,\"height\":163,\"caption\":\"Caf\u00e9 de l'Homme\"},\"image\":{\"@id\":\"https:\/\/www.cafedelhomme.com\/pt-br#\/schema\/logo\/image\/\"},\"sameAs\":[\"https:\/\/www.facebook.com\/cafedelhomme\",\"https:\/\/www.instagram.com\/cafedelhomme\/\"]},{\"@type\":\"Person\",\"@id\":\"https:\/\/www.cafedelhomme.com\/pt-br#\/schema\/person\/6e8511c8f2a5f67fe09441e43be583cf\",\"name\":\"Marketing\",\"image\":{\"@type\":\"ImageObject\",\"inLanguage\":\"pt-BR\",\"@id\":\"https:\/\/www.cafedelhomme.com\/pt-br#\/schema\/person\/image\/\",\"url\":\"https:\/\/secure.gravatar.com\/avatar\/87ce55b262b05881147ff2405c09deba3304ca53053e2ddb7eddade60eafc929?s=96&d=mm&r=g\",\"contentUrl\":\"https:\/\/secure.gravatar.com\/avatar\/87ce55b262b05881147ff2405c09deba3304ca53053e2ddb7eddade60eafc929?s=96&d=mm&r=g\",\"caption\":\"Marketing\"}}]}<\/script>\n<!-- \/ Yoast SEO Premium plugin. -->","yoast_head_json":{"title":"Antes do jantar: uma pausa gourmet com vista para a Torre Eiffel - Caf\u00e9 de l'Homme","description":"Presenteie-se com uma pausa gourmet com a experi\u00eancia \"Before Dinner\" no Caf\u00e9 de l'Homme. De frente para a Torre Eiffel, saboreie doces requintados.","robots":{"index":"index","follow":"follow","max-snippet":"max-snippet:-1","max-image-preview":"max-image-preview:large","max-video-preview":"max-video-preview:-1"},"canonical":"https:\/\/www.cafedelhomme.com\/pt-br\/antes-do-jantar-uma-pausa-gourmet-com-vista-para-a-torre-eiffel","og_locale":"pt_BR","og_type":"article","og_title":"Antes do jantar: uma pausa gourmet com vista para a Torre Eiffel","og_description":"Presenteie-se com uma pausa gourmet com a experi\u00eancia \"Before Dinner\" no Caf\u00e9 de l'Homme. De frente para a Torre Eiffel, saboreie doces requintados.","og_url":"https:\/\/www.cafedelhomme.com\/pt-br\/antes-do-jantar-uma-pausa-gourmet-com-vista-para-a-torre-eiffel","og_site_name":"Caf\u00e9 de l'Homme","article_publisher":"https:\/\/www.facebook.com\/cafedelhomme","article_published_time":"2025-04-10T07:55:30+00:00","og_image":[{"width":1120,"height":1400,"url":"https:\/\/www.cafedelhomme.com\/wp-content\/uploads\/2025\/03\/Before-dinner.jpg","type":"image\/jpeg"}],"author":"Marketing","twitter_card":"summary_large_image","twitter_misc":{"Escrito por":"Marketing","Est. tempo de leitura":"3 minutos"},"schema":{"@context":"https:\/\/schema.org","@graph":[{"@type":"Article","@id":"https:\/\/www.cafedelhomme.com\/pt-br\/antes-do-jantar-uma-pausa-gourmet-com-vista-para-a-torre-eiffel#article","isPartOf":{"@id":"https:\/\/www.cafedelhomme.com\/pt-br\/antes-do-jantar-uma-pausa-gourmet-com-vista-para-a-torre-eiffel"},"author":{"name":"Marketing","@id":"https:\/\/www.cafedelhomme.com\/pt-br#\/schema\/person\/6e8511c8f2a5f67fe09441e43be583cf"},"headline":"Antes do jantar: uma pausa gourmet com vista para a Torre Eiffel","datePublished":"2025-04-10T07:55:30+00:00","mainEntityOfPage":{"@id":"https:\/\/www.cafedelhomme.com\/pt-br\/antes-do-jantar-uma-pausa-gourmet-com-vista-para-a-torre-eiffel"},"wordCount":585,"publisher":{"@id":"https:\/\/www.cafedelhomme.com\/pt-br#organization"},"image":{"@id":"https:\/\/www.cafedelhomme.com\/pt-br\/antes-do-jantar-uma-pausa-gourmet-com-vista-para-a-torre-eiffel#primaryimage"},"thumbnailUrl":"https:\/\/www.cafedelhomme.com\/wp-content\/uploads\/2025\/03\/Before-dinner.jpg","articleSection":["apresenta\u00e7\u00e3o","Not\u00edcias"],"inLanguage":"pt-BR"},{"@type":"WebPage","@id":"https:\/\/www.cafedelhomme.com\/pt-br\/antes-do-jantar-uma-pausa-gourmet-com-vista-para-a-torre-eiffel","url":"https:\/\/www.cafedelhomme.com\/pt-br\/antes-do-jantar-uma-pausa-gourmet-com-vista-para-a-torre-eiffel","name":"Antes do jantar: uma pausa gourmet com vista para a Torre Eiffel - Caf\u00e9 de l'Homme","isPartOf":{"@id":"https:\/\/www.cafedelhomme.com\/pt-br#website"},"primaryImageOfPage":{"@id":"https:\/\/www.cafedelhomme.com\/pt-br\/antes-do-jantar-uma-pausa-gourmet-com-vista-para-a-torre-eiffel#primaryimage"},"image":{"@id":"https:\/\/www.cafedelhomme.com\/pt-br\/antes-do-jantar-uma-pausa-gourmet-com-vista-para-a-torre-eiffel#primaryimage"},"thumbnailUrl":"https:\/\/www.cafedelhomme.com\/wp-content\/uploads\/2025\/03\/Before-dinner.jpg","datePublished":"2025-04-10T07:55:30+00:00","description":"Presenteie-se com uma pausa gourmet com a experi\u00eancia \"Before Dinner\" no Caf\u00e9 de l'Homme. De frente para a Torre Eiffel, saboreie doces requintados.","inLanguage":"pt-BR","potentialAction":[{"@type":"ReadAction","target":["https:\/\/www.cafedelhomme.com\/pt-br\/antes-do-jantar-uma-pausa-gourmet-com-vista-para-a-torre-eiffel"]}]},{"@type":"ImageObject","inLanguage":"pt-BR","@id":"https:\/\/www.cafedelhomme.com\/pt-br\/antes-do-jantar-uma-pausa-gourmet-com-vista-para-a-torre-eiffel#primaryimage","url":"https:\/\/www.cafedelhomme.com\/wp-content\/uploads\/2025\/03\/Before-dinner.jpg","contentUrl":"https:\/\/www.cafedelhomme.com\/wp-content\/uploads\/2025\/03\/Before-dinner.jpg","width":1120,"height":1400},{"@type":"WebSite","@id":"https:\/\/www.cafedelhomme.com\/pt-br#website","url":"https:\/\/www.cafedelhomme.com\/pt-br","name":"Caf\u00e9 de l'Homme","description":"","publisher":{"@id":"https:\/\/www.cafedelhomme.com\/pt-br#organization"},"potentialAction":[{"@type":"SearchAction","target":{"@type":"EntryPoint","urlTemplate":"https:\/\/www.cafedelhomme.com\/pt-br?s={search_term_string}"},"query-input":{"@type":"PropertyValueSpecification","valueRequired":true,"valueName":"search_term_string"}}],"inLanguage":"pt-BR"},{"@type":"Organization","@id":"https:\/\/www.cafedelhomme.com\/pt-br#organization","name":"Caf\u00e9 de l'Homme","url":"https:\/\/www.cafedelhomme.com\/pt-br","logo":{"@type":"ImageObject","inLanguage":"pt-BR","@id":"https:\/\/www.cafedelhomme.com\/pt-br#\/schema\/logo\/image\/","url":"https:\/\/www.cafedelhomme.com\/wp-content\/uploads\/2023\/04\/big-logo-300x163-1.png","contentUrl":"https:\/\/www.cafedelhomme.com\/wp-content\/uploads\/2023\/04\/big-logo-300x163-1.png","width":300,"height":163,"caption":"Caf\u00e9 de l'Homme"},"image":{"@id":"https:\/\/www.cafedelhomme.com\/pt-br#\/schema\/logo\/image\/"},"sameAs":["https:\/\/www.facebook.com\/cafedelhomme","https:\/\/www.instagram.com\/cafedelhomme\/"]},{"@type":"Person","@id":"https:\/\/www.cafedelhomme.com\/pt-br#\/schema\/person\/6e8511c8f2a5f67fe09441e43be583cf","name":"Marketing","image":{"@type":"ImageObject","inLanguage":"pt-BR","@id":"https:\/\/www.cafedelhomme.com\/pt-br#\/schema\/person\/image\/","url":"https:\/\/secure.gravatar.com\/avatar\/87ce55b262b05881147ff2405c09deba3304ca53053e2ddb7eddade60eafc929?s=96&d=mm&r=g","contentUrl":"https:\/\/secure.gravatar.com\/avatar\/87ce55b262b05881147ff2405c09deba3304ca53053e2ddb7eddade60eafc929?s=96&d=mm&r=g","caption":"Marketing"}}]}},"_links":{"self":[{"href":"https:\/\/www.cafedelhomme.com\/pt-br\/wp-json\/wp\/v2\/posts\/9228","targetHints":{"allow":["GET"]}}],"collection":[{"href":"https:\/\/www.cafedelhomme.com\/pt-br\/wp-json\/wp\/v2\/posts"}],"about":[{"href":"https:\/\/www.cafedelhomme.com\/pt-br\/wp-json\/wp\/v2\/types\/post"}],"author":[{"embeddable":true,"href":"https:\/\/www.cafedelhomme.com\/pt-br\/wp-json\/wp\/v2\/users\/9"}],"replies":[{"embeddable":true,"href":"https:\/\/www.cafedelhomme.com\/pt-br\/wp-json\/wp\/v2\/comments?post=9228"}],"version-history":[{"count":3,"href":"https:\/\/www.cafedelhomme.com\/pt-br\/wp-json\/wp\/v2\/posts\/9228\/revisions"}],"predecessor-version":[{"id":10498,"href":"https:\/\/www.cafedelhomme.com\/pt-br\/wp-json\/wp\/v2\/posts\/9228\/revisions\/10498"}],"wp:featuredmedia":[{"embeddable":true,"href":"https:\/\/www.cafedelhomme.com\/pt-br\/wp-json\/wp\/v2\/media\/9229"}],"wp:attachment":[{"href":"https:\/\/www.cafedelhomme.com\/pt-br\/wp-json\/wp\/v2\/media?parent=9228"}],"wp:term":[{"taxonomy":"category","embeddable":true,"href":"https:\/\/www.cafedelhomme.com\/pt-br\/wp-json\/wp\/v2\/categories?post=9228"},{"taxonomy":"post_tag","embeddable":true,"href":"https:\/\/www.cafedelhomme.com\/pt-br\/wp-json\/wp\/v2\/tags?post=9228"}],"curies":[{"name":"wp","href":"https:\/\/api.w.org\/{rel}","templated":true}]}}